{"id":22147,"date":"2021-12-04T13:49:59","date_gmt":"2021-12-04T13:49:59","guid":{"rendered":"https:\/\/www.africa-press.net\/cotedivoire\/politique\/mtn-cote-divoire-lance-la-construction-de-son-siege-en-presence-de-cyril-ramaphosa"},"modified":"2021-12-04T15:06:48","modified_gmt":"2021-12-04T15:06:48","slug":"mtn-cote-divoire-lance-la-construction-de-son-siege-en-presence-de-cyril-ramaphosa","status":"publish","type":"post","link":"https:\/\/www.africa-press.net\/cotedivoire\/toutes-les-actualites\/mtn-cote-divoire-lance-la-construction-de-son-siege-en-presence-de-cyril-ramaphosa","title":{"rendered":"MTN C\u00f4te d\u2019Ivoire lance la construction de son si\u00e8ge en pr\u00e9sence de Cyril Ramaphosa"},"content":{"rendered":"<p><span style=\"color: #ff6600\"><strong>Africa-Press &#8211; C\u00f4te d&rsquo;Ivoire. <\/strong><\/span>MTN C\u00f4te d\u2019Ivoire a proc\u00e9d\u00e9 vendredi \u00e0 Abidjan \u00e0 la pose de son futur si\u00e8ge social, en pr\u00e9sence du pr\u00e9sident sud-africain Cyril Ramaphosa, et le Premier ministre ivoirien Patrick Achi, au terme d\u2019une visite d\u2019Etat de 72h.<\/p>\n<p>La pr\u00e9sence de M. Ramaphosa \u00e0 cette c\u00e9r\u00e9monie de pose de premi\u00e8re pierre, marque un soutien au groupe sud-africain MTN, dont de hauts dirigeants ont effectu\u00e9 le d\u00e9placement pour prendre part \u00e0 cet \u00e9v\u00e9nement.<\/p>\n<p>Le directeur g\u00e9n\u00e9ral de MTN C\u00f4te d\u2019Ivoire, M. Djibril Ouattara, a indiqu\u00e9 que ce si\u00e8ge futuriste sera b\u00e2ti sur une superficie de 1,5 hectare pour un co\u00fbt d\u2019investissement de 20 milliards de Fcfa.<\/p>\n<p>Situ\u00e9 dans la zone \u00ab Akwaba Business park \u00bb, dans le commune de Port-Bou\u00ebt, cit\u00e9 baln\u00e9aire, dans le Sud d\u2019Abidjan, ce si\u00e8ge s\u2019inscrit parmi les priorit\u00e9s de la filiale, implant\u00e9e en C\u00f4te d\u2019Ivoire depuis 15 ans.<\/p>\n<p>L\u2019\u00e9difice qui sera r\u00e9alis\u00e9 non loin de l\u2019a\u00e9roport international F\u00e9lix Houphou\u00ebt-Boigny d\u2019Abidjan, a \u00e9t\u00e9 con\u00e7u pour r\u00e9pondre aux normes les plus rigoureuses au monde en mati\u00e8re de construction durable, de conception fonctionnelle int\u00e9grative.<\/p>\n<p>Le directeur g\u00e9n\u00e9ral de l\u2019entreprise de t\u00e9l\u00e9phonie et de T\u00e9l\u00e9coms, Djibril Ouattara, a fait savoir que la livraison du si\u00e8ge est pr\u00e9vue pour le 1er trimestre 2023, soit dans un peu plus de un an.<\/p>\n<p>\u00c0 la veille de cette c\u00e9r\u00e9monie de pose de premi\u00e8re pierre du futur si\u00e8ge de l\u2019entreprise, MTN C\u00f4te d\u2019Ivoire a lanc\u00e9 les tests de la 5G, qui ont \u00e9t\u00e9 concluants au cours du Forum \u00e9conomique C\u00f4te d\u2019Ivoire-Afrique du Sud, les 2 et 3 d\u00e9cembre 2021, \u00e0 Abidjan.<\/p>\n<p><strong>Pour plus d&rsquo;informations et d&rsquo;analyses sur la <a href=\"https:\/\/www.africa-press.net\/cotedivoire\">C\u00f4te d&rsquo;Ivoire<\/a>, suivez <a href=\"https:\/\/www.africa-press.net\/\">Africa-Press<\/a><\/strong><\/p>\n","protected":false},"excerpt":{"rendered":"<p>Africa-Press &#8211; C\u00f4te d&rsquo;Ivoire. MTN C\u00f4te d\u2019Ivoire a proc\u00e9d\u00e9 vendredi \u00e0 Abidjan \u00e0 la pose de son futur si\u00e8ge social, en pr\u00e9sence du pr\u00e9sident sud-africain Cyril Ramaphosa, et le Premier ministre ivoirien Patrick Achi, au terme d\u2019une visite d\u2019Etat de 72h. La pr\u00e9sence de M. Ramaphosa \u00e0 cette c\u00e9r\u00e9monie de pose de premi\u00e8re pierre, marque [&hellip;]<\/p>\n","protected":false},"author":82,"featured_media":22146,"comment_status":"open","ping_status":"closed","sticky":false,"template":"","format":"standard","meta":{"footnotes":""},"categories":[21,11,10],"tags":[56,63,29,107,238],"class_list":["post-22147","post","type-post","status-publish","format-standard","has-post-thumbnail","hentry","category-communaute","category-homepage-french","category-toutes-les-actualites","tag-africa-press","tag-africa-press-cote-divoire","tag-cote-divoire","tag-ouest","tag-technologies"],"yoast_head":"<!-- This site is optimized with the Yoast SEO Premium plugin v26.1 (Yoast SEO v27.0) - https:\/\/yoast.com\/product\/yoast-seo-premium-wordpress\/ -->\n<title>MTN C\u00f4te d\u2019Ivoire lance la construction de son si\u00e8ge en pr\u00e9sence de Cyril Ramaphosa - C\u00f4te d&#039;Ivoire<\/title>\n<meta name=\"description\" content=\"MTN C\u00f4te d\u2019Ivoire a proc\u00e9d\u00e9 vendredi \u00e0 Abidjan \u00e0 la pose de son futur si\u00e8ge social, en pr\u00e9sence du pr\u00e9sident sud-africai ...\" \/>\n<meta name=\"robots\" content=\"index, follow, max-snippet:-1, max-image-preview:large, max-video-preview:-1\" \/>\n<link rel=\"canonical\" href=\"https:\/\/www.africa-press.net\/cotedivoire\/toutes-les-actualites\/mtn-cote-divoire-lance-la-construction-de-son-siege-en-presence-de-cyril-ramaphosa\" \/>\n<meta property=\"og:locale\" content=\"fr_FR\" \/>\n<meta property=\"og:type\" content=\"article\" \/>\n<meta property=\"og:title\" content=\"MTN C\u00f4te d\u2019Ivoire lance la construction de son si\u00e8ge en pr\u00e9sence de Cyril Ramaphosa\" \/>\n<meta property=\"og:description\" content=\"MTN C\u00f4te d\u2019Ivoire a proc\u00e9d\u00e9 vendredi \u00e0 Abidjan \u00e0 la pose de son futur si\u00e8ge social, en pr\u00e9sence du pr\u00e9sident sud-africai ...\" \/>\n<meta property=\"og:url\" content=\"https:\/\/www.africa-press.net\/cotedivoire\/toutes-les-actualites\/mtn-cote-divoire-lance-la-construction-de-son-siege-en-presence-de-cyril-ramaphosa\" \/>\n<meta property=\"og:site_name\" content=\"C\u00f4te d&#039;Ivoire\" \/>\n<meta property=\"article:published_time\" content=\"2021-12-04T13:49:59+00:00\" \/>\n<meta property=\"article:modified_time\" content=\"2021-12-04T15:06:48+00:00\" \/>\n<meta property=\"og:image\" content=\"https:\/\/static.africa-press.net\/cote\/sites\/43\/2021\/12\/img-61ab83e3422fa.jpg\" \/>\n\t<meta property=\"og:image:width\" content=\"780\" \/>\n\t<meta property=\"og:image:height\" content=\"440\" \/>\n\t<meta property=\"og:image:type\" content=\"image\/jpeg\" \/>\n<meta name=\"author\" content=\"cfeditorfr\" \/>\n<meta name=\"twitter:card\" content=\"summary_large_image\" \/>\n<meta name=\"twitter:label1\" content=\"\u00c9crit par\" \/>\n\t<meta name=\"twitter:data1\" content=\"cfeditorfr\" \/>\n\t<meta name=\"twitter:label2\" content=\"Dur\u00e9e de lecture estim\u00e9e\" \/>\n\t<meta name=\"twitter:data2\" content=\"2 minutes\" \/>\n<script type=\"application\/ld+json\" class=\"yoast-schema-graph\">{\"@context\":\"https:\/\/schema.org\",\"@graph\":[{\"@type\":\"Article\",\"@id\":\"https:\/\/www.africa-press.net\/cotedivoire\/toutes-les-actualites\/mtn-cote-divoire-lance-la-construction-de-son-siege-en-presence-de-cyril-ramaphosa#article\",\"isPartOf\":{\"@id\":\"https:\/\/www.africa-press.net\/cotedivoire\/toutes-les-actualites\/mtn-cote-divoire-lance-la-construction-de-son-siege-en-presence-de-cyril-ramaphosa\"},\"author\":{\"name\":\"cfeditorfr\",\"@id\":\"https:\/\/www.africa-press.net\/cotedivoire\/#\/schema\/person\/2b1cf3cd81a31e3cd26889ca66d677f1\"},\"headline\":\"MTN C\u00f4te d\u2019Ivoire lance la construction de son si\u00e8ge en pr\u00e9sence de Cyril Ramaphosa\",\"datePublished\":\"2021-12-04T13:49:59+00:00\",\"dateModified\":\"2021-12-04T15:06:48+00:00\",\"mainEntityOfPage\":{\"@id\":\"https:\/\/www.africa-press.net\/cotedivoire\/toutes-les-actualites\/mtn-cote-divoire-lance-la-construction-de-son-siege-en-presence-de-cyril-ramaphosa\"},\"wordCount\":340,\"commentCount\":0,\"image\":{\"@id\":\"https:\/\/www.africa-press.net\/cotedivoire\/toutes-les-actualites\/mtn-cote-divoire-lance-la-construction-de-son-siege-en-presence-de-cyril-ramaphosa#primaryimage\"},\"thumbnailUrl\":\"https:\/\/static.africa-press.net\/cote\/sites\/43\/2021\/12\/img-61ab83e3422fa.jpg\",\"keywords\":[\"Africa Press\",\"Africa Press-C\u00f4te d'Ivoire\",\"C\u00d4TE D'IVOIRE\",\"OUEST\",\"TECHNOLOGIES\"],\"articleSection\":[\"Communaut\u00e9\",\"homepage-french\",\"Toutes les actualit\u00e9s\"],\"inLanguage\":\"fr-FR\",\"potentialAction\":[{\"@type\":\"CommentAction\",\"name\":\"Comment\",\"target\":[\"https:\/\/www.africa-press.net\/cotedivoire\/toutes-les-actualites\/mtn-cote-divoire-lance-la-construction-de-son-siege-en-presence-de-cyril-ramaphosa#respond\"]}]},{\"@type\":\"WebPage\",\"@id\":\"https:\/\/www.africa-press.net\/cotedivoire\/toutes-les-actualites\/mtn-cote-divoire-lance-la-construction-de-son-siege-en-presence-de-cyril-ramaphosa\",\"url\":\"https:\/\/www.africa-press.net\/cotedivoire\/toutes-les-actualites\/mtn-cote-divoire-lance-la-construction-de-son-siege-en-presence-de-cyril-ramaphosa\",\"name\":\"MTN C\u00f4te d\u2019Ivoire lance la construction de son si\u00e8ge en pr\u00e9sence de Cyril Ramaphosa - C\u00f4te d&#039;Ivoire\",\"isPartOf\":{\"@id\":\"https:\/\/www.africa-press.net\/cotedivoire\/#website\"},\"primaryImageOfPage\":{\"@id\":\"https:\/\/www.africa-press.net\/cotedivoire\/toutes-les-actualites\/mtn-cote-divoire-lance-la-construction-de-son-siege-en-presence-de-cyril-ramaphosa#primaryimage\"},\"image\":{\"@id\":\"https:\/\/www.africa-press.net\/cotedivoire\/toutes-les-actualites\/mtn-cote-divoire-lance-la-construction-de-son-siege-en-presence-de-cyril-ramaphosa#primaryimage\"},\"thumbnailUrl\":\"https:\/\/static.africa-press.net\/cote\/sites\/43\/2021\/12\/img-61ab83e3422fa.jpg\",\"datePublished\":\"2021-12-04T13:49:59+00:00\",\"dateModified\":\"2021-12-04T15:06:48+00:00\",\"author\":{\"@id\":\"https:\/\/www.africa-press.net\/cotedivoire\/#\/schema\/person\/2b1cf3cd81a31e3cd26889ca66d677f1\"},\"description\":\"MTN C\u00f4te d\u2019Ivoire a proc\u00e9d\u00e9 vendredi \u00e0 Abidjan \u00e0 la pose de son futur si\u00e8ge social, en pr\u00e9sence du pr\u00e9sident sud-africai ...\",\"breadcrumb\":{\"@id\":\"https:\/\/www.africa-press.net\/cotedivoire\/toutes-les-actualites\/mtn-cote-divoire-lance-la-construction-de-son-siege-en-presence-de-cyril-ramaphosa#breadcrumb\"},\"inLanguage\":\"fr-FR\",\"potentialAction\":[{\"@type\":\"ReadAction\",\"target\":[\"https:\/\/www.africa-press.net\/cotedivoire\/toutes-les-actualites\/mtn-cote-divoire-lance-la-construction-de-son-siege-en-presence-de-cyril-ramaphosa\"]}]},{\"@type\":\"ImageObject\",\"inLanguage\":\"fr-FR\",\"@id\":\"https:\/\/www.africa-press.net\/cotedivoire\/toutes-les-actualites\/mtn-cote-divoire-lance-la-construction-de-son-siege-en-presence-de-cyril-ramaphosa#primaryimage\",\"url\":\"https:\/\/static.africa-press.net\/cote\/sites\/43\/2021\/12\/img-61ab83e3422fa.jpg\",\"contentUrl\":\"https:\/\/static.africa-press.net\/cote\/sites\/43\/2021\/12\/img-61ab83e3422fa.jpg\",\"width\":780,\"height\":440,\"caption\":\"MTN C\u00f4te d\u2019Ivoire lance la construction de son si\u00e8ge en pr\u00e9sence de Cyril Ramaphosa\"},{\"@type\":\"BreadcrumbList\",\"@id\":\"https:\/\/www.africa-press.net\/cotedivoire\/toutes-les-actualites\/mtn-cote-divoire-lance-la-construction-de-son-siege-en-presence-de-cyril-ramaphosa#breadcrumb\",\"itemListElement\":[{\"@type\":\"ListItem\",\"position\":1,\"name\":\"Accueil\",\"item\":\"https:\/\/www.africa-press.net\/cotedivoire\/\"},{\"@type\":\"ListItem\",\"position\":2,\"name\":\"MTN C\u00f4te d\u2019Ivoire lance la construction de son si\u00e8ge en pr\u00e9sence de Cyril Ramaphosa\"}]},{\"@type\":\"WebSite\",\"@id\":\"https:\/\/www.africa-press.net\/cotedivoire\/#website\",\"url\":\"https:\/\/www.africa-press.net\/cotedivoire\/\",\"name\":\"C\u00f4te d&#039;Ivoire\",\"description\":\"Just another Africa News Agency Sites site\",\"potentialAction\":[{\"@type\":\"SearchAction\",\"target\":{\"@type\":\"EntryPoint\",\"urlTemplate\":\"https:\/\/www.africa-press.net\/cotedivoire\/?s={search_term_string}\"},\"query-input\":{\"@type\":\"PropertyValueSpecification\",\"valueRequired\":true,\"valueName\":\"search_term_string\"}}],\"inLanguage\":\"fr-FR\"},{\"@type\":\"Person\",\"@id\":\"https:\/\/www.africa-press.net\/cotedivoire\/#\/schema\/person\/2b1cf3cd81a31e3cd26889ca66d677f1\",\"name\":\"cfeditorfr\"}]}<\/script>\n<!-- \/ Yoast SEO Premium plugin. -->","yoast_head_json":{"title":"MTN C\u00f4te d\u2019Ivoire lance la construction de son si\u00e8ge en pr\u00e9sence de Cyril Ramaphosa - C\u00f4te d&#039;Ivoire","description":"MTN C\u00f4te d\u2019Ivoire a proc\u00e9d\u00e9 vendredi \u00e0 Abidjan \u00e0 la pose de son futur si\u00e8ge social, en pr\u00e9sence du pr\u00e9sident sud-africai ...","robots":{"index":"index","follow":"follow","max-snippet":"max-snippet:-1","max-image-preview":"max-image-preview:large","max-video-preview":"max-video-preview:-1"},"canonical":"https:\/\/www.africa-press.net\/cotedivoire\/toutes-les-actualites\/mtn-cote-divoire-lance-la-construction-de-son-siege-en-presence-de-cyril-ramaphosa","og_locale":"fr_FR","og_type":"article","og_title":"MTN C\u00f4te d\u2019Ivoire lance la construction de son si\u00e8ge en pr\u00e9sence de Cyril Ramaphosa","og_description":"MTN C\u00f4te d\u2019Ivoire a proc\u00e9d\u00e9 vendredi \u00e0 Abidjan \u00e0 la pose de son futur si\u00e8ge social, en pr\u00e9sence du pr\u00e9sident sud-africai ...","og_url":"https:\/\/www.africa-press.net\/cotedivoire\/toutes-les-actualites\/mtn-cote-divoire-lance-la-construction-de-son-siege-en-presence-de-cyril-ramaphosa","og_site_name":"C\u00f4te d&#039;Ivoire","article_published_time":"2021-12-04T13:49:59+00:00","article_modified_time":"2021-12-04T15:06:48+00:00","og_image":[{"width":780,"height":440,"url":"https:\/\/static.africa-press.net\/cote\/sites\/43\/2021\/12\/img-61ab83e3422fa.jpg","type":"image\/jpeg"}],"author":"cfeditorfr","twitter_card":"summary_large_image","twitter_misc":{"\u00c9crit par":"cfeditorfr","Dur\u00e9e de lecture estim\u00e9e":"2 minutes"},"schema":{"@context":"https:\/\/schema.org","@graph":[{"@type":"Article","@id":"https:\/\/www.africa-press.net\/cotedivoire\/toutes-les-actualites\/mtn-cote-divoire-lance-la-construction-de-son-siege-en-presence-de-cyril-ramaphosa#article","isPartOf":{"@id":"https:\/\/www.africa-press.net\/cotedivoire\/toutes-les-actualites\/mtn-cote-divoire-lance-la-construction-de-son-siege-en-presence-de-cyril-ramaphosa"},"author":{"name":"cfeditorfr","@id":"https:\/\/www.africa-press.net\/cotedivoire\/#\/schema\/person\/2b1cf3cd81a31e3cd26889ca66d677f1"},"headline":"MTN C\u00f4te d\u2019Ivoire lance la construction de son si\u00e8ge en pr\u00e9sence de Cyril Ramaphosa","datePublished":"2021-12-04T13:49:59+00:00","dateModified":"2021-12-04T15:06:48+00:00","mainEntityOfPage":{"@id":"https:\/\/www.africa-press.net\/cotedivoire\/toutes-les-actualites\/mtn-cote-divoire-lance-la-construction-de-son-siege-en-presence-de-cyril-ramaphosa"},"wordCount":340,"commentCount":0,"image":{"@id":"https:\/\/www.africa-press.net\/cotedivoire\/toutes-les-actualites\/mtn-cote-divoire-lance-la-construction-de-son-siege-en-presence-de-cyril-ramaphosa#primaryimage"},"thumbnailUrl":"https:\/\/static.africa-press.net\/cote\/sites\/43\/2021\/12\/img-61ab83e3422fa.jpg","keywords":["Africa Press","Africa Press-C\u00f4te d'Ivoire","C\u00d4TE D'IVOIRE","OUEST","TECHNOLOGIES"],"articleSection":["Communaut\u00e9","homepage-french","Toutes les actualit\u00e9s"],"inLanguage":"fr-FR","potentialAction":[{"@type":"CommentAction","name":"Comment","target":["https:\/\/www.africa-press.net\/cotedivoire\/toutes-les-actualites\/mtn-cote-divoire-lance-la-construction-de-son-siege-en-presence-de-cyril-ramaphosa#respond"]}]},{"@type":"WebPage","@id":"https:\/\/www.africa-press.net\/cotedivoire\/toutes-les-actualites\/mtn-cote-divoire-lance-la-construction-de-son-siege-en-presence-de-cyril-ramaphosa","url":"https:\/\/www.africa-press.net\/cotedivoire\/toutes-les-actualites\/mtn-cote-divoire-lance-la-construction-de-son-siege-en-presence-de-cyril-ramaphosa","name":"MTN C\u00f4te d\u2019Ivoire lance la construction de son si\u00e8ge en pr\u00e9sence de Cyril Ramaphosa - C\u00f4te d&#039;Ivoire","isPartOf":{"@id":"https:\/\/www.africa-press.net\/cotedivoire\/#website"},"primaryImageOfPage":{"@id":"https:\/\/www.africa-press.net\/cotedivoire\/toutes-les-actualites\/mtn-cote-divoire-lance-la-construction-de-son-siege-en-presence-de-cyril-ramaphosa#primaryimage"},"image":{"@id":"https:\/\/www.africa-press.net\/cotedivoire\/toutes-les-actualites\/mtn-cote-divoire-lance-la-construction-de-son-siege-en-presence-de-cyril-ramaphosa#primaryimage"},"thumbnailUrl":"https:\/\/static.africa-press.net\/cote\/sites\/43\/2021\/12\/img-61ab83e3422fa.jpg","datePublished":"2021-12-04T13:49:59+00:00","dateModified":"2021-12-04T15:06:48+00:00","author":{"@id":"https:\/\/www.africa-press.net\/cotedivoire\/#\/schema\/person\/2b1cf3cd81a31e3cd26889ca66d677f1"},"description":"MTN C\u00f4te d\u2019Ivoire a proc\u00e9d\u00e9 vendredi \u00e0 Abidjan \u00e0 la pose de son futur si\u00e8ge social, en pr\u00e9sence du pr\u00e9sident sud-africai ...","breadcrumb":{"@id":"https:\/\/www.africa-press.net\/cotedivoire\/toutes-les-actualites\/mtn-cote-divoire-lance-la-construction-de-son-siege-en-presence-de-cyril-ramaphosa#breadcrumb"},"inLanguage":"fr-FR","potentialAction":[{"@type":"ReadAction","target":["https:\/\/www.africa-press.net\/cotedivoire\/toutes-les-actualites\/mtn-cote-divoire-lance-la-construction-de-son-siege-en-presence-de-cyril-ramaphosa"]}]},{"@type":"ImageObject","inLanguage":"fr-FR","@id":"https:\/\/www.africa-press.net\/cotedivoire\/toutes-les-actualites\/mtn-cote-divoire-lance-la-construction-de-son-siege-en-presence-de-cyril-ramaphosa#primaryimage","url":"https:\/\/static.africa-press.net\/cote\/sites\/43\/2021\/12\/img-61ab83e3422fa.jpg","contentUrl":"https:\/\/static.africa-press.net\/cote\/sites\/43\/2021\/12\/img-61ab83e3422fa.jpg","width":780,"height":440,"caption":"MTN C\u00f4te d\u2019Ivoire lance la construction de son si\u00e8ge en pr\u00e9sence de Cyril Ramaphosa"},{"@type":"BreadcrumbList","@id":"https:\/\/www.africa-press.net\/cotedivoire\/toutes-les-actualites\/mtn-cote-divoire-lance-la-construction-de-son-siege-en-presence-de-cyril-ramaphosa#breadcrumb","itemListElement":[{"@type":"ListItem","position":1,"name":"Accueil","item":"https:\/\/www.africa-press.net\/cotedivoire\/"},{"@type":"ListItem","position":2,"name":"MTN C\u00f4te d\u2019Ivoire lance la construction de son si\u00e8ge en pr\u00e9sence de Cyril Ramaphosa"}]},{"@type":"WebSite","@id":"https:\/\/www.africa-press.net\/cotedivoire\/#website","url":"https:\/\/www.africa-press.net\/cotedivoire\/","name":"C\u00f4te d&#039;Ivoire","description":"Just another Africa News Agency Sites site","potentialAction":[{"@type":"SearchAction","target":{"@type":"EntryPoint","urlTemplate":"https:\/\/www.africa-press.net\/cotedivoire\/?s={search_term_string}"},"query-input":{"@type":"PropertyValueSpecification","valueRequired":true,"valueName":"search_term_string"}}],"inLanguage":"fr-FR"},{"@type":"Person","@id":"https:\/\/www.africa-press.net\/cotedivoire\/#\/schema\/person\/2b1cf3cd81a31e3cd26889ca66d677f1","name":"cfeditorfr"}]}},"_links":{"self":[{"href":"https:\/\/www.africa-press.net\/cotedivoire\/wp-json\/wp\/v2\/posts\/22147","targetHints":{"allow":["GET"]}}],"collection":[{"href":"https:\/\/www.africa-press.net\/cotedivoire\/wp-json\/wp\/v2\/posts"}],"about":[{"href":"https:\/\/www.africa-press.net\/cotedivoire\/wp-json\/wp\/v2\/types\/post"}],"author":[{"embeddable":true,"href":"https:\/\/www.africa-press.net\/cotedivoire\/wp-json\/wp\/v2\/users\/82"}],"replies":[{"embeddable":true,"href":"https:\/\/www.africa-press.net\/cotedivoire\/wp-json\/wp\/v2\/comments?post=22147"}],"version-history":[{"count":0,"href":"https:\/\/www.africa-press.net\/cotedivoire\/wp-json\/wp\/v2\/posts\/22147\/revisions"}],"wp:featuredmedia":[{"embeddable":true,"href":"https:\/\/www.africa-press.net\/cotedivoire\/wp-json\/wp\/v2\/media\/22146"}],"wp:attachment":[{"href":"https:\/\/www.africa-press.net\/cotedivoire\/wp-json\/wp\/v2\/media?parent=22147"}],"wp:term":[{"taxonomy":"category","embeddable":true,"href":"https:\/\/www.africa-press.net\/cotedivoire\/wp-json\/wp\/v2\/categories?post=22147"},{"taxonomy":"post_tag","embeddable":true,"href":"https:\/\/www.africa-press.net\/cotedivoire\/wp-json\/wp\/v2\/tags?post=22147"}],"curies":[{"name":"wp","href":"https:\/\/api.w.org\/{rel}","templated":true}]}}