{"id":22302,"date":"2021-12-06T18:09:36","date_gmt":"2021-12-06T18:09:36","guid":{"rendered":"https:\/\/www.africa-press.net\/cotedivoire\/?p=22302"},"modified":"2021-12-06T16:48:54","modified_gmt":"2021-12-06T16:48:54","slug":"reponse-du-porte-parole-gouvernement-a-gbagbo-les-democrates-de-cote-divoire-denoncent-des-propos-exagerement-discourtois-et-dangereux-pour-la-paix","status":"publish","type":"post","link":"https:\/\/www.africa-press.net\/cotedivoire\/politique\/reponse-du-porte-parole-gouvernement-a-gbagbo-les-democrates-de-cote-divoire-denoncent-des-propos-exagerement-discourtois-et-dangereux-pour-la-paix","title":{"rendered":"R\u00e9ponse du porte-parole gouvernement \u00e0 Gbagbo, \u00ab Les D\u00e9mocrates de C\u00f4te d&rsquo;Ivoire \u00bb d\u00e9noncent des propos exag\u00e9r\u00e9ment discourtois et dangereux pour la paix"},"content":{"rendered":"<p><span style=\"color: #ff6600\"><strong>Africa-Press &#8211; C\u00f4te d&rsquo;Ivoire. <\/strong><\/span><b>Amadou Coulibaly<\/b><\/p>\n<p>La r\u00e9ponse du porte-parole du Gouvernement, Amadou Coulibaly \u00e0 Laurent Gbagbo concernant la lib\u00e9ration des militaires suscite des r\u00e9actions au sein de la classe politique.<\/p>\n<p>Le mouvement \u00ab Les D\u00e9mocrates de C\u00f4te d\u2019Ivoire \u00bb s\u2019indigne des propos exag\u00e9r\u00e9ment discourtois et dangereux pour la paix, la r\u00e9conciliation nationale et la coh\u00e9sion sociale tenus par monsieur Amadou Coulibaly.<\/p>\n<p>Pour ledit mouvement, il est inconcevable d\u2019avoir dans un gouvernement un ministre en charge de la r\u00e9conciliation et de la coh\u00e9sion nationale ; ce qui sous-entend l\u2019existence de r\u00e9els probl\u00e8mes de r\u00e9conciliation et de coh\u00e9sion sociale, et tenir des propos que l\u2019on ne devrait pas entendre dans la teneur expos\u00e9e, indique son pr\u00e9sident S\u00e9raphin Prao.<\/p>\n<p>\u00c0 toutes fins utiles, le mouvement \u00ab Les D\u00e9mocrates de C\u00f4te d\u2019Ivoire \u00bb voudrait rappeler que le gouvernement actuel, m\u00eame s\u2019il est compos\u00e9 essentiellement de personnalit\u00e9s issues des rangs du Rassemblement des r\u00e9publicains (RHDP) n\u2019est pas un gouvernement du RHDP. C\u2019est le gouvernement de la R\u00e9publique de C\u00f4te d\u2019Ivoire. Telle est sa personnalit\u00e9 juridique et politique. Son porte-parole devrait donc faire siens l\u2019esprit r\u00e9publicain et adopter une posture langagi\u00e8re r\u00e9publicaine qui est \u00e0 dissocier nettement des postures du militant politique lors des meetings politiques ou des conf\u00e9rences de presses de partis politiques.<\/p>\n<p>Pour le mouvement \u00ab Les D\u00e9mocrates de C\u00f4te d\u2019Ivoire \u00bb, les propos du ministre Amadou Coulibaly jettent le discr\u00e9dit et l\u2019opprobre sur tout le gouvernement et donnent \u00e0 penser que tout le gouvernement, y compris le ministre charg\u00e9 de la r\u00e9conciliation et de la coh\u00e9sion nationale, est farouchement oppos\u00e9 \u00e0 toute id\u00e9e de r\u00e9conciliation des filles et fils de ce pays. Les l\u00e8vres parlent de paix et de r\u00e9conciliation, mais les c\u0153urs semblent toujours en guerre, m\u00eame dix ans apr\u00e8s. Pourtant, la langue fran\u00e7aise, dans les strat\u00e9gies de communication, offre la possibilit\u00e9 d\u2019user de diplomatie et de ramener, avec subtilit\u00e9, la question \u00e0 la justice ou \u00e0 la discr\u00e9tion du Chef de l\u2019Etat ; ce qui est plus \u00e9l\u00e9gant que l\u2019outrance langagi\u00e8re qui donne l\u2019impression d\u2019individus pr\u00eats \u00e0 guerroyer.<\/p>\n<p>Le mouvement \u00ab Les D\u00e9mocrates de C\u00f4te d\u2019Ivoire \u00bb appelle le porte-parole du gouvernement au sens de la mesure et au respect de l\u2019esprit et de l\u2019\u00e9thique r\u00e9publicains. Car, apr\u00e8s tout, monsieur Laurent Gbagbo reste acquitt\u00e9 par la Cour p\u00e9nale internationale et un ancien pr\u00e9sident de la R\u00e9publique de C\u00f4te d\u2019Ivoire, m\u00eame si la crise post\u00e9lectorale de 2011 ne semble pas termin\u00e9e pour certains. Le mouvement \u00ab Les D\u00e9mocrates de C\u00f4te d\u2019Ivoire \u00bb rappelle, cependant, \u00e0 la m\u00e9moire de tous que, pour la cause d\u2019un individu qui n\u2019est pas la R\u00e9publique, des individus ont mis le feu \u00e0 la R\u00e9publique, enferm\u00e9 des personnes dans un conteneur et commis d\u2019autres atrocit\u00e9s. Mais, la R\u00e9publique, bien qu\u2019\u00e9tant la M\u00e8re-Rigueur, a su faire preuve de magnanimit\u00e9 pour donner une chance \u00e0 la paix, \u00e0 la r\u00e9conciliation et \u00e0 la coh\u00e9sion nationale. Elle s\u2019est montr\u00e9e une R\u00e9publique compr\u00e9hensive et mis\u00e9ricordieuse ; ce que la communaut\u00e9 internationale n\u2019a pas manqu\u00e9 de saluer.<\/p>\n<p>Pour finir, le mouvement \u00ab Les D\u00e9mocrates de C\u00f4te d\u2019Ivoire \u00bb esp\u00e8re que la sagesse poussera les uns et les autres \u00e0 faire leurs paroles de la Sainte Bible librement reprises : \u00ab Tout ce que vous voulez que les hommes fassent un jour pour vous, faites-le de m\u00eame pour eux \u00bb.<\/p>\n<p>Donatien Kautcha, Abidjan<\/p>\n<p><strong>Pour plus d&rsquo;informations et d&rsquo;analyses sur la <a href=\"https:\/\/www.africa-press.net\/cotedivoire\">C\u00f4te d&rsquo;Ivoire<\/a>, suivez <a href=\"https:\/\/www.africa-press.net\/\">Africa-Press<\/a><\/strong><\/p>\n","protected":false},"excerpt":{"rendered":"<p>Africa-Press &#8211; C\u00f4te d&rsquo;Ivoire. Amadou Coulibaly La r\u00e9ponse du porte-parole du Gouvernement, Amadou Coulibaly \u00e0 Laurent Gbagbo concernant la lib\u00e9ration des militaires suscite des r\u00e9actions au sein de la classe politique. Le mouvement \u00ab Les D\u00e9mocrates de C\u00f4te d\u2019Ivoire \u00bb s\u2019indigne des propos exag\u00e9r\u00e9ment discourtois et dangereux pour la paix, la r\u00e9conciliation nationale et la [&hellip;]<\/p>\n","protected":false},"author":82,"featured_media":22301,"comment_status":"open","ping_status":"closed","sticky":false,"template":"","format":"standard","meta":{"footnotes":""},"categories":[11,2,20,10],"tags":[56,63,456,29,762,50,409,3125,3124],"class_list":["post-22302","post","type-post","status-publish","format-standard","has-post-thumbnail","hentry","category-homepage-french","category-politique","category-top-nouvelles","category-toutes-les-actualites","tag-africa-press","tag-africa-press-cote-divoire","tag-amadou-coulibaly","tag-cote-divoire","tag-gouvernement","tag-laurent-gbagbo","tag-liberation","tag-militaires","tag-prisonniers"],"yoast_head":"<!-- This site is optimized with the Yoast SEO Premium plugin v26.1 (Yoast SEO v27.0) - https:\/\/yoast.com\/product\/yoast-seo-premium-wordpress\/ -->\n<title>R\u00e9ponse du porte-parole gouvernement \u00e0 Gbagbo, \u00ab Les D\u00e9mocrates de C\u00f4te d&#039;Ivoire \u00bb d\u00e9noncent des propos exag\u00e9r\u00e9ment discourtois et dangereux pour la paix - C\u00f4te d&#039;Ivoire<\/title>\n<meta name=\"description\" content=\"Amadou Coulibaly La r\u00e9ponse du porte-parole du Gouvernement, Amadou Coulibaly \u00e0 Laurent Gbagbo concernant la lib ...\" \/>\n<meta name=\"robots\" content=\"index, follow, max-snippet:-1, max-image-preview:large, max-video-preview:-1\" \/>\n<link rel=\"canonical\" href=\"https:\/\/www.africa-press.net\/cotedivoire\/politique\/reponse-du-porte-parole-gouvernement-a-gbagbo-les-democrates-de-cote-divoire-denoncent-des-propos-exagerement-discourtois-et-dangereux-pour-la-paix\" \/>\n<meta property=\"og:locale\" content=\"fr_FR\" \/>\n<meta property=\"og:type\" content=\"article\" \/>\n<meta property=\"og:title\" content=\"R\u00e9ponse du porte-parole gouvernement \u00e0 Gbagbo, \u00ab Les D\u00e9mocrates de C\u00f4te d&#039;Ivoire \u00bb d\u00e9noncent des propos exag\u00e9r\u00e9ment discourtois et dangereux pour la paix\" \/>\n<meta property=\"og:description\" content=\"Amadou Coulibaly La r\u00e9ponse du porte-parole du Gouvernement, Amadou Coulibaly \u00e0 Laurent Gbagbo concernant la lib ...\" \/>\n<meta property=\"og:url\" content=\"https:\/\/www.africa-press.net\/cotedivoire\/politique\/reponse-du-porte-parole-gouvernement-a-gbagbo-les-democrates-de-cote-divoire-denoncent-des-propos-exagerement-discourtois-et-dangereux-pour-la-paix\" \/>\n<meta property=\"og:site_name\" content=\"C\u00f4te d&#039;Ivoire\" \/>\n<meta property=\"article:published_time\" content=\"2021-12-06T18:09:36+00:00\" \/>\n<meta property=\"og:image\" content=\"https:\/\/static.africa-press.net\/cote\/sites\/43\/2021\/12\/img-61ae3ed1e1967.jpg\" \/>\n\t<meta property=\"og:image:width\" content=\"720\" \/>\n\t<meta property=\"og:image:height\" content=\"484\" \/>\n\t<meta property=\"og:image:type\" content=\"image\/jpeg\" \/>\n<meta name=\"author\" content=\"cfeditorfr\" \/>\n<meta name=\"twitter:card\" content=\"summary_large_image\" \/>\n<meta name=\"twitter:label1\" content=\"\u00c9crit par\" \/>\n\t<meta name=\"twitter:data1\" content=\"cfeditorfr\" \/>\n\t<meta name=\"twitter:label2\" content=\"Dur\u00e9e de lecture estim\u00e9e\" \/>\n\t<meta name=\"twitter:data2\" content=\"3 minutes\" \/>\n<script type=\"application\/ld+json\" class=\"yoast-schema-graph\">{\"@context\":\"https:\/\/schema.org\",\"@graph\":[{\"@type\":\"Article\",\"@id\":\"https:\/\/www.africa-press.net\/cotedivoire\/politique\/reponse-du-porte-parole-gouvernement-a-gbagbo-les-democrates-de-cote-divoire-denoncent-des-propos-exagerement-discourtois-et-dangereux-pour-la-paix#article\",\"isPartOf\":{\"@id\":\"https:\/\/www.africa-press.net\/cotedivoire\/politique\/reponse-du-porte-parole-gouvernement-a-gbagbo-les-democrates-de-cote-divoire-denoncent-des-propos-exagerement-discourtois-et-dangereux-pour-la-paix\"},\"author\":{\"name\":\"cfeditorfr\",\"@id\":\"https:\/\/www.africa-press.net\/cotedivoire\/#\/schema\/person\/2b1cf3cd81a31e3cd26889ca66d677f1\"},\"headline\":\"R\u00e9ponse du porte-parole gouvernement \u00e0 Gbagbo, \u00ab Les D\u00e9mocrates de C\u00f4te d&rsquo;Ivoire \u00bb d\u00e9noncent des propos exag\u00e9r\u00e9ment discourtois et dangereux pour la paix\",\"datePublished\":\"2021-12-06T18:09:36+00:00\",\"mainEntityOfPage\":{\"@id\":\"https:\/\/www.africa-press.net\/cotedivoire\/politique\/reponse-du-porte-parole-gouvernement-a-gbagbo-les-democrates-de-cote-divoire-denoncent-des-propos-exagerement-discourtois-et-dangereux-pour-la-paix\"},\"wordCount\":667,\"commentCount\":0,\"image\":{\"@id\":\"https:\/\/www.africa-press.net\/cotedivoire\/politique\/reponse-du-porte-parole-gouvernement-a-gbagbo-les-democrates-de-cote-divoire-denoncent-des-propos-exagerement-discourtois-et-dangereux-pour-la-paix#primaryimage\"},\"thumbnailUrl\":\"https:\/\/static.africa-press.net\/cote\/sites\/43\/2021\/12\/img-61ae3ed1e1967.jpg\",\"keywords\":[\"Africa Press\",\"Africa Press-C\u00f4te d'Ivoire\",\"Amadou Coulibaly\",\"C\u00d4TE D'IVOIRE\",\"Gouvernement\",\"Laurent Gbagbo\",\"lib\u00e9ration\",\"militaires\",\"prisonniers\"],\"articleSection\":[\"homepage-french\",\"Politique\",\"Top Nouvelles\",\"Toutes les actualit\u00e9s\"],\"inLanguage\":\"fr-FR\",\"potentialAction\":[{\"@type\":\"CommentAction\",\"name\":\"Comment\",\"target\":[\"https:\/\/www.africa-press.net\/cotedivoire\/politique\/reponse-du-porte-parole-gouvernement-a-gbagbo-les-democrates-de-cote-divoire-denoncent-des-propos-exagerement-discourtois-et-dangereux-pour-la-paix#respond\"]}]},{\"@type\":\"WebPage\",\"@id\":\"https:\/\/www.africa-press.net\/cotedivoire\/politique\/reponse-du-porte-parole-gouvernement-a-gbagbo-les-democrates-de-cote-divoire-denoncent-des-propos-exagerement-discourtois-et-dangereux-pour-la-paix\",\"url\":\"https:\/\/www.africa-press.net\/cotedivoire\/politique\/reponse-du-porte-parole-gouvernement-a-gbagbo-les-democrates-de-cote-divoire-denoncent-des-propos-exagerement-discourtois-et-dangereux-pour-la-paix\",\"name\":\"R\u00e9ponse du porte-parole gouvernement \u00e0 Gbagbo, \u00ab Les D\u00e9mocrates de C\u00f4te d'Ivoire \u00bb d\u00e9noncent des propos exag\u00e9r\u00e9ment discourtois et dangereux pour la paix - C\u00f4te d&#039;Ivoire\",\"isPartOf\":{\"@id\":\"https:\/\/www.africa-press.net\/cotedivoire\/#website\"},\"primaryImageOfPage\":{\"@id\":\"https:\/\/www.africa-press.net\/cotedivoire\/politique\/reponse-du-porte-parole-gouvernement-a-gbagbo-les-democrates-de-cote-divoire-denoncent-des-propos-exagerement-discourtois-et-dangereux-pour-la-paix#primaryimage\"},\"image\":{\"@id\":\"https:\/\/www.africa-press.net\/cotedivoire\/politique\/reponse-du-porte-parole-gouvernement-a-gbagbo-les-democrates-de-cote-divoire-denoncent-des-propos-exagerement-discourtois-et-dangereux-pour-la-paix#primaryimage\"},\"thumbnailUrl\":\"https:\/\/static.africa-press.net\/cote\/sites\/43\/2021\/12\/img-61ae3ed1e1967.jpg\",\"datePublished\":\"2021-12-06T18:09:36+00:00\",\"author\":{\"@id\":\"https:\/\/www.africa-press.net\/cotedivoire\/#\/schema\/person\/2b1cf3cd81a31e3cd26889ca66d677f1\"},\"description\":\"Amadou Coulibaly La r\u00e9ponse du porte-parole du Gouvernement, Amadou Coulibaly \u00e0 Laurent Gbagbo concernant la lib ...\",\"breadcrumb\":{\"@id\":\"https:\/\/www.africa-press.net\/cotedivoire\/politique\/reponse-du-porte-parole-gouvernement-a-gbagbo-les-democrates-de-cote-divoire-denoncent-des-propos-exagerement-discourtois-et-dangereux-pour-la-paix#breadcrumb\"},\"inLanguage\":\"fr-FR\",\"potentialAction\":[{\"@type\":\"ReadAction\",\"target\":[\"https:\/\/www.africa-press.net\/cotedivoire\/politique\/reponse-du-porte-parole-gouvernement-a-gbagbo-les-democrates-de-cote-divoire-denoncent-des-propos-exagerement-discourtois-et-dangereux-pour-la-paix\"]}]},{\"@type\":\"ImageObject\",\"inLanguage\":\"fr-FR\",\"@id\":\"https:\/\/www.africa-press.net\/cotedivoire\/politique\/reponse-du-porte-parole-gouvernement-a-gbagbo-les-democrates-de-cote-divoire-denoncent-des-propos-exagerement-discourtois-et-dangereux-pour-la-paix#primaryimage\",\"url\":\"https:\/\/static.africa-press.net\/cote\/sites\/43\/2021\/12\/img-61ae3ed1e1967.jpg\",\"contentUrl\":\"https:\/\/static.africa-press.net\/cote\/sites\/43\/2021\/12\/img-61ae3ed1e1967.jpg\",\"width\":720,\"height\":484,\"caption\":\"R\u00e9ponse du porte-parole gouvernement \u00e0 Gbagbo, \u00ab Les D\u00e9mocrates de C\u00f4te d'Ivoire \u00bb d\u00e9noncent des propos exag\u00e9r\u00e9ment discourtois et dangereux pour la paix\"},{\"@type\":\"BreadcrumbList\",\"@id\":\"https:\/\/www.africa-press.net\/cotedivoire\/politique\/reponse-du-porte-parole-gouvernement-a-gbagbo-les-democrates-de-cote-divoire-denoncent-des-propos-exagerement-discourtois-et-dangereux-pour-la-paix#breadcrumb\",\"itemListElement\":[{\"@type\":\"ListItem\",\"position\":1,\"name\":\"Accueil\",\"item\":\"https:\/\/www.africa-press.net\/cotedivoire\/\"},{\"@type\":\"ListItem\",\"position\":2,\"name\":\"R\u00e9ponse du porte-parole gouvernement \u00e0 Gbagbo, \u00ab Les D\u00e9mocrates de C\u00f4te d&#8217;Ivoire \u00bb d\u00e9noncent des propos exag\u00e9r\u00e9ment discourtois et dangereux pour la paix\"}]},{\"@type\":\"WebSite\",\"@id\":\"https:\/\/www.africa-press.net\/cotedivoire\/#website\",\"url\":\"https:\/\/www.africa-press.net\/cotedivoire\/\",\"name\":\"C\u00f4te d&#039;Ivoire\",\"description\":\"Just another Africa News Agency Sites site\",\"potentialAction\":[{\"@type\":\"SearchAction\",\"target\":{\"@type\":\"EntryPoint\",\"urlTemplate\":\"https:\/\/www.africa-press.net\/cotedivoire\/?s={search_term_string}\"},\"query-input\":{\"@type\":\"PropertyValueSpecification\",\"valueRequired\":true,\"valueName\":\"search_term_string\"}}],\"inLanguage\":\"fr-FR\"},{\"@type\":\"Person\",\"@id\":\"https:\/\/www.africa-press.net\/cotedivoire\/#\/schema\/person\/2b1cf3cd81a31e3cd26889ca66d677f1\",\"name\":\"cfeditorfr\"}]}<\/script>\n<!-- \/ Yoast SEO Premium plugin. -->","yoast_head_json":{"title":"R\u00e9ponse du porte-parole gouvernement \u00e0 Gbagbo, \u00ab Les D\u00e9mocrates de C\u00f4te d'Ivoire \u00bb d\u00e9noncent des propos exag\u00e9r\u00e9ment discourtois et dangereux pour la paix - C\u00f4te d&#039;Ivoire","description":"Amadou Coulibaly La r\u00e9ponse du porte-parole du Gouvernement, Amadou Coulibaly \u00e0 Laurent Gbagbo concernant la lib ...","robots":{"index":"index","follow":"follow","max-snippet":"max-snippet:-1","max-image-preview":"max-image-preview:large","max-video-preview":"max-video-preview:-1"},"canonical":"https:\/\/www.africa-press.net\/cotedivoire\/politique\/reponse-du-porte-parole-gouvernement-a-gbagbo-les-democrates-de-cote-divoire-denoncent-des-propos-exagerement-discourtois-et-dangereux-pour-la-paix","og_locale":"fr_FR","og_type":"article","og_title":"R\u00e9ponse du porte-parole gouvernement \u00e0 Gbagbo, \u00ab Les D\u00e9mocrates de C\u00f4te d'Ivoire \u00bb d\u00e9noncent des propos exag\u00e9r\u00e9ment discourtois et dangereux pour la paix","og_description":"Amadou Coulibaly La r\u00e9ponse du porte-parole du Gouvernement, Amadou Coulibaly \u00e0 Laurent Gbagbo concernant la lib ...","og_url":"https:\/\/www.africa-press.net\/cotedivoire\/politique\/reponse-du-porte-parole-gouvernement-a-gbagbo-les-democrates-de-cote-divoire-denoncent-des-propos-exagerement-discourtois-et-dangereux-pour-la-paix","og_site_name":"C\u00f4te d&#039;Ivoire","article_published_time":"2021-12-06T18:09:36+00:00","og_image":[{"width":720,"height":484,"url":"https:\/\/static.africa-press.net\/cote\/sites\/43\/2021\/12\/img-61ae3ed1e1967.jpg","type":"image\/jpeg"}],"author":"cfeditorfr","twitter_card":"summary_large_image","twitter_misc":{"\u00c9crit par":"cfeditorfr","Dur\u00e9e de lecture estim\u00e9e":"3 minutes"},"schema":{"@context":"https:\/\/schema.org","@graph":[{"@type":"Article","@id":"https:\/\/www.africa-press.net\/cotedivoire\/politique\/reponse-du-porte-parole-gouvernement-a-gbagbo-les-democrates-de-cote-divoire-denoncent-des-propos-exagerement-discourtois-et-dangereux-pour-la-paix#article","isPartOf":{"@id":"https:\/\/www.africa-press.net\/cotedivoire\/politique\/reponse-du-porte-parole-gouvernement-a-gbagbo-les-democrates-de-cote-divoire-denoncent-des-propos-exagerement-discourtois-et-dangereux-pour-la-paix"},"author":{"name":"cfeditorfr","@id":"https:\/\/www.africa-press.net\/cotedivoire\/#\/schema\/person\/2b1cf3cd81a31e3cd26889ca66d677f1"},"headline":"R\u00e9ponse du porte-parole gouvernement \u00e0 Gbagbo, \u00ab Les D\u00e9mocrates de C\u00f4te d&rsquo;Ivoire \u00bb d\u00e9noncent des propos exag\u00e9r\u00e9ment discourtois et dangereux pour la paix","datePublished":"2021-12-06T18:09:36+00:00","mainEntityOfPage":{"@id":"https:\/\/www.africa-press.net\/cotedivoire\/politique\/reponse-du-porte-parole-gouvernement-a-gbagbo-les-democrates-de-cote-divoire-denoncent-des-propos-exagerement-discourtois-et-dangereux-pour-la-paix"},"wordCount":667,"commentCount":0,"image":{"@id":"https:\/\/www.africa-press.net\/cotedivoire\/politique\/reponse-du-porte-parole-gouvernement-a-gbagbo-les-democrates-de-cote-divoire-denoncent-des-propos-exagerement-discourtois-et-dangereux-pour-la-paix#primaryimage"},"thumbnailUrl":"https:\/\/static.africa-press.net\/cote\/sites\/43\/2021\/12\/img-61ae3ed1e1967.jpg","keywords":["Africa Press","Africa Press-C\u00f4te d'Ivoire","Amadou Coulibaly","C\u00d4TE D'IVOIRE","Gouvernement","Laurent Gbagbo","lib\u00e9ration","militaires","prisonniers"],"articleSection":["homepage-french","Politique","Top Nouvelles","Toutes les actualit\u00e9s"],"inLanguage":"fr-FR","potentialAction":[{"@type":"CommentAction","name":"Comment","target":["https:\/\/www.africa-press.net\/cotedivoire\/politique\/reponse-du-porte-parole-gouvernement-a-gbagbo-les-democrates-de-cote-divoire-denoncent-des-propos-exagerement-discourtois-et-dangereux-pour-la-paix#respond"]}]},{"@type":"WebPage","@id":"https:\/\/www.africa-press.net\/cotedivoire\/politique\/reponse-du-porte-parole-gouvernement-a-gbagbo-les-democrates-de-cote-divoire-denoncent-des-propos-exagerement-discourtois-et-dangereux-pour-la-paix","url":"https:\/\/www.africa-press.net\/cotedivoire\/politique\/reponse-du-porte-parole-gouvernement-a-gbagbo-les-democrates-de-cote-divoire-denoncent-des-propos-exagerement-discourtois-et-dangereux-pour-la-paix","name":"R\u00e9ponse du porte-parole gouvernement \u00e0 Gbagbo, \u00ab Les D\u00e9mocrates de C\u00f4te d'Ivoire \u00bb d\u00e9noncent des propos exag\u00e9r\u00e9ment discourtois et dangereux pour la paix - C\u00f4te d&#039;Ivoire","isPartOf":{"@id":"https:\/\/www.africa-press.net\/cotedivoire\/#website"},"primaryImageOfPage":{"@id":"https:\/\/www.africa-press.net\/cotedivoire\/politique\/reponse-du-porte-parole-gouvernement-a-gbagbo-les-democrates-de-cote-divoire-denoncent-des-propos-exagerement-discourtois-et-dangereux-pour-la-paix#primaryimage"},"image":{"@id":"https:\/\/www.africa-press.net\/cotedivoire\/politique\/reponse-du-porte-parole-gouvernement-a-gbagbo-les-democrates-de-cote-divoire-denoncent-des-propos-exagerement-discourtois-et-dangereux-pour-la-paix#primaryimage"},"thumbnailUrl":"https:\/\/static.africa-press.net\/cote\/sites\/43\/2021\/12\/img-61ae3ed1e1967.jpg","datePublished":"2021-12-06T18:09:36+00:00","author":{"@id":"https:\/\/www.africa-press.net\/cotedivoire\/#\/schema\/person\/2b1cf3cd81a31e3cd26889ca66d677f1"},"description":"Amadou Coulibaly La r\u00e9ponse du porte-parole du Gouvernement, Amadou Coulibaly \u00e0 Laurent Gbagbo concernant la lib ...","breadcrumb":{"@id":"https:\/\/www.africa-press.net\/cotedivoire\/politique\/reponse-du-porte-parole-gouvernement-a-gbagbo-les-democrates-de-cote-divoire-denoncent-des-propos-exagerement-discourtois-et-dangereux-pour-la-paix#breadcrumb"},"inLanguage":"fr-FR","potentialAction":[{"@type":"ReadAction","target":["https:\/\/www.africa-press.net\/cotedivoire\/politique\/reponse-du-porte-parole-gouvernement-a-gbagbo-les-democrates-de-cote-divoire-denoncent-des-propos-exagerement-discourtois-et-dangereux-pour-la-paix"]}]},{"@type":"ImageObject","inLanguage":"fr-FR","@id":"https:\/\/www.africa-press.net\/cotedivoire\/politique\/reponse-du-porte-parole-gouvernement-a-gbagbo-les-democrates-de-cote-divoire-denoncent-des-propos-exagerement-discourtois-et-dangereux-pour-la-paix#primaryimage","url":"https:\/\/static.africa-press.net\/cote\/sites\/43\/2021\/12\/img-61ae3ed1e1967.jpg","contentUrl":"https:\/\/static.africa-press.net\/cote\/sites\/43\/2021\/12\/img-61ae3ed1e1967.jpg","width":720,"height":484,"caption":"R\u00e9ponse du porte-parole gouvernement \u00e0 Gbagbo, \u00ab Les D\u00e9mocrates de C\u00f4te d'Ivoire \u00bb d\u00e9noncent des propos exag\u00e9r\u00e9ment discourtois et dangereux pour la paix"},{"@type":"BreadcrumbList","@id":"https:\/\/www.africa-press.net\/cotedivoire\/politique\/reponse-du-porte-parole-gouvernement-a-gbagbo-les-democrates-de-cote-divoire-denoncent-des-propos-exagerement-discourtois-et-dangereux-pour-la-paix#breadcrumb","itemListElement":[{"@type":"ListItem","position":1,"name":"Accueil","item":"https:\/\/www.africa-press.net\/cotedivoire\/"},{"@type":"ListItem","position":2,"name":"R\u00e9ponse du porte-parole gouvernement \u00e0 Gbagbo, \u00ab Les D\u00e9mocrates de C\u00f4te d&#8217;Ivoire \u00bb d\u00e9noncent des propos exag\u00e9r\u00e9ment discourtois et dangereux pour la paix"}]},{"@type":"WebSite","@id":"https:\/\/www.africa-press.net\/cotedivoire\/#website","url":"https:\/\/www.africa-press.net\/cotedivoire\/","name":"C\u00f4te d&#039;Ivoire","description":"Just another Africa News Agency Sites site","potentialAction":[{"@type":"SearchAction","target":{"@type":"EntryPoint","urlTemplate":"https:\/\/www.africa-press.net\/cotedivoire\/?s={search_term_string}"},"query-input":{"@type":"PropertyValueSpecification","valueRequired":true,"valueName":"search_term_string"}}],"inLanguage":"fr-FR"},{"@type":"Person","@id":"https:\/\/www.africa-press.net\/cotedivoire\/#\/schema\/person\/2b1cf3cd81a31e3cd26889ca66d677f1","name":"cfeditorfr"}]}},"_links":{"self":[{"href":"https:\/\/www.africa-press.net\/cotedivoire\/wp-json\/wp\/v2\/posts\/22302","targetHints":{"allow":["GET"]}}],"collection":[{"href":"https:\/\/www.africa-press.net\/cotedivoire\/wp-json\/wp\/v2\/posts"}],"about":[{"href":"https:\/\/www.africa-press.net\/cotedivoire\/wp-json\/wp\/v2\/types\/post"}],"author":[{"embeddable":true,"href":"https:\/\/www.africa-press.net\/cotedivoire\/wp-json\/wp\/v2\/users\/82"}],"replies":[{"embeddable":true,"href":"https:\/\/www.africa-press.net\/cotedivoire\/wp-json\/wp\/v2\/comments?post=22302"}],"version-history":[{"count":0,"href":"https:\/\/www.africa-press.net\/cotedivoire\/wp-json\/wp\/v2\/posts\/22302\/revisions"}],"wp:featuredmedia":[{"embeddable":true,"href":"https:\/\/www.africa-press.net\/cotedivoire\/wp-json\/wp\/v2\/media\/22301"}],"wp:attachment":[{"href":"https:\/\/www.africa-press.net\/cotedivoire\/wp-json\/wp\/v2\/media?parent=22302"}],"wp:term":[{"taxonomy":"category","embeddable":true,"href":"https:\/\/www.africa-press.net\/cotedivoire\/wp-json\/wp\/v2\/categories?post=22302"},{"taxonomy":"post_tag","embeddable":true,"href":"https:\/\/www.africa-press.net\/cotedivoire\/wp-json\/wp\/v2\/tags?post=22302"}],"curies":[{"name":"wp","href":"https:\/\/api.w.org\/{rel}","templated":true}]}}