{"id":22482,"date":"2021-12-07T22:01:34","date_gmt":"2021-12-07T22:01:34","guid":{"rendered":"https:\/\/www.africa-press.net\/cotedivoire\/?p=22482"},"modified":"2021-12-08T01:43:06","modified_gmt":"2021-12-08T01:43:06","slug":"28-ans-apres-sa-disparation-une-messe-commemorative-dhouphouet-boigny-en-presence-de-deux-cadres-du-ppa-ci-les-choses-se-dessinent-pour-lalliance-avec-le-pdci","status":"publish","type":"post","link":"https:\/\/www.africa-press.net\/cotedivoire\/parties\/28-ans-apres-sa-disparation-une-messe-commemorative-dhouphouet-boigny-en-presence-de-deux-cadres-du-ppa-ci-les-choses-se-dessinent-pour-lalliance-avec-le-pdci","title":{"rendered":"28 ans apr\u00e8s sa disparation, une messe comm\u00e9morative d&rsquo;Houphou\u00ebt Boigny en pr\u00e9sence de deux cadres du PPA-CI, les choses se dessinent pour l&rsquo;alliance avec le PDCI"},"content":{"rendered":"<p><span style=\"color: #ff6600\"><strong>Africa-Press &#8211; C\u00f4te d&rsquo;Ivoire. <\/strong><\/span><b>Hubert Oulaye et Ou\u00e9gnin sur le caveau d\u2019Houphou\u00ebt ce mardi \u00e0 Yakro<\/b><\/p>\n<p>7 d\u00e9cembre 1993-d\u00e9cembre 2021, cela fait exactement 28 ans que le premier ivoirien, F\u00e9lix Houphou\u00ebt Boigny est d\u00e9c\u00e9d\u00e9 \u00e0 l\u2019\u00e2ge de 88 ans.<\/p>\n<p>Son parti le PDCI-RDA s\u2019est souvenu de lui ce mardi en organisant une messe comm\u00e9morative \u00e0 la Basilique Notre-Dame de la Paix de Yamoussoukro.<\/p>\n<p>La particularit\u00e9 de cette c\u00e9r\u00e9monie a \u00e9t\u00e9 la pr\u00e9sence de deux cadres du Parti des Peuples Africains (PPA-CI), de Laurent Gbagbo, farouche opposant au \u00ab vieux \u00bb, comme on l\u2019appelait affectueusement de son vivant.<\/p>\n<p>Il s\u2019agit de Georges Armand Ou\u00e9gnin qui repr\u00e9sentait son mentor et pr\u00e9sident Ex\u00e9cutif du PPA-CI, le professeur Hubert Oulaye.<\/p>\n<p>Il faut souligner que, cette pr\u00e9sence des proches de Laurent Gbagbo, intervient au moment o\u00f9 ce dernier, affirme qu\u2019il tient \u00e0 l\u2019alliance avec le PDCI-RDA.<\/p>\n<p>\u00ab Nous sommes dans cette alliance avec le PDCI-RDA et nous tenons \u00e0 cette alliance. Vous pouvez dire au pr\u00e9sident B\u00e9di\u00e9 que Gbagbo en ce qui le concerne, fera tout pour que l&rsquo;alliance tienne bon et aille de l&rsquo;avant. \u00bb, a d\u00e9clar\u00e9 l\u2019ancien chef d\u2019Etat ivoirien, jeudi dernier face aux peuples Aky\u00e9, Gwa et Agni \u00e0 Abidjan.<\/p>\n<p>Donatien Kautcha, Abidjan<\/p>\n<p><strong>Pour plus d&rsquo;informations et d&rsquo;analyses sur la <a href=\"https:\/\/www.africa-press.net\/cotedivoire\">C\u00f4te d&rsquo;Ivoire<\/a>, suivez <a href=\"https:\/\/www.africa-press.net\/\">Africa-Press<\/a><\/strong><\/p>\n","protected":false},"excerpt":{"rendered":"<p>Africa-Press &#8211; C\u00f4te d&rsquo;Ivoire. Hubert Oulaye et Ou\u00e9gnin sur le caveau d\u2019Houphou\u00ebt ce mardi \u00e0 Yakro 7 d\u00e9cembre 1993-d\u00e9cembre 2021, cela fait exactement 28 ans que le premier ivoirien, F\u00e9lix Houphou\u00ebt Boigny est d\u00e9c\u00e9d\u00e9 \u00e0 l\u2019\u00e2ge de 88 ans. Son parti le PDCI-RDA s\u2019est souvenu de lui ce mardi en organisant une messe comm\u00e9morative \u00e0 [&hellip;]<\/p>\n","protected":false},"author":82,"featured_media":22481,"comment_status":"open","ping_status":"closed","sticky":false,"template":"","format":"standard","meta":{"footnotes":""},"categories":[11,4,10],"tags":[56,63,3204,3205,29,2972,2097,50,739,1952,33],"class_list":["post-22482","post","type-post","status-publish","format-standard","has-post-thumbnail","hentry","category-homepage-french","category-parties","category-toutes-les-actualites","tag-africa-press","tag-africa-press-cote-divoire","tag-alliance","tag-caveau","tag-cote-divoire","tag-houphouet-boigny-2","tag-hubert-oulaye","tag-laurent-gbagbo","tag-pdci-rda","tag-ppa-ci","tag-yamoussoukro"],"yoast_head":"<!-- This site is optimized with the Yoast SEO Premium plugin v26.1 (Yoast SEO v27.0) - https:\/\/yoast.com\/product\/yoast-seo-premium-wordpress\/ -->\n<title>28 ans apr\u00e8s sa disparation, une messe comm\u00e9morative d&#039;Houphou\u00ebt Boigny en pr\u00e9sence de deux cadres du PPA-CI, les choses se dessinent pour l&#039;alliance avec le PDCI - C\u00f4te d&#039;Ivoire<\/title>\n<meta name=\"description\" content=\"Hubert Oulaye et Ou\u00e9gnin sur le caveau d\u2019Houphou\u00ebt ce mardi \u00e0 Yakro 7 d\u00e9cembre 1993-d\u00e9cembre 2021, cela fait exa ...\" \/>\n<meta name=\"robots\" content=\"index, follow, max-snippet:-1, max-image-preview:large, max-video-preview:-1\" \/>\n<link rel=\"canonical\" href=\"https:\/\/www.africa-press.net\/cotedivoire\/parties\/28-ans-apres-sa-disparation-une-messe-commemorative-dhouphouet-boigny-en-presence-de-deux-cadres-du-ppa-ci-les-choses-se-dessinent-pour-lalliance-avec-le-pdci\" \/>\n<meta property=\"og:locale\" content=\"fr_FR\" \/>\n<meta property=\"og:type\" content=\"article\" \/>\n<meta property=\"og:title\" content=\"28 ans apr\u00e8s sa disparation, une messe comm\u00e9morative d&#039;Houphou\u00ebt Boigny en pr\u00e9sence de deux cadres du PPA-CI, les choses se dessinent pour l&#039;alliance avec le PDCI\" \/>\n<meta property=\"og:description\" content=\"Hubert Oulaye et Ou\u00e9gnin sur le caveau d\u2019Houphou\u00ebt ce mardi \u00e0 Yakro 7 d\u00e9cembre 1993-d\u00e9cembre 2021, cela fait exa ...\" \/>\n<meta property=\"og:url\" content=\"https:\/\/www.africa-press.net\/cotedivoire\/parties\/28-ans-apres-sa-disparation-une-messe-commemorative-dhouphouet-boigny-en-presence-de-deux-cadres-du-ppa-ci-les-choses-se-dessinent-pour-lalliance-avec-le-pdci\" \/>\n<meta property=\"og:site_name\" content=\"C\u00f4te d&#039;Ivoire\" \/>\n<meta property=\"article:published_time\" content=\"2021-12-07T22:01:34+00:00\" \/>\n<meta property=\"article:modified_time\" content=\"2021-12-08T01:43:06+00:00\" \/>\n<meta property=\"og:image\" content=\"https:\/\/static.africa-press.net\/cote\/sites\/43\/2021\/12\/img-61af9dff1ca77.jpg\" \/>\n\t<meta property=\"og:image:width\" content=\"720\" \/>\n\t<meta property=\"og:image:height\" content=\"324\" \/>\n\t<meta property=\"og:image:type\" content=\"image\/jpeg\" \/>\n<meta name=\"author\" content=\"cfeditorfr\" \/>\n<meta name=\"twitter:card\" content=\"summary_large_image\" \/>\n<meta name=\"twitter:label1\" content=\"\u00c9crit par\" \/>\n\t<meta name=\"twitter:data1\" content=\"cfeditorfr\" \/>\n\t<meta name=\"twitter:label2\" content=\"Dur\u00e9e de lecture estim\u00e9e\" \/>\n\t<meta name=\"twitter:data2\" content=\"1 minute\" \/>\n<script type=\"application\/ld+json\" class=\"yoast-schema-graph\">{\"@context\":\"https:\/\/schema.org\",\"@graph\":[{\"@type\":\"Article\",\"@id\":\"https:\/\/www.africa-press.net\/cotedivoire\/parties\/28-ans-apres-sa-disparation-une-messe-commemorative-dhouphouet-boigny-en-presence-de-deux-cadres-du-ppa-ci-les-choses-se-dessinent-pour-lalliance-avec-le-pdci#article\",\"isPartOf\":{\"@id\":\"https:\/\/www.africa-press.net\/cotedivoire\/parties\/28-ans-apres-sa-disparation-une-messe-commemorative-dhouphouet-boigny-en-presence-de-deux-cadres-du-ppa-ci-les-choses-se-dessinent-pour-lalliance-avec-le-pdci\"},\"author\":{\"name\":\"cfeditorfr\",\"@id\":\"https:\/\/www.africa-press.net\/cotedivoire\/#\/schema\/person\/2b1cf3cd81a31e3cd26889ca66d677f1\"},\"headline\":\"28 ans apr\u00e8s sa disparation, une messe comm\u00e9morative d&rsquo;Houphou\u00ebt Boigny en pr\u00e9sence de deux cadres du PPA-CI, les choses se dessinent pour l&rsquo;alliance avec le PDCI\",\"datePublished\":\"2021-12-07T22:01:34+00:00\",\"dateModified\":\"2021-12-08T01:43:06+00:00\",\"mainEntityOfPage\":{\"@id\":\"https:\/\/www.africa-press.net\/cotedivoire\/parties\/28-ans-apres-sa-disparation-une-messe-commemorative-dhouphouet-boigny-en-presence-de-deux-cadres-du-ppa-ci-les-choses-se-dessinent-pour-lalliance-avec-le-pdci\"},\"wordCount\":266,\"commentCount\":0,\"image\":{\"@id\":\"https:\/\/www.africa-press.net\/cotedivoire\/parties\/28-ans-apres-sa-disparation-une-messe-commemorative-dhouphouet-boigny-en-presence-de-deux-cadres-du-ppa-ci-les-choses-se-dessinent-pour-lalliance-avec-le-pdci#primaryimage\"},\"thumbnailUrl\":\"https:\/\/static.africa-press.net\/cote\/sites\/43\/2021\/12\/img-61af9dff1ca77.jpg\",\"keywords\":[\"Africa Press\",\"Africa Press-C\u00f4te d'Ivoire\",\"alliance\",\"caveau\",\"C\u00d4TE D'IVOIRE\",\"Houphou\u00ebt Boigny\",\"Hubert Oulaye\",\"Laurent Gbagbo\",\"PDCI-RDA\",\"PPA-CI\",\"Yamoussoukro\"],\"articleSection\":[\"homepage-french\",\"Parties\",\"Toutes les actualit\u00e9s\"],\"inLanguage\":\"fr-FR\",\"potentialAction\":[{\"@type\":\"CommentAction\",\"name\":\"Comment\",\"target\":[\"https:\/\/www.africa-press.net\/cotedivoire\/parties\/28-ans-apres-sa-disparation-une-messe-commemorative-dhouphouet-boigny-en-presence-de-deux-cadres-du-ppa-ci-les-choses-se-dessinent-pour-lalliance-avec-le-pdci#respond\"]}]},{\"@type\":\"WebPage\",\"@id\":\"https:\/\/www.africa-press.net\/cotedivoire\/parties\/28-ans-apres-sa-disparation-une-messe-commemorative-dhouphouet-boigny-en-presence-de-deux-cadres-du-ppa-ci-les-choses-se-dessinent-pour-lalliance-avec-le-pdci\",\"url\":\"https:\/\/www.africa-press.net\/cotedivoire\/parties\/28-ans-apres-sa-disparation-une-messe-commemorative-dhouphouet-boigny-en-presence-de-deux-cadres-du-ppa-ci-les-choses-se-dessinent-pour-lalliance-avec-le-pdci\",\"name\":\"28 ans apr\u00e8s sa disparation, une messe comm\u00e9morative d'Houphou\u00ebt Boigny en pr\u00e9sence de deux cadres du PPA-CI, les choses se dessinent pour l'alliance avec le PDCI - C\u00f4te d&#039;Ivoire\",\"isPartOf\":{\"@id\":\"https:\/\/www.africa-press.net\/cotedivoire\/#website\"},\"primaryImageOfPage\":{\"@id\":\"https:\/\/www.africa-press.net\/cotedivoire\/parties\/28-ans-apres-sa-disparation-une-messe-commemorative-dhouphouet-boigny-en-presence-de-deux-cadres-du-ppa-ci-les-choses-se-dessinent-pour-lalliance-avec-le-pdci#primaryimage\"},\"image\":{\"@id\":\"https:\/\/www.africa-press.net\/cotedivoire\/parties\/28-ans-apres-sa-disparation-une-messe-commemorative-dhouphouet-boigny-en-presence-de-deux-cadres-du-ppa-ci-les-choses-se-dessinent-pour-lalliance-avec-le-pdci#primaryimage\"},\"thumbnailUrl\":\"https:\/\/static.africa-press.net\/cote\/sites\/43\/2021\/12\/img-61af9dff1ca77.jpg\",\"datePublished\":\"2021-12-07T22:01:34+00:00\",\"dateModified\":\"2021-12-08T01:43:06+00:00\",\"author\":{\"@id\":\"https:\/\/www.africa-press.net\/cotedivoire\/#\/schema\/person\/2b1cf3cd81a31e3cd26889ca66d677f1\"},\"description\":\"Hubert Oulaye et Ou\u00e9gnin sur le caveau d\u2019Houphou\u00ebt ce mardi \u00e0 Yakro 7 d\u00e9cembre 1993-d\u00e9cembre 2021, cela fait exa ...\",\"breadcrumb\":{\"@id\":\"https:\/\/www.africa-press.net\/cotedivoire\/parties\/28-ans-apres-sa-disparation-une-messe-commemorative-dhouphouet-boigny-en-presence-de-deux-cadres-du-ppa-ci-les-choses-se-dessinent-pour-lalliance-avec-le-pdci#breadcrumb\"},\"inLanguage\":\"fr-FR\",\"potentialAction\":[{\"@type\":\"ReadAction\",\"target\":[\"https:\/\/www.africa-press.net\/cotedivoire\/parties\/28-ans-apres-sa-disparation-une-messe-commemorative-dhouphouet-boigny-en-presence-de-deux-cadres-du-ppa-ci-les-choses-se-dessinent-pour-lalliance-avec-le-pdci\"]}]},{\"@type\":\"ImageObject\",\"inLanguage\":\"fr-FR\",\"@id\":\"https:\/\/www.africa-press.net\/cotedivoire\/parties\/28-ans-apres-sa-disparation-une-messe-commemorative-dhouphouet-boigny-en-presence-de-deux-cadres-du-ppa-ci-les-choses-se-dessinent-pour-lalliance-avec-le-pdci#primaryimage\",\"url\":\"https:\/\/static.africa-press.net\/cote\/sites\/43\/2021\/12\/img-61af9dff1ca77.jpg\",\"contentUrl\":\"https:\/\/static.africa-press.net\/cote\/sites\/43\/2021\/12\/img-61af9dff1ca77.jpg\",\"width\":720,\"height\":324,\"caption\":\"28 ans apr\u00e8s sa disparation, une messe comm\u00e9morative d'Houphou\u00ebt Boigny en pr\u00e9sence de deux cadres du PPA-CI, les choses se dessinent pour l'alliance avec le PDCI\"},{\"@type\":\"BreadcrumbList\",\"@id\":\"https:\/\/www.africa-press.net\/cotedivoire\/parties\/28-ans-apres-sa-disparation-une-messe-commemorative-dhouphouet-boigny-en-presence-de-deux-cadres-du-ppa-ci-les-choses-se-dessinent-pour-lalliance-avec-le-pdci#breadcrumb\",\"itemListElement\":[{\"@type\":\"ListItem\",\"position\":1,\"name\":\"Accueil\",\"item\":\"https:\/\/www.africa-press.net\/cotedivoire\/\"},{\"@type\":\"ListItem\",\"position\":2,\"name\":\"28 ans apr\u00e8s sa disparation, une messe comm\u00e9morative d&#8217;Houphou\u00ebt Boigny en pr\u00e9sence de deux cadres du PPA-CI, les choses se dessinent pour l&#8217;alliance avec le PDCI\"}]},{\"@type\":\"WebSite\",\"@id\":\"https:\/\/www.africa-press.net\/cotedivoire\/#website\",\"url\":\"https:\/\/www.africa-press.net\/cotedivoire\/\",\"name\":\"C\u00f4te d&#039;Ivoire\",\"description\":\"Just another Africa News Agency Sites site\",\"potentialAction\":[{\"@type\":\"SearchAction\",\"target\":{\"@type\":\"EntryPoint\",\"urlTemplate\":\"https:\/\/www.africa-press.net\/cotedivoire\/?s={search_term_string}\"},\"query-input\":{\"@type\":\"PropertyValueSpecification\",\"valueRequired\":true,\"valueName\":\"search_term_string\"}}],\"inLanguage\":\"fr-FR\"},{\"@type\":\"Person\",\"@id\":\"https:\/\/www.africa-press.net\/cotedivoire\/#\/schema\/person\/2b1cf3cd81a31e3cd26889ca66d677f1\",\"name\":\"cfeditorfr\"}]}<\/script>\n<!-- \/ Yoast SEO Premium plugin. -->","yoast_head_json":{"title":"28 ans apr\u00e8s sa disparation, une messe comm\u00e9morative d'Houphou\u00ebt Boigny en pr\u00e9sence de deux cadres du PPA-CI, les choses se dessinent pour l'alliance avec le PDCI - C\u00f4te d&#039;Ivoire","description":"Hubert Oulaye et Ou\u00e9gnin sur le caveau d\u2019Houphou\u00ebt ce mardi \u00e0 Yakro 7 d\u00e9cembre 1993-d\u00e9cembre 2021, cela fait exa ...","robots":{"index":"index","follow":"follow","max-snippet":"max-snippet:-1","max-image-preview":"max-image-preview:large","max-video-preview":"max-video-preview:-1"},"canonical":"https:\/\/www.africa-press.net\/cotedivoire\/parties\/28-ans-apres-sa-disparation-une-messe-commemorative-dhouphouet-boigny-en-presence-de-deux-cadres-du-ppa-ci-les-choses-se-dessinent-pour-lalliance-avec-le-pdci","og_locale":"fr_FR","og_type":"article","og_title":"28 ans apr\u00e8s sa disparation, une messe comm\u00e9morative d'Houphou\u00ebt Boigny en pr\u00e9sence de deux cadres du PPA-CI, les choses se dessinent pour l'alliance avec le PDCI","og_description":"Hubert Oulaye et Ou\u00e9gnin sur le caveau d\u2019Houphou\u00ebt ce mardi \u00e0 Yakro 7 d\u00e9cembre 1993-d\u00e9cembre 2021, cela fait exa ...","og_url":"https:\/\/www.africa-press.net\/cotedivoire\/parties\/28-ans-apres-sa-disparation-une-messe-commemorative-dhouphouet-boigny-en-presence-de-deux-cadres-du-ppa-ci-les-choses-se-dessinent-pour-lalliance-avec-le-pdci","og_site_name":"C\u00f4te d&#039;Ivoire","article_published_time":"2021-12-07T22:01:34+00:00","article_modified_time":"2021-12-08T01:43:06+00:00","og_image":[{"width":720,"height":324,"url":"https:\/\/static.africa-press.net\/cote\/sites\/43\/2021\/12\/img-61af9dff1ca77.jpg","type":"image\/jpeg"}],"author":"cfeditorfr","twitter_card":"summary_large_image","twitter_misc":{"\u00c9crit par":"cfeditorfr","Dur\u00e9e de lecture estim\u00e9e":"1 minute"},"schema":{"@context":"https:\/\/schema.org","@graph":[{"@type":"Article","@id":"https:\/\/www.africa-press.net\/cotedivoire\/parties\/28-ans-apres-sa-disparation-une-messe-commemorative-dhouphouet-boigny-en-presence-de-deux-cadres-du-ppa-ci-les-choses-se-dessinent-pour-lalliance-avec-le-pdci#article","isPartOf":{"@id":"https:\/\/www.africa-press.net\/cotedivoire\/parties\/28-ans-apres-sa-disparation-une-messe-commemorative-dhouphouet-boigny-en-presence-de-deux-cadres-du-ppa-ci-les-choses-se-dessinent-pour-lalliance-avec-le-pdci"},"author":{"name":"cfeditorfr","@id":"https:\/\/www.africa-press.net\/cotedivoire\/#\/schema\/person\/2b1cf3cd81a31e3cd26889ca66d677f1"},"headline":"28 ans apr\u00e8s sa disparation, une messe comm\u00e9morative d&rsquo;Houphou\u00ebt Boigny en pr\u00e9sence de deux cadres du PPA-CI, les choses se dessinent pour l&rsquo;alliance avec le PDCI","datePublished":"2021-12-07T22:01:34+00:00","dateModified":"2021-12-08T01:43:06+00:00","mainEntityOfPage":{"@id":"https:\/\/www.africa-press.net\/cotedivoire\/parties\/28-ans-apres-sa-disparation-une-messe-commemorative-dhouphouet-boigny-en-presence-de-deux-cadres-du-ppa-ci-les-choses-se-dessinent-pour-lalliance-avec-le-pdci"},"wordCount":266,"commentCount":0,"image":{"@id":"https:\/\/www.africa-press.net\/cotedivoire\/parties\/28-ans-apres-sa-disparation-une-messe-commemorative-dhouphouet-boigny-en-presence-de-deux-cadres-du-ppa-ci-les-choses-se-dessinent-pour-lalliance-avec-le-pdci#primaryimage"},"thumbnailUrl":"https:\/\/static.africa-press.net\/cote\/sites\/43\/2021\/12\/img-61af9dff1ca77.jpg","keywords":["Africa Press","Africa Press-C\u00f4te d'Ivoire","alliance","caveau","C\u00d4TE D'IVOIRE","Houphou\u00ebt Boigny","Hubert Oulaye","Laurent Gbagbo","PDCI-RDA","PPA-CI","Yamoussoukro"],"articleSection":["homepage-french","Parties","Toutes les actualit\u00e9s"],"inLanguage":"fr-FR","potentialAction":[{"@type":"CommentAction","name":"Comment","target":["https:\/\/www.africa-press.net\/cotedivoire\/parties\/28-ans-apres-sa-disparation-une-messe-commemorative-dhouphouet-boigny-en-presence-de-deux-cadres-du-ppa-ci-les-choses-se-dessinent-pour-lalliance-avec-le-pdci#respond"]}]},{"@type":"WebPage","@id":"https:\/\/www.africa-press.net\/cotedivoire\/parties\/28-ans-apres-sa-disparation-une-messe-commemorative-dhouphouet-boigny-en-presence-de-deux-cadres-du-ppa-ci-les-choses-se-dessinent-pour-lalliance-avec-le-pdci","url":"https:\/\/www.africa-press.net\/cotedivoire\/parties\/28-ans-apres-sa-disparation-une-messe-commemorative-dhouphouet-boigny-en-presence-de-deux-cadres-du-ppa-ci-les-choses-se-dessinent-pour-lalliance-avec-le-pdci","name":"28 ans apr\u00e8s sa disparation, une messe comm\u00e9morative d'Houphou\u00ebt Boigny en pr\u00e9sence de deux cadres du PPA-CI, les choses se dessinent pour l'alliance avec le PDCI - C\u00f4te d&#039;Ivoire","isPartOf":{"@id":"https:\/\/www.africa-press.net\/cotedivoire\/#website"},"primaryImageOfPage":{"@id":"https:\/\/www.africa-press.net\/cotedivoire\/parties\/28-ans-apres-sa-disparation-une-messe-commemorative-dhouphouet-boigny-en-presence-de-deux-cadres-du-ppa-ci-les-choses-se-dessinent-pour-lalliance-avec-le-pdci#primaryimage"},"image":{"@id":"https:\/\/www.africa-press.net\/cotedivoire\/parties\/28-ans-apres-sa-disparation-une-messe-commemorative-dhouphouet-boigny-en-presence-de-deux-cadres-du-ppa-ci-les-choses-se-dessinent-pour-lalliance-avec-le-pdci#primaryimage"},"thumbnailUrl":"https:\/\/static.africa-press.net\/cote\/sites\/43\/2021\/12\/img-61af9dff1ca77.jpg","datePublished":"2021-12-07T22:01:34+00:00","dateModified":"2021-12-08T01:43:06+00:00","author":{"@id":"https:\/\/www.africa-press.net\/cotedivoire\/#\/schema\/person\/2b1cf3cd81a31e3cd26889ca66d677f1"},"description":"Hubert Oulaye et Ou\u00e9gnin sur le caveau d\u2019Houphou\u00ebt ce mardi \u00e0 Yakro 7 d\u00e9cembre 1993-d\u00e9cembre 2021, cela fait exa ...","breadcrumb":{"@id":"https:\/\/www.africa-press.net\/cotedivoire\/parties\/28-ans-apres-sa-disparation-une-messe-commemorative-dhouphouet-boigny-en-presence-de-deux-cadres-du-ppa-ci-les-choses-se-dessinent-pour-lalliance-avec-le-pdci#breadcrumb"},"inLanguage":"fr-FR","potentialAction":[{"@type":"ReadAction","target":["https:\/\/www.africa-press.net\/cotedivoire\/parties\/28-ans-apres-sa-disparation-une-messe-commemorative-dhouphouet-boigny-en-presence-de-deux-cadres-du-ppa-ci-les-choses-se-dessinent-pour-lalliance-avec-le-pdci"]}]},{"@type":"ImageObject","inLanguage":"fr-FR","@id":"https:\/\/www.africa-press.net\/cotedivoire\/parties\/28-ans-apres-sa-disparation-une-messe-commemorative-dhouphouet-boigny-en-presence-de-deux-cadres-du-ppa-ci-les-choses-se-dessinent-pour-lalliance-avec-le-pdci#primaryimage","url":"https:\/\/static.africa-press.net\/cote\/sites\/43\/2021\/12\/img-61af9dff1ca77.jpg","contentUrl":"https:\/\/static.africa-press.net\/cote\/sites\/43\/2021\/12\/img-61af9dff1ca77.jpg","width":720,"height":324,"caption":"28 ans apr\u00e8s sa disparation, une messe comm\u00e9morative d'Houphou\u00ebt Boigny en pr\u00e9sence de deux cadres du PPA-CI, les choses se dessinent pour l'alliance avec le PDCI"},{"@type":"BreadcrumbList","@id":"https:\/\/www.africa-press.net\/cotedivoire\/parties\/28-ans-apres-sa-disparation-une-messe-commemorative-dhouphouet-boigny-en-presence-de-deux-cadres-du-ppa-ci-les-choses-se-dessinent-pour-lalliance-avec-le-pdci#breadcrumb","itemListElement":[{"@type":"ListItem","position":1,"name":"Accueil","item":"https:\/\/www.africa-press.net\/cotedivoire\/"},{"@type":"ListItem","position":2,"name":"28 ans apr\u00e8s sa disparation, une messe comm\u00e9morative d&#8217;Houphou\u00ebt Boigny en pr\u00e9sence de deux cadres du PPA-CI, les choses se dessinent pour l&#8217;alliance avec le PDCI"}]},{"@type":"WebSite","@id":"https:\/\/www.africa-press.net\/cotedivoire\/#website","url":"https:\/\/www.africa-press.net\/cotedivoire\/","name":"C\u00f4te d&#039;Ivoire","description":"Just another Africa News Agency Sites site","potentialAction":[{"@type":"SearchAction","target":{"@type":"EntryPoint","urlTemplate":"https:\/\/www.africa-press.net\/cotedivoire\/?s={search_term_string}"},"query-input":{"@type":"PropertyValueSpecification","valueRequired":true,"valueName":"search_term_string"}}],"inLanguage":"fr-FR"},{"@type":"Person","@id":"https:\/\/www.africa-press.net\/cotedivoire\/#\/schema\/person\/2b1cf3cd81a31e3cd26889ca66d677f1","name":"cfeditorfr"}]}},"_links":{"self":[{"href":"https:\/\/www.africa-press.net\/cotedivoire\/wp-json\/wp\/v2\/posts\/22482","targetHints":{"allow":["GET"]}}],"collection":[{"href":"https:\/\/www.africa-press.net\/cotedivoire\/wp-json\/wp\/v2\/posts"}],"about":[{"href":"https:\/\/www.africa-press.net\/cotedivoire\/wp-json\/wp\/v2\/types\/post"}],"author":[{"embeddable":true,"href":"https:\/\/www.africa-press.net\/cotedivoire\/wp-json\/wp\/v2\/users\/82"}],"replies":[{"embeddable":true,"href":"https:\/\/www.africa-press.net\/cotedivoire\/wp-json\/wp\/v2\/comments?post=22482"}],"version-history":[{"count":0,"href":"https:\/\/www.africa-press.net\/cotedivoire\/wp-json\/wp\/v2\/posts\/22482\/revisions"}],"wp:featuredmedia":[{"embeddable":true,"href":"https:\/\/www.africa-press.net\/cotedivoire\/wp-json\/wp\/v2\/media\/22481"}],"wp:attachment":[{"href":"https:\/\/www.africa-press.net\/cotedivoire\/wp-json\/wp\/v2\/media?parent=22482"}],"wp:term":[{"taxonomy":"category","embeddable":true,"href":"https:\/\/www.africa-press.net\/cotedivoire\/wp-json\/wp\/v2\/categories?post=22482"},{"taxonomy":"post_tag","embeddable":true,"href":"https:\/\/www.africa-press.net\/cotedivoire\/wp-json\/wp\/v2\/tags?post=22482"}],"curies":[{"name":"wp","href":"https:\/\/api.w.org\/{rel}","templated":true}]}}