{"id":22563,"date":"2021-12-08T16:07:21","date_gmt":"2021-12-08T16:07:21","guid":{"rendered":"https:\/\/www.africa-press.net\/cotedivoire\/?p=22563"},"modified":"2021-12-08T14:32:36","modified_gmt":"2021-12-08T14:32:36","slug":"phenomene-des-conges-anticipes-des-eleves-sattaquent-a-la-brigade-de-gendarmerie-de-taabo","status":"publish","type":"post","link":"https:\/\/www.africa-press.net\/cotedivoire\/toutes-les-actualites\/phenomene-des-conges-anticipes-des-eleves-sattaquent-a-la-brigade-de-gendarmerie-de-taabo","title":{"rendered":"Ph\u00e9nom\u00e8ne des cong\u00e9s anticip\u00e9s, des \u00e9l\u00e8ves s&rsquo;attaquent \u00e0 la Brigade de Gendarmerie de Taabo"},"content":{"rendered":"<p><span style=\"color: #ff6600\"><strong>Africa-Press &#8211; C\u00f4te d&rsquo;Ivoire. <\/strong><\/span><b>La devanture de la Gendarmerie de Taabo ce mardi apr\u00e8s le passage des \u00e9l\u00e8ves (Ph)<\/b><\/p>\n<p>Alors que l\u2019on pensait que les vielles habitudes avaient quitt\u00e9 le milieu scolaire apr\u00e8s la nomination de Madame Mariatou Kon\u00e9, en remplacement de Kandia Camara, au Minist\u00e8re de l\u2019\u00c9ducation Nationale, que nenni.<\/p>\n<p>\u00c0 l\u2019approche des cong\u00e9s de No\u00ebl, nous assistons dans plusieurs localit\u00e9s du pays que des \u00e9l\u00e8ves ont d\u00e9cid\u00e9 d\u2019anticiper lesdits cong\u00e9s.<\/p>\n<p>Avec des sifflets et en s\u2019attaquant \u00e0 coup de pierre \u00e0 leur administration comme cela a \u00e9t\u00e9 le cas lundi \u00e0 Sakassou, ils ont d\u00e9cid\u00e9 de perturber les cours.<\/p>\n<p>Nous apprenons ce mardi 07 d\u00e9cembre 2021, que les \u00e9l\u00e8ves sont all\u00e9s plus loin en saccageant des v\u00e9hicules devant la brigade de Gendarmerie de Taabo. Certaines sources nous indiquent que les locaux de l\u2019institution n\u2019ont pas \u00e9chapp\u00e9 \u00e0 la furie des apprenants.<\/p>\n<p><b>Ce mardi \u00e0 Taabo<\/b><\/p>\n<p>Cliquez pour agrandir l&rsquo;image<\/p>\n<p>Lien ou pas, la Fesci \u00e9tait de sortie du c\u00f4t\u00e9 de Cocody, une centaine d&rsquo;\u00e9l\u00e9ments dont certains arm\u00e9s de machettes, ont march\u00e9 sur un rythme de guerre, comme constat\u00e9.<\/p>\n<p><b>Marche de la Fesci ce jour \u00e0 Cocody<\/b><\/p>\n<p>Cliquez pour agrandir l&rsquo;image<\/p>\n<p>Reste \u00e0 savoir si les autorit\u00e9s prennent enfin leurs responsabilit\u00e9s pour \u00e9radiquer hors du syst\u00e8me scolaire ce ph\u00e9nom\u00e8ne des cong\u00e9s anticip\u00e9s, qui n\u2019honore pas la C\u00f4te d\u2019Ivoire.<\/p>\n<p>Donatien Kautcha, Abidjan<\/p>\n<p><strong>Pour plus d&rsquo;informations et d&rsquo;analyses sur la <a href=\"https:\/\/www.africa-press.net\/cotedivoire\">C\u00f4te d&rsquo;Ivoire<\/a>, suivez <a href=\"https:\/\/www.africa-press.net\/\">Africa-Press<\/a><\/strong><\/p>\n","protected":false},"excerpt":{"rendered":"<p>Africa-Press &#8211; C\u00f4te d&rsquo;Ivoire. La devanture de la Gendarmerie de Taabo ce mardi apr\u00e8s le passage des \u00e9l\u00e8ves (Ph) Alors que l\u2019on pensait que les vielles habitudes avaient quitt\u00e9 le milieu scolaire apr\u00e8s la nomination de Madame Mariatou Kon\u00e9, en remplacement de Kandia Camara, au Minist\u00e8re de l\u2019\u00c9ducation Nationale, que nenni. \u00c0 l\u2019approche des cong\u00e9s [&hellip;]<\/p>\n","protected":false},"author":82,"featured_media":22562,"comment_status":"open","ping_status":"closed","sticky":false,"template":"","format":"standard","meta":{"footnotes":""},"categories":[21,11,10],"tags":[56,63,3208,2502,3209,29,433,447,1083,1127,764],"class_list":["post-22563","post","type-post","status-publish","format-standard","has-post-thumbnail","hentry","category-communaute","category-homepage-french","category-toutes-les-actualites","tag-africa-press","tag-africa-press-cote-divoire","tag-anticipes","tag-brigade","tag-conges","tag-cote-divoire","tag-eleves","tag-gendarmerie","tag-kandia-camara","tag-mariatou-kone","tag-vehicules"],"yoast_head":"<!-- This site is optimized with the Yoast SEO Premium plugin v26.1 (Yoast SEO v27.0) - https:\/\/yoast.com\/product\/yoast-seo-premium-wordpress\/ -->\n<title>Ph\u00e9nom\u00e8ne des cong\u00e9s anticip\u00e9s, des \u00e9l\u00e8ves s&#039;attaquent \u00e0 la Brigade de Gendarmerie de Taabo - C\u00f4te d&#039;Ivoire<\/title>\n<meta name=\"description\" content=\"La devanture de la Gendarmerie de Taabo ce mardi apr\u00e8s le passage des \u00e9l\u00e8ves (Ph) Alors que l\u2019on pensait que les ...\" \/>\n<meta name=\"robots\" content=\"index, follow, max-snippet:-1, max-image-preview:large, max-video-preview:-1\" \/>\n<link rel=\"canonical\" href=\"https:\/\/www.africa-press.net\/cotedivoire\/toutes-les-actualites\/phenomene-des-conges-anticipes-des-eleves-sattaquent-a-la-brigade-de-gendarmerie-de-taabo\" \/>\n<meta property=\"og:locale\" content=\"fr_FR\" \/>\n<meta property=\"og:type\" content=\"article\" \/>\n<meta property=\"og:title\" content=\"Ph\u00e9nom\u00e8ne des cong\u00e9s anticip\u00e9s, des \u00e9l\u00e8ves s&#039;attaquent \u00e0 la Brigade de Gendarmerie de Taabo\" \/>\n<meta property=\"og:description\" content=\"La devanture de la Gendarmerie de Taabo ce mardi apr\u00e8s le passage des \u00e9l\u00e8ves (Ph) Alors que l\u2019on pensait que les ...\" \/>\n<meta property=\"og:url\" content=\"https:\/\/www.africa-press.net\/cotedivoire\/toutes-les-actualites\/phenomene-des-conges-anticipes-des-eleves-sattaquent-a-la-brigade-de-gendarmerie-de-taabo\" \/>\n<meta property=\"og:site_name\" content=\"C\u00f4te d&#039;Ivoire\" \/>\n<meta property=\"article:published_time\" content=\"2021-12-08T16:07:21+00:00\" \/>\n<meta property=\"og:image\" content=\"https:\/\/static.africa-press.net\/cote\/sites\/43\/2021\/12\/img-61b0c1d7952e0.jpg\" \/>\n\t<meta property=\"og:image:width\" content=\"720\" \/>\n\t<meta property=\"og:image:height\" content=\"409\" \/>\n\t<meta property=\"og:image:type\" content=\"image\/jpeg\" \/>\n<meta name=\"author\" content=\"cfeditorfr\" \/>\n<meta name=\"twitter:card\" content=\"summary_large_image\" \/>\n<meta name=\"twitter:label1\" content=\"\u00c9crit par\" \/>\n\t<meta name=\"twitter:data1\" content=\"cfeditorfr\" \/>\n\t<meta name=\"twitter:label2\" content=\"Dur\u00e9e de lecture estim\u00e9e\" \/>\n\t<meta name=\"twitter:data2\" content=\"1 minute\" \/>\n<script type=\"application\/ld+json\" class=\"yoast-schema-graph\">{\"@context\":\"https:\/\/schema.org\",\"@graph\":[{\"@type\":\"Article\",\"@id\":\"https:\/\/www.africa-press.net\/cotedivoire\/toutes-les-actualites\/phenomene-des-conges-anticipes-des-eleves-sattaquent-a-la-brigade-de-gendarmerie-de-taabo#article\",\"isPartOf\":{\"@id\":\"https:\/\/www.africa-press.net\/cotedivoire\/toutes-les-actualites\/phenomene-des-conges-anticipes-des-eleves-sattaquent-a-la-brigade-de-gendarmerie-de-taabo\"},\"author\":{\"name\":\"cfeditorfr\",\"@id\":\"https:\/\/www.africa-press.net\/cotedivoire\/#\/schema\/person\/2b1cf3cd81a31e3cd26889ca66d677f1\"},\"headline\":\"Ph\u00e9nom\u00e8ne des cong\u00e9s anticip\u00e9s, des \u00e9l\u00e8ves s&rsquo;attaquent \u00e0 la Brigade de Gendarmerie de Taabo\",\"datePublished\":\"2021-12-08T16:07:21+00:00\",\"mainEntityOfPage\":{\"@id\":\"https:\/\/www.africa-press.net\/cotedivoire\/toutes-les-actualites\/phenomene-des-conges-anticipes-des-eleves-sattaquent-a-la-brigade-de-gendarmerie-de-taabo\"},\"wordCount\":286,\"commentCount\":0,\"image\":{\"@id\":\"https:\/\/www.africa-press.net\/cotedivoire\/toutes-les-actualites\/phenomene-des-conges-anticipes-des-eleves-sattaquent-a-la-brigade-de-gendarmerie-de-taabo#primaryimage\"},\"thumbnailUrl\":\"https:\/\/static.africa-press.net\/cote\/sites\/43\/2021\/12\/img-61b0c1d7952e0.jpg\",\"keywords\":[\"Africa Press\",\"Africa Press-C\u00f4te d'Ivoire\",\"anticip\u00e9s\",\"Brigade\",\"cong\u00e9s\",\"C\u00d4TE D'IVOIRE\",\"\u00e9l\u00e8ves\",\"Gendarmerie\",\"Kandia Camara\",\"Mariatou Kon\u00e9\",\"v\u00e9hicules\"],\"articleSection\":[\"Communaut\u00e9\",\"homepage-french\",\"Toutes les actualit\u00e9s\"],\"inLanguage\":\"fr-FR\",\"potentialAction\":[{\"@type\":\"CommentAction\",\"name\":\"Comment\",\"target\":[\"https:\/\/www.africa-press.net\/cotedivoire\/toutes-les-actualites\/phenomene-des-conges-anticipes-des-eleves-sattaquent-a-la-brigade-de-gendarmerie-de-taabo#respond\"]}]},{\"@type\":\"WebPage\",\"@id\":\"https:\/\/www.africa-press.net\/cotedivoire\/toutes-les-actualites\/phenomene-des-conges-anticipes-des-eleves-sattaquent-a-la-brigade-de-gendarmerie-de-taabo\",\"url\":\"https:\/\/www.africa-press.net\/cotedivoire\/toutes-les-actualites\/phenomene-des-conges-anticipes-des-eleves-sattaquent-a-la-brigade-de-gendarmerie-de-taabo\",\"name\":\"Ph\u00e9nom\u00e8ne des cong\u00e9s anticip\u00e9s, des \u00e9l\u00e8ves s'attaquent \u00e0 la Brigade de Gendarmerie de Taabo - C\u00f4te d&#039;Ivoire\",\"isPartOf\":{\"@id\":\"https:\/\/www.africa-press.net\/cotedivoire\/#website\"},\"primaryImageOfPage\":{\"@id\":\"https:\/\/www.africa-press.net\/cotedivoire\/toutes-les-actualites\/phenomene-des-conges-anticipes-des-eleves-sattaquent-a-la-brigade-de-gendarmerie-de-taabo#primaryimage\"},\"image\":{\"@id\":\"https:\/\/www.africa-press.net\/cotedivoire\/toutes-les-actualites\/phenomene-des-conges-anticipes-des-eleves-sattaquent-a-la-brigade-de-gendarmerie-de-taabo#primaryimage\"},\"thumbnailUrl\":\"https:\/\/static.africa-press.net\/cote\/sites\/43\/2021\/12\/img-61b0c1d7952e0.jpg\",\"datePublished\":\"2021-12-08T16:07:21+00:00\",\"author\":{\"@id\":\"https:\/\/www.africa-press.net\/cotedivoire\/#\/schema\/person\/2b1cf3cd81a31e3cd26889ca66d677f1\"},\"description\":\"La devanture de la Gendarmerie de Taabo ce mardi apr\u00e8s le passage des \u00e9l\u00e8ves (Ph) Alors que l\u2019on pensait que les ...\",\"breadcrumb\":{\"@id\":\"https:\/\/www.africa-press.net\/cotedivoire\/toutes-les-actualites\/phenomene-des-conges-anticipes-des-eleves-sattaquent-a-la-brigade-de-gendarmerie-de-taabo#breadcrumb\"},\"inLanguage\":\"fr-FR\",\"potentialAction\":[{\"@type\":\"ReadAction\",\"target\":[\"https:\/\/www.africa-press.net\/cotedivoire\/toutes-les-actualites\/phenomene-des-conges-anticipes-des-eleves-sattaquent-a-la-brigade-de-gendarmerie-de-taabo\"]}]},{\"@type\":\"ImageObject\",\"inLanguage\":\"fr-FR\",\"@id\":\"https:\/\/www.africa-press.net\/cotedivoire\/toutes-les-actualites\/phenomene-des-conges-anticipes-des-eleves-sattaquent-a-la-brigade-de-gendarmerie-de-taabo#primaryimage\",\"url\":\"https:\/\/static.africa-press.net\/cote\/sites\/43\/2021\/12\/img-61b0c1d7952e0.jpg\",\"contentUrl\":\"https:\/\/static.africa-press.net\/cote\/sites\/43\/2021\/12\/img-61b0c1d7952e0.jpg\",\"width\":720,\"height\":409,\"caption\":\"Ph\u00e9nom\u00e8ne des cong\u00e9s anticip\u00e9s, des \u00e9l\u00e8ves s'attaquent \u00e0 la Brigade de Gendarmerie de Taabo\"},{\"@type\":\"BreadcrumbList\",\"@id\":\"https:\/\/www.africa-press.net\/cotedivoire\/toutes-les-actualites\/phenomene-des-conges-anticipes-des-eleves-sattaquent-a-la-brigade-de-gendarmerie-de-taabo#breadcrumb\",\"itemListElement\":[{\"@type\":\"ListItem\",\"position\":1,\"name\":\"Accueil\",\"item\":\"https:\/\/www.africa-press.net\/cotedivoire\/\"},{\"@type\":\"ListItem\",\"position\":2,\"name\":\"Ph\u00e9nom\u00e8ne des cong\u00e9s anticip\u00e9s, des \u00e9l\u00e8ves s&#8217;attaquent \u00e0 la Brigade de Gendarmerie de Taabo\"}]},{\"@type\":\"WebSite\",\"@id\":\"https:\/\/www.africa-press.net\/cotedivoire\/#website\",\"url\":\"https:\/\/www.africa-press.net\/cotedivoire\/\",\"name\":\"C\u00f4te d&#039;Ivoire\",\"description\":\"Just another Africa News Agency Sites site\",\"potentialAction\":[{\"@type\":\"SearchAction\",\"target\":{\"@type\":\"EntryPoint\",\"urlTemplate\":\"https:\/\/www.africa-press.net\/cotedivoire\/?s={search_term_string}\"},\"query-input\":{\"@type\":\"PropertyValueSpecification\",\"valueRequired\":true,\"valueName\":\"search_term_string\"}}],\"inLanguage\":\"fr-FR\"},{\"@type\":\"Person\",\"@id\":\"https:\/\/www.africa-press.net\/cotedivoire\/#\/schema\/person\/2b1cf3cd81a31e3cd26889ca66d677f1\",\"name\":\"cfeditorfr\"}]}<\/script>\n<!-- \/ Yoast SEO Premium plugin. -->","yoast_head_json":{"title":"Ph\u00e9nom\u00e8ne des cong\u00e9s anticip\u00e9s, des \u00e9l\u00e8ves s'attaquent \u00e0 la Brigade de Gendarmerie de Taabo - C\u00f4te d&#039;Ivoire","description":"La devanture de la Gendarmerie de Taabo ce mardi apr\u00e8s le passage des \u00e9l\u00e8ves (Ph) Alors que l\u2019on pensait que les ...","robots":{"index":"index","follow":"follow","max-snippet":"max-snippet:-1","max-image-preview":"max-image-preview:large","max-video-preview":"max-video-preview:-1"},"canonical":"https:\/\/www.africa-press.net\/cotedivoire\/toutes-les-actualites\/phenomene-des-conges-anticipes-des-eleves-sattaquent-a-la-brigade-de-gendarmerie-de-taabo","og_locale":"fr_FR","og_type":"article","og_title":"Ph\u00e9nom\u00e8ne des cong\u00e9s anticip\u00e9s, des \u00e9l\u00e8ves s'attaquent \u00e0 la Brigade de Gendarmerie de Taabo","og_description":"La devanture de la Gendarmerie de Taabo ce mardi apr\u00e8s le passage des \u00e9l\u00e8ves (Ph) Alors que l\u2019on pensait que les ...","og_url":"https:\/\/www.africa-press.net\/cotedivoire\/toutes-les-actualites\/phenomene-des-conges-anticipes-des-eleves-sattaquent-a-la-brigade-de-gendarmerie-de-taabo","og_site_name":"C\u00f4te d&#039;Ivoire","article_published_time":"2021-12-08T16:07:21+00:00","og_image":[{"width":720,"height":409,"url":"https:\/\/static.africa-press.net\/cote\/sites\/43\/2021\/12\/img-61b0c1d7952e0.jpg","type":"image\/jpeg"}],"author":"cfeditorfr","twitter_card":"summary_large_image","twitter_misc":{"\u00c9crit par":"cfeditorfr","Dur\u00e9e de lecture estim\u00e9e":"1 minute"},"schema":{"@context":"https:\/\/schema.org","@graph":[{"@type":"Article","@id":"https:\/\/www.africa-press.net\/cotedivoire\/toutes-les-actualites\/phenomene-des-conges-anticipes-des-eleves-sattaquent-a-la-brigade-de-gendarmerie-de-taabo#article","isPartOf":{"@id":"https:\/\/www.africa-press.net\/cotedivoire\/toutes-les-actualites\/phenomene-des-conges-anticipes-des-eleves-sattaquent-a-la-brigade-de-gendarmerie-de-taabo"},"author":{"name":"cfeditorfr","@id":"https:\/\/www.africa-press.net\/cotedivoire\/#\/schema\/person\/2b1cf3cd81a31e3cd26889ca66d677f1"},"headline":"Ph\u00e9nom\u00e8ne des cong\u00e9s anticip\u00e9s, des \u00e9l\u00e8ves s&rsquo;attaquent \u00e0 la Brigade de Gendarmerie de Taabo","datePublished":"2021-12-08T16:07:21+00:00","mainEntityOfPage":{"@id":"https:\/\/www.africa-press.net\/cotedivoire\/toutes-les-actualites\/phenomene-des-conges-anticipes-des-eleves-sattaquent-a-la-brigade-de-gendarmerie-de-taabo"},"wordCount":286,"commentCount":0,"image":{"@id":"https:\/\/www.africa-press.net\/cotedivoire\/toutes-les-actualites\/phenomene-des-conges-anticipes-des-eleves-sattaquent-a-la-brigade-de-gendarmerie-de-taabo#primaryimage"},"thumbnailUrl":"https:\/\/static.africa-press.net\/cote\/sites\/43\/2021\/12\/img-61b0c1d7952e0.jpg","keywords":["Africa Press","Africa Press-C\u00f4te d'Ivoire","anticip\u00e9s","Brigade","cong\u00e9s","C\u00d4TE D'IVOIRE","\u00e9l\u00e8ves","Gendarmerie","Kandia Camara","Mariatou Kon\u00e9","v\u00e9hicules"],"articleSection":["Communaut\u00e9","homepage-french","Toutes les actualit\u00e9s"],"inLanguage":"fr-FR","potentialAction":[{"@type":"CommentAction","name":"Comment","target":["https:\/\/www.africa-press.net\/cotedivoire\/toutes-les-actualites\/phenomene-des-conges-anticipes-des-eleves-sattaquent-a-la-brigade-de-gendarmerie-de-taabo#respond"]}]},{"@type":"WebPage","@id":"https:\/\/www.africa-press.net\/cotedivoire\/toutes-les-actualites\/phenomene-des-conges-anticipes-des-eleves-sattaquent-a-la-brigade-de-gendarmerie-de-taabo","url":"https:\/\/www.africa-press.net\/cotedivoire\/toutes-les-actualites\/phenomene-des-conges-anticipes-des-eleves-sattaquent-a-la-brigade-de-gendarmerie-de-taabo","name":"Ph\u00e9nom\u00e8ne des cong\u00e9s anticip\u00e9s, des \u00e9l\u00e8ves s'attaquent \u00e0 la Brigade de Gendarmerie de Taabo - C\u00f4te d&#039;Ivoire","isPartOf":{"@id":"https:\/\/www.africa-press.net\/cotedivoire\/#website"},"primaryImageOfPage":{"@id":"https:\/\/www.africa-press.net\/cotedivoire\/toutes-les-actualites\/phenomene-des-conges-anticipes-des-eleves-sattaquent-a-la-brigade-de-gendarmerie-de-taabo#primaryimage"},"image":{"@id":"https:\/\/www.africa-press.net\/cotedivoire\/toutes-les-actualites\/phenomene-des-conges-anticipes-des-eleves-sattaquent-a-la-brigade-de-gendarmerie-de-taabo#primaryimage"},"thumbnailUrl":"https:\/\/static.africa-press.net\/cote\/sites\/43\/2021\/12\/img-61b0c1d7952e0.jpg","datePublished":"2021-12-08T16:07:21+00:00","author":{"@id":"https:\/\/www.africa-press.net\/cotedivoire\/#\/schema\/person\/2b1cf3cd81a31e3cd26889ca66d677f1"},"description":"La devanture de la Gendarmerie de Taabo ce mardi apr\u00e8s le passage des \u00e9l\u00e8ves (Ph) Alors que l\u2019on pensait que les ...","breadcrumb":{"@id":"https:\/\/www.africa-press.net\/cotedivoire\/toutes-les-actualites\/phenomene-des-conges-anticipes-des-eleves-sattaquent-a-la-brigade-de-gendarmerie-de-taabo#breadcrumb"},"inLanguage":"fr-FR","potentialAction":[{"@type":"ReadAction","target":["https:\/\/www.africa-press.net\/cotedivoire\/toutes-les-actualites\/phenomene-des-conges-anticipes-des-eleves-sattaquent-a-la-brigade-de-gendarmerie-de-taabo"]}]},{"@type":"ImageObject","inLanguage":"fr-FR","@id":"https:\/\/www.africa-press.net\/cotedivoire\/toutes-les-actualites\/phenomene-des-conges-anticipes-des-eleves-sattaquent-a-la-brigade-de-gendarmerie-de-taabo#primaryimage","url":"https:\/\/static.africa-press.net\/cote\/sites\/43\/2021\/12\/img-61b0c1d7952e0.jpg","contentUrl":"https:\/\/static.africa-press.net\/cote\/sites\/43\/2021\/12\/img-61b0c1d7952e0.jpg","width":720,"height":409,"caption":"Ph\u00e9nom\u00e8ne des cong\u00e9s anticip\u00e9s, des \u00e9l\u00e8ves s'attaquent \u00e0 la Brigade de Gendarmerie de Taabo"},{"@type":"BreadcrumbList","@id":"https:\/\/www.africa-press.net\/cotedivoire\/toutes-les-actualites\/phenomene-des-conges-anticipes-des-eleves-sattaquent-a-la-brigade-de-gendarmerie-de-taabo#breadcrumb","itemListElement":[{"@type":"ListItem","position":1,"name":"Accueil","item":"https:\/\/www.africa-press.net\/cotedivoire\/"},{"@type":"ListItem","position":2,"name":"Ph\u00e9nom\u00e8ne des cong\u00e9s anticip\u00e9s, des \u00e9l\u00e8ves s&#8217;attaquent \u00e0 la Brigade de Gendarmerie de Taabo"}]},{"@type":"WebSite","@id":"https:\/\/www.africa-press.net\/cotedivoire\/#website","url":"https:\/\/www.africa-press.net\/cotedivoire\/","name":"C\u00f4te d&#039;Ivoire","description":"Just another Africa News Agency Sites site","potentialAction":[{"@type":"SearchAction","target":{"@type":"EntryPoint","urlTemplate":"https:\/\/www.africa-press.net\/cotedivoire\/?s={search_term_string}"},"query-input":{"@type":"PropertyValueSpecification","valueRequired":true,"valueName":"search_term_string"}}],"inLanguage":"fr-FR"},{"@type":"Person","@id":"https:\/\/www.africa-press.net\/cotedivoire\/#\/schema\/person\/2b1cf3cd81a31e3cd26889ca66d677f1","name":"cfeditorfr"}]}},"_links":{"self":[{"href":"https:\/\/www.africa-press.net\/cotedivoire\/wp-json\/wp\/v2\/posts\/22563","targetHints":{"allow":["GET"]}}],"collection":[{"href":"https:\/\/www.africa-press.net\/cotedivoire\/wp-json\/wp\/v2\/posts"}],"about":[{"href":"https:\/\/www.africa-press.net\/cotedivoire\/wp-json\/wp\/v2\/types\/post"}],"author":[{"embeddable":true,"href":"https:\/\/www.africa-press.net\/cotedivoire\/wp-json\/wp\/v2\/users\/82"}],"replies":[{"embeddable":true,"href":"https:\/\/www.africa-press.net\/cotedivoire\/wp-json\/wp\/v2\/comments?post=22563"}],"version-history":[{"count":0,"href":"https:\/\/www.africa-press.net\/cotedivoire\/wp-json\/wp\/v2\/posts\/22563\/revisions"}],"wp:featuredmedia":[{"embeddable":true,"href":"https:\/\/www.africa-press.net\/cotedivoire\/wp-json\/wp\/v2\/media\/22562"}],"wp:attachment":[{"href":"https:\/\/www.africa-press.net\/cotedivoire\/wp-json\/wp\/v2\/media?parent=22563"}],"wp:term":[{"taxonomy":"category","embeddable":true,"href":"https:\/\/www.africa-press.net\/cotedivoire\/wp-json\/wp\/v2\/categories?post=22563"},{"taxonomy":"post_tag","embeddable":true,"href":"https:\/\/www.africa-press.net\/cotedivoire\/wp-json\/wp\/v2\/tags?post=22563"}],"curies":[{"name":"wp","href":"https:\/\/api.w.org\/{rel}","templated":true}]}}