{"id":23024,"date":"2021-12-13T18:50:37","date_gmt":"2021-12-13T18:50:37","guid":{"rendered":"https:\/\/www.africa-press.net\/cotedivoire\/?p=23024"},"modified":"2021-12-13T16:26:52","modified_gmt":"2021-12-13T16:26:52","slug":"phenomene-des-conges-anticipes-pour-le-fpi-daffi-cette-situation-est-lexpression-du-declin-des-valeurs-morales-et-civiques","status":"publish","type":"post","link":"https:\/\/www.africa-press.net\/cotedivoire\/politique\/phenomene-des-conges-anticipes-pour-le-fpi-daffi-cette-situation-est-lexpression-du-declin-des-valeurs-morales-et-civiques","title":{"rendered":"Ph\u00e9nom\u00e8ne des cong\u00e9s anticip\u00e9s, pour le FPI d&rsquo;Affi, cette situation est l&rsquo;expression du d\u00e9clin des valeurs morales et civiques"},"content":{"rendered":"<p><span style=\"color: #ff6600\"><strong>Africa-Press &#8211; C\u00f4te d&rsquo;Ivoire. <\/strong><\/span>Le syst\u00e8me scolaire ivoirien est secou\u00e9 ces derniers jours par le ph\u00e9nom\u00e8ne des cong\u00e9s anticip\u00e9s. Une situation qui ne laisse pas indiff\u00e9rent le Front Populaire Ivoirien (Fpi).<\/p>\n<p>Dans une d\u00e9claration dont la r\u00e9daction de KOACI s\u2019est procur\u00e9e une copie, le parti de Pascal Affi N\u2019Guessan, rel\u00e8ve que, cette situation est l&rsquo;expression du d\u00e9clin des valeurs morales et civiques.<\/p>\n<p>\u00ab Cette situation qui perdure, depuis des ann\u00e9es, est non seulement l&rsquo;expression du d\u00e9clin des valeurs morales et civiques, autrefois inculqu\u00e9es aux apprenants, mais tout aussi, le manque d&rsquo;anticipation dans le leadership que devrait incarner l&rsquo;encadrement scolaire \u00bb, indique le Secr\u00e9taire G\u00e9n\u00e9ral et Porte-parole, Issiaka Sangar\u00e9.<\/p>\n<p>Tout en saluant l&rsquo;initiative des \u00c9tats g\u00e9n\u00e9raux de l&rsquo;\u00e9ducation et esp\u00e9rant fortement que cette situation connaisse un d\u00e9nouement , le Fpi condamne l&rsquo;usage de la violence gratuite par les \u00e9l\u00e8ves qui se rendent coupables de tels exactions au m\u00e9pris de la dignit\u00e9 humaine ; fustige l&rsquo;attitude de certains \u00e9l\u00e8ves qui molestent le personnel d&rsquo;encadrement et les enseignants, au m\u00e9pris de la discipline et des r\u00e8gles de bonne conduite ; salue les mesures prises par le gouvernement, lors du conseil des ministres du mercredi 8 d\u00e9cembre 2021 ; reste convaincu que la coh\u00e9sion sociale, en impactant positivement le climat social, imposera un mod\u00e8le empreint de rigueur .<\/p>\n<p>Le Fpi invite solennellement les syndicats scolaires \u00e0 s&rsquo;inscrire dans la sensibilisation des \u00e9l\u00e8ves afin de les amener \u00e0 respecter le volume horaire qui permet l&rsquo;acquisition des comp\u00e9tences et connaissances qui fondent le succ\u00e8s scolaire, et aussi de concevoir une \u00e9ducation de qualit\u00e9, avant d\u2019inviter les parents d&rsquo;\u00e9l\u00e8ves \u00e0 s&rsquo;impliquer dans la qu\u00eate de solutions durables.<\/p>\n<p>\u00ab Le Fpi invite les \u00e9l\u00e8ves \u00e0 continuer sereinement les cours jusqu&rsquo;au vendredi 17 d\u00e9cembre 2021, jour fix\u00e9 pour les cong\u00e9s de No\u00ebl \u00bb, lance le parti frontiste.<\/p>\n<p>Donatien Kautcha, Abidjan<\/p>\n<p><strong>Pour plus d&rsquo;informations et d&rsquo;analyses sur la <a href=\"https:\/\/www.africa-press.net\/cotedivoire\">C\u00f4te d&rsquo;Ivoire<\/a>, suivez <a href=\"https:\/\/www.africa-press.net\/\">Africa-Press<\/a><\/strong><\/p>\n","protected":false},"excerpt":{"rendered":"<p>Africa-Press &#8211; C\u00f4te d&rsquo;Ivoire. Le syst\u00e8me scolaire ivoirien est secou\u00e9 ces derniers jours par le ph\u00e9nom\u00e8ne des cong\u00e9s anticip\u00e9s. Une situation qui ne laisse pas indiff\u00e9rent le Front Populaire Ivoirien (Fpi). Dans une d\u00e9claration dont la r\u00e9daction de KOACI s\u2019est procur\u00e9e une copie, le parti de Pascal Affi N\u2019Guessan, rel\u00e8ve que, cette situation est l&rsquo;expression [&hellip;]<\/p>\n","protected":false},"author":82,"featured_media":23023,"comment_status":"open","ping_status":"closed","sticky":false,"template":"","format":"standard","meta":{"footnotes":""},"categories":[11,2,10],"tags":[364,56,63,3208,3209,29,433,360,2541],"class_list":["post-23024","post","type-post","status-publish","format-standard","has-post-thumbnail","hentry","category-homepage-french","category-politique","category-toutes-les-actualites","tag-affi-nguessan","tag-africa-press","tag-africa-press-cote-divoire","tag-anticipes","tag-conges","tag-cote-divoire","tag-eleves","tag-fpi","tag-issiaka-sangare"],"yoast_head":"<!-- This site is optimized with the Yoast SEO Premium plugin v26.1 (Yoast SEO v27.0) - https:\/\/yoast.com\/product\/yoast-seo-premium-wordpress\/ -->\n<title>Ph\u00e9nom\u00e8ne des cong\u00e9s anticip\u00e9s, pour le FPI d&#039;Affi, cette situation est l&#039;expression du d\u00e9clin des valeurs morales et civiques - C\u00f4te d&#039;Ivoire<\/title>\n<meta name=\"description\" content=\"Le syst\u00e8me scolaire ivoirien est secou\u00e9 ces derniers jours par le ph\u00e9nom\u00e8ne des cong\u00e9s anticip\u00e9s. Une situation qui ne l ...\" \/>\n<meta name=\"robots\" content=\"index, follow, max-snippet:-1, max-image-preview:large, max-video-preview:-1\" \/>\n<link rel=\"canonical\" href=\"https:\/\/www.africa-press.net\/cotedivoire\/politique\/phenomene-des-conges-anticipes-pour-le-fpi-daffi-cette-situation-est-lexpression-du-declin-des-valeurs-morales-et-civiques\" \/>\n<meta property=\"og:locale\" content=\"fr_FR\" \/>\n<meta property=\"og:type\" content=\"article\" \/>\n<meta property=\"og:title\" content=\"Ph\u00e9nom\u00e8ne des cong\u00e9s anticip\u00e9s, pour le FPI d&#039;Affi, cette situation est l&#039;expression du d\u00e9clin des valeurs morales et civiques\" \/>\n<meta property=\"og:description\" content=\"Le syst\u00e8me scolaire ivoirien est secou\u00e9 ces derniers jours par le ph\u00e9nom\u00e8ne des cong\u00e9s anticip\u00e9s. Une situation qui ne l ...\" \/>\n<meta property=\"og:url\" content=\"https:\/\/www.africa-press.net\/cotedivoire\/politique\/phenomene-des-conges-anticipes-pour-le-fpi-daffi-cette-situation-est-lexpression-du-declin-des-valeurs-morales-et-civiques\" \/>\n<meta property=\"og:site_name\" content=\"C\u00f4te d&#039;Ivoire\" \/>\n<meta property=\"article:published_time\" content=\"2021-12-13T18:50:37+00:00\" \/>\n<meta property=\"og:image\" content=\"https:\/\/static.africa-press.net\/cote\/sites\/43\/2021\/12\/img-61b774258e5f0.jpg\" \/>\n\t<meta property=\"og:image:width\" content=\"720\" \/>\n\t<meta property=\"og:image:height\" content=\"402\" \/>\n\t<meta property=\"og:image:type\" content=\"image\/jpeg\" \/>\n<meta name=\"author\" content=\"cfeditorfr\" \/>\n<meta name=\"twitter:card\" content=\"summary_large_image\" \/>\n<meta name=\"twitter:label1\" content=\"\u00c9crit par\" \/>\n\t<meta name=\"twitter:data1\" content=\"cfeditorfr\" \/>\n\t<meta name=\"twitter:label2\" content=\"Dur\u00e9e de lecture estim\u00e9e\" \/>\n\t<meta name=\"twitter:data2\" content=\"2 minutes\" \/>\n<script type=\"application\/ld+json\" class=\"yoast-schema-graph\">{\"@context\":\"https:\/\/schema.org\",\"@graph\":[{\"@type\":\"Article\",\"@id\":\"https:\/\/www.africa-press.net\/cotedivoire\/politique\/phenomene-des-conges-anticipes-pour-le-fpi-daffi-cette-situation-est-lexpression-du-declin-des-valeurs-morales-et-civiques#article\",\"isPartOf\":{\"@id\":\"https:\/\/www.africa-press.net\/cotedivoire\/politique\/phenomene-des-conges-anticipes-pour-le-fpi-daffi-cette-situation-est-lexpression-du-declin-des-valeurs-morales-et-civiques\"},\"author\":{\"name\":\"cfeditorfr\",\"@id\":\"https:\/\/www.africa-press.net\/cotedivoire\/#\/schema\/person\/2b1cf3cd81a31e3cd26889ca66d677f1\"},\"headline\":\"Ph\u00e9nom\u00e8ne des cong\u00e9s anticip\u00e9s, pour le FPI d&rsquo;Affi, cette situation est l&rsquo;expression du d\u00e9clin des valeurs morales et civiques\",\"datePublished\":\"2021-12-13T18:50:37+00:00\",\"mainEntityOfPage\":{\"@id\":\"https:\/\/www.africa-press.net\/cotedivoire\/politique\/phenomene-des-conges-anticipes-pour-le-fpi-daffi-cette-situation-est-lexpression-du-declin-des-valeurs-morales-et-civiques\"},\"wordCount\":382,\"commentCount\":0,\"image\":{\"@id\":\"https:\/\/www.africa-press.net\/cotedivoire\/politique\/phenomene-des-conges-anticipes-pour-le-fpi-daffi-cette-situation-est-lexpression-du-declin-des-valeurs-morales-et-civiques#primaryimage\"},\"thumbnailUrl\":\"https:\/\/static.africa-press.net\/cote\/sites\/43\/2021\/12\/img-61b774258e5f0.jpg\",\"keywords\":[\"Affi N'guessan\",\"Africa Press\",\"Africa Press-C\u00f4te d'Ivoire\",\"anticip\u00e9s\",\"cong\u00e9s\",\"C\u00d4TE D'IVOIRE\",\"\u00e9l\u00e8ves\",\"FPI\",\"Issiaka Sangar\u00e9\"],\"articleSection\":[\"homepage-french\",\"Politique\",\"Toutes les actualit\u00e9s\"],\"inLanguage\":\"fr-FR\",\"potentialAction\":[{\"@type\":\"CommentAction\",\"name\":\"Comment\",\"target\":[\"https:\/\/www.africa-press.net\/cotedivoire\/politique\/phenomene-des-conges-anticipes-pour-le-fpi-daffi-cette-situation-est-lexpression-du-declin-des-valeurs-morales-et-civiques#respond\"]}]},{\"@type\":\"WebPage\",\"@id\":\"https:\/\/www.africa-press.net\/cotedivoire\/politique\/phenomene-des-conges-anticipes-pour-le-fpi-daffi-cette-situation-est-lexpression-du-declin-des-valeurs-morales-et-civiques\",\"url\":\"https:\/\/www.africa-press.net\/cotedivoire\/politique\/phenomene-des-conges-anticipes-pour-le-fpi-daffi-cette-situation-est-lexpression-du-declin-des-valeurs-morales-et-civiques\",\"name\":\"Ph\u00e9nom\u00e8ne des cong\u00e9s anticip\u00e9s, pour le FPI d'Affi, cette situation est l'expression du d\u00e9clin des valeurs morales et civiques - C\u00f4te d&#039;Ivoire\",\"isPartOf\":{\"@id\":\"https:\/\/www.africa-press.net\/cotedivoire\/#website\"},\"primaryImageOfPage\":{\"@id\":\"https:\/\/www.africa-press.net\/cotedivoire\/politique\/phenomene-des-conges-anticipes-pour-le-fpi-daffi-cette-situation-est-lexpression-du-declin-des-valeurs-morales-et-civiques#primaryimage\"},\"image\":{\"@id\":\"https:\/\/www.africa-press.net\/cotedivoire\/politique\/phenomene-des-conges-anticipes-pour-le-fpi-daffi-cette-situation-est-lexpression-du-declin-des-valeurs-morales-et-civiques#primaryimage\"},\"thumbnailUrl\":\"https:\/\/static.africa-press.net\/cote\/sites\/43\/2021\/12\/img-61b774258e5f0.jpg\",\"datePublished\":\"2021-12-13T18:50:37+00:00\",\"author\":{\"@id\":\"https:\/\/www.africa-press.net\/cotedivoire\/#\/schema\/person\/2b1cf3cd81a31e3cd26889ca66d677f1\"},\"description\":\"Le syst\u00e8me scolaire ivoirien est secou\u00e9 ces derniers jours par le ph\u00e9nom\u00e8ne des cong\u00e9s anticip\u00e9s. Une situation qui ne l ...\",\"breadcrumb\":{\"@id\":\"https:\/\/www.africa-press.net\/cotedivoire\/politique\/phenomene-des-conges-anticipes-pour-le-fpi-daffi-cette-situation-est-lexpression-du-declin-des-valeurs-morales-et-civiques#breadcrumb\"},\"inLanguage\":\"fr-FR\",\"potentialAction\":[{\"@type\":\"ReadAction\",\"target\":[\"https:\/\/www.africa-press.net\/cotedivoire\/politique\/phenomene-des-conges-anticipes-pour-le-fpi-daffi-cette-situation-est-lexpression-du-declin-des-valeurs-morales-et-civiques\"]}]},{\"@type\":\"ImageObject\",\"inLanguage\":\"fr-FR\",\"@id\":\"https:\/\/www.africa-press.net\/cotedivoire\/politique\/phenomene-des-conges-anticipes-pour-le-fpi-daffi-cette-situation-est-lexpression-du-declin-des-valeurs-morales-et-civiques#primaryimage\",\"url\":\"https:\/\/static.africa-press.net\/cote\/sites\/43\/2021\/12\/img-61b774258e5f0.jpg\",\"contentUrl\":\"https:\/\/static.africa-press.net\/cote\/sites\/43\/2021\/12\/img-61b774258e5f0.jpg\",\"width\":720,\"height\":402,\"caption\":\"Ph\u00e9nom\u00e8ne des cong\u00e9s anticip\u00e9s, pour le FPI d'Affi, cette situation est l'expression du d\u00e9clin des valeurs morales et civiques\"},{\"@type\":\"BreadcrumbList\",\"@id\":\"https:\/\/www.africa-press.net\/cotedivoire\/politique\/phenomene-des-conges-anticipes-pour-le-fpi-daffi-cette-situation-est-lexpression-du-declin-des-valeurs-morales-et-civiques#breadcrumb\",\"itemListElement\":[{\"@type\":\"ListItem\",\"position\":1,\"name\":\"Accueil\",\"item\":\"https:\/\/www.africa-press.net\/cotedivoire\/\"},{\"@type\":\"ListItem\",\"position\":2,\"name\":\"Ph\u00e9nom\u00e8ne des cong\u00e9s anticip\u00e9s, pour le FPI d&#8217;Affi, cette situation est l&#8217;expression du d\u00e9clin des valeurs morales et civiques\"}]},{\"@type\":\"WebSite\",\"@id\":\"https:\/\/www.africa-press.net\/cotedivoire\/#website\",\"url\":\"https:\/\/www.africa-press.net\/cotedivoire\/\",\"name\":\"C\u00f4te d&#039;Ivoire\",\"description\":\"Just another Africa News Agency Sites site\",\"potentialAction\":[{\"@type\":\"SearchAction\",\"target\":{\"@type\":\"EntryPoint\",\"urlTemplate\":\"https:\/\/www.africa-press.net\/cotedivoire\/?s={search_term_string}\"},\"query-input\":{\"@type\":\"PropertyValueSpecification\",\"valueRequired\":true,\"valueName\":\"search_term_string\"}}],\"inLanguage\":\"fr-FR\"},{\"@type\":\"Person\",\"@id\":\"https:\/\/www.africa-press.net\/cotedivoire\/#\/schema\/person\/2b1cf3cd81a31e3cd26889ca66d677f1\",\"name\":\"cfeditorfr\"}]}<\/script>\n<!-- \/ Yoast SEO Premium plugin. -->","yoast_head_json":{"title":"Ph\u00e9nom\u00e8ne des cong\u00e9s anticip\u00e9s, pour le FPI d'Affi, cette situation est l'expression du d\u00e9clin des valeurs morales et civiques - C\u00f4te d&#039;Ivoire","description":"Le syst\u00e8me scolaire ivoirien est secou\u00e9 ces derniers jours par le ph\u00e9nom\u00e8ne des cong\u00e9s anticip\u00e9s. Une situation qui ne l ...","robots":{"index":"index","follow":"follow","max-snippet":"max-snippet:-1","max-image-preview":"max-image-preview:large","max-video-preview":"max-video-preview:-1"},"canonical":"https:\/\/www.africa-press.net\/cotedivoire\/politique\/phenomene-des-conges-anticipes-pour-le-fpi-daffi-cette-situation-est-lexpression-du-declin-des-valeurs-morales-et-civiques","og_locale":"fr_FR","og_type":"article","og_title":"Ph\u00e9nom\u00e8ne des cong\u00e9s anticip\u00e9s, pour le FPI d'Affi, cette situation est l'expression du d\u00e9clin des valeurs morales et civiques","og_description":"Le syst\u00e8me scolaire ivoirien est secou\u00e9 ces derniers jours par le ph\u00e9nom\u00e8ne des cong\u00e9s anticip\u00e9s. Une situation qui ne l ...","og_url":"https:\/\/www.africa-press.net\/cotedivoire\/politique\/phenomene-des-conges-anticipes-pour-le-fpi-daffi-cette-situation-est-lexpression-du-declin-des-valeurs-morales-et-civiques","og_site_name":"C\u00f4te d&#039;Ivoire","article_published_time":"2021-12-13T18:50:37+00:00","og_image":[{"width":720,"height":402,"url":"https:\/\/static.africa-press.net\/cote\/sites\/43\/2021\/12\/img-61b774258e5f0.jpg","type":"image\/jpeg"}],"author":"cfeditorfr","twitter_card":"summary_large_image","twitter_misc":{"\u00c9crit par":"cfeditorfr","Dur\u00e9e de lecture estim\u00e9e":"2 minutes"},"schema":{"@context":"https:\/\/schema.org","@graph":[{"@type":"Article","@id":"https:\/\/www.africa-press.net\/cotedivoire\/politique\/phenomene-des-conges-anticipes-pour-le-fpi-daffi-cette-situation-est-lexpression-du-declin-des-valeurs-morales-et-civiques#article","isPartOf":{"@id":"https:\/\/www.africa-press.net\/cotedivoire\/politique\/phenomene-des-conges-anticipes-pour-le-fpi-daffi-cette-situation-est-lexpression-du-declin-des-valeurs-morales-et-civiques"},"author":{"name":"cfeditorfr","@id":"https:\/\/www.africa-press.net\/cotedivoire\/#\/schema\/person\/2b1cf3cd81a31e3cd26889ca66d677f1"},"headline":"Ph\u00e9nom\u00e8ne des cong\u00e9s anticip\u00e9s, pour le FPI d&rsquo;Affi, cette situation est l&rsquo;expression du d\u00e9clin des valeurs morales et civiques","datePublished":"2021-12-13T18:50:37+00:00","mainEntityOfPage":{"@id":"https:\/\/www.africa-press.net\/cotedivoire\/politique\/phenomene-des-conges-anticipes-pour-le-fpi-daffi-cette-situation-est-lexpression-du-declin-des-valeurs-morales-et-civiques"},"wordCount":382,"commentCount":0,"image":{"@id":"https:\/\/www.africa-press.net\/cotedivoire\/politique\/phenomene-des-conges-anticipes-pour-le-fpi-daffi-cette-situation-est-lexpression-du-declin-des-valeurs-morales-et-civiques#primaryimage"},"thumbnailUrl":"https:\/\/static.africa-press.net\/cote\/sites\/43\/2021\/12\/img-61b774258e5f0.jpg","keywords":["Affi N'guessan","Africa Press","Africa Press-C\u00f4te d'Ivoire","anticip\u00e9s","cong\u00e9s","C\u00d4TE D'IVOIRE","\u00e9l\u00e8ves","FPI","Issiaka Sangar\u00e9"],"articleSection":["homepage-french","Politique","Toutes les actualit\u00e9s"],"inLanguage":"fr-FR","potentialAction":[{"@type":"CommentAction","name":"Comment","target":["https:\/\/www.africa-press.net\/cotedivoire\/politique\/phenomene-des-conges-anticipes-pour-le-fpi-daffi-cette-situation-est-lexpression-du-declin-des-valeurs-morales-et-civiques#respond"]}]},{"@type":"WebPage","@id":"https:\/\/www.africa-press.net\/cotedivoire\/politique\/phenomene-des-conges-anticipes-pour-le-fpi-daffi-cette-situation-est-lexpression-du-declin-des-valeurs-morales-et-civiques","url":"https:\/\/www.africa-press.net\/cotedivoire\/politique\/phenomene-des-conges-anticipes-pour-le-fpi-daffi-cette-situation-est-lexpression-du-declin-des-valeurs-morales-et-civiques","name":"Ph\u00e9nom\u00e8ne des cong\u00e9s anticip\u00e9s, pour le FPI d'Affi, cette situation est l'expression du d\u00e9clin des valeurs morales et civiques - C\u00f4te d&#039;Ivoire","isPartOf":{"@id":"https:\/\/www.africa-press.net\/cotedivoire\/#website"},"primaryImageOfPage":{"@id":"https:\/\/www.africa-press.net\/cotedivoire\/politique\/phenomene-des-conges-anticipes-pour-le-fpi-daffi-cette-situation-est-lexpression-du-declin-des-valeurs-morales-et-civiques#primaryimage"},"image":{"@id":"https:\/\/www.africa-press.net\/cotedivoire\/politique\/phenomene-des-conges-anticipes-pour-le-fpi-daffi-cette-situation-est-lexpression-du-declin-des-valeurs-morales-et-civiques#primaryimage"},"thumbnailUrl":"https:\/\/static.africa-press.net\/cote\/sites\/43\/2021\/12\/img-61b774258e5f0.jpg","datePublished":"2021-12-13T18:50:37+00:00","author":{"@id":"https:\/\/www.africa-press.net\/cotedivoire\/#\/schema\/person\/2b1cf3cd81a31e3cd26889ca66d677f1"},"description":"Le syst\u00e8me scolaire ivoirien est secou\u00e9 ces derniers jours par le ph\u00e9nom\u00e8ne des cong\u00e9s anticip\u00e9s. Une situation qui ne l ...","breadcrumb":{"@id":"https:\/\/www.africa-press.net\/cotedivoire\/politique\/phenomene-des-conges-anticipes-pour-le-fpi-daffi-cette-situation-est-lexpression-du-declin-des-valeurs-morales-et-civiques#breadcrumb"},"inLanguage":"fr-FR","potentialAction":[{"@type":"ReadAction","target":["https:\/\/www.africa-press.net\/cotedivoire\/politique\/phenomene-des-conges-anticipes-pour-le-fpi-daffi-cette-situation-est-lexpression-du-declin-des-valeurs-morales-et-civiques"]}]},{"@type":"ImageObject","inLanguage":"fr-FR","@id":"https:\/\/www.africa-press.net\/cotedivoire\/politique\/phenomene-des-conges-anticipes-pour-le-fpi-daffi-cette-situation-est-lexpression-du-declin-des-valeurs-morales-et-civiques#primaryimage","url":"https:\/\/static.africa-press.net\/cote\/sites\/43\/2021\/12\/img-61b774258e5f0.jpg","contentUrl":"https:\/\/static.africa-press.net\/cote\/sites\/43\/2021\/12\/img-61b774258e5f0.jpg","width":720,"height":402,"caption":"Ph\u00e9nom\u00e8ne des cong\u00e9s anticip\u00e9s, pour le FPI d'Affi, cette situation est l'expression du d\u00e9clin des valeurs morales et civiques"},{"@type":"BreadcrumbList","@id":"https:\/\/www.africa-press.net\/cotedivoire\/politique\/phenomene-des-conges-anticipes-pour-le-fpi-daffi-cette-situation-est-lexpression-du-declin-des-valeurs-morales-et-civiques#breadcrumb","itemListElement":[{"@type":"ListItem","position":1,"name":"Accueil","item":"https:\/\/www.africa-press.net\/cotedivoire\/"},{"@type":"ListItem","position":2,"name":"Ph\u00e9nom\u00e8ne des cong\u00e9s anticip\u00e9s, pour le FPI d&#8217;Affi, cette situation est l&#8217;expression du d\u00e9clin des valeurs morales et civiques"}]},{"@type":"WebSite","@id":"https:\/\/www.africa-press.net\/cotedivoire\/#website","url":"https:\/\/www.africa-press.net\/cotedivoire\/","name":"C\u00f4te d&#039;Ivoire","description":"Just another Africa News Agency Sites site","potentialAction":[{"@type":"SearchAction","target":{"@type":"EntryPoint","urlTemplate":"https:\/\/www.africa-press.net\/cotedivoire\/?s={search_term_string}"},"query-input":{"@type":"PropertyValueSpecification","valueRequired":true,"valueName":"search_term_string"}}],"inLanguage":"fr-FR"},{"@type":"Person","@id":"https:\/\/www.africa-press.net\/cotedivoire\/#\/schema\/person\/2b1cf3cd81a31e3cd26889ca66d677f1","name":"cfeditorfr"}]}},"_links":{"self":[{"href":"https:\/\/www.africa-press.net\/cotedivoire\/wp-json\/wp\/v2\/posts\/23024","targetHints":{"allow":["GET"]}}],"collection":[{"href":"https:\/\/www.africa-press.net\/cotedivoire\/wp-json\/wp\/v2\/posts"}],"about":[{"href":"https:\/\/www.africa-press.net\/cotedivoire\/wp-json\/wp\/v2\/types\/post"}],"author":[{"embeddable":true,"href":"https:\/\/www.africa-press.net\/cotedivoire\/wp-json\/wp\/v2\/users\/82"}],"replies":[{"embeddable":true,"href":"https:\/\/www.africa-press.net\/cotedivoire\/wp-json\/wp\/v2\/comments?post=23024"}],"version-history":[{"count":0,"href":"https:\/\/www.africa-press.net\/cotedivoire\/wp-json\/wp\/v2\/posts\/23024\/revisions"}],"wp:featuredmedia":[{"embeddable":true,"href":"https:\/\/www.africa-press.net\/cotedivoire\/wp-json\/wp\/v2\/media\/23023"}],"wp:attachment":[{"href":"https:\/\/www.africa-press.net\/cotedivoire\/wp-json\/wp\/v2\/media?parent=23024"}],"wp:term":[{"taxonomy":"category","embeddable":true,"href":"https:\/\/www.africa-press.net\/cotedivoire\/wp-json\/wp\/v2\/categories?post=23024"},{"taxonomy":"post_tag","embeddable":true,"href":"https:\/\/www.africa-press.net\/cotedivoire\/wp-json\/wp\/v2\/tags?post=23024"}],"curies":[{"name":"wp","href":"https:\/\/api.w.org\/{rel}","templated":true}]}}