{"id":23090,"date":"2021-12-14T09:26:44","date_gmt":"2021-12-14T09:26:44","guid":{"rendered":"https:\/\/www.africa-press.net\/cotedivoire\/?p=23090"},"modified":"2021-12-14T08:04:58","modified_gmt":"2021-12-14T08:04:58","slug":"1ere-edition-des-journees-de-la-fonction-publique-jfp-anne-ouloto-il-nous-revient-de-montrer-notre-fierte-de-servir-de-la-plus-belle-maniere-notre-administration","status":"publish","type":"post","link":"https:\/\/www.africa-press.net\/cotedivoire\/toutes-les-actualites\/1ere-edition-des-journees-de-la-fonction-publique-jfp-anne-ouloto-il-nous-revient-de-montrer-notre-fierte-de-servir-de-la-plus-belle-maniere-notre-administration","title":{"rendered":"1\u00e8re \u00c9dition des  Journ\u00e9es de la Fonction Publique (JFP), Anne Ouloto : \u00ab Il  nous revient de montrer notre fiert\u00e9 de servir de la plus belle mani\u00e8re notre administration \u00bb"},"content":{"rendered":"<p><span style=\"color: #ff6600\"><strong>Africa-Press &#8211; C\u00f4te d&rsquo;Ivoire. <\/strong><\/span><b>Anne Ouloto ce lundi \u00e0 Abidjan (DR)<\/b><\/p>\n<p>Comme nous l\u2019annoncions dans un pr\u00e9c\u00e9dent article, la premi\u00e8re \u00e9dition des Journ\u00e9es de la Fonction Publique (JFP) a \u00e9t\u00e9 ouverte ce lundi 13 d\u00e9cembre 2021, par le Ministre d\u2019Etat, Ministre de l\u2019Agriculture et du D\u00e9veloppement rural, Adjoumani Kouassi Kobenan, repr\u00e9sentant le Premier Ministre, Patrick Achi.<\/p>\n<p>Dans son discours inaugural, la Ministre de la Fonction Publique et de la Modernisation de l\u2019Administration, Anne Ouloto D\u00e9sir\u00e9e, qui intervenait sur le th\u00e8me : \u00ab Le service public au c\u0153ur de la vie des populations \u00bb, a relev\u00e9 que l\u2019objectif, c&rsquo;est d\u2019acc\u00e9l\u00e9rer la modernisation de notre administration et d\u2019amener les fonctionnaires et agents de l\u2019Etat \u00e0 \u00eatre capable de changer les paradigmes de son fonctionnement.<\/p>\n<p>\u00ab Fonctionnaires et Agents de l\u2019Etat, en notre qualit\u00e9 d\u2019agents publics, il nous revient d\u2019affirmer et de montrer notre fiert\u00e9 de servir de la plus belle mani\u00e8re notre administration publique, conform\u00e9ment au statut g\u00e9n\u00e9ral de la fonction publique \u00bb, a-t-elle relev\u00e9 et d\u2019ajouter. \u00ab La promotion du service public ; La mise en lumi\u00e8re de l\u2019impact de l\u2019action publique ; La reconnaissance des efforts et de l\u2019engagement des fonctionnaires et agents de l\u2019Etat. C\u2019est l\u00e0, tout le sens des journ\u00e9es de la Fonction publique que nous inaugurons ce jour avec cette c\u00e9r\u00e9monie. \u00bb<\/p>\n<p>Quant au Ministre d\u2019Etat, il a soulign\u00e9 que, d\u00e8s l\u2019accession \u00e0 la magistrature supr\u00eame, le Pr\u00e9sident de la R\u00e9publique, Alassane Ouattara s\u2019est r\u00e9solument engag\u00e9 \u00e0 reb\u00e2tir l\u2019administration publique ivoirienne, pour en faire une administration performante et efficace au service du d\u00e9veloppement de notre pays.<\/p>\n<p>\u00ab L\u2019institution des \u00ab Journ\u00e9es de la Fonction Publique \u00bb m\u2019offre ainsi l\u2019agr\u00e9able opportunit\u00e9 de saluer le dynamisme, la rigueur et le professionnalisme d\u2019une grande dame, qui a une haute conscience de l\u2019Etat et qui s\u2019est toujours distingu\u00e9e dans les hautes charges qui lui ont \u00e9t\u00e9 confi\u00e9es, depuis son entr\u00e9e au Gouvernement. Mesdames et Messieurs, je vous prie de saluer par des ovations, Madame la Ministre Anne D\u00e9sir\u00e9e Ouloto, qui a toujours laiss\u00e9 ses empreintes l\u00e0 o\u00f9 elle passe, au point de susciter dans la conscience collective des Ivoiriens, respect et admiration. En effet, apr\u00e8s quelques mois seulement \u00e0 la t\u00eate de cet important minist\u00e8re strat\u00e9gique que constitue la Fonction Publique, nous sentons d\u00e9j\u00e0 les pr\u00e9misses du changement et du renouveau, notamment la transparence et l\u2019\u00e9quit\u00e9 dans l\u2019organisation des concours administratifs, dans le management du minist\u00e8re et dans son combat sans rel\u00e2che, pour l\u2019\u00e9mergence d\u2019une fonction publique de qualit\u00e9 \u00bb, a d\u00e9clar\u00e9 M. Adjoumani.<\/p>\n<p>Il a soutenu que, le Pr\u00e9sident de la R\u00e9publique a construit sa vision 2030, qui place l\u2019homme au c\u0153ur du d\u00e9veloppement et son projet d\u2019une \u00ab C\u00f4te d\u2019Ivoire Solidaire \u00bb fond\u00e9 sur 4 objectifs majeurs de progr\u00e8s humains sp\u00e9cifiquement : doubler \u00e0 nouveau le revenu par habitant en 10 ans et propulser la majeure partie des Ivoiriennes et des Ivoiriens dans la classe moyenne pour qu\u2019ils puissent jouir, gr\u00e2ce \u00e0 leur travail, d\u2019une vie digne et d\u2019un avenir serein ; cr\u00e9er 8 millions d\u2019emplois en plus d&rsquo;ici \u00e0 2030, pour ins\u00e9rer notre jeunesse, valoriser son \u00e9nergie et sa cr\u00e9ativit\u00e9 ; diviser par 2 la pauvret\u00e9 en la ramenant \u00e0 moins de 20%, pour changer le destin de millions de familles ; \u00c9lever l\u2019esp\u00e9rance de vie de 10 ans et la porter \u00e0 67 ans, pour vivre mieux et plus longtemps.<\/p>\n<p>\u00ab Pour atteindre ces objectifs, il nous faudra n\u00e9cessairement, d\u2019une part \u00e9riger le d\u00e9veloppement du secteur priv\u00e9, source de cr\u00e9ation de richesse et d\u2019emplois en priorit\u00e9 nationale sur tout le territoire, et d\u2019autre part, mener une transformation de la gouvernance de l\u2019administration, pour en faire le partenaire privil\u00e9gi\u00e9 du monde des entreprises \u00bb, a \u2013t-il poursuivi.<\/p>\n<p>Les Journ\u00e9es de la Fonction Publique (JFP) ouvertes ce lundi prendront fin le 17 d\u00e9cembre 2021.<\/p>\n<p>C\u00e9l\u00e9brer l\u2019action publique, valoriser et remobiliser les fonctionnaires et agents de l\u2019Etat en vue de renforcer leur engagement dans la mise en \u0153uvre efficace et r\u00e9ussie des ambitions du Gouvernement.<\/p>\n<p>Les Activit\u00e9s au programme sont : Journ\u00e9es d\u2019informations publiques ; Panels ; Journ\u00e9es d\u00e9di\u00e9es<\/p>\n<p>; C\u00e9r\u00e9monies \u00e9clat\u00e9es de d\u00e9coration dans l\u2019ordre du m\u00e9rite de la Fonction Publique.<\/p>\n<p>Donatien Kautcha, Abidjan<\/p>\n<p><strong>Pour plus d&rsquo;informations et d&rsquo;analyses sur la <a href=\"https:\/\/www.africa-press.net\/cotedivoire\">C\u00f4te d&rsquo;Ivoire<\/a>, suivez <a href=\"https:\/\/www.africa-press.net\/\">Africa-Press<\/a><\/strong><\/p>\n","protected":false},"excerpt":{"rendered":"<p>Africa-Press &#8211; C\u00f4te d&rsquo;Ivoire. Anne Ouloto ce lundi \u00e0 Abidjan (DR) Comme nous l\u2019annoncions dans un pr\u00e9c\u00e9dent article, la premi\u00e8re \u00e9dition des Journ\u00e9es de la Fonction Publique (JFP) a \u00e9t\u00e9 ouverte ce lundi 13 d\u00e9cembre 2021, par le Ministre d\u2019Etat, Ministre de l\u2019Agriculture et du D\u00e9veloppement rural, Adjoumani Kouassi Kobenan, repr\u00e9sentant le Premier Ministre, Patrick [&hellip;]<\/p>\n","protected":false},"author":82,"featured_media":23089,"comment_status":"open","ping_status":"closed","sticky":false,"template":"","format":"standard","meta":{"footnotes":""},"categories":[21,11,10],"tags":[3315,56,63,1687,29,2341,1554,3316],"class_list":["post-23090","post","type-post","status-publish","format-standard","has-post-thumbnail","hentry","category-communaute","category-homepage-french","category-toutes-les-actualites","tag-adjoumani-kobenan","tag-africa-press","tag-africa-press-cote-divoire","tag-anne-ouloto","tag-cote-divoire","tag-fonction","tag-journees","tag-publique"],"yoast_head":"<!-- This site is optimized with the Yoast SEO Premium plugin v26.1 (Yoast SEO v27.0) - https:\/\/yoast.com\/product\/yoast-seo-premium-wordpress\/ -->\n<title>1\u00e8re \u00c9dition des Journ\u00e9es de la Fonction Publique (JFP), Anne Ouloto : \u00ab Il nous revient de montrer notre fiert\u00e9 de servir de la plus belle mani\u00e8re notre administration \u00bb - C\u00f4te d&#039;Ivoire<\/title>\n<meta name=\"description\" content=\"Anne Ouloto ce lundi \u00e0 Abidjan (DR) Comme nous l\u2019annoncions dans un pr\u00e9c\u00e9dent article, la premi\u00e8re \u00e9dition des J ...\" \/>\n<meta name=\"robots\" content=\"index, follow, max-snippet:-1, max-image-preview:large, max-video-preview:-1\" \/>\n<link rel=\"canonical\" href=\"https:\/\/www.africa-press.net\/cotedivoire\/toutes-les-actualites\/1ere-edition-des-journees-de-la-fonction-publique-jfp-anne-ouloto-il-nous-revient-de-montrer-notre-fierte-de-servir-de-la-plus-belle-maniere-notre-administration\" \/>\n<meta property=\"og:locale\" content=\"fr_FR\" \/>\n<meta property=\"og:type\" content=\"article\" \/>\n<meta property=\"og:title\" content=\"1\u00e8re \u00c9dition des Journ\u00e9es de la Fonction Publique (JFP), Anne Ouloto : \u00ab Il nous revient de montrer notre fiert\u00e9 de servir de la plus belle mani\u00e8re notre administration \u00bb\" \/>\n<meta property=\"og:description\" content=\"Anne Ouloto ce lundi \u00e0 Abidjan (DR) Comme nous l\u2019annoncions dans un pr\u00e9c\u00e9dent article, la premi\u00e8re \u00e9dition des J ...\" \/>\n<meta property=\"og:url\" content=\"https:\/\/www.africa-press.net\/cotedivoire\/toutes-les-actualites\/1ere-edition-des-journees-de-la-fonction-publique-jfp-anne-ouloto-il-nous-revient-de-montrer-notre-fierte-de-servir-de-la-plus-belle-maniere-notre-administration\" \/>\n<meta property=\"og:site_name\" content=\"C\u00f4te d&#039;Ivoire\" \/>\n<meta property=\"article:published_time\" content=\"2021-12-14T09:26:44+00:00\" \/>\n<meta property=\"og:image\" content=\"https:\/\/static.africa-press.net\/cote\/sites\/43\/2021\/12\/img-61b8500a5cb51.jpg\" \/>\n\t<meta property=\"og:image:width\" content=\"720\" \/>\n\t<meta property=\"og:image:height\" content=\"348\" \/>\n\t<meta property=\"og:image:type\" content=\"image\/jpeg\" \/>\n<meta name=\"author\" content=\"cfeditorfr\" \/>\n<meta name=\"twitter:card\" content=\"summary_large_image\" \/>\n<meta name=\"twitter:label1\" content=\"\u00c9crit par\" \/>\n\t<meta name=\"twitter:data1\" content=\"cfeditorfr\" \/>\n\t<meta name=\"twitter:label2\" content=\"Dur\u00e9e de lecture estim\u00e9e\" \/>\n\t<meta name=\"twitter:data2\" content=\"4 minutes\" \/>\n<script type=\"application\/ld+json\" class=\"yoast-schema-graph\">{\"@context\":\"https:\/\/schema.org\",\"@graph\":[{\"@type\":\"Article\",\"@id\":\"https:\/\/www.africa-press.net\/cotedivoire\/toutes-les-actualites\/1ere-edition-des-journees-de-la-fonction-publique-jfp-anne-ouloto-il-nous-revient-de-montrer-notre-fierte-de-servir-de-la-plus-belle-maniere-notre-administration#article\",\"isPartOf\":{\"@id\":\"https:\/\/www.africa-press.net\/cotedivoire\/toutes-les-actualites\/1ere-edition-des-journees-de-la-fonction-publique-jfp-anne-ouloto-il-nous-revient-de-montrer-notre-fierte-de-servir-de-la-plus-belle-maniere-notre-administration\"},\"author\":{\"name\":\"cfeditorfr\",\"@id\":\"https:\/\/www.africa-press.net\/cotedivoire\/#\/schema\/person\/2b1cf3cd81a31e3cd26889ca66d677f1\"},\"headline\":\"1\u00e8re \u00c9dition des Journ\u00e9es de la Fonction Publique (JFP), Anne Ouloto : \u00ab Il nous revient de montrer notre fiert\u00e9 de servir de la plus belle mani\u00e8re notre administration \u00bb\",\"datePublished\":\"2021-12-14T09:26:44+00:00\",\"mainEntityOfPage\":{\"@id\":\"https:\/\/www.africa-press.net\/cotedivoire\/toutes-les-actualites\/1ere-edition-des-journees-de-la-fonction-publique-jfp-anne-ouloto-il-nous-revient-de-montrer-notre-fierte-de-servir-de-la-plus-belle-maniere-notre-administration\"},\"wordCount\":807,\"commentCount\":0,\"image\":{\"@id\":\"https:\/\/www.africa-press.net\/cotedivoire\/toutes-les-actualites\/1ere-edition-des-journees-de-la-fonction-publique-jfp-anne-ouloto-il-nous-revient-de-montrer-notre-fierte-de-servir-de-la-plus-belle-maniere-notre-administration#primaryimage\"},\"thumbnailUrl\":\"https:\/\/static.africa-press.net\/cote\/sites\/43\/2021\/12\/img-61b8500a5cb51.jpg\",\"keywords\":[\"Adjoumani Kobenan\",\"Africa Press\",\"Africa Press-C\u00f4te d'Ivoire\",\"Anne Ouloto\",\"C\u00d4TE D'IVOIRE\",\"Fonction\",\"journ\u00e9es\",\"Publique\"],\"articleSection\":[\"Communaut\u00e9\",\"homepage-french\",\"Toutes les actualit\u00e9s\"],\"inLanguage\":\"fr-FR\",\"potentialAction\":[{\"@type\":\"CommentAction\",\"name\":\"Comment\",\"target\":[\"https:\/\/www.africa-press.net\/cotedivoire\/toutes-les-actualites\/1ere-edition-des-journees-de-la-fonction-publique-jfp-anne-ouloto-il-nous-revient-de-montrer-notre-fierte-de-servir-de-la-plus-belle-maniere-notre-administration#respond\"]}]},{\"@type\":\"WebPage\",\"@id\":\"https:\/\/www.africa-press.net\/cotedivoire\/toutes-les-actualites\/1ere-edition-des-journees-de-la-fonction-publique-jfp-anne-ouloto-il-nous-revient-de-montrer-notre-fierte-de-servir-de-la-plus-belle-maniere-notre-administration\",\"url\":\"https:\/\/www.africa-press.net\/cotedivoire\/toutes-les-actualites\/1ere-edition-des-journees-de-la-fonction-publique-jfp-anne-ouloto-il-nous-revient-de-montrer-notre-fierte-de-servir-de-la-plus-belle-maniere-notre-administration\",\"name\":\"1\u00e8re \u00c9dition des Journ\u00e9es de la Fonction Publique (JFP), Anne Ouloto : \u00ab Il nous revient de montrer notre fiert\u00e9 de servir de la plus belle mani\u00e8re notre administration \u00bb - C\u00f4te d&#039;Ivoire\",\"isPartOf\":{\"@id\":\"https:\/\/www.africa-press.net\/cotedivoire\/#website\"},\"primaryImageOfPage\":{\"@id\":\"https:\/\/www.africa-press.net\/cotedivoire\/toutes-les-actualites\/1ere-edition-des-journees-de-la-fonction-publique-jfp-anne-ouloto-il-nous-revient-de-montrer-notre-fierte-de-servir-de-la-plus-belle-maniere-notre-administration#primaryimage\"},\"image\":{\"@id\":\"https:\/\/www.africa-press.net\/cotedivoire\/toutes-les-actualites\/1ere-edition-des-journees-de-la-fonction-publique-jfp-anne-ouloto-il-nous-revient-de-montrer-notre-fierte-de-servir-de-la-plus-belle-maniere-notre-administration#primaryimage\"},\"thumbnailUrl\":\"https:\/\/static.africa-press.net\/cote\/sites\/43\/2021\/12\/img-61b8500a5cb51.jpg\",\"datePublished\":\"2021-12-14T09:26:44+00:00\",\"author\":{\"@id\":\"https:\/\/www.africa-press.net\/cotedivoire\/#\/schema\/person\/2b1cf3cd81a31e3cd26889ca66d677f1\"},\"description\":\"Anne Ouloto ce lundi \u00e0 Abidjan (DR) Comme nous l\u2019annoncions dans un pr\u00e9c\u00e9dent article, la premi\u00e8re \u00e9dition des J ...\",\"breadcrumb\":{\"@id\":\"https:\/\/www.africa-press.net\/cotedivoire\/toutes-les-actualites\/1ere-edition-des-journees-de-la-fonction-publique-jfp-anne-ouloto-il-nous-revient-de-montrer-notre-fierte-de-servir-de-la-plus-belle-maniere-notre-administration#breadcrumb\"},\"inLanguage\":\"fr-FR\",\"potentialAction\":[{\"@type\":\"ReadAction\",\"target\":[\"https:\/\/www.africa-press.net\/cotedivoire\/toutes-les-actualites\/1ere-edition-des-journees-de-la-fonction-publique-jfp-anne-ouloto-il-nous-revient-de-montrer-notre-fierte-de-servir-de-la-plus-belle-maniere-notre-administration\"]}]},{\"@type\":\"ImageObject\",\"inLanguage\":\"fr-FR\",\"@id\":\"https:\/\/www.africa-press.net\/cotedivoire\/toutes-les-actualites\/1ere-edition-des-journees-de-la-fonction-publique-jfp-anne-ouloto-il-nous-revient-de-montrer-notre-fierte-de-servir-de-la-plus-belle-maniere-notre-administration#primaryimage\",\"url\":\"https:\/\/static.africa-press.net\/cote\/sites\/43\/2021\/12\/img-61b8500a5cb51.jpg\",\"contentUrl\":\"https:\/\/static.africa-press.net\/cote\/sites\/43\/2021\/12\/img-61b8500a5cb51.jpg\",\"width\":720,\"height\":348,\"caption\":\"1\u00e8re \u00c9dition des Journ\u00e9es de la Fonction Publique (JFP), Anne Ouloto : \u00ab Il nous revient de montrer notre fiert\u00e9 de servir de la plus belle mani\u00e8re notre administration \u00bb\"},{\"@type\":\"BreadcrumbList\",\"@id\":\"https:\/\/www.africa-press.net\/cotedivoire\/toutes-les-actualites\/1ere-edition-des-journees-de-la-fonction-publique-jfp-anne-ouloto-il-nous-revient-de-montrer-notre-fierte-de-servir-de-la-plus-belle-maniere-notre-administration#breadcrumb\",\"itemListElement\":[{\"@type\":\"ListItem\",\"position\":1,\"name\":\"Accueil\",\"item\":\"https:\/\/www.africa-press.net\/cotedivoire\/\"},{\"@type\":\"ListItem\",\"position\":2,\"name\":\"1\u00e8re \u00c9dition des Journ\u00e9es de la Fonction Publique (JFP), Anne Ouloto : \u00ab Il nous revient de montrer notre fiert\u00e9 de servir de la plus belle mani\u00e8re notre administration \u00bb\"}]},{\"@type\":\"WebSite\",\"@id\":\"https:\/\/www.africa-press.net\/cotedivoire\/#website\",\"url\":\"https:\/\/www.africa-press.net\/cotedivoire\/\",\"name\":\"C\u00f4te d&#039;Ivoire\",\"description\":\"Just another Africa News Agency Sites site\",\"potentialAction\":[{\"@type\":\"SearchAction\",\"target\":{\"@type\":\"EntryPoint\",\"urlTemplate\":\"https:\/\/www.africa-press.net\/cotedivoire\/?s={search_term_string}\"},\"query-input\":{\"@type\":\"PropertyValueSpecification\",\"valueRequired\":true,\"valueName\":\"search_term_string\"}}],\"inLanguage\":\"fr-FR\"},{\"@type\":\"Person\",\"@id\":\"https:\/\/www.africa-press.net\/cotedivoire\/#\/schema\/person\/2b1cf3cd81a31e3cd26889ca66d677f1\",\"name\":\"cfeditorfr\"}]}<\/script>\n<!-- \/ Yoast SEO Premium plugin. -->","yoast_head_json":{"title":"1\u00e8re \u00c9dition des Journ\u00e9es de la Fonction Publique (JFP), Anne Ouloto : \u00ab Il nous revient de montrer notre fiert\u00e9 de servir de la plus belle mani\u00e8re notre administration \u00bb - C\u00f4te d&#039;Ivoire","description":"Anne Ouloto ce lundi \u00e0 Abidjan (DR) Comme nous l\u2019annoncions dans un pr\u00e9c\u00e9dent article, la premi\u00e8re \u00e9dition des J ...","robots":{"index":"index","follow":"follow","max-snippet":"max-snippet:-1","max-image-preview":"max-image-preview:large","max-video-preview":"max-video-preview:-1"},"canonical":"https:\/\/www.africa-press.net\/cotedivoire\/toutes-les-actualites\/1ere-edition-des-journees-de-la-fonction-publique-jfp-anne-ouloto-il-nous-revient-de-montrer-notre-fierte-de-servir-de-la-plus-belle-maniere-notre-administration","og_locale":"fr_FR","og_type":"article","og_title":"1\u00e8re \u00c9dition des Journ\u00e9es de la Fonction Publique (JFP), Anne Ouloto : \u00ab Il nous revient de montrer notre fiert\u00e9 de servir de la plus belle mani\u00e8re notre administration \u00bb","og_description":"Anne Ouloto ce lundi \u00e0 Abidjan (DR) Comme nous l\u2019annoncions dans un pr\u00e9c\u00e9dent article, la premi\u00e8re \u00e9dition des J ...","og_url":"https:\/\/www.africa-press.net\/cotedivoire\/toutes-les-actualites\/1ere-edition-des-journees-de-la-fonction-publique-jfp-anne-ouloto-il-nous-revient-de-montrer-notre-fierte-de-servir-de-la-plus-belle-maniere-notre-administration","og_site_name":"C\u00f4te d&#039;Ivoire","article_published_time":"2021-12-14T09:26:44+00:00","og_image":[{"width":720,"height":348,"url":"https:\/\/static.africa-press.net\/cote\/sites\/43\/2021\/12\/img-61b8500a5cb51.jpg","type":"image\/jpeg"}],"author":"cfeditorfr","twitter_card":"summary_large_image","twitter_misc":{"\u00c9crit par":"cfeditorfr","Dur\u00e9e de lecture estim\u00e9e":"4 minutes"},"schema":{"@context":"https:\/\/schema.org","@graph":[{"@type":"Article","@id":"https:\/\/www.africa-press.net\/cotedivoire\/toutes-les-actualites\/1ere-edition-des-journees-de-la-fonction-publique-jfp-anne-ouloto-il-nous-revient-de-montrer-notre-fierte-de-servir-de-la-plus-belle-maniere-notre-administration#article","isPartOf":{"@id":"https:\/\/www.africa-press.net\/cotedivoire\/toutes-les-actualites\/1ere-edition-des-journees-de-la-fonction-publique-jfp-anne-ouloto-il-nous-revient-de-montrer-notre-fierte-de-servir-de-la-plus-belle-maniere-notre-administration"},"author":{"name":"cfeditorfr","@id":"https:\/\/www.africa-press.net\/cotedivoire\/#\/schema\/person\/2b1cf3cd81a31e3cd26889ca66d677f1"},"headline":"1\u00e8re \u00c9dition des Journ\u00e9es de la Fonction Publique (JFP), Anne Ouloto : \u00ab Il nous revient de montrer notre fiert\u00e9 de servir de la plus belle mani\u00e8re notre administration \u00bb","datePublished":"2021-12-14T09:26:44+00:00","mainEntityOfPage":{"@id":"https:\/\/www.africa-press.net\/cotedivoire\/toutes-les-actualites\/1ere-edition-des-journees-de-la-fonction-publique-jfp-anne-ouloto-il-nous-revient-de-montrer-notre-fierte-de-servir-de-la-plus-belle-maniere-notre-administration"},"wordCount":807,"commentCount":0,"image":{"@id":"https:\/\/www.africa-press.net\/cotedivoire\/toutes-les-actualites\/1ere-edition-des-journees-de-la-fonction-publique-jfp-anne-ouloto-il-nous-revient-de-montrer-notre-fierte-de-servir-de-la-plus-belle-maniere-notre-administration#primaryimage"},"thumbnailUrl":"https:\/\/static.africa-press.net\/cote\/sites\/43\/2021\/12\/img-61b8500a5cb51.jpg","keywords":["Adjoumani Kobenan","Africa Press","Africa Press-C\u00f4te d'Ivoire","Anne Ouloto","C\u00d4TE D'IVOIRE","Fonction","journ\u00e9es","Publique"],"articleSection":["Communaut\u00e9","homepage-french","Toutes les actualit\u00e9s"],"inLanguage":"fr-FR","potentialAction":[{"@type":"CommentAction","name":"Comment","target":["https:\/\/www.africa-press.net\/cotedivoire\/toutes-les-actualites\/1ere-edition-des-journees-de-la-fonction-publique-jfp-anne-ouloto-il-nous-revient-de-montrer-notre-fierte-de-servir-de-la-plus-belle-maniere-notre-administration#respond"]}]},{"@type":"WebPage","@id":"https:\/\/www.africa-press.net\/cotedivoire\/toutes-les-actualites\/1ere-edition-des-journees-de-la-fonction-publique-jfp-anne-ouloto-il-nous-revient-de-montrer-notre-fierte-de-servir-de-la-plus-belle-maniere-notre-administration","url":"https:\/\/www.africa-press.net\/cotedivoire\/toutes-les-actualites\/1ere-edition-des-journees-de-la-fonction-publique-jfp-anne-ouloto-il-nous-revient-de-montrer-notre-fierte-de-servir-de-la-plus-belle-maniere-notre-administration","name":"1\u00e8re \u00c9dition des Journ\u00e9es de la Fonction Publique (JFP), Anne Ouloto : \u00ab Il nous revient de montrer notre fiert\u00e9 de servir de la plus belle mani\u00e8re notre administration \u00bb - C\u00f4te d&#039;Ivoire","isPartOf":{"@id":"https:\/\/www.africa-press.net\/cotedivoire\/#website"},"primaryImageOfPage":{"@id":"https:\/\/www.africa-press.net\/cotedivoire\/toutes-les-actualites\/1ere-edition-des-journees-de-la-fonction-publique-jfp-anne-ouloto-il-nous-revient-de-montrer-notre-fierte-de-servir-de-la-plus-belle-maniere-notre-administration#primaryimage"},"image":{"@id":"https:\/\/www.africa-press.net\/cotedivoire\/toutes-les-actualites\/1ere-edition-des-journees-de-la-fonction-publique-jfp-anne-ouloto-il-nous-revient-de-montrer-notre-fierte-de-servir-de-la-plus-belle-maniere-notre-administration#primaryimage"},"thumbnailUrl":"https:\/\/static.africa-press.net\/cote\/sites\/43\/2021\/12\/img-61b8500a5cb51.jpg","datePublished":"2021-12-14T09:26:44+00:00","author":{"@id":"https:\/\/www.africa-press.net\/cotedivoire\/#\/schema\/person\/2b1cf3cd81a31e3cd26889ca66d677f1"},"description":"Anne Ouloto ce lundi \u00e0 Abidjan (DR) Comme nous l\u2019annoncions dans un pr\u00e9c\u00e9dent article, la premi\u00e8re \u00e9dition des J ...","breadcrumb":{"@id":"https:\/\/www.africa-press.net\/cotedivoire\/toutes-les-actualites\/1ere-edition-des-journees-de-la-fonction-publique-jfp-anne-ouloto-il-nous-revient-de-montrer-notre-fierte-de-servir-de-la-plus-belle-maniere-notre-administration#breadcrumb"},"inLanguage":"fr-FR","potentialAction":[{"@type":"ReadAction","target":["https:\/\/www.africa-press.net\/cotedivoire\/toutes-les-actualites\/1ere-edition-des-journees-de-la-fonction-publique-jfp-anne-ouloto-il-nous-revient-de-montrer-notre-fierte-de-servir-de-la-plus-belle-maniere-notre-administration"]}]},{"@type":"ImageObject","inLanguage":"fr-FR","@id":"https:\/\/www.africa-press.net\/cotedivoire\/toutes-les-actualites\/1ere-edition-des-journees-de-la-fonction-publique-jfp-anne-ouloto-il-nous-revient-de-montrer-notre-fierte-de-servir-de-la-plus-belle-maniere-notre-administration#primaryimage","url":"https:\/\/static.africa-press.net\/cote\/sites\/43\/2021\/12\/img-61b8500a5cb51.jpg","contentUrl":"https:\/\/static.africa-press.net\/cote\/sites\/43\/2021\/12\/img-61b8500a5cb51.jpg","width":720,"height":348,"caption":"1\u00e8re \u00c9dition des Journ\u00e9es de la Fonction Publique (JFP), Anne Ouloto : \u00ab Il nous revient de montrer notre fiert\u00e9 de servir de la plus belle mani\u00e8re notre administration \u00bb"},{"@type":"BreadcrumbList","@id":"https:\/\/www.africa-press.net\/cotedivoire\/toutes-les-actualites\/1ere-edition-des-journees-de-la-fonction-publique-jfp-anne-ouloto-il-nous-revient-de-montrer-notre-fierte-de-servir-de-la-plus-belle-maniere-notre-administration#breadcrumb","itemListElement":[{"@type":"ListItem","position":1,"name":"Accueil","item":"https:\/\/www.africa-press.net\/cotedivoire\/"},{"@type":"ListItem","position":2,"name":"1\u00e8re \u00c9dition des Journ\u00e9es de la Fonction Publique (JFP), Anne Ouloto : \u00ab Il nous revient de montrer notre fiert\u00e9 de servir de la plus belle mani\u00e8re notre administration \u00bb"}]},{"@type":"WebSite","@id":"https:\/\/www.africa-press.net\/cotedivoire\/#website","url":"https:\/\/www.africa-press.net\/cotedivoire\/","name":"C\u00f4te d&#039;Ivoire","description":"Just another Africa News Agency Sites site","potentialAction":[{"@type":"SearchAction","target":{"@type":"EntryPoint","urlTemplate":"https:\/\/www.africa-press.net\/cotedivoire\/?s={search_term_string}"},"query-input":{"@type":"PropertyValueSpecification","valueRequired":true,"valueName":"search_term_string"}}],"inLanguage":"fr-FR"},{"@type":"Person","@id":"https:\/\/www.africa-press.net\/cotedivoire\/#\/schema\/person\/2b1cf3cd81a31e3cd26889ca66d677f1","name":"cfeditorfr"}]}},"_links":{"self":[{"href":"https:\/\/www.africa-press.net\/cotedivoire\/wp-json\/wp\/v2\/posts\/23090","targetHints":{"allow":["GET"]}}],"collection":[{"href":"https:\/\/www.africa-press.net\/cotedivoire\/wp-json\/wp\/v2\/posts"}],"about":[{"href":"https:\/\/www.africa-press.net\/cotedivoire\/wp-json\/wp\/v2\/types\/post"}],"author":[{"embeddable":true,"href":"https:\/\/www.africa-press.net\/cotedivoire\/wp-json\/wp\/v2\/users\/82"}],"replies":[{"embeddable":true,"href":"https:\/\/www.africa-press.net\/cotedivoire\/wp-json\/wp\/v2\/comments?post=23090"}],"version-history":[{"count":0,"href":"https:\/\/www.africa-press.net\/cotedivoire\/wp-json\/wp\/v2\/posts\/23090\/revisions"}],"wp:featuredmedia":[{"embeddable":true,"href":"https:\/\/www.africa-press.net\/cotedivoire\/wp-json\/wp\/v2\/media\/23089"}],"wp:attachment":[{"href":"https:\/\/www.africa-press.net\/cotedivoire\/wp-json\/wp\/v2\/media?parent=23090"}],"wp:term":[{"taxonomy":"category","embeddable":true,"href":"https:\/\/www.africa-press.net\/cotedivoire\/wp-json\/wp\/v2\/categories?post=23090"},{"taxonomy":"post_tag","embeddable":true,"href":"https:\/\/www.africa-press.net\/cotedivoire\/wp-json\/wp\/v2\/tags?post=23090"}],"curies":[{"name":"wp","href":"https:\/\/api.w.org\/{rel}","templated":true}]}}