{"id":23153,"date":"2021-12-15T16:49:14","date_gmt":"2021-12-15T16:49:14","guid":{"rendered":"https:\/\/www.africa-press.net\/cotedivoire\/?p=23153"},"modified":"2021-12-15T15:55:29","modified_gmt":"2021-12-15T15:55:29","slug":"collectivites-territoriales-crise-au-sein-du-synapecodi-lex-sg-en-fin-de-mandat-accuse-de-vouloir-se-maintenir-a-son-poste","status":"publish","type":"post","link":"https:\/\/www.africa-press.net\/cotedivoire\/toutes-les-actualites\/collectivites-territoriales-crise-au-sein-du-synapecodi-lex-sg-en-fin-de-mandat-accuse-de-vouloir-se-maintenir-a-son-poste","title":{"rendered":"Collectivit\u00e9s territoriales, crise au sein du SYNAPECODI, l&rsquo;ex-SG en fin de mandat  accus\u00e9 de vouloir se maintenir \u00e0 son poste"},"content":{"rendered":"<p><span style=\"color: #ff6600\"><strong>Africa-Press &#8211; C\u00f4te d&rsquo;Ivoire. <\/strong><\/span>M. Amadou Tour\u00e9 du BEN (Ph)<\/p>\n<p>Une crise secoue le Syndicat National du Personnel des Communes et Districts Ivoiriens (SYNAPECODI).<\/p>\n<p>L\u2019ex-Secr\u00e9taire G\u00e9n\u00e9ral, S\u00e9verin Mel, qui serait appel\u00e9 \u00e0 faire valoir ses droits \u00e0 la retraite est accus\u00e9 de vouloir se maintenir \u00e0 son poste apr\u00e8s ses deux mandats comme le stipulerait les statuts et r\u00e8glement Int\u00e9rieur dudit syndicat.<\/p>\n<p>\u00ab Il y a crise au SYNAPECODI. L&rsquo;ex-SG est \u00e0 la retraite, mais il ne veut pas rendre le tablier. Nos statuts et R\u00e8glement Int\u00e9rieur pr\u00e9voient deux mandats seulement. Et depuis le 07 mars 2019 les deux mandats sont termin\u00e9s&#8230; Nous sommes aujourd&rsquo;hui face \u00e0 un vide institutionnel \u00bb, explique M. Amadou Tour\u00e9 , membre du Bureau Ex\u00e9cutif National (BEN), et Conseiller Technique , dans un entretien accord\u00e9 ce mardi 14 d\u00e9cembre 2021 \u00e0 KOACI.<\/p>\n<p>Ce dernier soutient que la base a \u00e9t\u00e9 inform\u00e9e de la situation de crise. \u00ab Une Assembl\u00e9e G\u00e9n\u00e9rale Extraordinaire est pr\u00e9vue pour se tenir le mercredi 22 d\u00e9cembre 2021 afin de statuer sur les actions \u00e0 mener pour mettre fin \u00e0 cette crise \u00bb, a-t-il indiqu\u00e9.<\/p>\n<p>Donatien Kautcha, Abidjan<\/p>\n<p><strong>Pour plus d&rsquo;informations et d&rsquo;analyses sur la <a href=\"https:\/\/www.africa-press.net\/cotedivoire\">C\u00f4te d&rsquo;Ivoire<\/a>, suivez <a href=\"https:\/\/www.africa-press.net\/\">Africa-Press<\/a><\/strong><\/p>\n","protected":false},"excerpt":{"rendered":"<p>Africa-Press &#8211; C\u00f4te d&rsquo;Ivoire. M. Amadou Tour\u00e9 du BEN (Ph) Une crise secoue le Syndicat National du Personnel des Communes et Districts Ivoiriens (SYNAPECODI). L\u2019ex-Secr\u00e9taire G\u00e9n\u00e9ral, S\u00e9verin Mel, qui serait appel\u00e9 \u00e0 faire valoir ses droits \u00e0 la retraite est accus\u00e9 de vouloir se maintenir \u00e0 son poste apr\u00e8s ses deux mandats comme le stipulerait [&hellip;]<\/p>\n","protected":false},"author":82,"featured_media":23152,"comment_status":"open","ping_status":"closed","sticky":false,"template":"","format":"standard","meta":{"footnotes":""},"categories":[21,11,10],"tags":[56,63,1106,29,1800,3329,3328,1105],"class_list":["post-23153","post","type-post","status-publish","format-standard","has-post-thumbnail","hentry","category-communaute","category-homepage-french","category-toutes-les-actualites","tag-africa-press","tag-africa-press-cote-divoire","tag-collectivites","tag-cote-divoire","tag-crise","tag-severin-mel","tag-synapecodi","tag-territoriales"],"yoast_head":"<!-- This site is optimized with the Yoast SEO Premium plugin v26.1 (Yoast SEO v27.0) - https:\/\/yoast.com\/product\/yoast-seo-premium-wordpress\/ -->\n<title>Collectivit\u00e9s territoriales, crise au sein du SYNAPECODI, l&#039;ex-SG en fin de mandat accus\u00e9 de vouloir se maintenir \u00e0 son poste - C\u00f4te d&#039;Ivoire<\/title>\n<meta name=\"description\" content=\"M. Amadou Tour\u00e9 du BEN (Ph) Une crise secoue le Syndicat National du Personnel des Communes et Districts Ivoiriens (SYN ...\" \/>\n<meta name=\"robots\" content=\"index, follow, max-snippet:-1, max-image-preview:large, max-video-preview:-1\" \/>\n<link rel=\"canonical\" href=\"https:\/\/www.africa-press.net\/cotedivoire\/toutes-les-actualites\/collectivites-territoriales-crise-au-sein-du-synapecodi-lex-sg-en-fin-de-mandat-accuse-de-vouloir-se-maintenir-a-son-poste\" \/>\n<meta property=\"og:locale\" content=\"fr_FR\" \/>\n<meta property=\"og:type\" content=\"article\" \/>\n<meta property=\"og:title\" content=\"Collectivit\u00e9s territoriales, crise au sein du SYNAPECODI, l&#039;ex-SG en fin de mandat accus\u00e9 de vouloir se maintenir \u00e0 son poste\" \/>\n<meta property=\"og:description\" content=\"M. Amadou Tour\u00e9 du BEN (Ph) Une crise secoue le Syndicat National du Personnel des Communes et Districts Ivoiriens (SYN ...\" \/>\n<meta property=\"og:url\" content=\"https:\/\/www.africa-press.net\/cotedivoire\/toutes-les-actualites\/collectivites-territoriales-crise-au-sein-du-synapecodi-lex-sg-en-fin-de-mandat-accuse-de-vouloir-se-maintenir-a-son-poste\" \/>\n<meta property=\"og:site_name\" content=\"C\u00f4te d&#039;Ivoire\" \/>\n<meta property=\"article:published_time\" content=\"2021-12-15T16:49:14+00:00\" \/>\n<meta property=\"og:image\" content=\"https:\/\/static.africa-press.net\/cote\/sites\/43\/2021\/12\/img-61ba0fd2432cb.jpg\" \/>\n\t<meta property=\"og:image:width\" content=\"720\" \/>\n\t<meta property=\"og:image:height\" content=\"542\" \/>\n\t<meta property=\"og:image:type\" content=\"image\/jpeg\" \/>\n<meta name=\"author\" content=\"cfeditorfr\" \/>\n<meta name=\"twitter:card\" content=\"summary_large_image\" \/>\n<meta name=\"twitter:label1\" content=\"\u00c9crit par\" \/>\n\t<meta name=\"twitter:data1\" content=\"cfeditorfr\" \/>\n\t<meta name=\"twitter:label2\" content=\"Dur\u00e9e de lecture estim\u00e9e\" \/>\n\t<meta name=\"twitter:data2\" content=\"1 minute\" \/>\n<script type=\"application\/ld+json\" class=\"yoast-schema-graph\">{\"@context\":\"https:\/\/schema.org\",\"@graph\":[{\"@type\":\"Article\",\"@id\":\"https:\/\/www.africa-press.net\/cotedivoire\/toutes-les-actualites\/collectivites-territoriales-crise-au-sein-du-synapecodi-lex-sg-en-fin-de-mandat-accuse-de-vouloir-se-maintenir-a-son-poste#article\",\"isPartOf\":{\"@id\":\"https:\/\/www.africa-press.net\/cotedivoire\/toutes-les-actualites\/collectivites-territoriales-crise-au-sein-du-synapecodi-lex-sg-en-fin-de-mandat-accuse-de-vouloir-se-maintenir-a-son-poste\"},\"author\":{\"name\":\"cfeditorfr\",\"@id\":\"https:\/\/www.africa-press.net\/cotedivoire\/#\/schema\/person\/2b1cf3cd81a31e3cd26889ca66d677f1\"},\"headline\":\"Collectivit\u00e9s territoriales, crise au sein du SYNAPECODI, l&rsquo;ex-SG en fin de mandat accus\u00e9 de vouloir se maintenir \u00e0 son poste\",\"datePublished\":\"2021-12-15T16:49:14+00:00\",\"mainEntityOfPage\":{\"@id\":\"https:\/\/www.africa-press.net\/cotedivoire\/toutes-les-actualites\/collectivites-territoriales-crise-au-sein-du-synapecodi-lex-sg-en-fin-de-mandat-accuse-de-vouloir-se-maintenir-a-son-poste\"},\"wordCount\":226,\"commentCount\":0,\"image\":{\"@id\":\"https:\/\/www.africa-press.net\/cotedivoire\/toutes-les-actualites\/collectivites-territoriales-crise-au-sein-du-synapecodi-lex-sg-en-fin-de-mandat-accuse-de-vouloir-se-maintenir-a-son-poste#primaryimage\"},\"thumbnailUrl\":\"https:\/\/static.africa-press.net\/cote\/sites\/43\/2021\/12\/img-61ba0fd2432cb.jpg\",\"keywords\":[\"Africa Press\",\"Africa Press-C\u00f4te d'Ivoire\",\"collectivit\u00e9s\",\"C\u00d4TE D'IVOIRE\",\"crise\",\"S\u00e9v\u00e9rin Mel\",\"SYNAPECODI\",\"territoriales\"],\"articleSection\":[\"Communaut\u00e9\",\"homepage-french\",\"Toutes les actualit\u00e9s\"],\"inLanguage\":\"fr-FR\",\"potentialAction\":[{\"@type\":\"CommentAction\",\"name\":\"Comment\",\"target\":[\"https:\/\/www.africa-press.net\/cotedivoire\/toutes-les-actualites\/collectivites-territoriales-crise-au-sein-du-synapecodi-lex-sg-en-fin-de-mandat-accuse-de-vouloir-se-maintenir-a-son-poste#respond\"]}]},{\"@type\":\"WebPage\",\"@id\":\"https:\/\/www.africa-press.net\/cotedivoire\/toutes-les-actualites\/collectivites-territoriales-crise-au-sein-du-synapecodi-lex-sg-en-fin-de-mandat-accuse-de-vouloir-se-maintenir-a-son-poste\",\"url\":\"https:\/\/www.africa-press.net\/cotedivoire\/toutes-les-actualites\/collectivites-territoriales-crise-au-sein-du-synapecodi-lex-sg-en-fin-de-mandat-accuse-de-vouloir-se-maintenir-a-son-poste\",\"name\":\"Collectivit\u00e9s territoriales, crise au sein du SYNAPECODI, l'ex-SG en fin de mandat accus\u00e9 de vouloir se maintenir \u00e0 son poste - C\u00f4te d&#039;Ivoire\",\"isPartOf\":{\"@id\":\"https:\/\/www.africa-press.net\/cotedivoire\/#website\"},\"primaryImageOfPage\":{\"@id\":\"https:\/\/www.africa-press.net\/cotedivoire\/toutes-les-actualites\/collectivites-territoriales-crise-au-sein-du-synapecodi-lex-sg-en-fin-de-mandat-accuse-de-vouloir-se-maintenir-a-son-poste#primaryimage\"},\"image\":{\"@id\":\"https:\/\/www.africa-press.net\/cotedivoire\/toutes-les-actualites\/collectivites-territoriales-crise-au-sein-du-synapecodi-lex-sg-en-fin-de-mandat-accuse-de-vouloir-se-maintenir-a-son-poste#primaryimage\"},\"thumbnailUrl\":\"https:\/\/static.africa-press.net\/cote\/sites\/43\/2021\/12\/img-61ba0fd2432cb.jpg\",\"datePublished\":\"2021-12-15T16:49:14+00:00\",\"author\":{\"@id\":\"https:\/\/www.africa-press.net\/cotedivoire\/#\/schema\/person\/2b1cf3cd81a31e3cd26889ca66d677f1\"},\"description\":\"M. Amadou Tour\u00e9 du BEN (Ph) Une crise secoue le Syndicat National du Personnel des Communes et Districts Ivoiriens (SYN ...\",\"breadcrumb\":{\"@id\":\"https:\/\/www.africa-press.net\/cotedivoire\/toutes-les-actualites\/collectivites-territoriales-crise-au-sein-du-synapecodi-lex-sg-en-fin-de-mandat-accuse-de-vouloir-se-maintenir-a-son-poste#breadcrumb\"},\"inLanguage\":\"fr-FR\",\"potentialAction\":[{\"@type\":\"ReadAction\",\"target\":[\"https:\/\/www.africa-press.net\/cotedivoire\/toutes-les-actualites\/collectivites-territoriales-crise-au-sein-du-synapecodi-lex-sg-en-fin-de-mandat-accuse-de-vouloir-se-maintenir-a-son-poste\"]}]},{\"@type\":\"ImageObject\",\"inLanguage\":\"fr-FR\",\"@id\":\"https:\/\/www.africa-press.net\/cotedivoire\/toutes-les-actualites\/collectivites-territoriales-crise-au-sein-du-synapecodi-lex-sg-en-fin-de-mandat-accuse-de-vouloir-se-maintenir-a-son-poste#primaryimage\",\"url\":\"https:\/\/static.africa-press.net\/cote\/sites\/43\/2021\/12\/img-61ba0fd2432cb.jpg\",\"contentUrl\":\"https:\/\/static.africa-press.net\/cote\/sites\/43\/2021\/12\/img-61ba0fd2432cb.jpg\",\"width\":720,\"height\":542,\"caption\":\"Collectivit\u00e9s territoriales, crise au sein du SYNAPECODI, l'ex-SG en fin de mandat accus\u00e9 de vouloir se maintenir \u00e0 son poste\"},{\"@type\":\"BreadcrumbList\",\"@id\":\"https:\/\/www.africa-press.net\/cotedivoire\/toutes-les-actualites\/collectivites-territoriales-crise-au-sein-du-synapecodi-lex-sg-en-fin-de-mandat-accuse-de-vouloir-se-maintenir-a-son-poste#breadcrumb\",\"itemListElement\":[{\"@type\":\"ListItem\",\"position\":1,\"name\":\"Accueil\",\"item\":\"https:\/\/www.africa-press.net\/cotedivoire\/\"},{\"@type\":\"ListItem\",\"position\":2,\"name\":\"Collectivit\u00e9s territoriales, crise au sein du SYNAPECODI, l&#8217;ex-SG en fin de mandat accus\u00e9 de vouloir se maintenir \u00e0 son poste\"}]},{\"@type\":\"WebSite\",\"@id\":\"https:\/\/www.africa-press.net\/cotedivoire\/#website\",\"url\":\"https:\/\/www.africa-press.net\/cotedivoire\/\",\"name\":\"C\u00f4te d&#039;Ivoire\",\"description\":\"Just another Africa News Agency Sites site\",\"potentialAction\":[{\"@type\":\"SearchAction\",\"target\":{\"@type\":\"EntryPoint\",\"urlTemplate\":\"https:\/\/www.africa-press.net\/cotedivoire\/?s={search_term_string}\"},\"query-input\":{\"@type\":\"PropertyValueSpecification\",\"valueRequired\":true,\"valueName\":\"search_term_string\"}}],\"inLanguage\":\"fr-FR\"},{\"@type\":\"Person\",\"@id\":\"https:\/\/www.africa-press.net\/cotedivoire\/#\/schema\/person\/2b1cf3cd81a31e3cd26889ca66d677f1\",\"name\":\"cfeditorfr\"}]}<\/script>\n<!-- \/ Yoast SEO Premium plugin. -->","yoast_head_json":{"title":"Collectivit\u00e9s territoriales, crise au sein du SYNAPECODI, l'ex-SG en fin de mandat accus\u00e9 de vouloir se maintenir \u00e0 son poste - C\u00f4te d&#039;Ivoire","description":"M. Amadou Tour\u00e9 du BEN (Ph) Une crise secoue le Syndicat National du Personnel des Communes et Districts Ivoiriens (SYN ...","robots":{"index":"index","follow":"follow","max-snippet":"max-snippet:-1","max-image-preview":"max-image-preview:large","max-video-preview":"max-video-preview:-1"},"canonical":"https:\/\/www.africa-press.net\/cotedivoire\/toutes-les-actualites\/collectivites-territoriales-crise-au-sein-du-synapecodi-lex-sg-en-fin-de-mandat-accuse-de-vouloir-se-maintenir-a-son-poste","og_locale":"fr_FR","og_type":"article","og_title":"Collectivit\u00e9s territoriales, crise au sein du SYNAPECODI, l'ex-SG en fin de mandat accus\u00e9 de vouloir se maintenir \u00e0 son poste","og_description":"M. Amadou Tour\u00e9 du BEN (Ph) Une crise secoue le Syndicat National du Personnel des Communes et Districts Ivoiriens (SYN ...","og_url":"https:\/\/www.africa-press.net\/cotedivoire\/toutes-les-actualites\/collectivites-territoriales-crise-au-sein-du-synapecodi-lex-sg-en-fin-de-mandat-accuse-de-vouloir-se-maintenir-a-son-poste","og_site_name":"C\u00f4te d&#039;Ivoire","article_published_time":"2021-12-15T16:49:14+00:00","og_image":[{"width":720,"height":542,"url":"https:\/\/static.africa-press.net\/cote\/sites\/43\/2021\/12\/img-61ba0fd2432cb.jpg","type":"image\/jpeg"}],"author":"cfeditorfr","twitter_card":"summary_large_image","twitter_misc":{"\u00c9crit par":"cfeditorfr","Dur\u00e9e de lecture estim\u00e9e":"1 minute"},"schema":{"@context":"https:\/\/schema.org","@graph":[{"@type":"Article","@id":"https:\/\/www.africa-press.net\/cotedivoire\/toutes-les-actualites\/collectivites-territoriales-crise-au-sein-du-synapecodi-lex-sg-en-fin-de-mandat-accuse-de-vouloir-se-maintenir-a-son-poste#article","isPartOf":{"@id":"https:\/\/www.africa-press.net\/cotedivoire\/toutes-les-actualites\/collectivites-territoriales-crise-au-sein-du-synapecodi-lex-sg-en-fin-de-mandat-accuse-de-vouloir-se-maintenir-a-son-poste"},"author":{"name":"cfeditorfr","@id":"https:\/\/www.africa-press.net\/cotedivoire\/#\/schema\/person\/2b1cf3cd81a31e3cd26889ca66d677f1"},"headline":"Collectivit\u00e9s territoriales, crise au sein du SYNAPECODI, l&rsquo;ex-SG en fin de mandat accus\u00e9 de vouloir se maintenir \u00e0 son poste","datePublished":"2021-12-15T16:49:14+00:00","mainEntityOfPage":{"@id":"https:\/\/www.africa-press.net\/cotedivoire\/toutes-les-actualites\/collectivites-territoriales-crise-au-sein-du-synapecodi-lex-sg-en-fin-de-mandat-accuse-de-vouloir-se-maintenir-a-son-poste"},"wordCount":226,"commentCount":0,"image":{"@id":"https:\/\/www.africa-press.net\/cotedivoire\/toutes-les-actualites\/collectivites-territoriales-crise-au-sein-du-synapecodi-lex-sg-en-fin-de-mandat-accuse-de-vouloir-se-maintenir-a-son-poste#primaryimage"},"thumbnailUrl":"https:\/\/static.africa-press.net\/cote\/sites\/43\/2021\/12\/img-61ba0fd2432cb.jpg","keywords":["Africa Press","Africa Press-C\u00f4te d'Ivoire","collectivit\u00e9s","C\u00d4TE D'IVOIRE","crise","S\u00e9v\u00e9rin Mel","SYNAPECODI","territoriales"],"articleSection":["Communaut\u00e9","homepage-french","Toutes les actualit\u00e9s"],"inLanguage":"fr-FR","potentialAction":[{"@type":"CommentAction","name":"Comment","target":["https:\/\/www.africa-press.net\/cotedivoire\/toutes-les-actualites\/collectivites-territoriales-crise-au-sein-du-synapecodi-lex-sg-en-fin-de-mandat-accuse-de-vouloir-se-maintenir-a-son-poste#respond"]}]},{"@type":"WebPage","@id":"https:\/\/www.africa-press.net\/cotedivoire\/toutes-les-actualites\/collectivites-territoriales-crise-au-sein-du-synapecodi-lex-sg-en-fin-de-mandat-accuse-de-vouloir-se-maintenir-a-son-poste","url":"https:\/\/www.africa-press.net\/cotedivoire\/toutes-les-actualites\/collectivites-territoriales-crise-au-sein-du-synapecodi-lex-sg-en-fin-de-mandat-accuse-de-vouloir-se-maintenir-a-son-poste","name":"Collectivit\u00e9s territoriales, crise au sein du SYNAPECODI, l'ex-SG en fin de mandat accus\u00e9 de vouloir se maintenir \u00e0 son poste - C\u00f4te d&#039;Ivoire","isPartOf":{"@id":"https:\/\/www.africa-press.net\/cotedivoire\/#website"},"primaryImageOfPage":{"@id":"https:\/\/www.africa-press.net\/cotedivoire\/toutes-les-actualites\/collectivites-territoriales-crise-au-sein-du-synapecodi-lex-sg-en-fin-de-mandat-accuse-de-vouloir-se-maintenir-a-son-poste#primaryimage"},"image":{"@id":"https:\/\/www.africa-press.net\/cotedivoire\/toutes-les-actualites\/collectivites-territoriales-crise-au-sein-du-synapecodi-lex-sg-en-fin-de-mandat-accuse-de-vouloir-se-maintenir-a-son-poste#primaryimage"},"thumbnailUrl":"https:\/\/static.africa-press.net\/cote\/sites\/43\/2021\/12\/img-61ba0fd2432cb.jpg","datePublished":"2021-12-15T16:49:14+00:00","author":{"@id":"https:\/\/www.africa-press.net\/cotedivoire\/#\/schema\/person\/2b1cf3cd81a31e3cd26889ca66d677f1"},"description":"M. Amadou Tour\u00e9 du BEN (Ph) Une crise secoue le Syndicat National du Personnel des Communes et Districts Ivoiriens (SYN ...","breadcrumb":{"@id":"https:\/\/www.africa-press.net\/cotedivoire\/toutes-les-actualites\/collectivites-territoriales-crise-au-sein-du-synapecodi-lex-sg-en-fin-de-mandat-accuse-de-vouloir-se-maintenir-a-son-poste#breadcrumb"},"inLanguage":"fr-FR","potentialAction":[{"@type":"ReadAction","target":["https:\/\/www.africa-press.net\/cotedivoire\/toutes-les-actualites\/collectivites-territoriales-crise-au-sein-du-synapecodi-lex-sg-en-fin-de-mandat-accuse-de-vouloir-se-maintenir-a-son-poste"]}]},{"@type":"ImageObject","inLanguage":"fr-FR","@id":"https:\/\/www.africa-press.net\/cotedivoire\/toutes-les-actualites\/collectivites-territoriales-crise-au-sein-du-synapecodi-lex-sg-en-fin-de-mandat-accuse-de-vouloir-se-maintenir-a-son-poste#primaryimage","url":"https:\/\/static.africa-press.net\/cote\/sites\/43\/2021\/12\/img-61ba0fd2432cb.jpg","contentUrl":"https:\/\/static.africa-press.net\/cote\/sites\/43\/2021\/12\/img-61ba0fd2432cb.jpg","width":720,"height":542,"caption":"Collectivit\u00e9s territoriales, crise au sein du SYNAPECODI, l'ex-SG en fin de mandat accus\u00e9 de vouloir se maintenir \u00e0 son poste"},{"@type":"BreadcrumbList","@id":"https:\/\/www.africa-press.net\/cotedivoire\/toutes-les-actualites\/collectivites-territoriales-crise-au-sein-du-synapecodi-lex-sg-en-fin-de-mandat-accuse-de-vouloir-se-maintenir-a-son-poste#breadcrumb","itemListElement":[{"@type":"ListItem","position":1,"name":"Accueil","item":"https:\/\/www.africa-press.net\/cotedivoire\/"},{"@type":"ListItem","position":2,"name":"Collectivit\u00e9s territoriales, crise au sein du SYNAPECODI, l&#8217;ex-SG en fin de mandat accus\u00e9 de vouloir se maintenir \u00e0 son poste"}]},{"@type":"WebSite","@id":"https:\/\/www.africa-press.net\/cotedivoire\/#website","url":"https:\/\/www.africa-press.net\/cotedivoire\/","name":"C\u00f4te d&#039;Ivoire","description":"Just another Africa News Agency Sites site","potentialAction":[{"@type":"SearchAction","target":{"@type":"EntryPoint","urlTemplate":"https:\/\/www.africa-press.net\/cotedivoire\/?s={search_term_string}"},"query-input":{"@type":"PropertyValueSpecification","valueRequired":true,"valueName":"search_term_string"}}],"inLanguage":"fr-FR"},{"@type":"Person","@id":"https:\/\/www.africa-press.net\/cotedivoire\/#\/schema\/person\/2b1cf3cd81a31e3cd26889ca66d677f1","name":"cfeditorfr"}]}},"_links":{"self":[{"href":"https:\/\/www.africa-press.net\/cotedivoire\/wp-json\/wp\/v2\/posts\/23153","targetHints":{"allow":["GET"]}}],"collection":[{"href":"https:\/\/www.africa-press.net\/cotedivoire\/wp-json\/wp\/v2\/posts"}],"about":[{"href":"https:\/\/www.africa-press.net\/cotedivoire\/wp-json\/wp\/v2\/types\/post"}],"author":[{"embeddable":true,"href":"https:\/\/www.africa-press.net\/cotedivoire\/wp-json\/wp\/v2\/users\/82"}],"replies":[{"embeddable":true,"href":"https:\/\/www.africa-press.net\/cotedivoire\/wp-json\/wp\/v2\/comments?post=23153"}],"version-history":[{"count":0,"href":"https:\/\/www.africa-press.net\/cotedivoire\/wp-json\/wp\/v2\/posts\/23153\/revisions"}],"wp:featuredmedia":[{"embeddable":true,"href":"https:\/\/www.africa-press.net\/cotedivoire\/wp-json\/wp\/v2\/media\/23152"}],"wp:attachment":[{"href":"https:\/\/www.africa-press.net\/cotedivoire\/wp-json\/wp\/v2\/media?parent=23153"}],"wp:term":[{"taxonomy":"category","embeddable":true,"href":"https:\/\/www.africa-press.net\/cotedivoire\/wp-json\/wp\/v2\/categories?post=23153"},{"taxonomy":"post_tag","embeddable":true,"href":"https:\/\/www.africa-press.net\/cotedivoire\/wp-json\/wp\/v2\/tags?post=23153"}],"curies":[{"name":"wp","href":"https:\/\/api.w.org\/{rel}","templated":true}]}}