{"id":23267,"date":"2021-12-15T18:20:32","date_gmt":"2021-12-15T18:20:32","guid":{"rendered":"https:\/\/www.africa-press.net\/cotedivoire\/politique\/les-contradictions-et-incoherences-de-tidjane-thiam"},"modified":"2021-12-15T19:43:29","modified_gmt":"2021-12-15T19:43:29","slug":"les-contradictions-et-incoherences-de-tidjane-thiam","status":"publish","type":"post","link":"https:\/\/www.africa-press.net\/cotedivoire\/politique\/les-contradictions-et-incoherences-de-tidjane-thiam","title":{"rendered":"\u00ab Les contradictions et incoh\u00e9rences de Tidjane Thiam \u00bb"},"content":{"rendered":"<p><span style=\"color: #ff6600\"><strong>Africa-Press &#8211; C\u00f4te d&rsquo;Ivoire. <\/strong><\/span>Interrog\u00e9 sur son absence en C\u00f4te d\u2019ivoire depuis 1999, Thiam r\u00e9pond ceci : \u00ab Les coups d\u2019\u00c9tat ne sont pas une bonne chose\u2026Une des raisons pour lesquelles je me suis retir\u00e9 de la politique en C\u00f4te d\u2019Ivoire, c\u2019est que je voyais arriver des acteurs qui consid\u00e8rent que la violence est un moyen d\u2019action politique l\u00e9gitime \u00bb et de poursuivre \u00ab Je ne tol\u00e8re pas la violence.<\/p>\n<p>C\u2019est moralement condamnable et cela ne marche pas. C\u2019est mon combat \u00bb. La r\u00e9ponse para\u00eet juste, et on peut s\u2019en f\u00e9liciter. Seulement , en acceptant de devenir le PCA de la Rwanda Finance Limited, Thiam a accept\u00e9 de travailler avec le Pr\u00e9sident Kagam\u00e9, dont les m\u00e9thodes violentes et impitoyables sont connues de tous.<\/p>\n<p>L\u2019homme n\u2019est pas parvenu au pouvoir par des moyens pacifiques et d\u00e9mocratiques. En outre, il a d\u00e9clench\u00e9 deux guerres en RDC qui ont fait des dizaines de milliers de morts.<\/p>\n<p>Le Rwanda dispute \u00e0 l\u2019Erythr\u00e9e la place de la dictature la plus dure d\u2019Afrique. Tous les opposants en exil ont pour la plupart \u00e9t\u00e9 \u00e9limin\u00e9s. Paul Kagam\u00e9 a ordonn\u00e9 en 2018 la fermeture de quelque 7 000 Eglises (et une centaine de mosqu\u00e9es) car elles \u00ab n\u2019apportaient rien au pays \u00bb selon son analyse.<\/p>\n<p>S\u2019associer avec un tel homme, et pr\u00e9tendre \u00ab ne pas supporter la violence \u00bb reste difficile \u00e0 comprendre. Sur le th\u00e8me de la dette, Thiam d\u00e9clare entre autres ceci \u00ab la dette ce n\u2019est ni bon ni mauvais, cela d\u00e9pend de ce qu\u2019on en fait.<\/p>\n<p>S\u2019endetter pour consommer c\u2019est mauvais, s\u2019endetter pour investir c\u2019est bon \u00bb. Il poursuit \u00ab j\u2019ai conclu le bouclage financier du pont Riviera-Marcory avec 15 milliards FCFA que j\u2019ai emprunt\u00e9s au Fond de Pr\u00e9voyance Militaire dirig\u00e9 en ce moment par le G\u00e9n\u00e9ral Coulibaly \u00bb.<\/p>\n<p>On y voit ici une critique de la strat\u00e9gie d\u2019endettement du pays. Thiam semble dire qu\u2019on peut conduire des grands projets d\u2019infrastructures sans recourir \u00e0 l\u2019endettement ext\u00e9rieur.<\/p>\n<p>Pourtant il n\u2019est pas s\u00fbr que les quelques 1037 milliards de FCFA n\u00e9cessaires pour la ligne 1 du m\u00e9tro d\u2019Abidjan, auraient pu \u00eatre mobilis\u00e9s sur place.<\/p>\n<p>Il n\u2019est pas s\u00fbr que les quelque 500 milliards de FCFA n\u00e9cessaires \u00e0 l \u2018\u00e9largissement du canal de Vridi et la construction du second terminal \u00e0 conteneurs du port d\u2019Abidjan, auraient pu \u00eatre mobilis\u00e9s sur place.<\/p>\n<p>Il n\u2019est pas s\u00fbr que la future autoroute Abidjan San Pedro, pourra \u00eatre entreprise sur du financement local etc\u2026. . etc\u2026. D\u2019autre part, qu\u2019il s\u2019agisse d\u2019emprunts ext\u00e9rieurs, ou d\u2019emprunts sur le march\u00e9 local ou sous r\u00e9gional, une dette reste une dette.<\/p>\n<p>C\u2019est un engagement dont l\u2019Etat doit s\u2019acquitter dans les d\u00e9lais, sous peine de voir sa signature \u00eatre d\u00e9grad\u00e9e. Cependant la dette int\u00e9rieure a un effet pervers, plus l\u2019Etat s\u2019endette sur le march\u00e9 local, moins les entreprises ont acc\u00e8s \u00e0 du financement.<\/p>\n<p>Si tout le monde se met \u00e0 acheter des titres de dette publique, plus rien ne va rester pour les besoins d\u2019endettement des entreprises. Et cela p\u00e8sera n\u00e9gativement sur la croissance.<\/p>\n<p>Or Thiam, et ce n\u2019est pas la premi\u00e8re fois, a toujours eu des mots assez durs sur l\u2019endettement ext\u00e9rieur de nos Etats. Selon son analyse, ils devraient se financer prioritairement \u00e0 domicile.<\/p>\n<p>Son approche reste une incoh\u00e9rence manifeste. \u00ab Les infrastructures c\u2019est bien, mais la priorit\u00e9 devrait \u00eatre accord\u00e9e \u00e0 l\u2019\u00e9ducation \u00bb, a-t-il aussi d\u00e9clar\u00e9.<\/p>\n<p>On peut lui rappeler que durant les trois premi\u00e8res d\u00e9cennies apr\u00e8s l\u2019ind\u00e9pendance, la part de l\u2019\u00e9ducation dans le budget de l\u2019Etat a r\u00e9guli\u00e8rement augment\u00e9 pour atteindre le taux 46% dans les ann\u00e9es 80.<\/p>\n<p>Pourtant ces investissements colossaux n\u2019ont pas fait de la C\u00f4te d\u2019Ivoire un pays d\u00e9velopp\u00e9. On peut aussi rappeler \u00e0 Thiam que dans le programme des \u00bb 12 travaux de l\u2019\u00e9l\u00e9phant d\u2019Afrique\u2019\u2019, qu\u2019il a con\u00e7u en 2016, la priorit\u00e9 n\u2019\u00e9tait pas donn\u00e9e \u00e0 l\u2019\u00e9ducation.<\/p>\n<p>C\u2019\u00e9tait un programme ax\u00e9 sur les infrastructures. Si Thiam s\u2019\u00e9tait \u00ab toujours int\u00e9ress\u00e9 \u00e0 la C\u00f4te d\u2019Ivoire \u00bb comme il n\u2019 a cess\u00e9 de la clamer durant cette interview, il aurait su que d\u00e8s 2011, 115 milliards ont \u00e9t\u00e9 d\u00e9caiss\u00e9s en faveur de la r\u00e9habilitation des universit\u00e9s d\u2019Abidjan et de Bouak\u00e9.<\/p>\n<p>S\u2019en est suivi sur la p\u00e9riode 2011-2020 la construction de trois universit\u00e9s : Man, San Pedro, et Bondoukou, le Lyc\u00e9e d\u2019Excellence Alassane Ouattara de Grand Bassam, destin\u00e9 \u00e0 accueillir l\u2019\u00e9lite du pays, l\u2019institut de la magistrature de Yamoussoukro, l\u2019\u00e9cole de police de Korhogo, 30 621 classes au primaire, 80 coll\u00e8ges de proximit\u00e9 construits depuis etc\u2026etc\u2026 Un programme de construction de lyc\u00e9e professionnels dans chacun des 14 districts a \u00e9t\u00e9 adopt\u00e9 en Novembre dernier. Bien qu\u2019on ne le clame pas sur tous les toits, l\u2019\u00e9ducation reste une priorit\u00e9 en C\u00f4te d\u2019Ivoire.<\/p>\n<p><strong>Pour plus d&rsquo;informations et d&rsquo;analyses sur la <a href=\"https:\/\/www.africa-press.net\/cotedivoire\">C\u00f4te d&rsquo;Ivoire<\/a>, suivez <a href=\"https:\/\/www.africa-press.net\/\">Africa-Press<\/a><\/strong><\/p>\n","protected":false},"excerpt":{"rendered":"<p>Africa-Press &#8211; C\u00f4te d&rsquo;Ivoire. Interrog\u00e9 sur son absence en C\u00f4te d\u2019ivoire depuis 1999, Thiam r\u00e9pond ceci : \u00ab Les coups d\u2019\u00c9tat ne sont pas une bonne chose\u2026Une des raisons pour lesquelles je me suis retir\u00e9 de la politique en C\u00f4te d\u2019Ivoire, c\u2019est que je voyais arriver des acteurs qui consid\u00e8rent que la violence est un [&hellip;]<\/p>\n","protected":false},"author":82,"featured_media":23266,"comment_status":"open","ping_status":"closed","sticky":false,"template":"","format":"standard","meta":{"footnotes":""},"categories":[7,11,2,20,10],"tags":[56,63,29,1547],"class_list":["post-23267","post","type-post","status-publish","format-standard","has-post-thumbnail","hentry","category-dossiers","category-homepage-french","category-politique","category-top-nouvelles","category-toutes-les-actualites","tag-africa-press","tag-africa-press-cote-divoire","tag-cote-divoire","tag-thiam"],"yoast_head":"<!-- This site is optimized with the Yoast SEO Premium plugin v26.1 (Yoast SEO v27.0) - https:\/\/yoast.com\/product\/yoast-seo-premium-wordpress\/ -->\n<title>\u00ab Les contradictions et incoh\u00e9rences de Tidjane Thiam \u00bb - C\u00f4te d&#039;Ivoire<\/title>\n<meta name=\"description\" content=\"Interrog\u00e9 sur son absence en C\u00f4te d\u2019ivoire depuis 1999, Thiam r\u00e9pond ceci : \u00ab Les coups d\u2019\u00c9tat ne sont pas une bonne cho ...\" \/>\n<meta name=\"robots\" content=\"index, follow, max-snippet:-1, max-image-preview:large, max-video-preview:-1\" \/>\n<link rel=\"canonical\" href=\"https:\/\/www.africa-press.net\/cotedivoire\/politique\/les-contradictions-et-incoherences-de-tidjane-thiam\" \/>\n<meta property=\"og:locale\" content=\"fr_FR\" \/>\n<meta property=\"og:type\" content=\"article\" \/>\n<meta property=\"og:title\" content=\"\u00ab Les contradictions et incoh\u00e9rences de Tidjane Thiam \u00bb\" \/>\n<meta property=\"og:description\" content=\"Interrog\u00e9 sur son absence en C\u00f4te d\u2019ivoire depuis 1999, Thiam r\u00e9pond ceci : \u00ab Les coups d\u2019\u00c9tat ne sont pas une bonne cho ...\" \/>\n<meta property=\"og:url\" content=\"https:\/\/www.africa-press.net\/cotedivoire\/politique\/les-contradictions-et-incoherences-de-tidjane-thiam\" \/>\n<meta property=\"og:site_name\" content=\"C\u00f4te d&#039;Ivoire\" \/>\n<meta property=\"article:published_time\" content=\"2021-12-15T18:20:32+00:00\" \/>\n<meta property=\"article:modified_time\" content=\"2021-12-15T19:43:29+00:00\" \/>\n<meta property=\"og:image\" content=\"https:\/\/static.africa-press.net\/cote\/sites\/43\/2021\/12\/img-61ba454841080.jpg\" \/>\n\t<meta property=\"og:image:width\" content=\"668\" \/>\n\t<meta property=\"og:image:height\" content=\"334\" \/>\n\t<meta property=\"og:image:type\" content=\"image\/jpeg\" \/>\n<meta name=\"author\" content=\"cfeditorfr\" \/>\n<meta name=\"twitter:card\" content=\"summary_large_image\" \/>\n<meta name=\"twitter:label1\" content=\"\u00c9crit par\" \/>\n\t<meta name=\"twitter:data1\" content=\"cfeditorfr\" \/>\n\t<meta name=\"twitter:label2\" content=\"Dur\u00e9e de lecture estim\u00e9e\" \/>\n\t<meta name=\"twitter:data2\" content=\"4 minutes\" \/>\n<script type=\"application\/ld+json\" class=\"yoast-schema-graph\">{\"@context\":\"https:\/\/schema.org\",\"@graph\":[{\"@type\":\"Article\",\"@id\":\"https:\/\/www.africa-press.net\/cotedivoire\/politique\/les-contradictions-et-incoherences-de-tidjane-thiam#article\",\"isPartOf\":{\"@id\":\"https:\/\/www.africa-press.net\/cotedivoire\/politique\/les-contradictions-et-incoherences-de-tidjane-thiam\"},\"author\":{\"name\":\"cfeditorfr\",\"@id\":\"https:\/\/www.africa-press.net\/cotedivoire\/#\/schema\/person\/2b1cf3cd81a31e3cd26889ca66d677f1\"},\"headline\":\"\u00ab Les contradictions et incoh\u00e9rences de Tidjane Thiam \u00bb\",\"datePublished\":\"2021-12-15T18:20:32+00:00\",\"dateModified\":\"2021-12-15T19:43:29+00:00\",\"mainEntityOfPage\":{\"@id\":\"https:\/\/www.africa-press.net\/cotedivoire\/politique\/les-contradictions-et-incoherences-de-tidjane-thiam\"},\"wordCount\":885,\"commentCount\":0,\"image\":{\"@id\":\"https:\/\/www.africa-press.net\/cotedivoire\/politique\/les-contradictions-et-incoherences-de-tidjane-thiam#primaryimage\"},\"thumbnailUrl\":\"https:\/\/static.africa-press.net\/cote\/sites\/43\/2021\/12\/img-61ba454841080.jpg\",\"keywords\":[\"Africa Press\",\"Africa Press-C\u00f4te d'Ivoire\",\"C\u00d4TE D'IVOIRE\",\"Thiam\"],\"articleSection\":[\"Dossiers\",\"homepage-french\",\"Politique\",\"Top Nouvelles\",\"Toutes les actualit\u00e9s\"],\"inLanguage\":\"fr-FR\",\"potentialAction\":[{\"@type\":\"CommentAction\",\"name\":\"Comment\",\"target\":[\"https:\/\/www.africa-press.net\/cotedivoire\/politique\/les-contradictions-et-incoherences-de-tidjane-thiam#respond\"]}]},{\"@type\":\"WebPage\",\"@id\":\"https:\/\/www.africa-press.net\/cotedivoire\/politique\/les-contradictions-et-incoherences-de-tidjane-thiam\",\"url\":\"https:\/\/www.africa-press.net\/cotedivoire\/politique\/les-contradictions-et-incoherences-de-tidjane-thiam\",\"name\":\"\u00ab Les contradictions et incoh\u00e9rences de Tidjane Thiam \u00bb - C\u00f4te d&#039;Ivoire\",\"isPartOf\":{\"@id\":\"https:\/\/www.africa-press.net\/cotedivoire\/#website\"},\"primaryImageOfPage\":{\"@id\":\"https:\/\/www.africa-press.net\/cotedivoire\/politique\/les-contradictions-et-incoherences-de-tidjane-thiam#primaryimage\"},\"image\":{\"@id\":\"https:\/\/www.africa-press.net\/cotedivoire\/politique\/les-contradictions-et-incoherences-de-tidjane-thiam#primaryimage\"},\"thumbnailUrl\":\"https:\/\/static.africa-press.net\/cote\/sites\/43\/2021\/12\/img-61ba454841080.jpg\",\"datePublished\":\"2021-12-15T18:20:32+00:00\",\"dateModified\":\"2021-12-15T19:43:29+00:00\",\"author\":{\"@id\":\"https:\/\/www.africa-press.net\/cotedivoire\/#\/schema\/person\/2b1cf3cd81a31e3cd26889ca66d677f1\"},\"description\":\"Interrog\u00e9 sur son absence en C\u00f4te d\u2019ivoire depuis 1999, Thiam r\u00e9pond ceci : \u00ab Les coups d\u2019\u00c9tat ne sont pas une bonne cho ...\",\"breadcrumb\":{\"@id\":\"https:\/\/www.africa-press.net\/cotedivoire\/politique\/les-contradictions-et-incoherences-de-tidjane-thiam#breadcrumb\"},\"inLanguage\":\"fr-FR\",\"potentialAction\":[{\"@type\":\"ReadAction\",\"target\":[\"https:\/\/www.africa-press.net\/cotedivoire\/politique\/les-contradictions-et-incoherences-de-tidjane-thiam\"]}]},{\"@type\":\"ImageObject\",\"inLanguage\":\"fr-FR\",\"@id\":\"https:\/\/www.africa-press.net\/cotedivoire\/politique\/les-contradictions-et-incoherences-de-tidjane-thiam#primaryimage\",\"url\":\"https:\/\/static.africa-press.net\/cote\/sites\/43\/2021\/12\/img-61ba454841080.jpg\",\"contentUrl\":\"https:\/\/static.africa-press.net\/cote\/sites\/43\/2021\/12\/img-61ba454841080.jpg\",\"width\":668,\"height\":334,\"caption\":\"\u00ab Les contradictions et incoh\u00e9rences de Tidjane Thiam \u00bb\"},{\"@type\":\"BreadcrumbList\",\"@id\":\"https:\/\/www.africa-press.net\/cotedivoire\/politique\/les-contradictions-et-incoherences-de-tidjane-thiam#breadcrumb\",\"itemListElement\":[{\"@type\":\"ListItem\",\"position\":1,\"name\":\"Accueil\",\"item\":\"https:\/\/www.africa-press.net\/cotedivoire\/\"},{\"@type\":\"ListItem\",\"position\":2,\"name\":\"\u00ab Les contradictions et incoh\u00e9rences de Tidjane Thiam \u00bb\"}]},{\"@type\":\"WebSite\",\"@id\":\"https:\/\/www.africa-press.net\/cotedivoire\/#website\",\"url\":\"https:\/\/www.africa-press.net\/cotedivoire\/\",\"name\":\"C\u00f4te d&#039;Ivoire\",\"description\":\"Just another Africa News Agency Sites site\",\"potentialAction\":[{\"@type\":\"SearchAction\",\"target\":{\"@type\":\"EntryPoint\",\"urlTemplate\":\"https:\/\/www.africa-press.net\/cotedivoire\/?s={search_term_string}\"},\"query-input\":{\"@type\":\"PropertyValueSpecification\",\"valueRequired\":true,\"valueName\":\"search_term_string\"}}],\"inLanguage\":\"fr-FR\"},{\"@type\":\"Person\",\"@id\":\"https:\/\/www.africa-press.net\/cotedivoire\/#\/schema\/person\/2b1cf3cd81a31e3cd26889ca66d677f1\",\"name\":\"cfeditorfr\"}]}<\/script>\n<!-- \/ Yoast SEO Premium plugin. -->","yoast_head_json":{"title":"\u00ab Les contradictions et incoh\u00e9rences de Tidjane Thiam \u00bb - C\u00f4te d&#039;Ivoire","description":"Interrog\u00e9 sur son absence en C\u00f4te d\u2019ivoire depuis 1999, Thiam r\u00e9pond ceci : \u00ab Les coups d\u2019\u00c9tat ne sont pas une bonne cho ...","robots":{"index":"index","follow":"follow","max-snippet":"max-snippet:-1","max-image-preview":"max-image-preview:large","max-video-preview":"max-video-preview:-1"},"canonical":"https:\/\/www.africa-press.net\/cotedivoire\/politique\/les-contradictions-et-incoherences-de-tidjane-thiam","og_locale":"fr_FR","og_type":"article","og_title":"\u00ab Les contradictions et incoh\u00e9rences de Tidjane Thiam \u00bb","og_description":"Interrog\u00e9 sur son absence en C\u00f4te d\u2019ivoire depuis 1999, Thiam r\u00e9pond ceci : \u00ab Les coups d\u2019\u00c9tat ne sont pas une bonne cho ...","og_url":"https:\/\/www.africa-press.net\/cotedivoire\/politique\/les-contradictions-et-incoherences-de-tidjane-thiam","og_site_name":"C\u00f4te d&#039;Ivoire","article_published_time":"2021-12-15T18:20:32+00:00","article_modified_time":"2021-12-15T19:43:29+00:00","og_image":[{"width":668,"height":334,"url":"https:\/\/static.africa-press.net\/cote\/sites\/43\/2021\/12\/img-61ba454841080.jpg","type":"image\/jpeg"}],"author":"cfeditorfr","twitter_card":"summary_large_image","twitter_misc":{"\u00c9crit par":"cfeditorfr","Dur\u00e9e de lecture estim\u00e9e":"4 minutes"},"schema":{"@context":"https:\/\/schema.org","@graph":[{"@type":"Article","@id":"https:\/\/www.africa-press.net\/cotedivoire\/politique\/les-contradictions-et-incoherences-de-tidjane-thiam#article","isPartOf":{"@id":"https:\/\/www.africa-press.net\/cotedivoire\/politique\/les-contradictions-et-incoherences-de-tidjane-thiam"},"author":{"name":"cfeditorfr","@id":"https:\/\/www.africa-press.net\/cotedivoire\/#\/schema\/person\/2b1cf3cd81a31e3cd26889ca66d677f1"},"headline":"\u00ab Les contradictions et incoh\u00e9rences de Tidjane Thiam \u00bb","datePublished":"2021-12-15T18:20:32+00:00","dateModified":"2021-12-15T19:43:29+00:00","mainEntityOfPage":{"@id":"https:\/\/www.africa-press.net\/cotedivoire\/politique\/les-contradictions-et-incoherences-de-tidjane-thiam"},"wordCount":885,"commentCount":0,"image":{"@id":"https:\/\/www.africa-press.net\/cotedivoire\/politique\/les-contradictions-et-incoherences-de-tidjane-thiam#primaryimage"},"thumbnailUrl":"https:\/\/static.africa-press.net\/cote\/sites\/43\/2021\/12\/img-61ba454841080.jpg","keywords":["Africa Press","Africa Press-C\u00f4te d'Ivoire","C\u00d4TE D'IVOIRE","Thiam"],"articleSection":["Dossiers","homepage-french","Politique","Top Nouvelles","Toutes les actualit\u00e9s"],"inLanguage":"fr-FR","potentialAction":[{"@type":"CommentAction","name":"Comment","target":["https:\/\/www.africa-press.net\/cotedivoire\/politique\/les-contradictions-et-incoherences-de-tidjane-thiam#respond"]}]},{"@type":"WebPage","@id":"https:\/\/www.africa-press.net\/cotedivoire\/politique\/les-contradictions-et-incoherences-de-tidjane-thiam","url":"https:\/\/www.africa-press.net\/cotedivoire\/politique\/les-contradictions-et-incoherences-de-tidjane-thiam","name":"\u00ab Les contradictions et incoh\u00e9rences de Tidjane Thiam \u00bb - C\u00f4te d&#039;Ivoire","isPartOf":{"@id":"https:\/\/www.africa-press.net\/cotedivoire\/#website"},"primaryImageOfPage":{"@id":"https:\/\/www.africa-press.net\/cotedivoire\/politique\/les-contradictions-et-incoherences-de-tidjane-thiam#primaryimage"},"image":{"@id":"https:\/\/www.africa-press.net\/cotedivoire\/politique\/les-contradictions-et-incoherences-de-tidjane-thiam#primaryimage"},"thumbnailUrl":"https:\/\/static.africa-press.net\/cote\/sites\/43\/2021\/12\/img-61ba454841080.jpg","datePublished":"2021-12-15T18:20:32+00:00","dateModified":"2021-12-15T19:43:29+00:00","author":{"@id":"https:\/\/www.africa-press.net\/cotedivoire\/#\/schema\/person\/2b1cf3cd81a31e3cd26889ca66d677f1"},"description":"Interrog\u00e9 sur son absence en C\u00f4te d\u2019ivoire depuis 1999, Thiam r\u00e9pond ceci : \u00ab Les coups d\u2019\u00c9tat ne sont pas une bonne cho ...","breadcrumb":{"@id":"https:\/\/www.africa-press.net\/cotedivoire\/politique\/les-contradictions-et-incoherences-de-tidjane-thiam#breadcrumb"},"inLanguage":"fr-FR","potentialAction":[{"@type":"ReadAction","target":["https:\/\/www.africa-press.net\/cotedivoire\/politique\/les-contradictions-et-incoherences-de-tidjane-thiam"]}]},{"@type":"ImageObject","inLanguage":"fr-FR","@id":"https:\/\/www.africa-press.net\/cotedivoire\/politique\/les-contradictions-et-incoherences-de-tidjane-thiam#primaryimage","url":"https:\/\/static.africa-press.net\/cote\/sites\/43\/2021\/12\/img-61ba454841080.jpg","contentUrl":"https:\/\/static.africa-press.net\/cote\/sites\/43\/2021\/12\/img-61ba454841080.jpg","width":668,"height":334,"caption":"\u00ab Les contradictions et incoh\u00e9rences de Tidjane Thiam \u00bb"},{"@type":"BreadcrumbList","@id":"https:\/\/www.africa-press.net\/cotedivoire\/politique\/les-contradictions-et-incoherences-de-tidjane-thiam#breadcrumb","itemListElement":[{"@type":"ListItem","position":1,"name":"Accueil","item":"https:\/\/www.africa-press.net\/cotedivoire\/"},{"@type":"ListItem","position":2,"name":"\u00ab Les contradictions et incoh\u00e9rences de Tidjane Thiam \u00bb"}]},{"@type":"WebSite","@id":"https:\/\/www.africa-press.net\/cotedivoire\/#website","url":"https:\/\/www.africa-press.net\/cotedivoire\/","name":"C\u00f4te d&#039;Ivoire","description":"Just another Africa News Agency Sites site","potentialAction":[{"@type":"SearchAction","target":{"@type":"EntryPoint","urlTemplate":"https:\/\/www.africa-press.net\/cotedivoire\/?s={search_term_string}"},"query-input":{"@type":"PropertyValueSpecification","valueRequired":true,"valueName":"search_term_string"}}],"inLanguage":"fr-FR"},{"@type":"Person","@id":"https:\/\/www.africa-press.net\/cotedivoire\/#\/schema\/person\/2b1cf3cd81a31e3cd26889ca66d677f1","name":"cfeditorfr"}]}},"_links":{"self":[{"href":"https:\/\/www.africa-press.net\/cotedivoire\/wp-json\/wp\/v2\/posts\/23267","targetHints":{"allow":["GET"]}}],"collection":[{"href":"https:\/\/www.africa-press.net\/cotedivoire\/wp-json\/wp\/v2\/posts"}],"about":[{"href":"https:\/\/www.africa-press.net\/cotedivoire\/wp-json\/wp\/v2\/types\/post"}],"author":[{"embeddable":true,"href":"https:\/\/www.africa-press.net\/cotedivoire\/wp-json\/wp\/v2\/users\/82"}],"replies":[{"embeddable":true,"href":"https:\/\/www.africa-press.net\/cotedivoire\/wp-json\/wp\/v2\/comments?post=23267"}],"version-history":[{"count":0,"href":"https:\/\/www.africa-press.net\/cotedivoire\/wp-json\/wp\/v2\/posts\/23267\/revisions"}],"wp:featuredmedia":[{"embeddable":true,"href":"https:\/\/www.africa-press.net\/cotedivoire\/wp-json\/wp\/v2\/media\/23266"}],"wp:attachment":[{"href":"https:\/\/www.africa-press.net\/cotedivoire\/wp-json\/wp\/v2\/media?parent=23267"}],"wp:term":[{"taxonomy":"category","embeddable":true,"href":"https:\/\/www.africa-press.net\/cotedivoire\/wp-json\/wp\/v2\/categories?post=23267"},{"taxonomy":"post_tag","embeddable":true,"href":"https:\/\/www.africa-press.net\/cotedivoire\/wp-json\/wp\/v2\/tags?post=23267"}],"curies":[{"name":"wp","href":"https:\/\/api.w.org\/{rel}","templated":true}]}}