{"id":23621,"date":"2021-12-20T17:44:16","date_gmt":"2021-12-20T17:44:16","guid":{"rendered":"https:\/\/www.africa-press.net\/cotedivoire\/?p=23621"},"modified":"2021-12-20T17:42:42","modified_gmt":"2021-12-20T17:42:42","slug":"canton-finan-barala-celebre-par-ses-parents-moussa-sanogo-annonce-le-bitumage-de-laxe-ngolodougou-booko-dans-le-departement-de-koro-en-debut-2022","status":"publish","type":"post","link":"https:\/\/www.africa-press.net\/cotedivoire\/politique\/canton-finan-barala-celebre-par-ses-parents-moussa-sanogo-annonce-le-bitumage-de-laxe-ngolodougou-booko-dans-le-departement-de-koro-en-debut-2022","title":{"rendered":"Canton \u00ab Finan-Barala \u00bb, c\u00e9l\u00e9br\u00e9 par ses parents, Moussa Sanogo annonce le bitumage de l&rsquo;axe N&rsquo;Golodougou-Booko dans le d\u00e9partement de Koro en d\u00e9but 2022"},"content":{"rendered":"<p><span style=\"color: #ff6600\"><strong>Africa-Press &#8211; C\u00f4te d&rsquo;Ivoire. <\/strong><\/span>La journ\u00e9e du samedi 18 d\u00e9cembre 2021 restera \u00e0 jamais grav\u00e9e en lettres d\u2019or dans la m\u00e9moire collective des populations du canton \u00ab Finan-Barala \u00bb, dans le d\u00e9partement de Koro, car c\u2019est la date que la jeunesse a choisie pour rendre hommage \u00e0 l\u2019un de ses plus illustres \u00ab fils \u00bb, le ministre Moussa Sanogo.<\/p>\n<p>Les populations ont pris d\u2019assaut d\u00e8s les premi\u00e8res lueurs du jour la place publique de Niokosso, qui a du refus\u00e9 du monde pour \u00eatre t\u00e9moins de cet \u00e9v\u00e9nement. Elles sont venues des sous-pr\u00e9fectures de Booko, Borotou, Mahandougou et Niokosso ainsi que des d\u00e9partements de Touba et de Ouaninnou, qui composent la r\u00e9gion du Bafing.<\/p>\n<p>Initiatrice de cette c\u00e9r\u00e9monie d\u2019hommage en l\u2019honneur du ministre du Budget et du portefeuille de l\u2019\u00c9tat, la jeunesse du canton \u00ab Finan-Barala \u00bb a r\u00e9ussi, le pari de la mobilisation pour magnifier celui qui est pour elle, un mod\u00e8le de probit\u00e9 et de leadership affirm\u00e9.<\/p>\n<p>\u00abCette journ\u00e9e d\u2019hommage s\u2019inscrit dans le cadre de la promotion des valeurs de la r\u00e9gion du Bafing, et cela ne pouvait commencer que par vous, notre r\u00e9f\u00e9rent. \u00bb a d\u00e9clar\u00e9, Habib Badra Soumahoro, vice-pr\u00e9sident du comit\u00e9 d\u2019organisation.<\/p>\n<p>Le capitaine des douanes, Abdoulaye Dosso, porte-parole de la jeunesse a exhort\u00e9 les \u00e9lus et cadres \u00e0 l\u2019entente, \u00e0 la solidarit\u00e9 et \u00e0 la vraie fraternit\u00e9, autour du ministre Moussa Sanogo.<\/p>\n<p>Cliquez pour agrandir l&rsquo;image<\/p>\n<p>Le ministre du budget et du portefeuille de l\u2019\u00e9tat a \u00e9t\u00e9 c\u00e9l\u00e9br\u00e9 par ses parents pour ses nombreuses r\u00e9alisations de services communautaires de base en faveur des populations. En prenant la parole, il a annonc\u00e9 le bitumage de l\u2019axe N\u2019Golodougou-Booko, jusqu\u2019\u00e0 Mahandougou et a pr\u00e9cis\u00e9 que les travaux auront lieu en d\u00e9but d&rsquo;ann\u00e9e 2022.<\/p>\n<p>Il faut noter que cette c\u00e9r\u00e9monie a mobilis\u00e9 plus de 3000 \u00e2mes selon les organisateurs, et a enregistr\u00e9 la participation des \u00e9lus et cadres. Elle \u00e9tait plac\u00e9e sous la pr\u00e9sidence de l\u2019honorable Diomand\u00e9 Lassina, d\u00e9put\u00e9 de la circonscription.<\/p>\n<p>Wassimagnon<\/p>\n<p><strong>Pour plus d&rsquo;informations et d&rsquo;analyses sur la <a href=\"https:\/\/www.africa-press.net\/cotedivoire\">C\u00f4te d&rsquo;Ivoire<\/a>, suivez <a href=\"https:\/\/www.africa-press.net\/\">Africa-Press<\/a><\/strong><\/p>\n","protected":false},"excerpt":{"rendered":"<p>Africa-Press &#8211; C\u00f4te d&rsquo;Ivoire. La journ\u00e9e du samedi 18 d\u00e9cembre 2021 restera \u00e0 jamais grav\u00e9e en lettres d\u2019or dans la m\u00e9moire collective des populations du canton \u00ab Finan-Barala \u00bb, dans le d\u00e9partement de Koro, car c\u2019est la date que la jeunesse a choisie pour rendre hommage \u00e0 l\u2019un de ses plus illustres \u00ab fils \u00bb, [&hellip;]<\/p>\n","protected":false},"author":82,"featured_media":23620,"comment_status":"open","ping_status":"closed","sticky":false,"template":"","format":"standard","meta":{"footnotes":""},"categories":[11,2,10],"tags":[56,63,29,3336,1102],"class_list":["post-23621","post","type-post","status-publish","format-standard","has-post-thumbnail","hentry","category-homepage-french","category-politique","category-toutes-les-actualites","tag-africa-press","tag-africa-press-cote-divoire","tag-cote-divoire","tag-finan-barala","tag-moussa-sanogo"],"yoast_head":"<!-- This site is optimized with the Yoast SEO Premium plugin v26.1 (Yoast SEO v27.0) - https:\/\/yoast.com\/product\/yoast-seo-premium-wordpress\/ -->\n<title>Canton \u00ab Finan-Barala \u00bb, c\u00e9l\u00e9br\u00e9 par ses parents, Moussa Sanogo annonce le bitumage de l&#039;axe N&#039;Golodougou-Booko dans le d\u00e9partement de Koro en d\u00e9but 2022 - C\u00f4te d&#039;Ivoire<\/title>\n<meta name=\"description\" content=\"La journ\u00e9e du samedi 18 d\u00e9cembre 2021 restera \u00e0 jamais grav\u00e9e en lettres d\u2019or dans la m\u00e9moire collective des populations ...\" \/>\n<meta name=\"robots\" content=\"index, follow, max-snippet:-1, max-image-preview:large, max-video-preview:-1\" \/>\n<link rel=\"canonical\" href=\"https:\/\/www.africa-press.net\/cotedivoire\/politique\/canton-finan-barala-celebre-par-ses-parents-moussa-sanogo-annonce-le-bitumage-de-laxe-ngolodougou-booko-dans-le-departement-de-koro-en-debut-2022\" \/>\n<meta property=\"og:locale\" content=\"fr_FR\" \/>\n<meta property=\"og:type\" content=\"article\" \/>\n<meta property=\"og:title\" content=\"Canton \u00ab Finan-Barala \u00bb, c\u00e9l\u00e9br\u00e9 par ses parents, Moussa Sanogo annonce le bitumage de l&#039;axe N&#039;Golodougou-Booko dans le d\u00e9partement de Koro en d\u00e9but 2022\" \/>\n<meta property=\"og:description\" content=\"La journ\u00e9e du samedi 18 d\u00e9cembre 2021 restera \u00e0 jamais grav\u00e9e en lettres d\u2019or dans la m\u00e9moire collective des populations ...\" \/>\n<meta property=\"og:url\" content=\"https:\/\/www.africa-press.net\/cotedivoire\/politique\/canton-finan-barala-celebre-par-ses-parents-moussa-sanogo-annonce-le-bitumage-de-laxe-ngolodougou-booko-dans-le-departement-de-koro-en-debut-2022\" \/>\n<meta property=\"og:site_name\" content=\"C\u00f4te d&#039;Ivoire\" \/>\n<meta property=\"article:published_time\" content=\"2021-12-20T17:44:16+00:00\" \/>\n<meta property=\"og:image\" content=\"https:\/\/static.africa-press.net\/cote\/sites\/43\/2021\/12\/img-61c0c0654506f.jpg\" \/>\n\t<meta property=\"og:image:width\" content=\"720\" \/>\n\t<meta property=\"og:image:height\" content=\"478\" \/>\n\t<meta property=\"og:image:type\" content=\"image\/jpeg\" \/>\n<meta name=\"author\" content=\"cfeditorfr\" \/>\n<meta name=\"twitter:card\" content=\"summary_large_image\" \/>\n<meta name=\"twitter:label1\" content=\"\u00c9crit par\" \/>\n\t<meta name=\"twitter:data1\" content=\"cfeditorfr\" \/>\n\t<meta name=\"twitter:label2\" content=\"Dur\u00e9e de lecture estim\u00e9e\" \/>\n\t<meta name=\"twitter:data2\" content=\"2 minutes\" \/>\n<script type=\"application\/ld+json\" class=\"yoast-schema-graph\">{\"@context\":\"https:\/\/schema.org\",\"@graph\":[{\"@type\":\"Article\",\"@id\":\"https:\/\/www.africa-press.net\/cotedivoire\/politique\/canton-finan-barala-celebre-par-ses-parents-moussa-sanogo-annonce-le-bitumage-de-laxe-ngolodougou-booko-dans-le-departement-de-koro-en-debut-2022#article\",\"isPartOf\":{\"@id\":\"https:\/\/www.africa-press.net\/cotedivoire\/politique\/canton-finan-barala-celebre-par-ses-parents-moussa-sanogo-annonce-le-bitumage-de-laxe-ngolodougou-booko-dans-le-departement-de-koro-en-debut-2022\"},\"author\":{\"name\":\"cfeditorfr\",\"@id\":\"https:\/\/www.africa-press.net\/cotedivoire\/#\/schema\/person\/2b1cf3cd81a31e3cd26889ca66d677f1\"},\"headline\":\"Canton \u00ab Finan-Barala \u00bb, c\u00e9l\u00e9br\u00e9 par ses parents, Moussa Sanogo annonce le bitumage de l&rsquo;axe N&rsquo;Golodougou-Booko dans le d\u00e9partement de Koro en d\u00e9but 2022\",\"datePublished\":\"2021-12-20T17:44:16+00:00\",\"mainEntityOfPage\":{\"@id\":\"https:\/\/www.africa-press.net\/cotedivoire\/politique\/canton-finan-barala-celebre-par-ses-parents-moussa-sanogo-annonce-le-bitumage-de-laxe-ngolodougou-booko-dans-le-departement-de-koro-en-debut-2022\"},\"wordCount\":401,\"commentCount\":0,\"image\":{\"@id\":\"https:\/\/www.africa-press.net\/cotedivoire\/politique\/canton-finan-barala-celebre-par-ses-parents-moussa-sanogo-annonce-le-bitumage-de-laxe-ngolodougou-booko-dans-le-departement-de-koro-en-debut-2022#primaryimage\"},\"thumbnailUrl\":\"https:\/\/static.africa-press.net\/cote\/sites\/43\/2021\/12\/img-61c0c0654506f.jpg\",\"keywords\":[\"Africa Press\",\"Africa Press-C\u00f4te d'Ivoire\",\"C\u00d4TE D'IVOIRE\",\"Finan-Barala\",\"Moussa Sanogo\"],\"articleSection\":[\"homepage-french\",\"Politique\",\"Toutes les actualit\u00e9s\"],\"inLanguage\":\"fr-FR\",\"potentialAction\":[{\"@type\":\"CommentAction\",\"name\":\"Comment\",\"target\":[\"https:\/\/www.africa-press.net\/cotedivoire\/politique\/canton-finan-barala-celebre-par-ses-parents-moussa-sanogo-annonce-le-bitumage-de-laxe-ngolodougou-booko-dans-le-departement-de-koro-en-debut-2022#respond\"]}]},{\"@type\":\"WebPage\",\"@id\":\"https:\/\/www.africa-press.net\/cotedivoire\/politique\/canton-finan-barala-celebre-par-ses-parents-moussa-sanogo-annonce-le-bitumage-de-laxe-ngolodougou-booko-dans-le-departement-de-koro-en-debut-2022\",\"url\":\"https:\/\/www.africa-press.net\/cotedivoire\/politique\/canton-finan-barala-celebre-par-ses-parents-moussa-sanogo-annonce-le-bitumage-de-laxe-ngolodougou-booko-dans-le-departement-de-koro-en-debut-2022\",\"name\":\"Canton \u00ab Finan-Barala \u00bb, c\u00e9l\u00e9br\u00e9 par ses parents, Moussa Sanogo annonce le bitumage de l'axe N'Golodougou-Booko dans le d\u00e9partement de Koro en d\u00e9but 2022 - C\u00f4te d&#039;Ivoire\",\"isPartOf\":{\"@id\":\"https:\/\/www.africa-press.net\/cotedivoire\/#website\"},\"primaryImageOfPage\":{\"@id\":\"https:\/\/www.africa-press.net\/cotedivoire\/politique\/canton-finan-barala-celebre-par-ses-parents-moussa-sanogo-annonce-le-bitumage-de-laxe-ngolodougou-booko-dans-le-departement-de-koro-en-debut-2022#primaryimage\"},\"image\":{\"@id\":\"https:\/\/www.africa-press.net\/cotedivoire\/politique\/canton-finan-barala-celebre-par-ses-parents-moussa-sanogo-annonce-le-bitumage-de-laxe-ngolodougou-booko-dans-le-departement-de-koro-en-debut-2022#primaryimage\"},\"thumbnailUrl\":\"https:\/\/static.africa-press.net\/cote\/sites\/43\/2021\/12\/img-61c0c0654506f.jpg\",\"datePublished\":\"2021-12-20T17:44:16+00:00\",\"author\":{\"@id\":\"https:\/\/www.africa-press.net\/cotedivoire\/#\/schema\/person\/2b1cf3cd81a31e3cd26889ca66d677f1\"},\"description\":\"La journ\u00e9e du samedi 18 d\u00e9cembre 2021 restera \u00e0 jamais grav\u00e9e en lettres d\u2019or dans la m\u00e9moire collective des populations ...\",\"breadcrumb\":{\"@id\":\"https:\/\/www.africa-press.net\/cotedivoire\/politique\/canton-finan-barala-celebre-par-ses-parents-moussa-sanogo-annonce-le-bitumage-de-laxe-ngolodougou-booko-dans-le-departement-de-koro-en-debut-2022#breadcrumb\"},\"inLanguage\":\"fr-FR\",\"potentialAction\":[{\"@type\":\"ReadAction\",\"target\":[\"https:\/\/www.africa-press.net\/cotedivoire\/politique\/canton-finan-barala-celebre-par-ses-parents-moussa-sanogo-annonce-le-bitumage-de-laxe-ngolodougou-booko-dans-le-departement-de-koro-en-debut-2022\"]}]},{\"@type\":\"ImageObject\",\"inLanguage\":\"fr-FR\",\"@id\":\"https:\/\/www.africa-press.net\/cotedivoire\/politique\/canton-finan-barala-celebre-par-ses-parents-moussa-sanogo-annonce-le-bitumage-de-laxe-ngolodougou-booko-dans-le-departement-de-koro-en-debut-2022#primaryimage\",\"url\":\"https:\/\/static.africa-press.net\/cote\/sites\/43\/2021\/12\/img-61c0c0654506f.jpg\",\"contentUrl\":\"https:\/\/static.africa-press.net\/cote\/sites\/43\/2021\/12\/img-61c0c0654506f.jpg\",\"width\":720,\"height\":478,\"caption\":\"Canton \u00ab Finan-Barala \u00bb, c\u00e9l\u00e9br\u00e9 par ses parents, Moussa Sanogo annonce le bitumage de l'axe N'Golodougou-Booko dans le d\u00e9partement de Koro en d\u00e9but 2022\"},{\"@type\":\"BreadcrumbList\",\"@id\":\"https:\/\/www.africa-press.net\/cotedivoire\/politique\/canton-finan-barala-celebre-par-ses-parents-moussa-sanogo-annonce-le-bitumage-de-laxe-ngolodougou-booko-dans-le-departement-de-koro-en-debut-2022#breadcrumb\",\"itemListElement\":[{\"@type\":\"ListItem\",\"position\":1,\"name\":\"Accueil\",\"item\":\"https:\/\/www.africa-press.net\/cotedivoire\/\"},{\"@type\":\"ListItem\",\"position\":2,\"name\":\"Canton \u00ab Finan-Barala \u00bb, c\u00e9l\u00e9br\u00e9 par ses parents, Moussa Sanogo annonce le bitumage de l&#8217;axe N&#8217;Golodougou-Booko dans le d\u00e9partement de Koro en d\u00e9but 2022\"}]},{\"@type\":\"WebSite\",\"@id\":\"https:\/\/www.africa-press.net\/cotedivoire\/#website\",\"url\":\"https:\/\/www.africa-press.net\/cotedivoire\/\",\"name\":\"C\u00f4te d&#039;Ivoire\",\"description\":\"Just another Africa News Agency Sites site\",\"potentialAction\":[{\"@type\":\"SearchAction\",\"target\":{\"@type\":\"EntryPoint\",\"urlTemplate\":\"https:\/\/www.africa-press.net\/cotedivoire\/?s={search_term_string}\"},\"query-input\":{\"@type\":\"PropertyValueSpecification\",\"valueRequired\":true,\"valueName\":\"search_term_string\"}}],\"inLanguage\":\"fr-FR\"},{\"@type\":\"Person\",\"@id\":\"https:\/\/www.africa-press.net\/cotedivoire\/#\/schema\/person\/2b1cf3cd81a31e3cd26889ca66d677f1\",\"name\":\"cfeditorfr\"}]}<\/script>\n<!-- \/ Yoast SEO Premium plugin. -->","yoast_head_json":{"title":"Canton \u00ab Finan-Barala \u00bb, c\u00e9l\u00e9br\u00e9 par ses parents, Moussa Sanogo annonce le bitumage de l'axe N'Golodougou-Booko dans le d\u00e9partement de Koro en d\u00e9but 2022 - C\u00f4te d&#039;Ivoire","description":"La journ\u00e9e du samedi 18 d\u00e9cembre 2021 restera \u00e0 jamais grav\u00e9e en lettres d\u2019or dans la m\u00e9moire collective des populations ...","robots":{"index":"index","follow":"follow","max-snippet":"max-snippet:-1","max-image-preview":"max-image-preview:large","max-video-preview":"max-video-preview:-1"},"canonical":"https:\/\/www.africa-press.net\/cotedivoire\/politique\/canton-finan-barala-celebre-par-ses-parents-moussa-sanogo-annonce-le-bitumage-de-laxe-ngolodougou-booko-dans-le-departement-de-koro-en-debut-2022","og_locale":"fr_FR","og_type":"article","og_title":"Canton \u00ab Finan-Barala \u00bb, c\u00e9l\u00e9br\u00e9 par ses parents, Moussa Sanogo annonce le bitumage de l'axe N'Golodougou-Booko dans le d\u00e9partement de Koro en d\u00e9but 2022","og_description":"La journ\u00e9e du samedi 18 d\u00e9cembre 2021 restera \u00e0 jamais grav\u00e9e en lettres d\u2019or dans la m\u00e9moire collective des populations ...","og_url":"https:\/\/www.africa-press.net\/cotedivoire\/politique\/canton-finan-barala-celebre-par-ses-parents-moussa-sanogo-annonce-le-bitumage-de-laxe-ngolodougou-booko-dans-le-departement-de-koro-en-debut-2022","og_site_name":"C\u00f4te d&#039;Ivoire","article_published_time":"2021-12-20T17:44:16+00:00","og_image":[{"width":720,"height":478,"url":"https:\/\/static.africa-press.net\/cote\/sites\/43\/2021\/12\/img-61c0c0654506f.jpg","type":"image\/jpeg"}],"author":"cfeditorfr","twitter_card":"summary_large_image","twitter_misc":{"\u00c9crit par":"cfeditorfr","Dur\u00e9e de lecture estim\u00e9e":"2 minutes"},"schema":{"@context":"https:\/\/schema.org","@graph":[{"@type":"Article","@id":"https:\/\/www.africa-press.net\/cotedivoire\/politique\/canton-finan-barala-celebre-par-ses-parents-moussa-sanogo-annonce-le-bitumage-de-laxe-ngolodougou-booko-dans-le-departement-de-koro-en-debut-2022#article","isPartOf":{"@id":"https:\/\/www.africa-press.net\/cotedivoire\/politique\/canton-finan-barala-celebre-par-ses-parents-moussa-sanogo-annonce-le-bitumage-de-laxe-ngolodougou-booko-dans-le-departement-de-koro-en-debut-2022"},"author":{"name":"cfeditorfr","@id":"https:\/\/www.africa-press.net\/cotedivoire\/#\/schema\/person\/2b1cf3cd81a31e3cd26889ca66d677f1"},"headline":"Canton \u00ab Finan-Barala \u00bb, c\u00e9l\u00e9br\u00e9 par ses parents, Moussa Sanogo annonce le bitumage de l&rsquo;axe N&rsquo;Golodougou-Booko dans le d\u00e9partement de Koro en d\u00e9but 2022","datePublished":"2021-12-20T17:44:16+00:00","mainEntityOfPage":{"@id":"https:\/\/www.africa-press.net\/cotedivoire\/politique\/canton-finan-barala-celebre-par-ses-parents-moussa-sanogo-annonce-le-bitumage-de-laxe-ngolodougou-booko-dans-le-departement-de-koro-en-debut-2022"},"wordCount":401,"commentCount":0,"image":{"@id":"https:\/\/www.africa-press.net\/cotedivoire\/politique\/canton-finan-barala-celebre-par-ses-parents-moussa-sanogo-annonce-le-bitumage-de-laxe-ngolodougou-booko-dans-le-departement-de-koro-en-debut-2022#primaryimage"},"thumbnailUrl":"https:\/\/static.africa-press.net\/cote\/sites\/43\/2021\/12\/img-61c0c0654506f.jpg","keywords":["Africa Press","Africa Press-C\u00f4te d'Ivoire","C\u00d4TE D'IVOIRE","Finan-Barala","Moussa Sanogo"],"articleSection":["homepage-french","Politique","Toutes les actualit\u00e9s"],"inLanguage":"fr-FR","potentialAction":[{"@type":"CommentAction","name":"Comment","target":["https:\/\/www.africa-press.net\/cotedivoire\/politique\/canton-finan-barala-celebre-par-ses-parents-moussa-sanogo-annonce-le-bitumage-de-laxe-ngolodougou-booko-dans-le-departement-de-koro-en-debut-2022#respond"]}]},{"@type":"WebPage","@id":"https:\/\/www.africa-press.net\/cotedivoire\/politique\/canton-finan-barala-celebre-par-ses-parents-moussa-sanogo-annonce-le-bitumage-de-laxe-ngolodougou-booko-dans-le-departement-de-koro-en-debut-2022","url":"https:\/\/www.africa-press.net\/cotedivoire\/politique\/canton-finan-barala-celebre-par-ses-parents-moussa-sanogo-annonce-le-bitumage-de-laxe-ngolodougou-booko-dans-le-departement-de-koro-en-debut-2022","name":"Canton \u00ab Finan-Barala \u00bb, c\u00e9l\u00e9br\u00e9 par ses parents, Moussa Sanogo annonce le bitumage de l'axe N'Golodougou-Booko dans le d\u00e9partement de Koro en d\u00e9but 2022 - C\u00f4te d&#039;Ivoire","isPartOf":{"@id":"https:\/\/www.africa-press.net\/cotedivoire\/#website"},"primaryImageOfPage":{"@id":"https:\/\/www.africa-press.net\/cotedivoire\/politique\/canton-finan-barala-celebre-par-ses-parents-moussa-sanogo-annonce-le-bitumage-de-laxe-ngolodougou-booko-dans-le-departement-de-koro-en-debut-2022#primaryimage"},"image":{"@id":"https:\/\/www.africa-press.net\/cotedivoire\/politique\/canton-finan-barala-celebre-par-ses-parents-moussa-sanogo-annonce-le-bitumage-de-laxe-ngolodougou-booko-dans-le-departement-de-koro-en-debut-2022#primaryimage"},"thumbnailUrl":"https:\/\/static.africa-press.net\/cote\/sites\/43\/2021\/12\/img-61c0c0654506f.jpg","datePublished":"2021-12-20T17:44:16+00:00","author":{"@id":"https:\/\/www.africa-press.net\/cotedivoire\/#\/schema\/person\/2b1cf3cd81a31e3cd26889ca66d677f1"},"description":"La journ\u00e9e du samedi 18 d\u00e9cembre 2021 restera \u00e0 jamais grav\u00e9e en lettres d\u2019or dans la m\u00e9moire collective des populations ...","breadcrumb":{"@id":"https:\/\/www.africa-press.net\/cotedivoire\/politique\/canton-finan-barala-celebre-par-ses-parents-moussa-sanogo-annonce-le-bitumage-de-laxe-ngolodougou-booko-dans-le-departement-de-koro-en-debut-2022#breadcrumb"},"inLanguage":"fr-FR","potentialAction":[{"@type":"ReadAction","target":["https:\/\/www.africa-press.net\/cotedivoire\/politique\/canton-finan-barala-celebre-par-ses-parents-moussa-sanogo-annonce-le-bitumage-de-laxe-ngolodougou-booko-dans-le-departement-de-koro-en-debut-2022"]}]},{"@type":"ImageObject","inLanguage":"fr-FR","@id":"https:\/\/www.africa-press.net\/cotedivoire\/politique\/canton-finan-barala-celebre-par-ses-parents-moussa-sanogo-annonce-le-bitumage-de-laxe-ngolodougou-booko-dans-le-departement-de-koro-en-debut-2022#primaryimage","url":"https:\/\/static.africa-press.net\/cote\/sites\/43\/2021\/12\/img-61c0c0654506f.jpg","contentUrl":"https:\/\/static.africa-press.net\/cote\/sites\/43\/2021\/12\/img-61c0c0654506f.jpg","width":720,"height":478,"caption":"Canton \u00ab Finan-Barala \u00bb, c\u00e9l\u00e9br\u00e9 par ses parents, Moussa Sanogo annonce le bitumage de l'axe N'Golodougou-Booko dans le d\u00e9partement de Koro en d\u00e9but 2022"},{"@type":"BreadcrumbList","@id":"https:\/\/www.africa-press.net\/cotedivoire\/politique\/canton-finan-barala-celebre-par-ses-parents-moussa-sanogo-annonce-le-bitumage-de-laxe-ngolodougou-booko-dans-le-departement-de-koro-en-debut-2022#breadcrumb","itemListElement":[{"@type":"ListItem","position":1,"name":"Accueil","item":"https:\/\/www.africa-press.net\/cotedivoire\/"},{"@type":"ListItem","position":2,"name":"Canton \u00ab Finan-Barala \u00bb, c\u00e9l\u00e9br\u00e9 par ses parents, Moussa Sanogo annonce le bitumage de l&#8217;axe N&#8217;Golodougou-Booko dans le d\u00e9partement de Koro en d\u00e9but 2022"}]},{"@type":"WebSite","@id":"https:\/\/www.africa-press.net\/cotedivoire\/#website","url":"https:\/\/www.africa-press.net\/cotedivoire\/","name":"C\u00f4te d&#039;Ivoire","description":"Just another Africa News Agency Sites site","potentialAction":[{"@type":"SearchAction","target":{"@type":"EntryPoint","urlTemplate":"https:\/\/www.africa-press.net\/cotedivoire\/?s={search_term_string}"},"query-input":{"@type":"PropertyValueSpecification","valueRequired":true,"valueName":"search_term_string"}}],"inLanguage":"fr-FR"},{"@type":"Person","@id":"https:\/\/www.africa-press.net\/cotedivoire\/#\/schema\/person\/2b1cf3cd81a31e3cd26889ca66d677f1","name":"cfeditorfr"}]}},"_links":{"self":[{"href":"https:\/\/www.africa-press.net\/cotedivoire\/wp-json\/wp\/v2\/posts\/23621","targetHints":{"allow":["GET"]}}],"collection":[{"href":"https:\/\/www.africa-press.net\/cotedivoire\/wp-json\/wp\/v2\/posts"}],"about":[{"href":"https:\/\/www.africa-press.net\/cotedivoire\/wp-json\/wp\/v2\/types\/post"}],"author":[{"embeddable":true,"href":"https:\/\/www.africa-press.net\/cotedivoire\/wp-json\/wp\/v2\/users\/82"}],"replies":[{"embeddable":true,"href":"https:\/\/www.africa-press.net\/cotedivoire\/wp-json\/wp\/v2\/comments?post=23621"}],"version-history":[{"count":0,"href":"https:\/\/www.africa-press.net\/cotedivoire\/wp-json\/wp\/v2\/posts\/23621\/revisions"}],"wp:featuredmedia":[{"embeddable":true,"href":"https:\/\/www.africa-press.net\/cotedivoire\/wp-json\/wp\/v2\/media\/23620"}],"wp:attachment":[{"href":"https:\/\/www.africa-press.net\/cotedivoire\/wp-json\/wp\/v2\/media?parent=23621"}],"wp:term":[{"taxonomy":"category","embeddable":true,"href":"https:\/\/www.africa-press.net\/cotedivoire\/wp-json\/wp\/v2\/categories?post=23621"},{"taxonomy":"post_tag","embeddable":true,"href":"https:\/\/www.africa-press.net\/cotedivoire\/wp-json\/wp\/v2\/tags?post=23621"}],"curies":[{"name":"wp","href":"https:\/\/api.w.org\/{rel}","templated":true}]}}