{"id":23670,"date":"2021-12-20T19:48:33","date_gmt":"2021-12-20T19:48:33","guid":{"rendered":"https:\/\/www.africa-press.net\/cotedivoire\/?p=23670"},"modified":"2021-12-20T17:54:44","modified_gmt":"2021-12-20T17:54:44","slug":"georges-armand-ouegnin-depuis-bonoua-quand-vous-menez-le-combat-du-president-laurent-gbagbo-vous-ne-pouvez-que-reussir","status":"publish","type":"post","link":"https:\/\/www.africa-press.net\/cotedivoire\/politique\/georges-armand-ouegnin-depuis-bonoua-quand-vous-menez-le-combat-du-president-laurent-gbagbo-vous-ne-pouvez-que-reussir","title":{"rendered":"Georges Armand Ou\u00e9gnin depuis Bonoua, \u00ab Quand vous menez le combat du pr\u00e9sident Laurent Gbagbo, vous ne pouvez que r\u00e9ussir \u00bb"},"content":{"rendered":"<p><span style=\"color: #ff6600\"><strong>Africa-Press &#8211; C\u00f4te d&rsquo;Ivoire. <\/strong><\/span>Armand Ou\u00e9gnin dimanche \u00e0 Bonoua (Ph)<\/p>\n<p>Georges Armand Ou\u00e9gnin a \u00e9t\u00e9 c\u00e9l\u00e9br\u00e9 le week-end dernier par ses parents de Bonoua pour sa nomination au poste Conseil Strat\u00e9gique et Politique (CSP) du parti des peuples Africains de C\u00f4te d\u2019Ivoire (PPA-CI).<\/p>\n<p>Dans son discours de remerciement, il est revenu sur les raisons de son combat aupr\u00e8s de Laurent Gbagbo. Pour ce dernier, c\u2019est combat noble, car selon lui, son leader est pour le peuple et incarne la justice.<\/p>\n<p>\u00ab Quand vous menez le combat du pr\u00e9sident Laurent Gbagbo, vous ne pouvez que r\u00e9ussir . Parce que c\u2019est un combat pour tout le monde, pour le peuple, pour la C\u00f4te d\u2019Ivoire, c\u2019est le combat de la justice. J\u2019ai toujours cru que le pr\u00e9sident Laurent Gbagbo reviendrait parce que le combat de ce grand homme n\u2019allait pas s\u2019arr\u00eater comme \u00e7a. Il a encore beaucoup \u00e0 faire pour la C\u00f4te d\u2019Ivoire \u00bb, a soutenu le pr\u00e9sident de la plateforme, Ensemble Pour la D\u00e9mocratie et la Souverainet\u00e9 ((EDS).<\/p>\n<p>Donatien Kautcha, Abidjan<\/p>\n<p><strong>Pour plus d&rsquo;informations et d&rsquo;analyses sur la <a href=\"https:\/\/www.africa-press.net\/cotedivoire\">C\u00f4te d&rsquo;Ivoire<\/a>, suivez <a href=\"https:\/\/www.africa-press.net\/\">Africa-Press<\/a><\/strong><\/p>\n","protected":false},"excerpt":{"rendered":"<p>Africa-Press &#8211; C\u00f4te d&rsquo;Ivoire. Armand Ou\u00e9gnin dimanche \u00e0 Bonoua (Ph) Georges Armand Ou\u00e9gnin a \u00e9t\u00e9 c\u00e9l\u00e9br\u00e9 le week-end dernier par ses parents de Bonoua pour sa nomination au poste Conseil Strat\u00e9gique et Politique (CSP) du parti des peuples Africains de C\u00f4te d\u2019Ivoire (PPA-CI). Dans son discours de remerciement, il est revenu sur les raisons de [&hellip;]<\/p>\n","protected":false},"author":82,"featured_media":23669,"comment_status":"open","ping_status":"closed","sticky":false,"template":"","format":"standard","meta":{"footnotes":""},"categories":[11,2,10],"tags":[56,63,3452,1004,29,355,55,50,3451,1952],"class_list":["post-23670","post","type-post","status-publish","format-standard","has-post-thumbnail","hentry","category-homepage-french","category-politique","category-toutes-les-actualites","tag-africa-press","tag-africa-press-cote-divoire","tag-armand-ouegnin","tag-bonoua","tag-cote-divoire","tag-eds","tag-justice","tag-laurent-gbagbo","tag-peuple","tag-ppa-ci"],"yoast_head":"<!-- This site is optimized with the Yoast SEO Premium plugin v26.1 (Yoast SEO v27.0) - https:\/\/yoast.com\/product\/yoast-seo-premium-wordpress\/ -->\n<title>Georges Armand Ou\u00e9gnin depuis Bonoua, \u00ab Quand vous menez le combat du pr\u00e9sident Laurent Gbagbo, vous ne pouvez que r\u00e9ussir \u00bb - C\u00f4te d&#039;Ivoire<\/title>\n<meta name=\"description\" content=\"Armand Ou\u00e9gnin dimanche \u00e0 Bonoua (Ph) Georges Armand Ou\u00e9gnin a \u00e9t\u00e9 c\u00e9l\u00e9br\u00e9 le week-end dernier par ses parents de Bonou ...\" \/>\n<meta name=\"robots\" content=\"index, follow, max-snippet:-1, max-image-preview:large, max-video-preview:-1\" \/>\n<link rel=\"canonical\" href=\"https:\/\/www.africa-press.net\/cotedivoire\/politique\/georges-armand-ouegnin-depuis-bonoua-quand-vous-menez-le-combat-du-president-laurent-gbagbo-vous-ne-pouvez-que-reussir\" \/>\n<meta property=\"og:locale\" content=\"fr_FR\" \/>\n<meta property=\"og:type\" content=\"article\" \/>\n<meta property=\"og:title\" content=\"Georges Armand Ou\u00e9gnin depuis Bonoua, \u00ab Quand vous menez le combat du pr\u00e9sident Laurent Gbagbo, vous ne pouvez que r\u00e9ussir \u00bb\" \/>\n<meta property=\"og:description\" content=\"Armand Ou\u00e9gnin dimanche \u00e0 Bonoua (Ph) Georges Armand Ou\u00e9gnin a \u00e9t\u00e9 c\u00e9l\u00e9br\u00e9 le week-end dernier par ses parents de Bonou ...\" \/>\n<meta property=\"og:url\" content=\"https:\/\/www.africa-press.net\/cotedivoire\/politique\/georges-armand-ouegnin-depuis-bonoua-quand-vous-menez-le-combat-du-president-laurent-gbagbo-vous-ne-pouvez-que-reussir\" \/>\n<meta property=\"og:site_name\" content=\"C\u00f4te d&#039;Ivoire\" \/>\n<meta property=\"article:published_time\" content=\"2021-12-20T19:48:33+00:00\" \/>\n<meta property=\"og:image\" content=\"https:\/\/static.africa-press.net\/cote\/sites\/43\/2021\/12\/img-61c0c3458b9df.jpg\" \/>\n\t<meta property=\"og:image:width\" content=\"720\" \/>\n\t<meta property=\"og:image:height\" content=\"540\" \/>\n\t<meta property=\"og:image:type\" content=\"image\/jpeg\" \/>\n<meta name=\"author\" content=\"cfeditorfr\" \/>\n<meta name=\"twitter:card\" content=\"summary_large_image\" \/>\n<meta name=\"twitter:label1\" content=\"\u00c9crit par\" \/>\n\t<meta name=\"twitter:data1\" content=\"cfeditorfr\" \/>\n\t<meta name=\"twitter:label2\" content=\"Dur\u00e9e de lecture estim\u00e9e\" \/>\n\t<meta name=\"twitter:data2\" content=\"1 minute\" \/>\n<script type=\"application\/ld+json\" class=\"yoast-schema-graph\">{\"@context\":\"https:\/\/schema.org\",\"@graph\":[{\"@type\":\"Article\",\"@id\":\"https:\/\/www.africa-press.net\/cotedivoire\/politique\/georges-armand-ouegnin-depuis-bonoua-quand-vous-menez-le-combat-du-president-laurent-gbagbo-vous-ne-pouvez-que-reussir#article\",\"isPartOf\":{\"@id\":\"https:\/\/www.africa-press.net\/cotedivoire\/politique\/georges-armand-ouegnin-depuis-bonoua-quand-vous-menez-le-combat-du-president-laurent-gbagbo-vous-ne-pouvez-que-reussir\"},\"author\":{\"name\":\"cfeditorfr\",\"@id\":\"https:\/\/www.africa-press.net\/cotedivoire\/#\/schema\/person\/2b1cf3cd81a31e3cd26889ca66d677f1\"},\"headline\":\"Georges Armand Ou\u00e9gnin depuis Bonoua, \u00ab Quand vous menez le combat du pr\u00e9sident Laurent Gbagbo, vous ne pouvez que r\u00e9ussir \u00bb\",\"datePublished\":\"2021-12-20T19:48:33+00:00\",\"mainEntityOfPage\":{\"@id\":\"https:\/\/www.africa-press.net\/cotedivoire\/politique\/georges-armand-ouegnin-depuis-bonoua-quand-vous-menez-le-combat-du-president-laurent-gbagbo-vous-ne-pouvez-que-reussir\"},\"wordCount\":227,\"commentCount\":0,\"image\":{\"@id\":\"https:\/\/www.africa-press.net\/cotedivoire\/politique\/georges-armand-ouegnin-depuis-bonoua-quand-vous-menez-le-combat-du-president-laurent-gbagbo-vous-ne-pouvez-que-reussir#primaryimage\"},\"thumbnailUrl\":\"https:\/\/static.africa-press.net\/cote\/sites\/43\/2021\/12\/img-61c0c3458b9df.jpg\",\"keywords\":[\"Africa Press\",\"Africa Press-C\u00f4te d'Ivoire\",\"Armand Ou\u00e9gnin\",\"Bonoua\",\"C\u00d4TE D'IVOIRE\",\"EDS\",\"Justice\",\"Laurent Gbagbo\",\"peuple\",\"PPA-CI\"],\"articleSection\":[\"homepage-french\",\"Politique\",\"Toutes les actualit\u00e9s\"],\"inLanguage\":\"fr-FR\",\"potentialAction\":[{\"@type\":\"CommentAction\",\"name\":\"Comment\",\"target\":[\"https:\/\/www.africa-press.net\/cotedivoire\/politique\/georges-armand-ouegnin-depuis-bonoua-quand-vous-menez-le-combat-du-president-laurent-gbagbo-vous-ne-pouvez-que-reussir#respond\"]}]},{\"@type\":\"WebPage\",\"@id\":\"https:\/\/www.africa-press.net\/cotedivoire\/politique\/georges-armand-ouegnin-depuis-bonoua-quand-vous-menez-le-combat-du-president-laurent-gbagbo-vous-ne-pouvez-que-reussir\",\"url\":\"https:\/\/www.africa-press.net\/cotedivoire\/politique\/georges-armand-ouegnin-depuis-bonoua-quand-vous-menez-le-combat-du-president-laurent-gbagbo-vous-ne-pouvez-que-reussir\",\"name\":\"Georges Armand Ou\u00e9gnin depuis Bonoua, \u00ab Quand vous menez le combat du pr\u00e9sident Laurent Gbagbo, vous ne pouvez que r\u00e9ussir \u00bb - C\u00f4te d&#039;Ivoire\",\"isPartOf\":{\"@id\":\"https:\/\/www.africa-press.net\/cotedivoire\/#website\"},\"primaryImageOfPage\":{\"@id\":\"https:\/\/www.africa-press.net\/cotedivoire\/politique\/georges-armand-ouegnin-depuis-bonoua-quand-vous-menez-le-combat-du-president-laurent-gbagbo-vous-ne-pouvez-que-reussir#primaryimage\"},\"image\":{\"@id\":\"https:\/\/www.africa-press.net\/cotedivoire\/politique\/georges-armand-ouegnin-depuis-bonoua-quand-vous-menez-le-combat-du-president-laurent-gbagbo-vous-ne-pouvez-que-reussir#primaryimage\"},\"thumbnailUrl\":\"https:\/\/static.africa-press.net\/cote\/sites\/43\/2021\/12\/img-61c0c3458b9df.jpg\",\"datePublished\":\"2021-12-20T19:48:33+00:00\",\"author\":{\"@id\":\"https:\/\/www.africa-press.net\/cotedivoire\/#\/schema\/person\/2b1cf3cd81a31e3cd26889ca66d677f1\"},\"description\":\"Armand Ou\u00e9gnin dimanche \u00e0 Bonoua (Ph) Georges Armand Ou\u00e9gnin a \u00e9t\u00e9 c\u00e9l\u00e9br\u00e9 le week-end dernier par ses parents de Bonou ...\",\"breadcrumb\":{\"@id\":\"https:\/\/www.africa-press.net\/cotedivoire\/politique\/georges-armand-ouegnin-depuis-bonoua-quand-vous-menez-le-combat-du-president-laurent-gbagbo-vous-ne-pouvez-que-reussir#breadcrumb\"},\"inLanguage\":\"fr-FR\",\"potentialAction\":[{\"@type\":\"ReadAction\",\"target\":[\"https:\/\/www.africa-press.net\/cotedivoire\/politique\/georges-armand-ouegnin-depuis-bonoua-quand-vous-menez-le-combat-du-president-laurent-gbagbo-vous-ne-pouvez-que-reussir\"]}]},{\"@type\":\"ImageObject\",\"inLanguage\":\"fr-FR\",\"@id\":\"https:\/\/www.africa-press.net\/cotedivoire\/politique\/georges-armand-ouegnin-depuis-bonoua-quand-vous-menez-le-combat-du-president-laurent-gbagbo-vous-ne-pouvez-que-reussir#primaryimage\",\"url\":\"https:\/\/static.africa-press.net\/cote\/sites\/43\/2021\/12\/img-61c0c3458b9df.jpg\",\"contentUrl\":\"https:\/\/static.africa-press.net\/cote\/sites\/43\/2021\/12\/img-61c0c3458b9df.jpg\",\"width\":720,\"height\":540,\"caption\":\"Georges Armand Ou\u00e9gnin depuis Bonoua, \u00ab Quand vous menez le combat du pr\u00e9sident Laurent Gbagbo, vous ne pouvez que r\u00e9ussir \u00bb\"},{\"@type\":\"BreadcrumbList\",\"@id\":\"https:\/\/www.africa-press.net\/cotedivoire\/politique\/georges-armand-ouegnin-depuis-bonoua-quand-vous-menez-le-combat-du-president-laurent-gbagbo-vous-ne-pouvez-que-reussir#breadcrumb\",\"itemListElement\":[{\"@type\":\"ListItem\",\"position\":1,\"name\":\"Accueil\",\"item\":\"https:\/\/www.africa-press.net\/cotedivoire\/\"},{\"@type\":\"ListItem\",\"position\":2,\"name\":\"Georges Armand Ou\u00e9gnin depuis Bonoua, \u00ab Quand vous menez le combat du pr\u00e9sident Laurent Gbagbo, vous ne pouvez que r\u00e9ussir \u00bb\"}]},{\"@type\":\"WebSite\",\"@id\":\"https:\/\/www.africa-press.net\/cotedivoire\/#website\",\"url\":\"https:\/\/www.africa-press.net\/cotedivoire\/\",\"name\":\"C\u00f4te d&#039;Ivoire\",\"description\":\"Just another Africa News Agency Sites site\",\"potentialAction\":[{\"@type\":\"SearchAction\",\"target\":{\"@type\":\"EntryPoint\",\"urlTemplate\":\"https:\/\/www.africa-press.net\/cotedivoire\/?s={search_term_string}\"},\"query-input\":{\"@type\":\"PropertyValueSpecification\",\"valueRequired\":true,\"valueName\":\"search_term_string\"}}],\"inLanguage\":\"fr-FR\"},{\"@type\":\"Person\",\"@id\":\"https:\/\/www.africa-press.net\/cotedivoire\/#\/schema\/person\/2b1cf3cd81a31e3cd26889ca66d677f1\",\"name\":\"cfeditorfr\"}]}<\/script>\n<!-- \/ Yoast SEO Premium plugin. -->","yoast_head_json":{"title":"Georges Armand Ou\u00e9gnin depuis Bonoua, \u00ab Quand vous menez le combat du pr\u00e9sident Laurent Gbagbo, vous ne pouvez que r\u00e9ussir \u00bb - C\u00f4te d&#039;Ivoire","description":"Armand Ou\u00e9gnin dimanche \u00e0 Bonoua (Ph) Georges Armand Ou\u00e9gnin a \u00e9t\u00e9 c\u00e9l\u00e9br\u00e9 le week-end dernier par ses parents de Bonou ...","robots":{"index":"index","follow":"follow","max-snippet":"max-snippet:-1","max-image-preview":"max-image-preview:large","max-video-preview":"max-video-preview:-1"},"canonical":"https:\/\/www.africa-press.net\/cotedivoire\/politique\/georges-armand-ouegnin-depuis-bonoua-quand-vous-menez-le-combat-du-president-laurent-gbagbo-vous-ne-pouvez-que-reussir","og_locale":"fr_FR","og_type":"article","og_title":"Georges Armand Ou\u00e9gnin depuis Bonoua, \u00ab Quand vous menez le combat du pr\u00e9sident Laurent Gbagbo, vous ne pouvez que r\u00e9ussir \u00bb","og_description":"Armand Ou\u00e9gnin dimanche \u00e0 Bonoua (Ph) Georges Armand Ou\u00e9gnin a \u00e9t\u00e9 c\u00e9l\u00e9br\u00e9 le week-end dernier par ses parents de Bonou ...","og_url":"https:\/\/www.africa-press.net\/cotedivoire\/politique\/georges-armand-ouegnin-depuis-bonoua-quand-vous-menez-le-combat-du-president-laurent-gbagbo-vous-ne-pouvez-que-reussir","og_site_name":"C\u00f4te d&#039;Ivoire","article_published_time":"2021-12-20T19:48:33+00:00","og_image":[{"width":720,"height":540,"url":"https:\/\/static.africa-press.net\/cote\/sites\/43\/2021\/12\/img-61c0c3458b9df.jpg","type":"image\/jpeg"}],"author":"cfeditorfr","twitter_card":"summary_large_image","twitter_misc":{"\u00c9crit par":"cfeditorfr","Dur\u00e9e de lecture estim\u00e9e":"1 minute"},"schema":{"@context":"https:\/\/schema.org","@graph":[{"@type":"Article","@id":"https:\/\/www.africa-press.net\/cotedivoire\/politique\/georges-armand-ouegnin-depuis-bonoua-quand-vous-menez-le-combat-du-president-laurent-gbagbo-vous-ne-pouvez-que-reussir#article","isPartOf":{"@id":"https:\/\/www.africa-press.net\/cotedivoire\/politique\/georges-armand-ouegnin-depuis-bonoua-quand-vous-menez-le-combat-du-president-laurent-gbagbo-vous-ne-pouvez-que-reussir"},"author":{"name":"cfeditorfr","@id":"https:\/\/www.africa-press.net\/cotedivoire\/#\/schema\/person\/2b1cf3cd81a31e3cd26889ca66d677f1"},"headline":"Georges Armand Ou\u00e9gnin depuis Bonoua, \u00ab Quand vous menez le combat du pr\u00e9sident Laurent Gbagbo, vous ne pouvez que r\u00e9ussir \u00bb","datePublished":"2021-12-20T19:48:33+00:00","mainEntityOfPage":{"@id":"https:\/\/www.africa-press.net\/cotedivoire\/politique\/georges-armand-ouegnin-depuis-bonoua-quand-vous-menez-le-combat-du-president-laurent-gbagbo-vous-ne-pouvez-que-reussir"},"wordCount":227,"commentCount":0,"image":{"@id":"https:\/\/www.africa-press.net\/cotedivoire\/politique\/georges-armand-ouegnin-depuis-bonoua-quand-vous-menez-le-combat-du-president-laurent-gbagbo-vous-ne-pouvez-que-reussir#primaryimage"},"thumbnailUrl":"https:\/\/static.africa-press.net\/cote\/sites\/43\/2021\/12\/img-61c0c3458b9df.jpg","keywords":["Africa Press","Africa Press-C\u00f4te d'Ivoire","Armand Ou\u00e9gnin","Bonoua","C\u00d4TE D'IVOIRE","EDS","Justice","Laurent Gbagbo","peuple","PPA-CI"],"articleSection":["homepage-french","Politique","Toutes les actualit\u00e9s"],"inLanguage":"fr-FR","potentialAction":[{"@type":"CommentAction","name":"Comment","target":["https:\/\/www.africa-press.net\/cotedivoire\/politique\/georges-armand-ouegnin-depuis-bonoua-quand-vous-menez-le-combat-du-president-laurent-gbagbo-vous-ne-pouvez-que-reussir#respond"]}]},{"@type":"WebPage","@id":"https:\/\/www.africa-press.net\/cotedivoire\/politique\/georges-armand-ouegnin-depuis-bonoua-quand-vous-menez-le-combat-du-president-laurent-gbagbo-vous-ne-pouvez-que-reussir","url":"https:\/\/www.africa-press.net\/cotedivoire\/politique\/georges-armand-ouegnin-depuis-bonoua-quand-vous-menez-le-combat-du-president-laurent-gbagbo-vous-ne-pouvez-que-reussir","name":"Georges Armand Ou\u00e9gnin depuis Bonoua, \u00ab Quand vous menez le combat du pr\u00e9sident Laurent Gbagbo, vous ne pouvez que r\u00e9ussir \u00bb - C\u00f4te d&#039;Ivoire","isPartOf":{"@id":"https:\/\/www.africa-press.net\/cotedivoire\/#website"},"primaryImageOfPage":{"@id":"https:\/\/www.africa-press.net\/cotedivoire\/politique\/georges-armand-ouegnin-depuis-bonoua-quand-vous-menez-le-combat-du-president-laurent-gbagbo-vous-ne-pouvez-que-reussir#primaryimage"},"image":{"@id":"https:\/\/www.africa-press.net\/cotedivoire\/politique\/georges-armand-ouegnin-depuis-bonoua-quand-vous-menez-le-combat-du-president-laurent-gbagbo-vous-ne-pouvez-que-reussir#primaryimage"},"thumbnailUrl":"https:\/\/static.africa-press.net\/cote\/sites\/43\/2021\/12\/img-61c0c3458b9df.jpg","datePublished":"2021-12-20T19:48:33+00:00","author":{"@id":"https:\/\/www.africa-press.net\/cotedivoire\/#\/schema\/person\/2b1cf3cd81a31e3cd26889ca66d677f1"},"description":"Armand Ou\u00e9gnin dimanche \u00e0 Bonoua (Ph) Georges Armand Ou\u00e9gnin a \u00e9t\u00e9 c\u00e9l\u00e9br\u00e9 le week-end dernier par ses parents de Bonou ...","breadcrumb":{"@id":"https:\/\/www.africa-press.net\/cotedivoire\/politique\/georges-armand-ouegnin-depuis-bonoua-quand-vous-menez-le-combat-du-president-laurent-gbagbo-vous-ne-pouvez-que-reussir#breadcrumb"},"inLanguage":"fr-FR","potentialAction":[{"@type":"ReadAction","target":["https:\/\/www.africa-press.net\/cotedivoire\/politique\/georges-armand-ouegnin-depuis-bonoua-quand-vous-menez-le-combat-du-president-laurent-gbagbo-vous-ne-pouvez-que-reussir"]}]},{"@type":"ImageObject","inLanguage":"fr-FR","@id":"https:\/\/www.africa-press.net\/cotedivoire\/politique\/georges-armand-ouegnin-depuis-bonoua-quand-vous-menez-le-combat-du-president-laurent-gbagbo-vous-ne-pouvez-que-reussir#primaryimage","url":"https:\/\/static.africa-press.net\/cote\/sites\/43\/2021\/12\/img-61c0c3458b9df.jpg","contentUrl":"https:\/\/static.africa-press.net\/cote\/sites\/43\/2021\/12\/img-61c0c3458b9df.jpg","width":720,"height":540,"caption":"Georges Armand Ou\u00e9gnin depuis Bonoua, \u00ab Quand vous menez le combat du pr\u00e9sident Laurent Gbagbo, vous ne pouvez que r\u00e9ussir \u00bb"},{"@type":"BreadcrumbList","@id":"https:\/\/www.africa-press.net\/cotedivoire\/politique\/georges-armand-ouegnin-depuis-bonoua-quand-vous-menez-le-combat-du-president-laurent-gbagbo-vous-ne-pouvez-que-reussir#breadcrumb","itemListElement":[{"@type":"ListItem","position":1,"name":"Accueil","item":"https:\/\/www.africa-press.net\/cotedivoire\/"},{"@type":"ListItem","position":2,"name":"Georges Armand Ou\u00e9gnin depuis Bonoua, \u00ab Quand vous menez le combat du pr\u00e9sident Laurent Gbagbo, vous ne pouvez que r\u00e9ussir \u00bb"}]},{"@type":"WebSite","@id":"https:\/\/www.africa-press.net\/cotedivoire\/#website","url":"https:\/\/www.africa-press.net\/cotedivoire\/","name":"C\u00f4te d&#039;Ivoire","description":"Just another Africa News Agency Sites site","potentialAction":[{"@type":"SearchAction","target":{"@type":"EntryPoint","urlTemplate":"https:\/\/www.africa-press.net\/cotedivoire\/?s={search_term_string}"},"query-input":{"@type":"PropertyValueSpecification","valueRequired":true,"valueName":"search_term_string"}}],"inLanguage":"fr-FR"},{"@type":"Person","@id":"https:\/\/www.africa-press.net\/cotedivoire\/#\/schema\/person\/2b1cf3cd81a31e3cd26889ca66d677f1","name":"cfeditorfr"}]}},"_links":{"self":[{"href":"https:\/\/www.africa-press.net\/cotedivoire\/wp-json\/wp\/v2\/posts\/23670","targetHints":{"allow":["GET"]}}],"collection":[{"href":"https:\/\/www.africa-press.net\/cotedivoire\/wp-json\/wp\/v2\/posts"}],"about":[{"href":"https:\/\/www.africa-press.net\/cotedivoire\/wp-json\/wp\/v2\/types\/post"}],"author":[{"embeddable":true,"href":"https:\/\/www.africa-press.net\/cotedivoire\/wp-json\/wp\/v2\/users\/82"}],"replies":[{"embeddable":true,"href":"https:\/\/www.africa-press.net\/cotedivoire\/wp-json\/wp\/v2\/comments?post=23670"}],"version-history":[{"count":0,"href":"https:\/\/www.africa-press.net\/cotedivoire\/wp-json\/wp\/v2\/posts\/23670\/revisions"}],"wp:featuredmedia":[{"embeddable":true,"href":"https:\/\/www.africa-press.net\/cotedivoire\/wp-json\/wp\/v2\/media\/23669"}],"wp:attachment":[{"href":"https:\/\/www.africa-press.net\/cotedivoire\/wp-json\/wp\/v2\/media?parent=23670"}],"wp:term":[{"taxonomy":"category","embeddable":true,"href":"https:\/\/www.africa-press.net\/cotedivoire\/wp-json\/wp\/v2\/categories?post=23670"},{"taxonomy":"post_tag","embeddable":true,"href":"https:\/\/www.africa-press.net\/cotedivoire\/wp-json\/wp\/v2\/tags?post=23670"}],"curies":[{"name":"wp","href":"https:\/\/api.w.org\/{rel}","templated":true}]}}