{"id":24400,"date":"2021-12-31T20:00:52","date_gmt":"2021-12-31T20:00:52","guid":{"rendered":"https:\/\/www.africa-press.net\/cotedivoire\/?p=24400"},"modified":"2021-12-31T18:36:10","modified_gmt":"2021-12-31T18:36:10","slug":"tanda-un-jeune-recoit-une-decharge-de-calibre-12-dans-la-jambe-apres-le-vol-dun-porc","status":"publish","type":"post","link":"https:\/\/www.africa-press.net\/cotedivoire\/toutes-les-actualites\/tanda-un-jeune-recoit-une-decharge-de-calibre-12-dans-la-jambe-apres-le-vol-dun-porc","title":{"rendered":"Tanda, un jeune re\u00e7oit une d\u00e9charge de calibre 12 dans la jambe apr\u00e8s le vol d&rsquo;un porc"},"content":{"rendered":"<p><span style=\"color: #ff6600\"><strong>Africa-Press &#8211; C\u00f4te d&rsquo;Ivoire. <\/strong><\/span><b>h\u00f4pital g\u00e9n\u00e9ral de Tanda (Ph KOACI)<\/b><\/p>\n<p>Abdoulaye, une jeune de plus d&rsquo;une trentaine va certainement se faire amputer la jambe si les dieux de la chance ne sont pas avec lui.<\/p>\n<p>C&rsquo;est \u00e0 la suite d&rsquo;un vol de porc dans une ferme que ce jeune de 35 ans a re\u00e7u une d\u00e9charge de fusil calibre 12 dans sa jambe dans la nuit du mardi 28 d\u00e9cembre 2021.<\/p>\n<p>Le malheureux a \u00e9t\u00e9 d\u00e9couvert baignant dans une mare de sang hier mercredi 29 d\u00e9cembre 2021 au quartier Muvep de Tanda, au Nord-Est de la C\u00f4te d&rsquo;Ivoire, dans la r\u00e9gion du Gontougo, apprend KOACI de sources s\u00e9curitaires.<\/p>\n<p>Donnant sa version des faits, le jeune Abdoulaye fait savoir qu&rsquo;il aurait re\u00e7u un appel de ses amis l\u2019invitant \u00e0 venir partager de la viande de porc.<\/p>\n<p>Cette viande que les amis du jeune Abdoulaye venaient de voler dans la ferme situ\u00e9e non loin du barrage de la ville allait \u00eatre une source de malheur pour le jeune de 35 ans.<\/p>\n<p>Tout heureux, ce dernier se d\u00e9p\u00eache donc aupr\u00e8s de ses amis pour d\u00e9pecer la b\u00eate vol\u00e9e et passer \u00e0 la cuisine.<\/p>\n<p>Ces jeunes \u00e9taient en train de nettoyer la b\u00eate pour passer aux choses s\u00e9rieuses quand l&rsquo;affaire va prendre une autre tournure.<\/p>\n<p>Sur les lieux o\u00f9 devait se passer la d\u00e9gustation, deux hommes, sans nul doute les propri\u00e9taires vont faire leur apparition, l&rsquo;un avec un fusil de type calibre 12.<\/p>\n<p>A la vue de ces quidams, les jeunes vont prendre la poudre d&rsquo;escampette. Dans leur fuite, Abdoulaye re\u00e7oit une d\u00e9charge de calibre 12 dans la jambe et s&rsquo;\u00e9croule.<\/p>\n<p>Abdoulaye r\u00e9ussi tout de m\u00eame \u00e0 ramper pour se retrouver au quartier Muvep de Tanda, baignant dans une mare de sang.<\/p>\n<p>\u00c9vacuer \u00e0 l&rsquo;h\u00f4pital g\u00e9n\u00e9ral de Tanda, l&rsquo;\u00e9tat de la jambe du pr\u00e9sum\u00e9 voleur de porc a suscit\u00e9 qu&rsquo;il soit transf\u00e9r\u00e9 au Centre hospitalier r\u00e9gional (CHR) de Bondoukou, pour une meilleure prise en charge.<\/p>\n<p>Jean Chr\u00e9sus, Abidjan<\/p>\n<p><strong>Pour plus d&rsquo;informations et d&rsquo;analyses sur la <a href=\"https:\/\/www.africa-press.net\/cotedivoire\">C\u00f4te d&rsquo;Ivoire<\/a>, suivez <a href=\"https:\/\/www.africa-press.net\/\">Africa-Press<\/a><\/strong><\/p>\n","protected":false},"excerpt":{"rendered":"<p>Africa-Press &#8211; C\u00f4te d&rsquo;Ivoire. h\u00f4pital g\u00e9n\u00e9ral de Tanda (Ph KOACI) Abdoulaye, une jeune de plus d&rsquo;une trentaine va certainement se faire amputer la jambe si les dieux de la chance ne sont pas avec lui. C&rsquo;est \u00e0 la suite d&rsquo;un vol de porc dans une ferme que ce jeune de 35 ans a re\u00e7u une [&hellip;]<\/p>\n","protected":false},"author":82,"featured_media":24399,"comment_status":"open","ping_status":"closed","sticky":false,"template":"","format":"standard","meta":{"footnotes":""},"categories":[21,11,10],"tags":[3642,56,63,3086,29,2849,3640,3643,3641],"class_list":["post-24400","post","type-post","status-publish","format-standard","has-post-thumbnail","hentry","category-communaute","category-homepage-french","category-toutes-les-actualites","tag-abdoulaye","tag-africa-press","tag-africa-press-cote-divoire","tag-chr","tag-cote-divoire","tag-gontougo","tag-muvep","tag-porc","tag-tanda"],"yoast_head":"<!-- This site is optimized with the Yoast SEO Premium plugin v26.1 (Yoast SEO v27.0) - https:\/\/yoast.com\/product\/yoast-seo-premium-wordpress\/ -->\n<title>Tanda, un jeune re\u00e7oit une d\u00e9charge de calibre 12 dans la jambe apr\u00e8s le vol d&#039;un porc - C\u00f4te d&#039;Ivoire<\/title>\n<meta name=\"description\" content=\"h\u00f4pital g\u00e9n\u00e9ral de Tanda (Ph KOACI) Abdoulaye, une jeune de plus d&#039;une trentaine va certainement se faire ampute ...\" \/>\n<meta name=\"robots\" content=\"index, follow, max-snippet:-1, max-image-preview:large, max-video-preview:-1\" \/>\n<link rel=\"canonical\" href=\"https:\/\/www.africa-press.net\/cotedivoire\/toutes-les-actualites\/tanda-un-jeune-recoit-une-decharge-de-calibre-12-dans-la-jambe-apres-le-vol-dun-porc\" \/>\n<meta property=\"og:locale\" content=\"fr_FR\" \/>\n<meta property=\"og:type\" content=\"article\" \/>\n<meta property=\"og:title\" content=\"Tanda, un jeune re\u00e7oit une d\u00e9charge de calibre 12 dans la jambe apr\u00e8s le vol d&#039;un porc\" \/>\n<meta property=\"og:description\" content=\"h\u00f4pital g\u00e9n\u00e9ral de Tanda (Ph KOACI) Abdoulaye, une jeune de plus d&#039;une trentaine va certainement se faire ampute ...\" \/>\n<meta property=\"og:url\" content=\"https:\/\/www.africa-press.net\/cotedivoire\/toutes-les-actualites\/tanda-un-jeune-recoit-une-decharge-de-calibre-12-dans-la-jambe-apres-le-vol-dun-porc\" \/>\n<meta property=\"og:site_name\" content=\"C\u00f4te d&#039;Ivoire\" \/>\n<meta property=\"article:published_time\" content=\"2021-12-31T20:00:52+00:00\" \/>\n<meta property=\"og:image\" content=\"https:\/\/static.africa-press.net\/cote\/sites\/43\/2021\/12\/img-61cf4d757bae1.jpg\" \/>\n\t<meta property=\"og:image:width\" content=\"720\" \/>\n\t<meta property=\"og:image:height\" content=\"459\" \/>\n\t<meta property=\"og:image:type\" content=\"image\/jpeg\" \/>\n<meta name=\"author\" content=\"cfeditorfr\" \/>\n<meta name=\"twitter:card\" content=\"summary_large_image\" \/>\n<meta name=\"twitter:label1\" content=\"\u00c9crit par\" \/>\n\t<meta name=\"twitter:data1\" content=\"cfeditorfr\" \/>\n\t<meta name=\"twitter:label2\" content=\"Dur\u00e9e de lecture estim\u00e9e\" \/>\n\t<meta name=\"twitter:data2\" content=\"2 minutes\" \/>\n<script type=\"application\/ld+json\" class=\"yoast-schema-graph\">{\"@context\":\"https:\/\/schema.org\",\"@graph\":[{\"@type\":\"Article\",\"@id\":\"https:\/\/www.africa-press.net\/cotedivoire\/toutes-les-actualites\/tanda-un-jeune-recoit-une-decharge-de-calibre-12-dans-la-jambe-apres-le-vol-dun-porc#article\",\"isPartOf\":{\"@id\":\"https:\/\/www.africa-press.net\/cotedivoire\/toutes-les-actualites\/tanda-un-jeune-recoit-une-decharge-de-calibre-12-dans-la-jambe-apres-le-vol-dun-porc\"},\"author\":{\"name\":\"cfeditorfr\",\"@id\":\"https:\/\/www.africa-press.net\/cotedivoire\/#\/schema\/person\/2b1cf3cd81a31e3cd26889ca66d677f1\"},\"headline\":\"Tanda, un jeune re\u00e7oit une d\u00e9charge de calibre 12 dans la jambe apr\u00e8s le vol d&rsquo;un porc\",\"datePublished\":\"2021-12-31T20:00:52+00:00\",\"mainEntityOfPage\":{\"@id\":\"https:\/\/www.africa-press.net\/cotedivoire\/toutes-les-actualites\/tanda-un-jeune-recoit-une-decharge-de-calibre-12-dans-la-jambe-apres-le-vol-dun-porc\"},\"wordCount\":394,\"commentCount\":0,\"image\":{\"@id\":\"https:\/\/www.africa-press.net\/cotedivoire\/toutes-les-actualites\/tanda-un-jeune-recoit-une-decharge-de-calibre-12-dans-la-jambe-apres-le-vol-dun-porc#primaryimage\"},\"thumbnailUrl\":\"https:\/\/static.africa-press.net\/cote\/sites\/43\/2021\/12\/img-61cf4d757bae1.jpg\",\"keywords\":[\"Abdoulaye\",\"Africa Press\",\"Africa Press-C\u00f4te d'Ivoire\",\"CHR\",\"C\u00d4TE D'IVOIRE\",\"Gontougo\",\"Muvep\",\"porc\",\"Tanda\"],\"articleSection\":[\"Communaut\u00e9\",\"homepage-french\",\"Toutes les actualit\u00e9s\"],\"inLanguage\":\"fr-FR\",\"potentialAction\":[{\"@type\":\"CommentAction\",\"name\":\"Comment\",\"target\":[\"https:\/\/www.africa-press.net\/cotedivoire\/toutes-les-actualites\/tanda-un-jeune-recoit-une-decharge-de-calibre-12-dans-la-jambe-apres-le-vol-dun-porc#respond\"]}]},{\"@type\":\"WebPage\",\"@id\":\"https:\/\/www.africa-press.net\/cotedivoire\/toutes-les-actualites\/tanda-un-jeune-recoit-une-decharge-de-calibre-12-dans-la-jambe-apres-le-vol-dun-porc\",\"url\":\"https:\/\/www.africa-press.net\/cotedivoire\/toutes-les-actualites\/tanda-un-jeune-recoit-une-decharge-de-calibre-12-dans-la-jambe-apres-le-vol-dun-porc\",\"name\":\"Tanda, un jeune re\u00e7oit une d\u00e9charge de calibre 12 dans la jambe apr\u00e8s le vol d'un porc - C\u00f4te d&#039;Ivoire\",\"isPartOf\":{\"@id\":\"https:\/\/www.africa-press.net\/cotedivoire\/#website\"},\"primaryImageOfPage\":{\"@id\":\"https:\/\/www.africa-press.net\/cotedivoire\/toutes-les-actualites\/tanda-un-jeune-recoit-une-decharge-de-calibre-12-dans-la-jambe-apres-le-vol-dun-porc#primaryimage\"},\"image\":{\"@id\":\"https:\/\/www.africa-press.net\/cotedivoire\/toutes-les-actualites\/tanda-un-jeune-recoit-une-decharge-de-calibre-12-dans-la-jambe-apres-le-vol-dun-porc#primaryimage\"},\"thumbnailUrl\":\"https:\/\/static.africa-press.net\/cote\/sites\/43\/2021\/12\/img-61cf4d757bae1.jpg\",\"datePublished\":\"2021-12-31T20:00:52+00:00\",\"author\":{\"@id\":\"https:\/\/www.africa-press.net\/cotedivoire\/#\/schema\/person\/2b1cf3cd81a31e3cd26889ca66d677f1\"},\"description\":\"h\u00f4pital g\u00e9n\u00e9ral de Tanda (Ph KOACI) Abdoulaye, une jeune de plus d'une trentaine va certainement se faire ampute ...\",\"breadcrumb\":{\"@id\":\"https:\/\/www.africa-press.net\/cotedivoire\/toutes-les-actualites\/tanda-un-jeune-recoit-une-decharge-de-calibre-12-dans-la-jambe-apres-le-vol-dun-porc#breadcrumb\"},\"inLanguage\":\"fr-FR\",\"potentialAction\":[{\"@type\":\"ReadAction\",\"target\":[\"https:\/\/www.africa-press.net\/cotedivoire\/toutes-les-actualites\/tanda-un-jeune-recoit-une-decharge-de-calibre-12-dans-la-jambe-apres-le-vol-dun-porc\"]}]},{\"@type\":\"ImageObject\",\"inLanguage\":\"fr-FR\",\"@id\":\"https:\/\/www.africa-press.net\/cotedivoire\/toutes-les-actualites\/tanda-un-jeune-recoit-une-decharge-de-calibre-12-dans-la-jambe-apres-le-vol-dun-porc#primaryimage\",\"url\":\"https:\/\/static.africa-press.net\/cote\/sites\/43\/2021\/12\/img-61cf4d757bae1.jpg\",\"contentUrl\":\"https:\/\/static.africa-press.net\/cote\/sites\/43\/2021\/12\/img-61cf4d757bae1.jpg\",\"width\":720,\"height\":459,\"caption\":\"Tanda, un jeune re\u00e7oit une d\u00e9charge de calibre 12 dans la jambe apr\u00e8s le vol d'un porc\"},{\"@type\":\"BreadcrumbList\",\"@id\":\"https:\/\/www.africa-press.net\/cotedivoire\/toutes-les-actualites\/tanda-un-jeune-recoit-une-decharge-de-calibre-12-dans-la-jambe-apres-le-vol-dun-porc#breadcrumb\",\"itemListElement\":[{\"@type\":\"ListItem\",\"position\":1,\"name\":\"Accueil\",\"item\":\"https:\/\/www.africa-press.net\/cotedivoire\/\"},{\"@type\":\"ListItem\",\"position\":2,\"name\":\"Tanda, un jeune re\u00e7oit une d\u00e9charge de calibre 12 dans la jambe apr\u00e8s le vol d&#8217;un porc\"}]},{\"@type\":\"WebSite\",\"@id\":\"https:\/\/www.africa-press.net\/cotedivoire\/#website\",\"url\":\"https:\/\/www.africa-press.net\/cotedivoire\/\",\"name\":\"C\u00f4te d&#039;Ivoire\",\"description\":\"Just another Africa News Agency Sites site\",\"potentialAction\":[{\"@type\":\"SearchAction\",\"target\":{\"@type\":\"EntryPoint\",\"urlTemplate\":\"https:\/\/www.africa-press.net\/cotedivoire\/?s={search_term_string}\"},\"query-input\":{\"@type\":\"PropertyValueSpecification\",\"valueRequired\":true,\"valueName\":\"search_term_string\"}}],\"inLanguage\":\"fr-FR\"},{\"@type\":\"Person\",\"@id\":\"https:\/\/www.africa-press.net\/cotedivoire\/#\/schema\/person\/2b1cf3cd81a31e3cd26889ca66d677f1\",\"name\":\"cfeditorfr\"}]}<\/script>\n<!-- \/ Yoast SEO Premium plugin. -->","yoast_head_json":{"title":"Tanda, un jeune re\u00e7oit une d\u00e9charge de calibre 12 dans la jambe apr\u00e8s le vol d'un porc - C\u00f4te d&#039;Ivoire","description":"h\u00f4pital g\u00e9n\u00e9ral de Tanda (Ph KOACI) Abdoulaye, une jeune de plus d'une trentaine va certainement se faire ampute ...","robots":{"index":"index","follow":"follow","max-snippet":"max-snippet:-1","max-image-preview":"max-image-preview:large","max-video-preview":"max-video-preview:-1"},"canonical":"https:\/\/www.africa-press.net\/cotedivoire\/toutes-les-actualites\/tanda-un-jeune-recoit-une-decharge-de-calibre-12-dans-la-jambe-apres-le-vol-dun-porc","og_locale":"fr_FR","og_type":"article","og_title":"Tanda, un jeune re\u00e7oit une d\u00e9charge de calibre 12 dans la jambe apr\u00e8s le vol d'un porc","og_description":"h\u00f4pital g\u00e9n\u00e9ral de Tanda (Ph KOACI) Abdoulaye, une jeune de plus d'une trentaine va certainement se faire ampute ...","og_url":"https:\/\/www.africa-press.net\/cotedivoire\/toutes-les-actualites\/tanda-un-jeune-recoit-une-decharge-de-calibre-12-dans-la-jambe-apres-le-vol-dun-porc","og_site_name":"C\u00f4te d&#039;Ivoire","article_published_time":"2021-12-31T20:00:52+00:00","og_image":[{"width":720,"height":459,"url":"https:\/\/static.africa-press.net\/cote\/sites\/43\/2021\/12\/img-61cf4d757bae1.jpg","type":"image\/jpeg"}],"author":"cfeditorfr","twitter_card":"summary_large_image","twitter_misc":{"\u00c9crit par":"cfeditorfr","Dur\u00e9e de lecture estim\u00e9e":"2 minutes"},"schema":{"@context":"https:\/\/schema.org","@graph":[{"@type":"Article","@id":"https:\/\/www.africa-press.net\/cotedivoire\/toutes-les-actualites\/tanda-un-jeune-recoit-une-decharge-de-calibre-12-dans-la-jambe-apres-le-vol-dun-porc#article","isPartOf":{"@id":"https:\/\/www.africa-press.net\/cotedivoire\/toutes-les-actualites\/tanda-un-jeune-recoit-une-decharge-de-calibre-12-dans-la-jambe-apres-le-vol-dun-porc"},"author":{"name":"cfeditorfr","@id":"https:\/\/www.africa-press.net\/cotedivoire\/#\/schema\/person\/2b1cf3cd81a31e3cd26889ca66d677f1"},"headline":"Tanda, un jeune re\u00e7oit une d\u00e9charge de calibre 12 dans la jambe apr\u00e8s le vol d&rsquo;un porc","datePublished":"2021-12-31T20:00:52+00:00","mainEntityOfPage":{"@id":"https:\/\/www.africa-press.net\/cotedivoire\/toutes-les-actualites\/tanda-un-jeune-recoit-une-decharge-de-calibre-12-dans-la-jambe-apres-le-vol-dun-porc"},"wordCount":394,"commentCount":0,"image":{"@id":"https:\/\/www.africa-press.net\/cotedivoire\/toutes-les-actualites\/tanda-un-jeune-recoit-une-decharge-de-calibre-12-dans-la-jambe-apres-le-vol-dun-porc#primaryimage"},"thumbnailUrl":"https:\/\/static.africa-press.net\/cote\/sites\/43\/2021\/12\/img-61cf4d757bae1.jpg","keywords":["Abdoulaye","Africa Press","Africa Press-C\u00f4te d'Ivoire","CHR","C\u00d4TE D'IVOIRE","Gontougo","Muvep","porc","Tanda"],"articleSection":["Communaut\u00e9","homepage-french","Toutes les actualit\u00e9s"],"inLanguage":"fr-FR","potentialAction":[{"@type":"CommentAction","name":"Comment","target":["https:\/\/www.africa-press.net\/cotedivoire\/toutes-les-actualites\/tanda-un-jeune-recoit-une-decharge-de-calibre-12-dans-la-jambe-apres-le-vol-dun-porc#respond"]}]},{"@type":"WebPage","@id":"https:\/\/www.africa-press.net\/cotedivoire\/toutes-les-actualites\/tanda-un-jeune-recoit-une-decharge-de-calibre-12-dans-la-jambe-apres-le-vol-dun-porc","url":"https:\/\/www.africa-press.net\/cotedivoire\/toutes-les-actualites\/tanda-un-jeune-recoit-une-decharge-de-calibre-12-dans-la-jambe-apres-le-vol-dun-porc","name":"Tanda, un jeune re\u00e7oit une d\u00e9charge de calibre 12 dans la jambe apr\u00e8s le vol d'un porc - C\u00f4te d&#039;Ivoire","isPartOf":{"@id":"https:\/\/www.africa-press.net\/cotedivoire\/#website"},"primaryImageOfPage":{"@id":"https:\/\/www.africa-press.net\/cotedivoire\/toutes-les-actualites\/tanda-un-jeune-recoit-une-decharge-de-calibre-12-dans-la-jambe-apres-le-vol-dun-porc#primaryimage"},"image":{"@id":"https:\/\/www.africa-press.net\/cotedivoire\/toutes-les-actualites\/tanda-un-jeune-recoit-une-decharge-de-calibre-12-dans-la-jambe-apres-le-vol-dun-porc#primaryimage"},"thumbnailUrl":"https:\/\/static.africa-press.net\/cote\/sites\/43\/2021\/12\/img-61cf4d757bae1.jpg","datePublished":"2021-12-31T20:00:52+00:00","author":{"@id":"https:\/\/www.africa-press.net\/cotedivoire\/#\/schema\/person\/2b1cf3cd81a31e3cd26889ca66d677f1"},"description":"h\u00f4pital g\u00e9n\u00e9ral de Tanda (Ph KOACI) Abdoulaye, une jeune de plus d'une trentaine va certainement se faire ampute ...","breadcrumb":{"@id":"https:\/\/www.africa-press.net\/cotedivoire\/toutes-les-actualites\/tanda-un-jeune-recoit-une-decharge-de-calibre-12-dans-la-jambe-apres-le-vol-dun-porc#breadcrumb"},"inLanguage":"fr-FR","potentialAction":[{"@type":"ReadAction","target":["https:\/\/www.africa-press.net\/cotedivoire\/toutes-les-actualites\/tanda-un-jeune-recoit-une-decharge-de-calibre-12-dans-la-jambe-apres-le-vol-dun-porc"]}]},{"@type":"ImageObject","inLanguage":"fr-FR","@id":"https:\/\/www.africa-press.net\/cotedivoire\/toutes-les-actualites\/tanda-un-jeune-recoit-une-decharge-de-calibre-12-dans-la-jambe-apres-le-vol-dun-porc#primaryimage","url":"https:\/\/static.africa-press.net\/cote\/sites\/43\/2021\/12\/img-61cf4d757bae1.jpg","contentUrl":"https:\/\/static.africa-press.net\/cote\/sites\/43\/2021\/12\/img-61cf4d757bae1.jpg","width":720,"height":459,"caption":"Tanda, un jeune re\u00e7oit une d\u00e9charge de calibre 12 dans la jambe apr\u00e8s le vol d'un porc"},{"@type":"BreadcrumbList","@id":"https:\/\/www.africa-press.net\/cotedivoire\/toutes-les-actualites\/tanda-un-jeune-recoit-une-decharge-de-calibre-12-dans-la-jambe-apres-le-vol-dun-porc#breadcrumb","itemListElement":[{"@type":"ListItem","position":1,"name":"Accueil","item":"https:\/\/www.africa-press.net\/cotedivoire\/"},{"@type":"ListItem","position":2,"name":"Tanda, un jeune re\u00e7oit une d\u00e9charge de calibre 12 dans la jambe apr\u00e8s le vol d&#8217;un porc"}]},{"@type":"WebSite","@id":"https:\/\/www.africa-press.net\/cotedivoire\/#website","url":"https:\/\/www.africa-press.net\/cotedivoire\/","name":"C\u00f4te d&#039;Ivoire","description":"Just another Africa News Agency Sites site","potentialAction":[{"@type":"SearchAction","target":{"@type":"EntryPoint","urlTemplate":"https:\/\/www.africa-press.net\/cotedivoire\/?s={search_term_string}"},"query-input":{"@type":"PropertyValueSpecification","valueRequired":true,"valueName":"search_term_string"}}],"inLanguage":"fr-FR"},{"@type":"Person","@id":"https:\/\/www.africa-press.net\/cotedivoire\/#\/schema\/person\/2b1cf3cd81a31e3cd26889ca66d677f1","name":"cfeditorfr"}]}},"_links":{"self":[{"href":"https:\/\/www.africa-press.net\/cotedivoire\/wp-json\/wp\/v2\/posts\/24400","targetHints":{"allow":["GET"]}}],"collection":[{"href":"https:\/\/www.africa-press.net\/cotedivoire\/wp-json\/wp\/v2\/posts"}],"about":[{"href":"https:\/\/www.africa-press.net\/cotedivoire\/wp-json\/wp\/v2\/types\/post"}],"author":[{"embeddable":true,"href":"https:\/\/www.africa-press.net\/cotedivoire\/wp-json\/wp\/v2\/users\/82"}],"replies":[{"embeddable":true,"href":"https:\/\/www.africa-press.net\/cotedivoire\/wp-json\/wp\/v2\/comments?post=24400"}],"version-history":[{"count":0,"href":"https:\/\/www.africa-press.net\/cotedivoire\/wp-json\/wp\/v2\/posts\/24400\/revisions"}],"wp:featuredmedia":[{"embeddable":true,"href":"https:\/\/www.africa-press.net\/cotedivoire\/wp-json\/wp\/v2\/media\/24399"}],"wp:attachment":[{"href":"https:\/\/www.africa-press.net\/cotedivoire\/wp-json\/wp\/v2\/media?parent=24400"}],"wp:term":[{"taxonomy":"category","embeddable":true,"href":"https:\/\/www.africa-press.net\/cotedivoire\/wp-json\/wp\/v2\/categories?post=24400"},{"taxonomy":"post_tag","embeddable":true,"href":"https:\/\/www.africa-press.net\/cotedivoire\/wp-json\/wp\/v2\/tags?post=24400"}],"curies":[{"name":"wp","href":"https:\/\/api.w.org\/{rel}","templated":true}]}}