{"id":24534,"date":"2022-01-03T17:31:06","date_gmt":"2022-01-03T17:31:06","guid":{"rendered":"https:\/\/www.africa-press.net\/cotedivoire\/?p=24534"},"modified":"2022-01-03T17:00:24","modified_gmt":"2022-01-03T17:00:24","slug":"le-directeur-general-de-lhopital-de-tengrela-felicite-pour-son-leadership","status":"publish","type":"post","link":"https:\/\/www.africa-press.net\/cotedivoire\/toutes-les-actualites\/le-directeur-general-de-lhopital-de-tengrela-felicite-pour-son-leadership","title":{"rendered":"Le directeur g\u00e9n\u00e9ral de l\u2019h\u00f4pital de Tengr\u00e9la f\u00e9licit\u00e9 pour son leadership"},"content":{"rendered":"<p><span style=\"color: #ff6600\"><strong>Africa-Press &#8211; C\u00f4te d&rsquo;Ivoire. <\/strong><\/span>Le directeur g\u00e9n\u00e9ral de l\u2019h\u00f4pital de Tengr\u00e9la, Yao Kouakou s\u2019est vu \u00eatre honor\u00e9 par les autorit\u00e9s sanitaires et administratives, pour son leadership \u00e0 la t\u00eate de l\u2019institution.<\/p>\n<p>Lors d\u2019une c\u00e9r\u00e9monie de la distinction des meilleurs agents de sant\u00e9 de l\u2019h\u00f4pital g\u00e9n\u00e9ral, tenue vendredi 31 d\u00e9cembre 2021, \u00e0 l\u2019institut national de la sant\u00e9 et de l\u2019hygi\u00e8ne publique (INHP), \u00e0 Tengr\u00e9la, le directeur d\u00e9partemental de la sant\u00e9, Arnold Monan a salu\u00e9 le m\u00e9decin chirurgien Yao Kouakou pour son humilit\u00e9 et son humanisme dans le respect de la d\u00e9ontologie m\u00e9dicale.<\/p>\n<p>\u00ab D\u00e9vou\u00e9 et conscient, il n\u2019h\u00e9site pas \u00e0 \u00f4ter la veste de directeur pour mettre sa blouse de m\u00e9decin-chirurgien afin d\u2019apporter son expertise \u00bb, a affirm\u00e9 M. Monan.<\/p>\n<p>Ces \u00e9loges ont \u00e9t\u00e9 repris par le troisi\u00e8me adjoint au maire, Seydou Kon\u00e9, qui a insist\u00e9 sur le changement positif qu\u2019a apport\u00e9 l\u2019honor\u00e9 m\u00e9decin du jour. \u00ab Les premi\u00e8res choses qui ont chang\u00e9 depuis son arriv\u00e9e sont la propret\u00e9 et les lumi\u00e8res dans l\u2019enceinte de l\u2019h\u00f4pital \u00bb, a-t-il d\u00e9clar\u00e9, soulignant que l\u2019h\u00f4pital a d\u00e9sormais une fi\u00e8re allure et est davantage fr\u00e9quent\u00e9 par les patients qui pr\u00e9f\u00e9raient partir se faire soigner \u00e0 Kandiana (Mali).<\/p>\n<p>\u00ab Les usagers nous rapportent que l\u2019accueil r\u00e9serv\u00e9 par les agents est exceptionnel. Et cela, nous le devons au management efficace du directeur \u00bb, a ajout\u00e9 le maire qui en a profit\u00e9 pour f\u00e9liciter le conseil r\u00e9gional de la r\u00e9gion pour l\u2019\u00e9dification de la cl\u00f4ture de l\u2019\u00e9tablissement sanitaire.<\/p>\n<p>Emoustill\u00e9 de ces \u00e9loges, Dr Yao Kouakou a retourn\u00e9 l\u2019ascenseur \u00e0 son personnel qui s\u2019est \u00e9galement investi dans ce changement, tout en promettant l\u2019ouverture de nombreux services pour le bien-\u00eatre de la population.<\/p>\n<p><strong>Pour plus d&rsquo;informations et d&rsquo;analyses sur la <a href=\"https:\/\/www.africa-press.net\/cotedivoire\">C\u00f4te d&rsquo;Ivoire<\/a>, suivez <a href=\"https:\/\/www.africa-press.net\/\">Africa-Press<\/a><\/strong><\/p>\n","protected":false},"excerpt":{"rendered":"<p>Africa-Press &#8211; C\u00f4te d&rsquo;Ivoire. Le directeur g\u00e9n\u00e9ral de l\u2019h\u00f4pital de Tengr\u00e9la, Yao Kouakou s\u2019est vu \u00eatre honor\u00e9 par les autorit\u00e9s sanitaires et administratives, pour son leadership \u00e0 la t\u00eate de l\u2019institution. Lors d\u2019une c\u00e9r\u00e9monie de la distinction des meilleurs agents de sant\u00e9 de l\u2019h\u00f4pital g\u00e9n\u00e9ral, tenue vendredi 31 d\u00e9cembre 2021, \u00e0 l\u2019institut national de la [&hellip;]<\/p>\n","protected":false},"author":82,"featured_media":24533,"comment_status":"open","ping_status":"closed","sticky":false,"template":"","format":"standard","meta":{"footnotes":""},"categories":[21,11,10],"tags":[56,63,29],"class_list":["post-24534","post","type-post","status-publish","format-standard","has-post-thumbnail","hentry","category-communaute","category-homepage-french","category-toutes-les-actualites","tag-africa-press","tag-africa-press-cote-divoire","tag-cote-divoire"],"yoast_head":"<!-- This site is optimized with the Yoast SEO Premium plugin v26.1 (Yoast SEO v27.0) - https:\/\/yoast.com\/product\/yoast-seo-premium-wordpress\/ -->\n<title>Le directeur g\u00e9n\u00e9ral de l\u2019h\u00f4pital de Tengr\u00e9la f\u00e9licit\u00e9 pour son leadership - C\u00f4te d&#039;Ivoire<\/title>\n<meta name=\"description\" content=\"Le directeur g\u00e9n\u00e9ral de l\u2019h\u00f4pital de Tengr\u00e9la, Yao Kouakou s\u2019est vu \u00eatre honor\u00e9 par les autorit\u00e9s sanitaires et administ ...\" \/>\n<meta name=\"robots\" content=\"index, follow, max-snippet:-1, max-image-preview:large, max-video-preview:-1\" \/>\n<link rel=\"canonical\" href=\"https:\/\/www.africa-press.net\/cotedivoire\/toutes-les-actualites\/le-directeur-general-de-lhopital-de-tengrela-felicite-pour-son-leadership\" \/>\n<meta property=\"og:locale\" content=\"fr_FR\" \/>\n<meta property=\"og:type\" content=\"article\" \/>\n<meta property=\"og:title\" content=\"Le directeur g\u00e9n\u00e9ral de l\u2019h\u00f4pital de Tengr\u00e9la f\u00e9licit\u00e9 pour son leadership\" \/>\n<meta property=\"og:description\" content=\"Le directeur g\u00e9n\u00e9ral de l\u2019h\u00f4pital de Tengr\u00e9la, Yao Kouakou s\u2019est vu \u00eatre honor\u00e9 par les autorit\u00e9s sanitaires et administ ...\" \/>\n<meta property=\"og:url\" content=\"https:\/\/www.africa-press.net\/cotedivoire\/toutes-les-actualites\/le-directeur-general-de-lhopital-de-tengrela-felicite-pour-son-leadership\" \/>\n<meta property=\"og:site_name\" content=\"C\u00f4te d&#039;Ivoire\" \/>\n<meta property=\"article:published_time\" content=\"2022-01-03T17:31:06+00:00\" \/>\n<meta property=\"og:image\" content=\"https:\/\/static.africa-press.net\/cote\/sites\/43\/2022\/01\/img-61d32b853e1a7.jpg\" \/>\n\t<meta property=\"og:image:width\" content=\"822\" \/>\n\t<meta property=\"og:image:height\" content=\"425\" \/>\n\t<meta property=\"og:image:type\" content=\"image\/jpeg\" \/>\n<meta name=\"author\" content=\"cfeditorfr\" \/>\n<meta name=\"twitter:card\" content=\"summary_large_image\" \/>\n<meta name=\"twitter:label1\" content=\"\u00c9crit par\" \/>\n\t<meta name=\"twitter:data1\" content=\"cfeditorfr\" \/>\n\t<meta name=\"twitter:label2\" content=\"Dur\u00e9e de lecture estim\u00e9e\" \/>\n\t<meta name=\"twitter:data2\" content=\"2 minutes\" \/>\n<script type=\"application\/ld+json\" class=\"yoast-schema-graph\">{\"@context\":\"https:\/\/schema.org\",\"@graph\":[{\"@type\":\"Article\",\"@id\":\"https:\/\/www.africa-press.net\/cotedivoire\/toutes-les-actualites\/le-directeur-general-de-lhopital-de-tengrela-felicite-pour-son-leadership#article\",\"isPartOf\":{\"@id\":\"https:\/\/www.africa-press.net\/cotedivoire\/toutes-les-actualites\/le-directeur-general-de-lhopital-de-tengrela-felicite-pour-son-leadership\"},\"author\":{\"name\":\"cfeditorfr\",\"@id\":\"https:\/\/www.africa-press.net\/cotedivoire\/#\/schema\/person\/2b1cf3cd81a31e3cd26889ca66d677f1\"},\"headline\":\"Le directeur g\u00e9n\u00e9ral de l\u2019h\u00f4pital de Tengr\u00e9la f\u00e9licit\u00e9 pour son leadership\",\"datePublished\":\"2022-01-03T17:31:06+00:00\",\"mainEntityOfPage\":{\"@id\":\"https:\/\/www.africa-press.net\/cotedivoire\/toutes-les-actualites\/le-directeur-general-de-lhopital-de-tengrela-felicite-pour-son-leadership\"},\"wordCount\":353,\"commentCount\":0,\"image\":{\"@id\":\"https:\/\/www.africa-press.net\/cotedivoire\/toutes-les-actualites\/le-directeur-general-de-lhopital-de-tengrela-felicite-pour-son-leadership#primaryimage\"},\"thumbnailUrl\":\"https:\/\/static.africa-press.net\/cote\/sites\/43\/2022\/01\/img-61d32b853e1a7.jpg\",\"keywords\":[\"Africa Press\",\"Africa Press-C\u00f4te d'Ivoire\",\"C\u00d4TE D'IVOIRE\"],\"articleSection\":[\"Communaut\u00e9\",\"homepage-french\",\"Toutes les actualit\u00e9s\"],\"inLanguage\":\"fr-FR\",\"potentialAction\":[{\"@type\":\"CommentAction\",\"name\":\"Comment\",\"target\":[\"https:\/\/www.africa-press.net\/cotedivoire\/toutes-les-actualites\/le-directeur-general-de-lhopital-de-tengrela-felicite-pour-son-leadership#respond\"]}]},{\"@type\":\"WebPage\",\"@id\":\"https:\/\/www.africa-press.net\/cotedivoire\/toutes-les-actualites\/le-directeur-general-de-lhopital-de-tengrela-felicite-pour-son-leadership\",\"url\":\"https:\/\/www.africa-press.net\/cotedivoire\/toutes-les-actualites\/le-directeur-general-de-lhopital-de-tengrela-felicite-pour-son-leadership\",\"name\":\"Le directeur g\u00e9n\u00e9ral de l\u2019h\u00f4pital de Tengr\u00e9la f\u00e9licit\u00e9 pour son leadership - C\u00f4te d&#039;Ivoire\",\"isPartOf\":{\"@id\":\"https:\/\/www.africa-press.net\/cotedivoire\/#website\"},\"primaryImageOfPage\":{\"@id\":\"https:\/\/www.africa-press.net\/cotedivoire\/toutes-les-actualites\/le-directeur-general-de-lhopital-de-tengrela-felicite-pour-son-leadership#primaryimage\"},\"image\":{\"@id\":\"https:\/\/www.africa-press.net\/cotedivoire\/toutes-les-actualites\/le-directeur-general-de-lhopital-de-tengrela-felicite-pour-son-leadership#primaryimage\"},\"thumbnailUrl\":\"https:\/\/static.africa-press.net\/cote\/sites\/43\/2022\/01\/img-61d32b853e1a7.jpg\",\"datePublished\":\"2022-01-03T17:31:06+00:00\",\"author\":{\"@id\":\"https:\/\/www.africa-press.net\/cotedivoire\/#\/schema\/person\/2b1cf3cd81a31e3cd26889ca66d677f1\"},\"description\":\"Le directeur g\u00e9n\u00e9ral de l\u2019h\u00f4pital de Tengr\u00e9la, Yao Kouakou s\u2019est vu \u00eatre honor\u00e9 par les autorit\u00e9s sanitaires et administ ...\",\"breadcrumb\":{\"@id\":\"https:\/\/www.africa-press.net\/cotedivoire\/toutes-les-actualites\/le-directeur-general-de-lhopital-de-tengrela-felicite-pour-son-leadership#breadcrumb\"},\"inLanguage\":\"fr-FR\",\"potentialAction\":[{\"@type\":\"ReadAction\",\"target\":[\"https:\/\/www.africa-press.net\/cotedivoire\/toutes-les-actualites\/le-directeur-general-de-lhopital-de-tengrela-felicite-pour-son-leadership\"]}]},{\"@type\":\"ImageObject\",\"inLanguage\":\"fr-FR\",\"@id\":\"https:\/\/www.africa-press.net\/cotedivoire\/toutes-les-actualites\/le-directeur-general-de-lhopital-de-tengrela-felicite-pour-son-leadership#primaryimage\",\"url\":\"https:\/\/static.africa-press.net\/cote\/sites\/43\/2022\/01\/img-61d32b853e1a7.jpg\",\"contentUrl\":\"https:\/\/static.africa-press.net\/cote\/sites\/43\/2022\/01\/img-61d32b853e1a7.jpg\",\"width\":822,\"height\":425,\"caption\":\"Le directeur g\u00e9n\u00e9ral de l\u2019h\u00f4pital de Tengr\u00e9la f\u00e9licit\u00e9 pour son leadership\"},{\"@type\":\"BreadcrumbList\",\"@id\":\"https:\/\/www.africa-press.net\/cotedivoire\/toutes-les-actualites\/le-directeur-general-de-lhopital-de-tengrela-felicite-pour-son-leadership#breadcrumb\",\"itemListElement\":[{\"@type\":\"ListItem\",\"position\":1,\"name\":\"Accueil\",\"item\":\"https:\/\/www.africa-press.net\/cotedivoire\/\"},{\"@type\":\"ListItem\",\"position\":2,\"name\":\"Le directeur g\u00e9n\u00e9ral de l\u2019h\u00f4pital de Tengr\u00e9la f\u00e9licit\u00e9 pour son leadership\"}]},{\"@type\":\"WebSite\",\"@id\":\"https:\/\/www.africa-press.net\/cotedivoire\/#website\",\"url\":\"https:\/\/www.africa-press.net\/cotedivoire\/\",\"name\":\"C\u00f4te d&#039;Ivoire\",\"description\":\"Just another Africa News Agency Sites site\",\"potentialAction\":[{\"@type\":\"SearchAction\",\"target\":{\"@type\":\"EntryPoint\",\"urlTemplate\":\"https:\/\/www.africa-press.net\/cotedivoire\/?s={search_term_string}\"},\"query-input\":{\"@type\":\"PropertyValueSpecification\",\"valueRequired\":true,\"valueName\":\"search_term_string\"}}],\"inLanguage\":\"fr-FR\"},{\"@type\":\"Person\",\"@id\":\"https:\/\/www.africa-press.net\/cotedivoire\/#\/schema\/person\/2b1cf3cd81a31e3cd26889ca66d677f1\",\"name\":\"cfeditorfr\"}]}<\/script>\n<!-- \/ Yoast SEO Premium plugin. -->","yoast_head_json":{"title":"Le directeur g\u00e9n\u00e9ral de l\u2019h\u00f4pital de Tengr\u00e9la f\u00e9licit\u00e9 pour son leadership - C\u00f4te d&#039;Ivoire","description":"Le directeur g\u00e9n\u00e9ral de l\u2019h\u00f4pital de Tengr\u00e9la, Yao Kouakou s\u2019est vu \u00eatre honor\u00e9 par les autorit\u00e9s sanitaires et administ ...","robots":{"index":"index","follow":"follow","max-snippet":"max-snippet:-1","max-image-preview":"max-image-preview:large","max-video-preview":"max-video-preview:-1"},"canonical":"https:\/\/www.africa-press.net\/cotedivoire\/toutes-les-actualites\/le-directeur-general-de-lhopital-de-tengrela-felicite-pour-son-leadership","og_locale":"fr_FR","og_type":"article","og_title":"Le directeur g\u00e9n\u00e9ral de l\u2019h\u00f4pital de Tengr\u00e9la f\u00e9licit\u00e9 pour son leadership","og_description":"Le directeur g\u00e9n\u00e9ral de l\u2019h\u00f4pital de Tengr\u00e9la, Yao Kouakou s\u2019est vu \u00eatre honor\u00e9 par les autorit\u00e9s sanitaires et administ ...","og_url":"https:\/\/www.africa-press.net\/cotedivoire\/toutes-les-actualites\/le-directeur-general-de-lhopital-de-tengrela-felicite-pour-son-leadership","og_site_name":"C\u00f4te d&#039;Ivoire","article_published_time":"2022-01-03T17:31:06+00:00","og_image":[{"width":822,"height":425,"url":"https:\/\/static.africa-press.net\/cote\/sites\/43\/2022\/01\/img-61d32b853e1a7.jpg","type":"image\/jpeg"}],"author":"cfeditorfr","twitter_card":"summary_large_image","twitter_misc":{"\u00c9crit par":"cfeditorfr","Dur\u00e9e de lecture estim\u00e9e":"2 minutes"},"schema":{"@context":"https:\/\/schema.org","@graph":[{"@type":"Article","@id":"https:\/\/www.africa-press.net\/cotedivoire\/toutes-les-actualites\/le-directeur-general-de-lhopital-de-tengrela-felicite-pour-son-leadership#article","isPartOf":{"@id":"https:\/\/www.africa-press.net\/cotedivoire\/toutes-les-actualites\/le-directeur-general-de-lhopital-de-tengrela-felicite-pour-son-leadership"},"author":{"name":"cfeditorfr","@id":"https:\/\/www.africa-press.net\/cotedivoire\/#\/schema\/person\/2b1cf3cd81a31e3cd26889ca66d677f1"},"headline":"Le directeur g\u00e9n\u00e9ral de l\u2019h\u00f4pital de Tengr\u00e9la f\u00e9licit\u00e9 pour son leadership","datePublished":"2022-01-03T17:31:06+00:00","mainEntityOfPage":{"@id":"https:\/\/www.africa-press.net\/cotedivoire\/toutes-les-actualites\/le-directeur-general-de-lhopital-de-tengrela-felicite-pour-son-leadership"},"wordCount":353,"commentCount":0,"image":{"@id":"https:\/\/www.africa-press.net\/cotedivoire\/toutes-les-actualites\/le-directeur-general-de-lhopital-de-tengrela-felicite-pour-son-leadership#primaryimage"},"thumbnailUrl":"https:\/\/static.africa-press.net\/cote\/sites\/43\/2022\/01\/img-61d32b853e1a7.jpg","keywords":["Africa Press","Africa Press-C\u00f4te d'Ivoire","C\u00d4TE D'IVOIRE"],"articleSection":["Communaut\u00e9","homepage-french","Toutes les actualit\u00e9s"],"inLanguage":"fr-FR","potentialAction":[{"@type":"CommentAction","name":"Comment","target":["https:\/\/www.africa-press.net\/cotedivoire\/toutes-les-actualites\/le-directeur-general-de-lhopital-de-tengrela-felicite-pour-son-leadership#respond"]}]},{"@type":"WebPage","@id":"https:\/\/www.africa-press.net\/cotedivoire\/toutes-les-actualites\/le-directeur-general-de-lhopital-de-tengrela-felicite-pour-son-leadership","url":"https:\/\/www.africa-press.net\/cotedivoire\/toutes-les-actualites\/le-directeur-general-de-lhopital-de-tengrela-felicite-pour-son-leadership","name":"Le directeur g\u00e9n\u00e9ral de l\u2019h\u00f4pital de Tengr\u00e9la f\u00e9licit\u00e9 pour son leadership - C\u00f4te d&#039;Ivoire","isPartOf":{"@id":"https:\/\/www.africa-press.net\/cotedivoire\/#website"},"primaryImageOfPage":{"@id":"https:\/\/www.africa-press.net\/cotedivoire\/toutes-les-actualites\/le-directeur-general-de-lhopital-de-tengrela-felicite-pour-son-leadership#primaryimage"},"image":{"@id":"https:\/\/www.africa-press.net\/cotedivoire\/toutes-les-actualites\/le-directeur-general-de-lhopital-de-tengrela-felicite-pour-son-leadership#primaryimage"},"thumbnailUrl":"https:\/\/static.africa-press.net\/cote\/sites\/43\/2022\/01\/img-61d32b853e1a7.jpg","datePublished":"2022-01-03T17:31:06+00:00","author":{"@id":"https:\/\/www.africa-press.net\/cotedivoire\/#\/schema\/person\/2b1cf3cd81a31e3cd26889ca66d677f1"},"description":"Le directeur g\u00e9n\u00e9ral de l\u2019h\u00f4pital de Tengr\u00e9la, Yao Kouakou s\u2019est vu \u00eatre honor\u00e9 par les autorit\u00e9s sanitaires et administ ...","breadcrumb":{"@id":"https:\/\/www.africa-press.net\/cotedivoire\/toutes-les-actualites\/le-directeur-general-de-lhopital-de-tengrela-felicite-pour-son-leadership#breadcrumb"},"inLanguage":"fr-FR","potentialAction":[{"@type":"ReadAction","target":["https:\/\/www.africa-press.net\/cotedivoire\/toutes-les-actualites\/le-directeur-general-de-lhopital-de-tengrela-felicite-pour-son-leadership"]}]},{"@type":"ImageObject","inLanguage":"fr-FR","@id":"https:\/\/www.africa-press.net\/cotedivoire\/toutes-les-actualites\/le-directeur-general-de-lhopital-de-tengrela-felicite-pour-son-leadership#primaryimage","url":"https:\/\/static.africa-press.net\/cote\/sites\/43\/2022\/01\/img-61d32b853e1a7.jpg","contentUrl":"https:\/\/static.africa-press.net\/cote\/sites\/43\/2022\/01\/img-61d32b853e1a7.jpg","width":822,"height":425,"caption":"Le directeur g\u00e9n\u00e9ral de l\u2019h\u00f4pital de Tengr\u00e9la f\u00e9licit\u00e9 pour son leadership"},{"@type":"BreadcrumbList","@id":"https:\/\/www.africa-press.net\/cotedivoire\/toutes-les-actualites\/le-directeur-general-de-lhopital-de-tengrela-felicite-pour-son-leadership#breadcrumb","itemListElement":[{"@type":"ListItem","position":1,"name":"Accueil","item":"https:\/\/www.africa-press.net\/cotedivoire\/"},{"@type":"ListItem","position":2,"name":"Le directeur g\u00e9n\u00e9ral de l\u2019h\u00f4pital de Tengr\u00e9la f\u00e9licit\u00e9 pour son leadership"}]},{"@type":"WebSite","@id":"https:\/\/www.africa-press.net\/cotedivoire\/#website","url":"https:\/\/www.africa-press.net\/cotedivoire\/","name":"C\u00f4te d&#039;Ivoire","description":"Just another Africa News Agency Sites site","potentialAction":[{"@type":"SearchAction","target":{"@type":"EntryPoint","urlTemplate":"https:\/\/www.africa-press.net\/cotedivoire\/?s={search_term_string}"},"query-input":{"@type":"PropertyValueSpecification","valueRequired":true,"valueName":"search_term_string"}}],"inLanguage":"fr-FR"},{"@type":"Person","@id":"https:\/\/www.africa-press.net\/cotedivoire\/#\/schema\/person\/2b1cf3cd81a31e3cd26889ca66d677f1","name":"cfeditorfr"}]}},"_links":{"self":[{"href":"https:\/\/www.africa-press.net\/cotedivoire\/wp-json\/wp\/v2\/posts\/24534","targetHints":{"allow":["GET"]}}],"collection":[{"href":"https:\/\/www.africa-press.net\/cotedivoire\/wp-json\/wp\/v2\/posts"}],"about":[{"href":"https:\/\/www.africa-press.net\/cotedivoire\/wp-json\/wp\/v2\/types\/post"}],"author":[{"embeddable":true,"href":"https:\/\/www.africa-press.net\/cotedivoire\/wp-json\/wp\/v2\/users\/82"}],"replies":[{"embeddable":true,"href":"https:\/\/www.africa-press.net\/cotedivoire\/wp-json\/wp\/v2\/comments?post=24534"}],"version-history":[{"count":0,"href":"https:\/\/www.africa-press.net\/cotedivoire\/wp-json\/wp\/v2\/posts\/24534\/revisions"}],"wp:featuredmedia":[{"embeddable":true,"href":"https:\/\/www.africa-press.net\/cotedivoire\/wp-json\/wp\/v2\/media\/24533"}],"wp:attachment":[{"href":"https:\/\/www.africa-press.net\/cotedivoire\/wp-json\/wp\/v2\/media?parent=24534"}],"wp:term":[{"taxonomy":"category","embeddable":true,"href":"https:\/\/www.africa-press.net\/cotedivoire\/wp-json\/wp\/v2\/categories?post=24534"},{"taxonomy":"post_tag","embeddable":true,"href":"https:\/\/www.africa-press.net\/cotedivoire\/wp-json\/wp\/v2\/tags?post=24534"}],"curies":[{"name":"wp","href":"https:\/\/api.w.org\/{rel}","templated":true}]}}