{"id":24686,"date":"2022-01-05T18:25:32","date_gmt":"2022-01-05T18:25:32","guid":{"rendered":"https:\/\/www.africa-press.net\/cotedivoire\/?p=24686"},"modified":"2022-01-05T16:29:50","modified_gmt":"2022-01-05T16:29:50","slug":"lannexe-fiscale-2022-prend-effet-a-compter-de-ce-mardi-04-janvier","status":"publish","type":"post","link":"https:\/\/www.africa-press.net\/cotedivoire\/economie\/lannexe-fiscale-2022-prend-effet-a-compter-de-ce-mardi-04-janvier","title":{"rendered":"L&rsquo;annexe fiscale 2022 prend effet \u00e0 compter de ce mardi 04 janvier"},"content":{"rendered":"<p><span style=\"color: #ff6600\"><strong>Africa-Press &#8211; C\u00f4te d&rsquo;Ivoire. <\/strong><\/span>Le ministre du Budget et du Portefeuille de l\u2019Etat, Moussa Sanogo<\/p>\n<p>L\u2019annexe fiscale 2022 relative \u00e0 la Loi de Finances n\u00b0 2021-899 du 21 d\u00e9cembre 2021 portant Budget de l&rsquo;Etat pour l&rsquo;ann\u00e9e 2022, prennent effet \u00e0 compter de ce mardi 04 janvier 2022, apprend-on de source gouvernementale.<\/p>\n<p>\u00ab Au nombre des mesures adopt\u00e9es au titre de l\u2019annexe fiscale 2022, l\u2019on compte l\u2019Am\u00e9nagement des dispositions relatives \u00e0 la r\u00e9forme de la fiscalit\u00e9 applicable aux petites et moyennes entreprises, en particulier celles concernant les contribuables soumis au r\u00e9gime des micro-entreprises et la Mise en place d&rsquo;un cr\u00e9dit d&rsquo;imp\u00f4t annuel au profit des entreprises concluant un contrat stage de qualification ou d&rsquo;exp\u00e9rience professionnelle \u00bb, indique-t-on.<\/p>\n<p>Le Rel\u00e8vement du taux du cr\u00e9dit d&rsquo;imp\u00f4t pour acquisition de brevets et de proc\u00e9d\u00e9s de fabrication nouveaux de 20% \u00e0 30% et la Suppression de diverses exon\u00e9rations fiscales (en mati\u00e8re d&rsquo;imp\u00f4t sur les b\u00e9n\u00e9fices industriels et commerciaux des soci\u00e9t\u00e9s coop\u00e9ratives de consommation, en mati\u00e8re d&rsquo;imp\u00f4t sur le revenu des capitaux mobiliers&#8230;) font \u00e9galement partie de cette annexe fiscale, explique-t-on.<\/p>\n<p>Il faut noter que, l\u2019annexe fiscale 2022 prend en compte aussi l\u2019Am\u00e9nagement des dispositions relatives \u00e0 la TVA sur les op\u00e9rations r\u00e9alis\u00e9es par les consignataires maritimes et agents maritimes, l\u2019Am\u00e9nagement des dispositions fiscales portant sur la r\u00e9duction d\u2019imp\u00f4ts sur les b\u00e9n\u00e9fices en cas d\u2019investissement en C\u00f4te d\u2019Ivoire et l\u2019Am\u00e9nagement des dates de d\u00e9p\u00f4t de la d\u00e9claration de r\u00e9gularisation des imp\u00f4ts sur les traitements et salaires (ITS).<\/p>\n<p>Il est aussi question dans l&rsquo;annexe fiscale 2022 de l\u2019Am\u00e9nagement des dates de d\u00e9p\u00f4t de la d\u00e9claration de r\u00e9gularisation des imp\u00f4ts sur les traitements et salaires (ITS), de l\u2019Am\u00e9nagement du droit sur le chiffre d\u2019affaires des cabinets annexes de v\u00e9t\u00e9rinaires et de l\u2019Am\u00e9nagement des dispositions du livre de proc\u00e9dures fiscales relatives au contr\u00f4le fiscal et au contentieux de l\u2019imp\u00f4t.<\/p>\n<p>L\u2019annexe fiscale 2022 pr\u00e9voit aussi la Prolongation de la dur\u00e9e de validit\u00e9 de l\u2019attestation de r\u00e9gime fiscal en mati\u00e8re d\u2019acompte d\u2019imp\u00f4t sur le revenu du secteur informel, qui passe de un \u00e0 trois ans, des Mesures fiscales en faveur de la micro-assurance, l\u2019Institution d\u2019une taxe sur la communication audiovisuelle, l\u2019Institution d\u2019une obligation de d\u00e9claration des proc\u00e8s-verbaux des assembl\u00e9es g\u00e9n\u00e9rales d\u2019entreprises.<\/p>\n<p>Donatien Kautcha, Abidjan<\/p>\n<p><strong>Pour plus d&rsquo;informations et d&rsquo;analyses sur la <a href=\"https:\/\/www.africa-press.net\/cotedivoire\">C\u00f4te d&rsquo;Ivoire<\/a>, suivez <a href=\"https:\/\/www.africa-press.net\/\">Africa-Press<\/a><\/strong><\/p>\n","protected":false},"excerpt":{"rendered":"<p>Africa-Press &#8211; C\u00f4te d&rsquo;Ivoire. Le ministre du Budget et du Portefeuille de l\u2019Etat, Moussa Sanogo L\u2019annexe fiscale 2022 relative \u00e0 la Loi de Finances n\u00b0 2021-899 du 21 d\u00e9cembre 2021 portant Budget de l&rsquo;Etat pour l&rsquo;ann\u00e9e 2022, prennent effet \u00e0 compter de ce mardi 04 janvier 2022, apprend-on de source gouvernementale. \u00ab Au nombre des [&hellip;]<\/p>\n","protected":false},"author":82,"featured_media":24685,"comment_status":"open","ping_status":"closed","sticky":false,"template":"","format":"standard","meta":{"footnotes":""},"categories":[3,11,10],"tags":[56,63,3686,29,3685,1102],"class_list":["post-24686","post","type-post","status-publish","format-standard","has-post-thumbnail","hentry","category-economie","category-homepage-french","category-toutes-les-actualites","tag-africa-press","tag-africa-press-cote-divoire","tag-annexe","tag-cote-divoire","tag-fiscale","tag-moussa-sanogo"],"yoast_head":"<!-- This site is optimized with the Yoast SEO Premium plugin v26.1 (Yoast SEO v27.0) - https:\/\/yoast.com\/product\/yoast-seo-premium-wordpress\/ -->\n<title>L&#039;annexe fiscale 2022 prend effet \u00e0 compter de ce mardi 04 janvier - C\u00f4te d&#039;Ivoire<\/title>\n<meta name=\"description\" content=\"Le ministre du Budget et du Portefeuille de l\u2019Etat, Moussa Sanogo L\u2019annexe fiscale 2022 relative \u00e0 la Loi de Finances n ...\" \/>\n<meta name=\"robots\" content=\"index, follow, max-snippet:-1, max-image-preview:large, max-video-preview:-1\" \/>\n<link rel=\"canonical\" href=\"https:\/\/www.africa-press.net\/cotedivoire\/economie\/lannexe-fiscale-2022-prend-effet-a-compter-de-ce-mardi-04-janvier\" \/>\n<meta property=\"og:locale\" content=\"fr_FR\" \/>\n<meta property=\"og:type\" content=\"article\" \/>\n<meta property=\"og:title\" content=\"L&#039;annexe fiscale 2022 prend effet \u00e0 compter de ce mardi 04 janvier\" \/>\n<meta property=\"og:description\" content=\"Le ministre du Budget et du Portefeuille de l\u2019Etat, Moussa Sanogo L\u2019annexe fiscale 2022 relative \u00e0 la Loi de Finances n ...\" \/>\n<meta property=\"og:url\" content=\"https:\/\/www.africa-press.net\/cotedivoire\/economie\/lannexe-fiscale-2022-prend-effet-a-compter-de-ce-mardi-04-janvier\" \/>\n<meta property=\"og:site_name\" content=\"C\u00f4te d&#039;Ivoire\" \/>\n<meta property=\"article:published_time\" content=\"2022-01-05T18:25:32+00:00\" \/>\n<meta property=\"og:image\" content=\"https:\/\/static.africa-press.net\/cote\/sites\/43\/2022\/01\/img-61d5c75d4d4e2.jpg\" \/>\n\t<meta property=\"og:image:width\" content=\"720\" \/>\n\t<meta property=\"og:image:height\" content=\"372\" \/>\n\t<meta property=\"og:image:type\" content=\"image\/jpeg\" \/>\n<meta name=\"author\" content=\"cfeditorfr\" \/>\n<meta name=\"twitter:card\" content=\"summary_large_image\" \/>\n<meta name=\"twitter:label1\" content=\"\u00c9crit par\" \/>\n\t<meta name=\"twitter:data1\" content=\"cfeditorfr\" \/>\n\t<meta name=\"twitter:label2\" content=\"Dur\u00e9e de lecture estim\u00e9e\" \/>\n\t<meta name=\"twitter:data2\" content=\"2 minutes\" \/>\n<script type=\"application\/ld+json\" class=\"yoast-schema-graph\">{\"@context\":\"https:\/\/schema.org\",\"@graph\":[{\"@type\":\"Article\",\"@id\":\"https:\/\/www.africa-press.net\/cotedivoire\/economie\/lannexe-fiscale-2022-prend-effet-a-compter-de-ce-mardi-04-janvier#article\",\"isPartOf\":{\"@id\":\"https:\/\/www.africa-press.net\/cotedivoire\/economie\/lannexe-fiscale-2022-prend-effet-a-compter-de-ce-mardi-04-janvier\"},\"author\":{\"name\":\"cfeditorfr\",\"@id\":\"https:\/\/www.africa-press.net\/cotedivoire\/#\/schema\/person\/2b1cf3cd81a31e3cd26889ca66d677f1\"},\"headline\":\"L&rsquo;annexe fiscale 2022 prend effet \u00e0 compter de ce mardi 04 janvier\",\"datePublished\":\"2022-01-05T18:25:32+00:00\",\"mainEntityOfPage\":{\"@id\":\"https:\/\/www.africa-press.net\/cotedivoire\/economie\/lannexe-fiscale-2022-prend-effet-a-compter-de-ce-mardi-04-janvier\"},\"wordCount\":468,\"commentCount\":0,\"image\":{\"@id\":\"https:\/\/www.africa-press.net\/cotedivoire\/economie\/lannexe-fiscale-2022-prend-effet-a-compter-de-ce-mardi-04-janvier#primaryimage\"},\"thumbnailUrl\":\"https:\/\/static.africa-press.net\/cote\/sites\/43\/2022\/01\/img-61d5c75d4d4e2.jpg\",\"keywords\":[\"Africa Press\",\"Africa Press-C\u00f4te d'Ivoire\",\"annexe\",\"C\u00d4TE D'IVOIRE\",\"fiscale\",\"Moussa Sanogo\"],\"articleSection\":[\"\u00c9conomie\",\"homepage-french\",\"Toutes les actualit\u00e9s\"],\"inLanguage\":\"fr-FR\",\"potentialAction\":[{\"@type\":\"CommentAction\",\"name\":\"Comment\",\"target\":[\"https:\/\/www.africa-press.net\/cotedivoire\/economie\/lannexe-fiscale-2022-prend-effet-a-compter-de-ce-mardi-04-janvier#respond\"]}]},{\"@type\":\"WebPage\",\"@id\":\"https:\/\/www.africa-press.net\/cotedivoire\/economie\/lannexe-fiscale-2022-prend-effet-a-compter-de-ce-mardi-04-janvier\",\"url\":\"https:\/\/www.africa-press.net\/cotedivoire\/economie\/lannexe-fiscale-2022-prend-effet-a-compter-de-ce-mardi-04-janvier\",\"name\":\"L'annexe fiscale 2022 prend effet \u00e0 compter de ce mardi 04 janvier - C\u00f4te d&#039;Ivoire\",\"isPartOf\":{\"@id\":\"https:\/\/www.africa-press.net\/cotedivoire\/#website\"},\"primaryImageOfPage\":{\"@id\":\"https:\/\/www.africa-press.net\/cotedivoire\/economie\/lannexe-fiscale-2022-prend-effet-a-compter-de-ce-mardi-04-janvier#primaryimage\"},\"image\":{\"@id\":\"https:\/\/www.africa-press.net\/cotedivoire\/economie\/lannexe-fiscale-2022-prend-effet-a-compter-de-ce-mardi-04-janvier#primaryimage\"},\"thumbnailUrl\":\"https:\/\/static.africa-press.net\/cote\/sites\/43\/2022\/01\/img-61d5c75d4d4e2.jpg\",\"datePublished\":\"2022-01-05T18:25:32+00:00\",\"author\":{\"@id\":\"https:\/\/www.africa-press.net\/cotedivoire\/#\/schema\/person\/2b1cf3cd81a31e3cd26889ca66d677f1\"},\"description\":\"Le ministre du Budget et du Portefeuille de l\u2019Etat, Moussa Sanogo L\u2019annexe fiscale 2022 relative \u00e0 la Loi de Finances n ...\",\"breadcrumb\":{\"@id\":\"https:\/\/www.africa-press.net\/cotedivoire\/economie\/lannexe-fiscale-2022-prend-effet-a-compter-de-ce-mardi-04-janvier#breadcrumb\"},\"inLanguage\":\"fr-FR\",\"potentialAction\":[{\"@type\":\"ReadAction\",\"target\":[\"https:\/\/www.africa-press.net\/cotedivoire\/economie\/lannexe-fiscale-2022-prend-effet-a-compter-de-ce-mardi-04-janvier\"]}]},{\"@type\":\"ImageObject\",\"inLanguage\":\"fr-FR\",\"@id\":\"https:\/\/www.africa-press.net\/cotedivoire\/economie\/lannexe-fiscale-2022-prend-effet-a-compter-de-ce-mardi-04-janvier#primaryimage\",\"url\":\"https:\/\/static.africa-press.net\/cote\/sites\/43\/2022\/01\/img-61d5c75d4d4e2.jpg\",\"contentUrl\":\"https:\/\/static.africa-press.net\/cote\/sites\/43\/2022\/01\/img-61d5c75d4d4e2.jpg\",\"width\":720,\"height\":372,\"caption\":\"L'annexe fiscale 2022 prend effet \u00e0 compter de ce mardi 04 janvier\"},{\"@type\":\"BreadcrumbList\",\"@id\":\"https:\/\/www.africa-press.net\/cotedivoire\/economie\/lannexe-fiscale-2022-prend-effet-a-compter-de-ce-mardi-04-janvier#breadcrumb\",\"itemListElement\":[{\"@type\":\"ListItem\",\"position\":1,\"name\":\"Accueil\",\"item\":\"https:\/\/www.africa-press.net\/cotedivoire\/\"},{\"@type\":\"ListItem\",\"position\":2,\"name\":\"L&#8217;annexe fiscale 2022 prend effet \u00e0 compter de ce mardi 04 janvier\"}]},{\"@type\":\"WebSite\",\"@id\":\"https:\/\/www.africa-press.net\/cotedivoire\/#website\",\"url\":\"https:\/\/www.africa-press.net\/cotedivoire\/\",\"name\":\"C\u00f4te d&#039;Ivoire\",\"description\":\"Just another Africa News Agency Sites site\",\"potentialAction\":[{\"@type\":\"SearchAction\",\"target\":{\"@type\":\"EntryPoint\",\"urlTemplate\":\"https:\/\/www.africa-press.net\/cotedivoire\/?s={search_term_string}\"},\"query-input\":{\"@type\":\"PropertyValueSpecification\",\"valueRequired\":true,\"valueName\":\"search_term_string\"}}],\"inLanguage\":\"fr-FR\"},{\"@type\":\"Person\",\"@id\":\"https:\/\/www.africa-press.net\/cotedivoire\/#\/schema\/person\/2b1cf3cd81a31e3cd26889ca66d677f1\",\"name\":\"cfeditorfr\"}]}<\/script>\n<!-- \/ Yoast SEO Premium plugin. -->","yoast_head_json":{"title":"L'annexe fiscale 2022 prend effet \u00e0 compter de ce mardi 04 janvier - C\u00f4te d&#039;Ivoire","description":"Le ministre du Budget et du Portefeuille de l\u2019Etat, Moussa Sanogo L\u2019annexe fiscale 2022 relative \u00e0 la Loi de Finances n ...","robots":{"index":"index","follow":"follow","max-snippet":"max-snippet:-1","max-image-preview":"max-image-preview:large","max-video-preview":"max-video-preview:-1"},"canonical":"https:\/\/www.africa-press.net\/cotedivoire\/economie\/lannexe-fiscale-2022-prend-effet-a-compter-de-ce-mardi-04-janvier","og_locale":"fr_FR","og_type":"article","og_title":"L'annexe fiscale 2022 prend effet \u00e0 compter de ce mardi 04 janvier","og_description":"Le ministre du Budget et du Portefeuille de l\u2019Etat, Moussa Sanogo L\u2019annexe fiscale 2022 relative \u00e0 la Loi de Finances n ...","og_url":"https:\/\/www.africa-press.net\/cotedivoire\/economie\/lannexe-fiscale-2022-prend-effet-a-compter-de-ce-mardi-04-janvier","og_site_name":"C\u00f4te d&#039;Ivoire","article_published_time":"2022-01-05T18:25:32+00:00","og_image":[{"width":720,"height":372,"url":"https:\/\/static.africa-press.net\/cote\/sites\/43\/2022\/01\/img-61d5c75d4d4e2.jpg","type":"image\/jpeg"}],"author":"cfeditorfr","twitter_card":"summary_large_image","twitter_misc":{"\u00c9crit par":"cfeditorfr","Dur\u00e9e de lecture estim\u00e9e":"2 minutes"},"schema":{"@context":"https:\/\/schema.org","@graph":[{"@type":"Article","@id":"https:\/\/www.africa-press.net\/cotedivoire\/economie\/lannexe-fiscale-2022-prend-effet-a-compter-de-ce-mardi-04-janvier#article","isPartOf":{"@id":"https:\/\/www.africa-press.net\/cotedivoire\/economie\/lannexe-fiscale-2022-prend-effet-a-compter-de-ce-mardi-04-janvier"},"author":{"name":"cfeditorfr","@id":"https:\/\/www.africa-press.net\/cotedivoire\/#\/schema\/person\/2b1cf3cd81a31e3cd26889ca66d677f1"},"headline":"L&rsquo;annexe fiscale 2022 prend effet \u00e0 compter de ce mardi 04 janvier","datePublished":"2022-01-05T18:25:32+00:00","mainEntityOfPage":{"@id":"https:\/\/www.africa-press.net\/cotedivoire\/economie\/lannexe-fiscale-2022-prend-effet-a-compter-de-ce-mardi-04-janvier"},"wordCount":468,"commentCount":0,"image":{"@id":"https:\/\/www.africa-press.net\/cotedivoire\/economie\/lannexe-fiscale-2022-prend-effet-a-compter-de-ce-mardi-04-janvier#primaryimage"},"thumbnailUrl":"https:\/\/static.africa-press.net\/cote\/sites\/43\/2022\/01\/img-61d5c75d4d4e2.jpg","keywords":["Africa Press","Africa Press-C\u00f4te d'Ivoire","annexe","C\u00d4TE D'IVOIRE","fiscale","Moussa Sanogo"],"articleSection":["\u00c9conomie","homepage-french","Toutes les actualit\u00e9s"],"inLanguage":"fr-FR","potentialAction":[{"@type":"CommentAction","name":"Comment","target":["https:\/\/www.africa-press.net\/cotedivoire\/economie\/lannexe-fiscale-2022-prend-effet-a-compter-de-ce-mardi-04-janvier#respond"]}]},{"@type":"WebPage","@id":"https:\/\/www.africa-press.net\/cotedivoire\/economie\/lannexe-fiscale-2022-prend-effet-a-compter-de-ce-mardi-04-janvier","url":"https:\/\/www.africa-press.net\/cotedivoire\/economie\/lannexe-fiscale-2022-prend-effet-a-compter-de-ce-mardi-04-janvier","name":"L'annexe fiscale 2022 prend effet \u00e0 compter de ce mardi 04 janvier - C\u00f4te d&#039;Ivoire","isPartOf":{"@id":"https:\/\/www.africa-press.net\/cotedivoire\/#website"},"primaryImageOfPage":{"@id":"https:\/\/www.africa-press.net\/cotedivoire\/economie\/lannexe-fiscale-2022-prend-effet-a-compter-de-ce-mardi-04-janvier#primaryimage"},"image":{"@id":"https:\/\/www.africa-press.net\/cotedivoire\/economie\/lannexe-fiscale-2022-prend-effet-a-compter-de-ce-mardi-04-janvier#primaryimage"},"thumbnailUrl":"https:\/\/static.africa-press.net\/cote\/sites\/43\/2022\/01\/img-61d5c75d4d4e2.jpg","datePublished":"2022-01-05T18:25:32+00:00","author":{"@id":"https:\/\/www.africa-press.net\/cotedivoire\/#\/schema\/person\/2b1cf3cd81a31e3cd26889ca66d677f1"},"description":"Le ministre du Budget et du Portefeuille de l\u2019Etat, Moussa Sanogo L\u2019annexe fiscale 2022 relative \u00e0 la Loi de Finances n ...","breadcrumb":{"@id":"https:\/\/www.africa-press.net\/cotedivoire\/economie\/lannexe-fiscale-2022-prend-effet-a-compter-de-ce-mardi-04-janvier#breadcrumb"},"inLanguage":"fr-FR","potentialAction":[{"@type":"ReadAction","target":["https:\/\/www.africa-press.net\/cotedivoire\/economie\/lannexe-fiscale-2022-prend-effet-a-compter-de-ce-mardi-04-janvier"]}]},{"@type":"ImageObject","inLanguage":"fr-FR","@id":"https:\/\/www.africa-press.net\/cotedivoire\/economie\/lannexe-fiscale-2022-prend-effet-a-compter-de-ce-mardi-04-janvier#primaryimage","url":"https:\/\/static.africa-press.net\/cote\/sites\/43\/2022\/01\/img-61d5c75d4d4e2.jpg","contentUrl":"https:\/\/static.africa-press.net\/cote\/sites\/43\/2022\/01\/img-61d5c75d4d4e2.jpg","width":720,"height":372,"caption":"L'annexe fiscale 2022 prend effet \u00e0 compter de ce mardi 04 janvier"},{"@type":"BreadcrumbList","@id":"https:\/\/www.africa-press.net\/cotedivoire\/economie\/lannexe-fiscale-2022-prend-effet-a-compter-de-ce-mardi-04-janvier#breadcrumb","itemListElement":[{"@type":"ListItem","position":1,"name":"Accueil","item":"https:\/\/www.africa-press.net\/cotedivoire\/"},{"@type":"ListItem","position":2,"name":"L&#8217;annexe fiscale 2022 prend effet \u00e0 compter de ce mardi 04 janvier"}]},{"@type":"WebSite","@id":"https:\/\/www.africa-press.net\/cotedivoire\/#website","url":"https:\/\/www.africa-press.net\/cotedivoire\/","name":"C\u00f4te d&#039;Ivoire","description":"Just another Africa News Agency Sites site","potentialAction":[{"@type":"SearchAction","target":{"@type":"EntryPoint","urlTemplate":"https:\/\/www.africa-press.net\/cotedivoire\/?s={search_term_string}"},"query-input":{"@type":"PropertyValueSpecification","valueRequired":true,"valueName":"search_term_string"}}],"inLanguage":"fr-FR"},{"@type":"Person","@id":"https:\/\/www.africa-press.net\/cotedivoire\/#\/schema\/person\/2b1cf3cd81a31e3cd26889ca66d677f1","name":"cfeditorfr"}]}},"_links":{"self":[{"href":"https:\/\/www.africa-press.net\/cotedivoire\/wp-json\/wp\/v2\/posts\/24686","targetHints":{"allow":["GET"]}}],"collection":[{"href":"https:\/\/www.africa-press.net\/cotedivoire\/wp-json\/wp\/v2\/posts"}],"about":[{"href":"https:\/\/www.africa-press.net\/cotedivoire\/wp-json\/wp\/v2\/types\/post"}],"author":[{"embeddable":true,"href":"https:\/\/www.africa-press.net\/cotedivoire\/wp-json\/wp\/v2\/users\/82"}],"replies":[{"embeddable":true,"href":"https:\/\/www.africa-press.net\/cotedivoire\/wp-json\/wp\/v2\/comments?post=24686"}],"version-history":[{"count":0,"href":"https:\/\/www.africa-press.net\/cotedivoire\/wp-json\/wp\/v2\/posts\/24686\/revisions"}],"wp:featuredmedia":[{"embeddable":true,"href":"https:\/\/www.africa-press.net\/cotedivoire\/wp-json\/wp\/v2\/media\/24685"}],"wp:attachment":[{"href":"https:\/\/www.africa-press.net\/cotedivoire\/wp-json\/wp\/v2\/media?parent=24686"}],"wp:term":[{"taxonomy":"category","embeddable":true,"href":"https:\/\/www.africa-press.net\/cotedivoire\/wp-json\/wp\/v2\/categories?post=24686"},{"taxonomy":"post_tag","embeddable":true,"href":"https:\/\/www.africa-press.net\/cotedivoire\/wp-json\/wp\/v2\/tags?post=24686"}],"curies":[{"name":"wp","href":"https:\/\/api.w.org\/{rel}","templated":true}]}}