{"id":24701,"date":"2022-01-05T19:01:15","date_gmt":"2022-01-05T19:01:15","guid":{"rendered":"https:\/\/www.africa-press.net\/cotedivoire\/?p=24701"},"modified":"2022-01-05T16:33:43","modified_gmt":"2022-01-05T16:33:43","slug":"assainissement-a-abobo-reprise-du-deguerpissement-a-la-casse","status":"publish","type":"post","link":"https:\/\/www.africa-press.net\/cotedivoire\/toutes-les-actualites\/assainissement-a-abobo-reprise-du-deguerpissement-a-la-casse","title":{"rendered":"Assainissement \u00e0 Abobo, reprise du d\u00e9guerpissement \u00e0 la casse"},"content":{"rendered":"<p><span style=\"color: #ff6600\"><strong>Africa-Press &#8211; C\u00f4te d&rsquo;Ivoire. <\/strong><\/span>Reprise de l\u2019op\u00e9ration de d\u00e9guerpissement mardi \u00e0 Abobo (DR)<\/p>\n<p>Apr\u00e8s avoir suspendu les travaux entam\u00e9s en novembre 2021, les autorit\u00e9s municipales de la commune d\u2019Abobo ont repris l\u2019op\u00e9ration de d\u00e9guerpissement de la casse.<\/p>\n<p>Selon ces derni\u00e8res, ladite op\u00e9ration s\u2019inscrit dans le cadre de l\u2019assainissement et la lutte contre l\u2019insalubrit\u00e9 au sein de la deuxi\u00e8me grande commune de C\u00f4te d\u2019Ivoire apr\u00e8s Yopougon, pour l\u2019am\u00e9lioration du cadre de vie et de travail des populations.<\/p>\n<p>Ainsi donc, le mardi 04 janvier 2022, plusieurs agents municipaux avec le soutien des forces de l&rsquo;ordre, ont d\u00e9gag\u00e9 toutes les installations anarchiques et autres objets au sein de la casse.<\/p>\n<p>Donatien Kautcha, Abidjan<\/p>\n<p><strong>Pour plus d&rsquo;informations et d&rsquo;analyses sur la <a href=\"https:\/\/www.africa-press.net\/cotedivoire\">C\u00f4te d&rsquo;Ivoire<\/a>, suivez <a href=\"https:\/\/www.africa-press.net\/\">Africa-Press<\/a><\/strong><\/p>\n","protected":false},"excerpt":{"rendered":"<p>Africa-Press &#8211; C\u00f4te d&rsquo;Ivoire. Reprise de l\u2019op\u00e9ration de d\u00e9guerpissement mardi \u00e0 Abobo (DR) Apr\u00e8s avoir suspendu les travaux entam\u00e9s en novembre 2021, les autorit\u00e9s municipales de la commune d\u2019Abobo ont repris l\u2019op\u00e9ration de d\u00e9guerpissement de la casse. Selon ces derni\u00e8res, ladite op\u00e9ration s\u2019inscrit dans le cadre de l\u2019assainissement et la lutte contre l\u2019insalubrit\u00e9 au sein [&hellip;]<\/p>\n","protected":false},"author":82,"featured_media":24700,"comment_status":"open","ping_status":"closed","sticky":false,"template":"","format":"standard","meta":{"footnotes":""},"categories":[21,11,10],"tags":[787,56,63,1878,3695,29,3694,955],"class_list":["post-24701","post","type-post","status-publish","format-standard","has-post-thumbnail","hentry","category-communaute","category-homepage-french","category-toutes-les-actualites","tag-abobo","tag-africa-press","tag-africa-press-cote-divoire","tag-autorites","tag-casse","tag-cote-divoire","tag-municipales","tag-travaux"],"yoast_head":"<!-- This site is optimized with the Yoast SEO Premium plugin v26.1 (Yoast SEO v27.0) - https:\/\/yoast.com\/product\/yoast-seo-premium-wordpress\/ -->\n<title>Assainissement \u00e0 Abobo, reprise du d\u00e9guerpissement \u00e0 la casse - C\u00f4te d&#039;Ivoire<\/title>\n<meta name=\"description\" content=\"Reprise de l\u2019op\u00e9ration de d\u00e9guerpissement mardi \u00e0 Abobo (DR) Apr\u00e8s avoir suspendu les travaux entam\u00e9s en novembre 2021, ...\" \/>\n<meta name=\"robots\" content=\"index, follow, max-snippet:-1, max-image-preview:large, max-video-preview:-1\" \/>\n<link rel=\"canonical\" href=\"https:\/\/www.africa-press.net\/cotedivoire\/toutes-les-actualites\/assainissement-a-abobo-reprise-du-deguerpissement-a-la-casse\" \/>\n<meta property=\"og:locale\" content=\"fr_FR\" \/>\n<meta property=\"og:type\" content=\"article\" \/>\n<meta property=\"og:title\" content=\"Assainissement \u00e0 Abobo, reprise du d\u00e9guerpissement \u00e0 la casse\" \/>\n<meta property=\"og:description\" content=\"Reprise de l\u2019op\u00e9ration de d\u00e9guerpissement mardi \u00e0 Abobo (DR) Apr\u00e8s avoir suspendu les travaux entam\u00e9s en novembre 2021, ...\" \/>\n<meta property=\"og:url\" content=\"https:\/\/www.africa-press.net\/cotedivoire\/toutes-les-actualites\/assainissement-a-abobo-reprise-du-deguerpissement-a-la-casse\" \/>\n<meta property=\"og:site_name\" content=\"C\u00f4te d&#039;Ivoire\" \/>\n<meta property=\"article:published_time\" content=\"2022-01-05T19:01:15+00:00\" \/>\n<meta property=\"og:image\" content=\"https:\/\/static.africa-press.net\/cote\/sites\/43\/2022\/01\/img-61d5c83a351fe.jpg\" \/>\n\t<meta property=\"og:image:width\" content=\"720\" \/>\n\t<meta property=\"og:image:height\" content=\"540\" \/>\n\t<meta property=\"og:image:type\" content=\"image\/jpeg\" \/>\n<meta name=\"author\" content=\"cfeditorfr\" \/>\n<meta name=\"twitter:card\" content=\"summary_large_image\" \/>\n<meta name=\"twitter:label1\" content=\"\u00c9crit par\" \/>\n\t<meta name=\"twitter:data1\" content=\"cfeditorfr\" \/>\n\t<meta name=\"twitter:label2\" content=\"Dur\u00e9e de lecture estim\u00e9e\" \/>\n\t<meta name=\"twitter:data2\" content=\"1 minute\" \/>\n<script type=\"application\/ld+json\" class=\"yoast-schema-graph\">{\"@context\":\"https:\/\/schema.org\",\"@graph\":[{\"@type\":\"Article\",\"@id\":\"https:\/\/www.africa-press.net\/cotedivoire\/toutes-les-actualites\/assainissement-a-abobo-reprise-du-deguerpissement-a-la-casse#article\",\"isPartOf\":{\"@id\":\"https:\/\/www.africa-press.net\/cotedivoire\/toutes-les-actualites\/assainissement-a-abobo-reprise-du-deguerpissement-a-la-casse\"},\"author\":{\"name\":\"cfeditorfr\",\"@id\":\"https:\/\/www.africa-press.net\/cotedivoire\/#\/schema\/person\/2b1cf3cd81a31e3cd26889ca66d677f1\"},\"headline\":\"Assainissement \u00e0 Abobo, reprise du d\u00e9guerpissement \u00e0 la casse\",\"datePublished\":\"2022-01-05T19:01:15+00:00\",\"mainEntityOfPage\":{\"@id\":\"https:\/\/www.africa-press.net\/cotedivoire\/toutes-les-actualites\/assainissement-a-abobo-reprise-du-deguerpissement-a-la-casse\"},\"wordCount\":154,\"commentCount\":0,\"image\":{\"@id\":\"https:\/\/www.africa-press.net\/cotedivoire\/toutes-les-actualites\/assainissement-a-abobo-reprise-du-deguerpissement-a-la-casse#primaryimage\"},\"thumbnailUrl\":\"https:\/\/static.africa-press.net\/cote\/sites\/43\/2022\/01\/img-61d5c83a351fe.jpg\",\"keywords\":[\"Abobo\",\"Africa Press\",\"Africa Press-C\u00f4te d'Ivoire\",\"autorit\u00e9s\",\"casse\",\"C\u00d4TE D'IVOIRE\",\"municipales\",\"travaux\"],\"articleSection\":[\"Communaut\u00e9\",\"homepage-french\",\"Toutes les actualit\u00e9s\"],\"inLanguage\":\"fr-FR\",\"potentialAction\":[{\"@type\":\"CommentAction\",\"name\":\"Comment\",\"target\":[\"https:\/\/www.africa-press.net\/cotedivoire\/toutes-les-actualites\/assainissement-a-abobo-reprise-du-deguerpissement-a-la-casse#respond\"]}]},{\"@type\":\"WebPage\",\"@id\":\"https:\/\/www.africa-press.net\/cotedivoire\/toutes-les-actualites\/assainissement-a-abobo-reprise-du-deguerpissement-a-la-casse\",\"url\":\"https:\/\/www.africa-press.net\/cotedivoire\/toutes-les-actualites\/assainissement-a-abobo-reprise-du-deguerpissement-a-la-casse\",\"name\":\"Assainissement \u00e0 Abobo, reprise du d\u00e9guerpissement \u00e0 la casse - C\u00f4te d&#039;Ivoire\",\"isPartOf\":{\"@id\":\"https:\/\/www.africa-press.net\/cotedivoire\/#website\"},\"primaryImageOfPage\":{\"@id\":\"https:\/\/www.africa-press.net\/cotedivoire\/toutes-les-actualites\/assainissement-a-abobo-reprise-du-deguerpissement-a-la-casse#primaryimage\"},\"image\":{\"@id\":\"https:\/\/www.africa-press.net\/cotedivoire\/toutes-les-actualites\/assainissement-a-abobo-reprise-du-deguerpissement-a-la-casse#primaryimage\"},\"thumbnailUrl\":\"https:\/\/static.africa-press.net\/cote\/sites\/43\/2022\/01\/img-61d5c83a351fe.jpg\",\"datePublished\":\"2022-01-05T19:01:15+00:00\",\"author\":{\"@id\":\"https:\/\/www.africa-press.net\/cotedivoire\/#\/schema\/person\/2b1cf3cd81a31e3cd26889ca66d677f1\"},\"description\":\"Reprise de l\u2019op\u00e9ration de d\u00e9guerpissement mardi \u00e0 Abobo (DR) Apr\u00e8s avoir suspendu les travaux entam\u00e9s en novembre 2021, ...\",\"breadcrumb\":{\"@id\":\"https:\/\/www.africa-press.net\/cotedivoire\/toutes-les-actualites\/assainissement-a-abobo-reprise-du-deguerpissement-a-la-casse#breadcrumb\"},\"inLanguage\":\"fr-FR\",\"potentialAction\":[{\"@type\":\"ReadAction\",\"target\":[\"https:\/\/www.africa-press.net\/cotedivoire\/toutes-les-actualites\/assainissement-a-abobo-reprise-du-deguerpissement-a-la-casse\"]}]},{\"@type\":\"ImageObject\",\"inLanguage\":\"fr-FR\",\"@id\":\"https:\/\/www.africa-press.net\/cotedivoire\/toutes-les-actualites\/assainissement-a-abobo-reprise-du-deguerpissement-a-la-casse#primaryimage\",\"url\":\"https:\/\/static.africa-press.net\/cote\/sites\/43\/2022\/01\/img-61d5c83a351fe.jpg\",\"contentUrl\":\"https:\/\/static.africa-press.net\/cote\/sites\/43\/2022\/01\/img-61d5c83a351fe.jpg\",\"width\":720,\"height\":540,\"caption\":\"Assainissement \u00e0 Abobo, reprise du d\u00e9guerpissement \u00e0 la casse\"},{\"@type\":\"BreadcrumbList\",\"@id\":\"https:\/\/www.africa-press.net\/cotedivoire\/toutes-les-actualites\/assainissement-a-abobo-reprise-du-deguerpissement-a-la-casse#breadcrumb\",\"itemListElement\":[{\"@type\":\"ListItem\",\"position\":1,\"name\":\"Accueil\",\"item\":\"https:\/\/www.africa-press.net\/cotedivoire\/\"},{\"@type\":\"ListItem\",\"position\":2,\"name\":\"Assainissement \u00e0 Abobo, reprise du d\u00e9guerpissement \u00e0 la casse\"}]},{\"@type\":\"WebSite\",\"@id\":\"https:\/\/www.africa-press.net\/cotedivoire\/#website\",\"url\":\"https:\/\/www.africa-press.net\/cotedivoire\/\",\"name\":\"C\u00f4te d&#039;Ivoire\",\"description\":\"Just another Africa News Agency Sites site\",\"potentialAction\":[{\"@type\":\"SearchAction\",\"target\":{\"@type\":\"EntryPoint\",\"urlTemplate\":\"https:\/\/www.africa-press.net\/cotedivoire\/?s={search_term_string}\"},\"query-input\":{\"@type\":\"PropertyValueSpecification\",\"valueRequired\":true,\"valueName\":\"search_term_string\"}}],\"inLanguage\":\"fr-FR\"},{\"@type\":\"Person\",\"@id\":\"https:\/\/www.africa-press.net\/cotedivoire\/#\/schema\/person\/2b1cf3cd81a31e3cd26889ca66d677f1\",\"name\":\"cfeditorfr\"}]}<\/script>\n<!-- \/ Yoast SEO Premium plugin. -->","yoast_head_json":{"title":"Assainissement \u00e0 Abobo, reprise du d\u00e9guerpissement \u00e0 la casse - C\u00f4te d&#039;Ivoire","description":"Reprise de l\u2019op\u00e9ration de d\u00e9guerpissement mardi \u00e0 Abobo (DR) Apr\u00e8s avoir suspendu les travaux entam\u00e9s en novembre 2021, ...","robots":{"index":"index","follow":"follow","max-snippet":"max-snippet:-1","max-image-preview":"max-image-preview:large","max-video-preview":"max-video-preview:-1"},"canonical":"https:\/\/www.africa-press.net\/cotedivoire\/toutes-les-actualites\/assainissement-a-abobo-reprise-du-deguerpissement-a-la-casse","og_locale":"fr_FR","og_type":"article","og_title":"Assainissement \u00e0 Abobo, reprise du d\u00e9guerpissement \u00e0 la casse","og_description":"Reprise de l\u2019op\u00e9ration de d\u00e9guerpissement mardi \u00e0 Abobo (DR) Apr\u00e8s avoir suspendu les travaux entam\u00e9s en novembre 2021, ...","og_url":"https:\/\/www.africa-press.net\/cotedivoire\/toutes-les-actualites\/assainissement-a-abobo-reprise-du-deguerpissement-a-la-casse","og_site_name":"C\u00f4te d&#039;Ivoire","article_published_time":"2022-01-05T19:01:15+00:00","og_image":[{"width":720,"height":540,"url":"https:\/\/static.africa-press.net\/cote\/sites\/43\/2022\/01\/img-61d5c83a351fe.jpg","type":"image\/jpeg"}],"author":"cfeditorfr","twitter_card":"summary_large_image","twitter_misc":{"\u00c9crit par":"cfeditorfr","Dur\u00e9e de lecture estim\u00e9e":"1 minute"},"schema":{"@context":"https:\/\/schema.org","@graph":[{"@type":"Article","@id":"https:\/\/www.africa-press.net\/cotedivoire\/toutes-les-actualites\/assainissement-a-abobo-reprise-du-deguerpissement-a-la-casse#article","isPartOf":{"@id":"https:\/\/www.africa-press.net\/cotedivoire\/toutes-les-actualites\/assainissement-a-abobo-reprise-du-deguerpissement-a-la-casse"},"author":{"name":"cfeditorfr","@id":"https:\/\/www.africa-press.net\/cotedivoire\/#\/schema\/person\/2b1cf3cd81a31e3cd26889ca66d677f1"},"headline":"Assainissement \u00e0 Abobo, reprise du d\u00e9guerpissement \u00e0 la casse","datePublished":"2022-01-05T19:01:15+00:00","mainEntityOfPage":{"@id":"https:\/\/www.africa-press.net\/cotedivoire\/toutes-les-actualites\/assainissement-a-abobo-reprise-du-deguerpissement-a-la-casse"},"wordCount":154,"commentCount":0,"image":{"@id":"https:\/\/www.africa-press.net\/cotedivoire\/toutes-les-actualites\/assainissement-a-abobo-reprise-du-deguerpissement-a-la-casse#primaryimage"},"thumbnailUrl":"https:\/\/static.africa-press.net\/cote\/sites\/43\/2022\/01\/img-61d5c83a351fe.jpg","keywords":["Abobo","Africa Press","Africa Press-C\u00f4te d'Ivoire","autorit\u00e9s","casse","C\u00d4TE D'IVOIRE","municipales","travaux"],"articleSection":["Communaut\u00e9","homepage-french","Toutes les actualit\u00e9s"],"inLanguage":"fr-FR","potentialAction":[{"@type":"CommentAction","name":"Comment","target":["https:\/\/www.africa-press.net\/cotedivoire\/toutes-les-actualites\/assainissement-a-abobo-reprise-du-deguerpissement-a-la-casse#respond"]}]},{"@type":"WebPage","@id":"https:\/\/www.africa-press.net\/cotedivoire\/toutes-les-actualites\/assainissement-a-abobo-reprise-du-deguerpissement-a-la-casse","url":"https:\/\/www.africa-press.net\/cotedivoire\/toutes-les-actualites\/assainissement-a-abobo-reprise-du-deguerpissement-a-la-casse","name":"Assainissement \u00e0 Abobo, reprise du d\u00e9guerpissement \u00e0 la casse - C\u00f4te d&#039;Ivoire","isPartOf":{"@id":"https:\/\/www.africa-press.net\/cotedivoire\/#website"},"primaryImageOfPage":{"@id":"https:\/\/www.africa-press.net\/cotedivoire\/toutes-les-actualites\/assainissement-a-abobo-reprise-du-deguerpissement-a-la-casse#primaryimage"},"image":{"@id":"https:\/\/www.africa-press.net\/cotedivoire\/toutes-les-actualites\/assainissement-a-abobo-reprise-du-deguerpissement-a-la-casse#primaryimage"},"thumbnailUrl":"https:\/\/static.africa-press.net\/cote\/sites\/43\/2022\/01\/img-61d5c83a351fe.jpg","datePublished":"2022-01-05T19:01:15+00:00","author":{"@id":"https:\/\/www.africa-press.net\/cotedivoire\/#\/schema\/person\/2b1cf3cd81a31e3cd26889ca66d677f1"},"description":"Reprise de l\u2019op\u00e9ration de d\u00e9guerpissement mardi \u00e0 Abobo (DR) Apr\u00e8s avoir suspendu les travaux entam\u00e9s en novembre 2021, ...","breadcrumb":{"@id":"https:\/\/www.africa-press.net\/cotedivoire\/toutes-les-actualites\/assainissement-a-abobo-reprise-du-deguerpissement-a-la-casse#breadcrumb"},"inLanguage":"fr-FR","potentialAction":[{"@type":"ReadAction","target":["https:\/\/www.africa-press.net\/cotedivoire\/toutes-les-actualites\/assainissement-a-abobo-reprise-du-deguerpissement-a-la-casse"]}]},{"@type":"ImageObject","inLanguage":"fr-FR","@id":"https:\/\/www.africa-press.net\/cotedivoire\/toutes-les-actualites\/assainissement-a-abobo-reprise-du-deguerpissement-a-la-casse#primaryimage","url":"https:\/\/static.africa-press.net\/cote\/sites\/43\/2022\/01\/img-61d5c83a351fe.jpg","contentUrl":"https:\/\/static.africa-press.net\/cote\/sites\/43\/2022\/01\/img-61d5c83a351fe.jpg","width":720,"height":540,"caption":"Assainissement \u00e0 Abobo, reprise du d\u00e9guerpissement \u00e0 la casse"},{"@type":"BreadcrumbList","@id":"https:\/\/www.africa-press.net\/cotedivoire\/toutes-les-actualites\/assainissement-a-abobo-reprise-du-deguerpissement-a-la-casse#breadcrumb","itemListElement":[{"@type":"ListItem","position":1,"name":"Accueil","item":"https:\/\/www.africa-press.net\/cotedivoire\/"},{"@type":"ListItem","position":2,"name":"Assainissement \u00e0 Abobo, reprise du d\u00e9guerpissement \u00e0 la casse"}]},{"@type":"WebSite","@id":"https:\/\/www.africa-press.net\/cotedivoire\/#website","url":"https:\/\/www.africa-press.net\/cotedivoire\/","name":"C\u00f4te d&#039;Ivoire","description":"Just another Africa News Agency Sites site","potentialAction":[{"@type":"SearchAction","target":{"@type":"EntryPoint","urlTemplate":"https:\/\/www.africa-press.net\/cotedivoire\/?s={search_term_string}"},"query-input":{"@type":"PropertyValueSpecification","valueRequired":true,"valueName":"search_term_string"}}],"inLanguage":"fr-FR"},{"@type":"Person","@id":"https:\/\/www.africa-press.net\/cotedivoire\/#\/schema\/person\/2b1cf3cd81a31e3cd26889ca66d677f1","name":"cfeditorfr"}]}},"_links":{"self":[{"href":"https:\/\/www.africa-press.net\/cotedivoire\/wp-json\/wp\/v2\/posts\/24701","targetHints":{"allow":["GET"]}}],"collection":[{"href":"https:\/\/www.africa-press.net\/cotedivoire\/wp-json\/wp\/v2\/posts"}],"about":[{"href":"https:\/\/www.africa-press.net\/cotedivoire\/wp-json\/wp\/v2\/types\/post"}],"author":[{"embeddable":true,"href":"https:\/\/www.africa-press.net\/cotedivoire\/wp-json\/wp\/v2\/users\/82"}],"replies":[{"embeddable":true,"href":"https:\/\/www.africa-press.net\/cotedivoire\/wp-json\/wp\/v2\/comments?post=24701"}],"version-history":[{"count":0,"href":"https:\/\/www.africa-press.net\/cotedivoire\/wp-json\/wp\/v2\/posts\/24701\/revisions"}],"wp:featuredmedia":[{"embeddable":true,"href":"https:\/\/www.africa-press.net\/cotedivoire\/wp-json\/wp\/v2\/media\/24700"}],"wp:attachment":[{"href":"https:\/\/www.africa-press.net\/cotedivoire\/wp-json\/wp\/v2\/media?parent=24701"}],"wp:term":[{"taxonomy":"category","embeddable":true,"href":"https:\/\/www.africa-press.net\/cotedivoire\/wp-json\/wp\/v2\/categories?post=24701"},{"taxonomy":"post_tag","embeddable":true,"href":"https:\/\/www.africa-press.net\/cotedivoire\/wp-json\/wp\/v2\/tags?post=24701"}],"curies":[{"name":"wp","href":"https:\/\/api.w.org\/{rel}","templated":true}]}}