{"id":24707,"date":"2022-01-05T19:21:06","date_gmt":"2022-01-05T19:21:06","guid":{"rendered":"https:\/\/www.africa-press.net\/cotedivoire\/?p=24707"},"modified":"2022-01-05T16:35:24","modified_gmt":"2022-01-05T16:35:24","slug":"un-an-apres-son-deces-laurent-dona-fologo-inhume-le-5-fevrier-prochain-dans-son-village-natal-a-peguekaha","status":"publish","type":"post","link":"https:\/\/www.africa-press.net\/cotedivoire\/politique\/un-an-apres-son-deces-laurent-dona-fologo-inhume-le-5-fevrier-prochain-dans-son-village-natal-a-peguekaha","title":{"rendered":"Un an apr\u00e8s son d\u00e9c\u00e8s Laurent Dona Fologo inhum\u00e9 le 5 f\u00e9vrier prochain dans son village natal \u00e0 P\u00e9gu\u00e9kaha"},"content":{"rendered":"<p><span style=\"color: #ff6600\"><strong>Africa-Press &#8211; C\u00f4te d&rsquo;Ivoire. <\/strong><\/span><b>Feu Laurent Dona Fologo<\/b><\/p>\n<p>L&rsquo;ancien ministre et ex-pr\u00e9sident du conseil \u00e9conomique et social Laurent Dona Fologo, d\u00e9c\u00e9d\u00e9 le 5 f\u00e9vrier 2021 \u00e0 Abidjan sera inhum\u00e9 dans la stricte intimit\u00e9 familiale, le samedi 5 f\u00e9vrier 2022, \u00e0 P\u00e9gu\u00e9kaha, son village natal situ\u00e9 dans la sous-pr\u00e9fecture de Bahouakaha, d\u00e9partement de Sin\u00e9matiali, r\u00e9gion du Poro, dans le nord de la C\u00f4te d\u2019Ivoire.<\/p>\n<p>C&rsquo;est l&rsquo;information qui a \u00e9t\u00e9 donn\u00e9e par le comit\u00e9 d&rsquo;organisation des obs\u00e8ques de l&rsquo;ancien ministre des sports qui pr\u00e9cise que la d\u00e9pouille de l\u2019ancien pr\u00e9sident du Conseil Economique et Social arrivera dans son village, le 4 f\u00e9vrier 2022 et une veill\u00e9e religieuse (catholique) se fera jusqu\u2019au lendemain matin.<\/p>\n<p>Faut-il noter que Laurent Dona-Fologo a eu droit \u00e0 des obs\u00e8ques officielles qui se sont d\u00e9roul\u00e9es \u00e0 Abidjan, du 16 au 21 mai 2021. Elles avaient \u00e9t\u00e9 marqu\u00e9es par les hommages de la Nation, le 19 mai, au Conseil \u00e9conomique, Social, Environnemental et Culturel (CESEC), au Plateau. La c\u00e9r\u00e9monie avait \u00e9t\u00e9 pr\u00e9sid\u00e9e par le Pr\u00e9sident du Conseil Constitutionnel, Kon\u00e9 Mamadou, qui y repr\u00e9sentait le Pr\u00e9sident de la R\u00e9publique, SEM. Alassane Ouattara.<\/p>\n<p>Ces obs\u00e8ques officielles s\u2019\u00e9taient achev\u00e9es par une messe de requiem, le 21 mai 2021, \u00e0 la cath\u00e9drale Saint Paul du Plateau, en pr\u00e9sence du Cardinal Jean-Pierre Kutwa.<\/p>\n<p>Ancien Pr\u00e9sident du Conseil Economique et Social, ancien Ministre d\u2019\u00c9tat, ancien journaliste, Grand-Croix de l\u2019Ordre National de C\u00f4te d\u2019Ivoire, Officier de la L\u00e9gion d\u2019Honneur Fran\u00e7aise, Commandeur de l\u2019Ordre du M\u00e9rite Fran\u00e7ais, Laurent Dona-Fologo a rendu l\u2019\u00e2me des suites d\u2019une courte maladie, dans une polyclinique \u00e0 Abidjan.<\/p>\n<p>Jean Chr\u00e9sus, Abidjan<\/p>\n<p><strong>Pour plus d&rsquo;informations et d&rsquo;analyses sur la <a href=\"https:\/\/www.africa-press.net\/cotedivoire\">C\u00f4te d&rsquo;Ivoire<\/a>, suivez <a href=\"https:\/\/www.africa-press.net\/\">Africa-Press<\/a><\/strong><\/p>\n","protected":false},"excerpt":{"rendered":"<p>Africa-Press &#8211; C\u00f4te d&rsquo;Ivoire. Feu Laurent Dona Fologo L&rsquo;ancien ministre et ex-pr\u00e9sident du conseil \u00e9conomique et social Laurent Dona Fologo, d\u00e9c\u00e9d\u00e9 le 5 f\u00e9vrier 2021 \u00e0 Abidjan sera inhum\u00e9 dans la stricte intimit\u00e9 familiale, le samedi 5 f\u00e9vrier 2022, \u00e0 P\u00e9gu\u00e9kaha, son village natal situ\u00e9 dans la sous-pr\u00e9fecture de Bahouakaha, d\u00e9partement de Sin\u00e9matiali, r\u00e9gion du [&hellip;]<\/p>\n","protected":false},"author":82,"featured_media":24706,"comment_status":"open","ping_status":"closed","sticky":false,"template":"","format":"standard","meta":{"footnotes":""},"categories":[11,2,10],"tags":[56,63,38,1643,29,3088,3702,1929,3701],"class_list":["post-24707","post","type-post","status-publish","format-standard","has-post-thumbnail","hentry","category-homepage-french","category-politique","category-toutes-les-actualites","tag-africa-press","tag-africa-press-cote-divoire","tag-alassane-ouattara","tag-cesec","tag-cote-divoire","tag-fologo","tag-kutwa","tag-poro","tag-sinematiali"],"yoast_head":"<!-- This site is optimized with the Yoast SEO Premium plugin v26.1 (Yoast SEO v27.0) - https:\/\/yoast.com\/product\/yoast-seo-premium-wordpress\/ -->\n<title>Un an apr\u00e8s son d\u00e9c\u00e8s Laurent Dona Fologo inhum\u00e9 le 5 f\u00e9vrier prochain dans son village natal \u00e0 P\u00e9gu\u00e9kaha - C\u00f4te d&#039;Ivoire<\/title>\n<meta name=\"description\" content=\"Feu Laurent Dona Fologo L&#039;ancien ministre et ex-pr\u00e9sident du conseil \u00e9conomique et social Laurent Dona Fologo, d ...\" \/>\n<meta name=\"robots\" content=\"index, follow, max-snippet:-1, max-image-preview:large, max-video-preview:-1\" \/>\n<link rel=\"canonical\" href=\"https:\/\/www.africa-press.net\/cotedivoire\/politique\/un-an-apres-son-deces-laurent-dona-fologo-inhume-le-5-fevrier-prochain-dans-son-village-natal-a-peguekaha\" \/>\n<meta property=\"og:locale\" content=\"fr_FR\" \/>\n<meta property=\"og:type\" content=\"article\" \/>\n<meta property=\"og:title\" content=\"Un an apr\u00e8s son d\u00e9c\u00e8s Laurent Dona Fologo inhum\u00e9 le 5 f\u00e9vrier prochain dans son village natal \u00e0 P\u00e9gu\u00e9kaha\" \/>\n<meta property=\"og:description\" content=\"Feu Laurent Dona Fologo L&#039;ancien ministre et ex-pr\u00e9sident du conseil \u00e9conomique et social Laurent Dona Fologo, d ...\" \/>\n<meta property=\"og:url\" content=\"https:\/\/www.africa-press.net\/cotedivoire\/politique\/un-an-apres-son-deces-laurent-dona-fologo-inhume-le-5-fevrier-prochain-dans-son-village-natal-a-peguekaha\" \/>\n<meta property=\"og:site_name\" content=\"C\u00f4te d&#039;Ivoire\" \/>\n<meta property=\"article:published_time\" content=\"2022-01-05T19:21:06+00:00\" \/>\n<meta property=\"og:image\" content=\"https:\/\/static.africa-press.net\/cote\/sites\/43\/2022\/01\/img-61d5c8a8daf0b.jpg\" \/>\n\t<meta property=\"og:image:width\" content=\"720\" \/>\n\t<meta property=\"og:image:height\" content=\"495\" \/>\n\t<meta property=\"og:image:type\" content=\"image\/jpeg\" \/>\n<meta name=\"author\" content=\"cfeditorfr\" \/>\n<meta name=\"twitter:card\" content=\"summary_large_image\" \/>\n<meta name=\"twitter:label1\" content=\"\u00c9crit par\" \/>\n\t<meta name=\"twitter:data1\" content=\"cfeditorfr\" \/>\n\t<meta name=\"twitter:label2\" content=\"Dur\u00e9e de lecture estim\u00e9e\" \/>\n\t<meta name=\"twitter:data2\" content=\"2 minutes\" \/>\n<script type=\"application\/ld+json\" class=\"yoast-schema-graph\">{\"@context\":\"https:\/\/schema.org\",\"@graph\":[{\"@type\":\"Article\",\"@id\":\"https:\/\/www.africa-press.net\/cotedivoire\/politique\/un-an-apres-son-deces-laurent-dona-fologo-inhume-le-5-fevrier-prochain-dans-son-village-natal-a-peguekaha#article\",\"isPartOf\":{\"@id\":\"https:\/\/www.africa-press.net\/cotedivoire\/politique\/un-an-apres-son-deces-laurent-dona-fologo-inhume-le-5-fevrier-prochain-dans-son-village-natal-a-peguekaha\"},\"author\":{\"name\":\"cfeditorfr\",\"@id\":\"https:\/\/www.africa-press.net\/cotedivoire\/#\/schema\/person\/2b1cf3cd81a31e3cd26889ca66d677f1\"},\"headline\":\"Un an apr\u00e8s son d\u00e9c\u00e8s Laurent Dona Fologo inhum\u00e9 le 5 f\u00e9vrier prochain dans son village natal \u00e0 P\u00e9gu\u00e9kaha\",\"datePublished\":\"2022-01-05T19:21:06+00:00\",\"mainEntityOfPage\":{\"@id\":\"https:\/\/www.africa-press.net\/cotedivoire\/politique\/un-an-apres-son-deces-laurent-dona-fologo-inhume-le-5-fevrier-prochain-dans-son-village-natal-a-peguekaha\"},\"wordCount\":338,\"commentCount\":0,\"image\":{\"@id\":\"https:\/\/www.africa-press.net\/cotedivoire\/politique\/un-an-apres-son-deces-laurent-dona-fologo-inhume-le-5-fevrier-prochain-dans-son-village-natal-a-peguekaha#primaryimage\"},\"thumbnailUrl\":\"https:\/\/static.africa-press.net\/cote\/sites\/43\/2022\/01\/img-61d5c8a8daf0b.jpg\",\"keywords\":[\"Africa Press\",\"Africa Press-C\u00f4te d'Ivoire\",\"Alassane Ouattara\",\"CESEC\",\"C\u00d4TE D'IVOIRE\",\"Fologo\",\"Kutwa\",\"Poro\",\"Sin\u00e9matiali\"],\"articleSection\":[\"homepage-french\",\"Politique\",\"Toutes les actualit\u00e9s\"],\"inLanguage\":\"fr-FR\",\"potentialAction\":[{\"@type\":\"CommentAction\",\"name\":\"Comment\",\"target\":[\"https:\/\/www.africa-press.net\/cotedivoire\/politique\/un-an-apres-son-deces-laurent-dona-fologo-inhume-le-5-fevrier-prochain-dans-son-village-natal-a-peguekaha#respond\"]}]},{\"@type\":\"WebPage\",\"@id\":\"https:\/\/www.africa-press.net\/cotedivoire\/politique\/un-an-apres-son-deces-laurent-dona-fologo-inhume-le-5-fevrier-prochain-dans-son-village-natal-a-peguekaha\",\"url\":\"https:\/\/www.africa-press.net\/cotedivoire\/politique\/un-an-apres-son-deces-laurent-dona-fologo-inhume-le-5-fevrier-prochain-dans-son-village-natal-a-peguekaha\",\"name\":\"Un an apr\u00e8s son d\u00e9c\u00e8s Laurent Dona Fologo inhum\u00e9 le 5 f\u00e9vrier prochain dans son village natal \u00e0 P\u00e9gu\u00e9kaha - C\u00f4te d&#039;Ivoire\",\"isPartOf\":{\"@id\":\"https:\/\/www.africa-press.net\/cotedivoire\/#website\"},\"primaryImageOfPage\":{\"@id\":\"https:\/\/www.africa-press.net\/cotedivoire\/politique\/un-an-apres-son-deces-laurent-dona-fologo-inhume-le-5-fevrier-prochain-dans-son-village-natal-a-peguekaha#primaryimage\"},\"image\":{\"@id\":\"https:\/\/www.africa-press.net\/cotedivoire\/politique\/un-an-apres-son-deces-laurent-dona-fologo-inhume-le-5-fevrier-prochain-dans-son-village-natal-a-peguekaha#primaryimage\"},\"thumbnailUrl\":\"https:\/\/static.africa-press.net\/cote\/sites\/43\/2022\/01\/img-61d5c8a8daf0b.jpg\",\"datePublished\":\"2022-01-05T19:21:06+00:00\",\"author\":{\"@id\":\"https:\/\/www.africa-press.net\/cotedivoire\/#\/schema\/person\/2b1cf3cd81a31e3cd26889ca66d677f1\"},\"description\":\"Feu Laurent Dona Fologo L'ancien ministre et ex-pr\u00e9sident du conseil \u00e9conomique et social Laurent Dona Fologo, d ...\",\"breadcrumb\":{\"@id\":\"https:\/\/www.africa-press.net\/cotedivoire\/politique\/un-an-apres-son-deces-laurent-dona-fologo-inhume-le-5-fevrier-prochain-dans-son-village-natal-a-peguekaha#breadcrumb\"},\"inLanguage\":\"fr-FR\",\"potentialAction\":[{\"@type\":\"ReadAction\",\"target\":[\"https:\/\/www.africa-press.net\/cotedivoire\/politique\/un-an-apres-son-deces-laurent-dona-fologo-inhume-le-5-fevrier-prochain-dans-son-village-natal-a-peguekaha\"]}]},{\"@type\":\"ImageObject\",\"inLanguage\":\"fr-FR\",\"@id\":\"https:\/\/www.africa-press.net\/cotedivoire\/politique\/un-an-apres-son-deces-laurent-dona-fologo-inhume-le-5-fevrier-prochain-dans-son-village-natal-a-peguekaha#primaryimage\",\"url\":\"https:\/\/static.africa-press.net\/cote\/sites\/43\/2022\/01\/img-61d5c8a8daf0b.jpg\",\"contentUrl\":\"https:\/\/static.africa-press.net\/cote\/sites\/43\/2022\/01\/img-61d5c8a8daf0b.jpg\",\"width\":720,\"height\":495,\"caption\":\"Un an apr\u00e8s son d\u00e9c\u00e8s Laurent Dona Fologo inhum\u00e9 le 5 f\u00e9vrier prochain dans son village natal \u00e0 P\u00e9gu\u00e9kaha\"},{\"@type\":\"BreadcrumbList\",\"@id\":\"https:\/\/www.africa-press.net\/cotedivoire\/politique\/un-an-apres-son-deces-laurent-dona-fologo-inhume-le-5-fevrier-prochain-dans-son-village-natal-a-peguekaha#breadcrumb\",\"itemListElement\":[{\"@type\":\"ListItem\",\"position\":1,\"name\":\"Accueil\",\"item\":\"https:\/\/www.africa-press.net\/cotedivoire\/\"},{\"@type\":\"ListItem\",\"position\":2,\"name\":\"Un an apr\u00e8s son d\u00e9c\u00e8s Laurent Dona Fologo inhum\u00e9 le 5 f\u00e9vrier prochain dans son village natal \u00e0 P\u00e9gu\u00e9kaha\"}]},{\"@type\":\"WebSite\",\"@id\":\"https:\/\/www.africa-press.net\/cotedivoire\/#website\",\"url\":\"https:\/\/www.africa-press.net\/cotedivoire\/\",\"name\":\"C\u00f4te d&#039;Ivoire\",\"description\":\"Just another Africa News Agency Sites site\",\"potentialAction\":[{\"@type\":\"SearchAction\",\"target\":{\"@type\":\"EntryPoint\",\"urlTemplate\":\"https:\/\/www.africa-press.net\/cotedivoire\/?s={search_term_string}\"},\"query-input\":{\"@type\":\"PropertyValueSpecification\",\"valueRequired\":true,\"valueName\":\"search_term_string\"}}],\"inLanguage\":\"fr-FR\"},{\"@type\":\"Person\",\"@id\":\"https:\/\/www.africa-press.net\/cotedivoire\/#\/schema\/person\/2b1cf3cd81a31e3cd26889ca66d677f1\",\"name\":\"cfeditorfr\"}]}<\/script>\n<!-- \/ Yoast SEO Premium plugin. -->","yoast_head_json":{"title":"Un an apr\u00e8s son d\u00e9c\u00e8s Laurent Dona Fologo inhum\u00e9 le 5 f\u00e9vrier prochain dans son village natal \u00e0 P\u00e9gu\u00e9kaha - C\u00f4te d&#039;Ivoire","description":"Feu Laurent Dona Fologo L'ancien ministre et ex-pr\u00e9sident du conseil \u00e9conomique et social Laurent Dona Fologo, d ...","robots":{"index":"index","follow":"follow","max-snippet":"max-snippet:-1","max-image-preview":"max-image-preview:large","max-video-preview":"max-video-preview:-1"},"canonical":"https:\/\/www.africa-press.net\/cotedivoire\/politique\/un-an-apres-son-deces-laurent-dona-fologo-inhume-le-5-fevrier-prochain-dans-son-village-natal-a-peguekaha","og_locale":"fr_FR","og_type":"article","og_title":"Un an apr\u00e8s son d\u00e9c\u00e8s Laurent Dona Fologo inhum\u00e9 le 5 f\u00e9vrier prochain dans son village natal \u00e0 P\u00e9gu\u00e9kaha","og_description":"Feu Laurent Dona Fologo L'ancien ministre et ex-pr\u00e9sident du conseil \u00e9conomique et social Laurent Dona Fologo, d ...","og_url":"https:\/\/www.africa-press.net\/cotedivoire\/politique\/un-an-apres-son-deces-laurent-dona-fologo-inhume-le-5-fevrier-prochain-dans-son-village-natal-a-peguekaha","og_site_name":"C\u00f4te d&#039;Ivoire","article_published_time":"2022-01-05T19:21:06+00:00","og_image":[{"width":720,"height":495,"url":"https:\/\/static.africa-press.net\/cote\/sites\/43\/2022\/01\/img-61d5c8a8daf0b.jpg","type":"image\/jpeg"}],"author":"cfeditorfr","twitter_card":"summary_large_image","twitter_misc":{"\u00c9crit par":"cfeditorfr","Dur\u00e9e de lecture estim\u00e9e":"2 minutes"},"schema":{"@context":"https:\/\/schema.org","@graph":[{"@type":"Article","@id":"https:\/\/www.africa-press.net\/cotedivoire\/politique\/un-an-apres-son-deces-laurent-dona-fologo-inhume-le-5-fevrier-prochain-dans-son-village-natal-a-peguekaha#article","isPartOf":{"@id":"https:\/\/www.africa-press.net\/cotedivoire\/politique\/un-an-apres-son-deces-laurent-dona-fologo-inhume-le-5-fevrier-prochain-dans-son-village-natal-a-peguekaha"},"author":{"name":"cfeditorfr","@id":"https:\/\/www.africa-press.net\/cotedivoire\/#\/schema\/person\/2b1cf3cd81a31e3cd26889ca66d677f1"},"headline":"Un an apr\u00e8s son d\u00e9c\u00e8s Laurent Dona Fologo inhum\u00e9 le 5 f\u00e9vrier prochain dans son village natal \u00e0 P\u00e9gu\u00e9kaha","datePublished":"2022-01-05T19:21:06+00:00","mainEntityOfPage":{"@id":"https:\/\/www.africa-press.net\/cotedivoire\/politique\/un-an-apres-son-deces-laurent-dona-fologo-inhume-le-5-fevrier-prochain-dans-son-village-natal-a-peguekaha"},"wordCount":338,"commentCount":0,"image":{"@id":"https:\/\/www.africa-press.net\/cotedivoire\/politique\/un-an-apres-son-deces-laurent-dona-fologo-inhume-le-5-fevrier-prochain-dans-son-village-natal-a-peguekaha#primaryimage"},"thumbnailUrl":"https:\/\/static.africa-press.net\/cote\/sites\/43\/2022\/01\/img-61d5c8a8daf0b.jpg","keywords":["Africa Press","Africa Press-C\u00f4te d'Ivoire","Alassane Ouattara","CESEC","C\u00d4TE D'IVOIRE","Fologo","Kutwa","Poro","Sin\u00e9matiali"],"articleSection":["homepage-french","Politique","Toutes les actualit\u00e9s"],"inLanguage":"fr-FR","potentialAction":[{"@type":"CommentAction","name":"Comment","target":["https:\/\/www.africa-press.net\/cotedivoire\/politique\/un-an-apres-son-deces-laurent-dona-fologo-inhume-le-5-fevrier-prochain-dans-son-village-natal-a-peguekaha#respond"]}]},{"@type":"WebPage","@id":"https:\/\/www.africa-press.net\/cotedivoire\/politique\/un-an-apres-son-deces-laurent-dona-fologo-inhume-le-5-fevrier-prochain-dans-son-village-natal-a-peguekaha","url":"https:\/\/www.africa-press.net\/cotedivoire\/politique\/un-an-apres-son-deces-laurent-dona-fologo-inhume-le-5-fevrier-prochain-dans-son-village-natal-a-peguekaha","name":"Un an apr\u00e8s son d\u00e9c\u00e8s Laurent Dona Fologo inhum\u00e9 le 5 f\u00e9vrier prochain dans son village natal \u00e0 P\u00e9gu\u00e9kaha - C\u00f4te d&#039;Ivoire","isPartOf":{"@id":"https:\/\/www.africa-press.net\/cotedivoire\/#website"},"primaryImageOfPage":{"@id":"https:\/\/www.africa-press.net\/cotedivoire\/politique\/un-an-apres-son-deces-laurent-dona-fologo-inhume-le-5-fevrier-prochain-dans-son-village-natal-a-peguekaha#primaryimage"},"image":{"@id":"https:\/\/www.africa-press.net\/cotedivoire\/politique\/un-an-apres-son-deces-laurent-dona-fologo-inhume-le-5-fevrier-prochain-dans-son-village-natal-a-peguekaha#primaryimage"},"thumbnailUrl":"https:\/\/static.africa-press.net\/cote\/sites\/43\/2022\/01\/img-61d5c8a8daf0b.jpg","datePublished":"2022-01-05T19:21:06+00:00","author":{"@id":"https:\/\/www.africa-press.net\/cotedivoire\/#\/schema\/person\/2b1cf3cd81a31e3cd26889ca66d677f1"},"description":"Feu Laurent Dona Fologo L'ancien ministre et ex-pr\u00e9sident du conseil \u00e9conomique et social Laurent Dona Fologo, d ...","breadcrumb":{"@id":"https:\/\/www.africa-press.net\/cotedivoire\/politique\/un-an-apres-son-deces-laurent-dona-fologo-inhume-le-5-fevrier-prochain-dans-son-village-natal-a-peguekaha#breadcrumb"},"inLanguage":"fr-FR","potentialAction":[{"@type":"ReadAction","target":["https:\/\/www.africa-press.net\/cotedivoire\/politique\/un-an-apres-son-deces-laurent-dona-fologo-inhume-le-5-fevrier-prochain-dans-son-village-natal-a-peguekaha"]}]},{"@type":"ImageObject","inLanguage":"fr-FR","@id":"https:\/\/www.africa-press.net\/cotedivoire\/politique\/un-an-apres-son-deces-laurent-dona-fologo-inhume-le-5-fevrier-prochain-dans-son-village-natal-a-peguekaha#primaryimage","url":"https:\/\/static.africa-press.net\/cote\/sites\/43\/2022\/01\/img-61d5c8a8daf0b.jpg","contentUrl":"https:\/\/static.africa-press.net\/cote\/sites\/43\/2022\/01\/img-61d5c8a8daf0b.jpg","width":720,"height":495,"caption":"Un an apr\u00e8s son d\u00e9c\u00e8s Laurent Dona Fologo inhum\u00e9 le 5 f\u00e9vrier prochain dans son village natal \u00e0 P\u00e9gu\u00e9kaha"},{"@type":"BreadcrumbList","@id":"https:\/\/www.africa-press.net\/cotedivoire\/politique\/un-an-apres-son-deces-laurent-dona-fologo-inhume-le-5-fevrier-prochain-dans-son-village-natal-a-peguekaha#breadcrumb","itemListElement":[{"@type":"ListItem","position":1,"name":"Accueil","item":"https:\/\/www.africa-press.net\/cotedivoire\/"},{"@type":"ListItem","position":2,"name":"Un an apr\u00e8s son d\u00e9c\u00e8s Laurent Dona Fologo inhum\u00e9 le 5 f\u00e9vrier prochain dans son village natal \u00e0 P\u00e9gu\u00e9kaha"}]},{"@type":"WebSite","@id":"https:\/\/www.africa-press.net\/cotedivoire\/#website","url":"https:\/\/www.africa-press.net\/cotedivoire\/","name":"C\u00f4te d&#039;Ivoire","description":"Just another Africa News Agency Sites site","potentialAction":[{"@type":"SearchAction","target":{"@type":"EntryPoint","urlTemplate":"https:\/\/www.africa-press.net\/cotedivoire\/?s={search_term_string}"},"query-input":{"@type":"PropertyValueSpecification","valueRequired":true,"valueName":"search_term_string"}}],"inLanguage":"fr-FR"},{"@type":"Person","@id":"https:\/\/www.africa-press.net\/cotedivoire\/#\/schema\/person\/2b1cf3cd81a31e3cd26889ca66d677f1","name":"cfeditorfr"}]}},"_links":{"self":[{"href":"https:\/\/www.africa-press.net\/cotedivoire\/wp-json\/wp\/v2\/posts\/24707","targetHints":{"allow":["GET"]}}],"collection":[{"href":"https:\/\/www.africa-press.net\/cotedivoire\/wp-json\/wp\/v2\/posts"}],"about":[{"href":"https:\/\/www.africa-press.net\/cotedivoire\/wp-json\/wp\/v2\/types\/post"}],"author":[{"embeddable":true,"href":"https:\/\/www.africa-press.net\/cotedivoire\/wp-json\/wp\/v2\/users\/82"}],"replies":[{"embeddable":true,"href":"https:\/\/www.africa-press.net\/cotedivoire\/wp-json\/wp\/v2\/comments?post=24707"}],"version-history":[{"count":0,"href":"https:\/\/www.africa-press.net\/cotedivoire\/wp-json\/wp\/v2\/posts\/24707\/revisions"}],"wp:featuredmedia":[{"embeddable":true,"href":"https:\/\/www.africa-press.net\/cotedivoire\/wp-json\/wp\/v2\/media\/24706"}],"wp:attachment":[{"href":"https:\/\/www.africa-press.net\/cotedivoire\/wp-json\/wp\/v2\/media?parent=24707"}],"wp:term":[{"taxonomy":"category","embeddable":true,"href":"https:\/\/www.africa-press.net\/cotedivoire\/wp-json\/wp\/v2\/categories?post=24707"},{"taxonomy":"post_tag","embeddable":true,"href":"https:\/\/www.africa-press.net\/cotedivoire\/wp-json\/wp\/v2\/tags?post=24707"}],"curies":[{"name":"wp","href":"https:\/\/api.w.org\/{rel}","templated":true}]}}