{"id":25178,"date":"2022-01-11T20:59:34","date_gmt":"2022-01-11T20:59:34","guid":{"rendered":"https:\/\/www.africa-press.net\/cotedivoire\/?p=25178"},"modified":"2022-01-11T18:45:04","modified_gmt":"2022-01-11T18:45:04","slug":"cote-divoire-mali-soro-annonce-la-liberation-de-ben-souk","status":"publish","type":"post","link":"https:\/\/www.africa-press.net\/cotedivoire\/politique\/cote-divoire-mali-soro-annonce-la-liberation-de-ben-souk","title":{"rendered":"C\u00f4te d&rsquo;Ivoire &#8211; Mali : Soro annonce la lib\u00e8ration de Ben Souk"},"content":{"rendered":"<p><span style=\"color: #ff6600\"><strong>Africa-Press &#8211; C\u00f4te d&rsquo;Ivoire. <\/strong><\/span><b>Ben Souk<\/b><\/p>\n<p>Le juge ivoirien du 9e cabinet du tribunal de premi\u00e8re instance d\u2019Abidjan-Plateau avait d\u00e9cern\u00e9 un en ao\u00fbt 2021 un mandat d\u2019arr\u00eat contre Sess Soukou Mohamed dit \u00ab\u00a0Ben Souk\u00a0\u00bb, un proche de Guillaume Soro.<\/p>\n<p>Ce mandat a \u00e9t\u00e9 ex\u00e9cut\u00e9, contre \u00ab Ben Souk \u00bb, pour \u00ab actes subversifs \u00bb.<\/p>\n<p>Le procureur de la R\u00e9publique du tribunal de grande instance de la Commune 4 de Bamako avait clarifi\u00e9 les choses en expliquant qu&rsquo;il ne s&rsquo;agit point d&rsquo;un rapt, comme tentait de le faire croire les proches de Soro, mais d&rsquo;une arrestation apr\u00e8s un mandat d&rsquo;arr\u00eat lanc\u00e9 par les autorit\u00e9s judiciaires maliennes.<\/p>\n<p>L&rsquo;ex-d\u00e9put\u00e9 de Dabou, membre d\u2019un mouvement politique dirig\u00e9 par Guillaume Soro, pr\u00e9sident de G\u00e9n\u00e9rations et peuples solidaires, (GPS) avait \u00e9t\u00e9 arr\u00eat\u00e9 dans le cadre des r\u00e9sultats d\u2019une enqu\u00eate judiciaire entre le Mali et la C\u00f4te d\u2019Ivoire.<\/p>\n<p>Si le procureur malien Idrissa Hamidou Tour\u00e9, qui a ordonn\u00e9 l\u2019arrestation, avait parl\u00e9 dans un communiqu\u00e9 de \u00ab saine application de la loi \u00bb, le m\u00eame procureur malien, connu pour sa t\u00e9m\u00e9rit\u00e9, a demand\u00e9 il n\u2019y a pas longtemps l\u2019extradition de la C\u00f4te d\u2019Ivoire vers le Mali de Karim Ke\u00efta, fils de l\u2019ancien pr\u00e9sident du Mali, IBK, dans le cadre de l\u2019enqu\u00eate sur la disparition d\u2019un journaliste malien.<\/p>\n<p>Via un communiqu\u00e9 publi\u00e9 par le mouvement politique de Soro, KOACI apprend que Ben Souk aurait \u00e9t\u00e9 lib\u00e9r\u00e9 par la junte militaire malienne hier lundi 10 janvier 2022 \u00e0 Bamako, au terme d\u2019une proc\u00e9dure judiciaire pleinement men\u00e9e.<\/p>\n<p>Une lib\u00e9ration op\u00e9r\u00e9e en marge des sanctions de la CEDEAO RT de l&rsquo;UEMOA contre les autorit\u00e9s militaires malienne.<\/p>\n<p>Cette lib\u00e9ration de Ben Souk est une r\u00e9ponse aux autorit\u00e9s ivoiriennes ?<\/p>\n<p>Tout porterait \u00e0 croire que cette lib\u00e9ration de ce proche de Guillaume Soro pourrait \u00eatre un message adress\u00e9 \u00e0 Abidjan.<\/p>\n<p>De son c\u00f4t\u00e9, Guillaume Kigbafori Soro, en exil en Europe depuis 2019, salue \u00ab\u00a0cette issue heureuse, qui consacre le respect des droits humains et des libert\u00e9s publiques par les autorit\u00e9s judiciaires maliennes.\u00a0\u00bb<\/p>\n<p>Le condamn\u00e9 \u00e0 perp\u00e9tuit\u00e9 se r\u00e9jouit de ce d\u00e9nouement qui vient \u00e0 point nomm\u00e9 et qui contribuera, \u00ab\u00a0\u00e0 n\u2019en point douter, au raffermissement des relations s\u00e9culaires entre les peuples malien et ivoirien.\u00a0\u00bb.<\/p>\n<p>Enfin Soro dans ce communiqu\u00e9 \u00ab\u00a0apporte son soutien et son amiti\u00e9 sinc\u00e8res aux Autorit\u00e9s de Transition, aux autorit\u00e9s judiciaires maliennes, mais aussi et surtout au grand et digne peuple du Mali.\u00a0\u00bb<\/p>\n<p>Jean Chresus, Abidjan<\/p>\n<p><strong>Pour plus d&rsquo;informations et d&rsquo;analyses sur la <a href=\"https:\/\/www.africa-press.net\/cotedivoire\">C\u00f4te d&rsquo;Ivoire<\/a>, suivez <a href=\"https:\/\/www.africa-press.net\/\">Africa-Press<\/a><\/strong><\/p>\n","protected":false},"excerpt":{"rendered":"<p>Africa-Press &#8211; C\u00f4te d&rsquo;Ivoire. Ben Souk Le juge ivoirien du 9e cabinet du tribunal de premi\u00e8re instance d\u2019Abidjan-Plateau avait d\u00e9cern\u00e9 un en ao\u00fbt 2021 un mandat d\u2019arr\u00eat contre Sess Soukou Mohamed dit \u00ab\u00a0Ben Souk\u00a0\u00bb, un proche de Guillaume Soro. Ce mandat a \u00e9t\u00e9 ex\u00e9cut\u00e9, contre \u00ab Ben Souk \u00bb, pour \u00ab actes subversifs \u00bb. Le [&hellip;]<\/p>\n","protected":false},"author":82,"featured_media":25177,"comment_status":"open","ping_status":"closed","sticky":false,"template":"","format":"standard","meta":{"footnotes":""},"categories":[11,2,10],"tags":[30,56,63,455,454,1150,29,1160,1163,3763,1086,1634],"class_list":["post-25178","post","type-post","status-publish","format-standard","has-post-thumbnail","hentry","category-homepage-french","category-politique","category-toutes-les-actualites","tag-abidjan","tag-africa-press","tag-africa-press-cote-divoire","tag-bamako","tag-ben-souk","tag-cedeao","tag-cote-divoire","tag-dabou","tag-gps","tag-junte","tag-soro","tag-uemoa"],"yoast_head":"<!-- This site is optimized with the Yoast SEO Premium plugin v26.1 (Yoast SEO v27.0) - https:\/\/yoast.com\/product\/yoast-seo-premium-wordpress\/ -->\n<title>C\u00f4te d&#039;Ivoire - Mali : Soro annonce la lib\u00e8ration de Ben Souk - C\u00f4te d&#039;Ivoire<\/title>\n<meta name=\"description\" content=\"Ben Souk Le juge ivoirien du 9e cabinet du tribunal de premi\u00e8re instance d\u2019Abidjan-Plateau avait d\u00e9cern\u00e9 un en a ...\" \/>\n<meta name=\"robots\" content=\"index, follow, max-snippet:-1, max-image-preview:large, max-video-preview:-1\" \/>\n<link rel=\"canonical\" href=\"https:\/\/www.africa-press.net\/cotedivoire\/politique\/cote-divoire-mali-soro-annonce-la-liberation-de-ben-souk\" \/>\n<meta property=\"og:locale\" content=\"fr_FR\" \/>\n<meta property=\"og:type\" content=\"article\" \/>\n<meta property=\"og:title\" content=\"C\u00f4te d&#039;Ivoire - Mali : Soro annonce la lib\u00e8ration de Ben Souk\" \/>\n<meta property=\"og:description\" content=\"Ben Souk Le juge ivoirien du 9e cabinet du tribunal de premi\u00e8re instance d\u2019Abidjan-Plateau avait d\u00e9cern\u00e9 un en a ...\" \/>\n<meta property=\"og:url\" content=\"https:\/\/www.africa-press.net\/cotedivoire\/politique\/cote-divoire-mali-soro-annonce-la-liberation-de-ben-souk\" \/>\n<meta property=\"og:site_name\" content=\"C\u00f4te d&#039;Ivoire\" \/>\n<meta property=\"article:published_time\" content=\"2022-01-11T20:59:34+00:00\" \/>\n<meta property=\"og:image\" content=\"https:\/\/static.africa-press.net\/cote\/sites\/43\/2022\/01\/img-61ddcfed91d9d.jpg\" \/>\n\t<meta property=\"og:image:width\" content=\"720\" \/>\n\t<meta property=\"og:image:height\" content=\"367\" \/>\n\t<meta property=\"og:image:type\" content=\"image\/jpeg\" \/>\n<meta name=\"author\" content=\"cfeditorfr\" \/>\n<meta name=\"twitter:card\" content=\"summary_large_image\" \/>\n<meta name=\"twitter:label1\" content=\"\u00c9crit par\" \/>\n\t<meta name=\"twitter:data1\" content=\"cfeditorfr\" \/>\n\t<meta name=\"twitter:label2\" content=\"Dur\u00e9e de lecture estim\u00e9e\" \/>\n\t<meta name=\"twitter:data2\" content=\"2 minutes\" \/>\n<script type=\"application\/ld+json\" class=\"yoast-schema-graph\">{\"@context\":\"https:\/\/schema.org\",\"@graph\":[{\"@type\":\"Article\",\"@id\":\"https:\/\/www.africa-press.net\/cotedivoire\/politique\/cote-divoire-mali-soro-annonce-la-liberation-de-ben-souk#article\",\"isPartOf\":{\"@id\":\"https:\/\/www.africa-press.net\/cotedivoire\/politique\/cote-divoire-mali-soro-annonce-la-liberation-de-ben-souk\"},\"author\":{\"name\":\"cfeditorfr\",\"@id\":\"https:\/\/www.africa-press.net\/cotedivoire\/#\/schema\/person\/2b1cf3cd81a31e3cd26889ca66d677f1\"},\"headline\":\"C\u00f4te d&rsquo;Ivoire &#8211; Mali : Soro annonce la lib\u00e8ration de Ben Souk\",\"datePublished\":\"2022-01-11T20:59:34+00:00\",\"mainEntityOfPage\":{\"@id\":\"https:\/\/www.africa-press.net\/cotedivoire\/politique\/cote-divoire-mali-soro-annonce-la-liberation-de-ben-souk\"},\"wordCount\":473,\"commentCount\":0,\"image\":{\"@id\":\"https:\/\/www.africa-press.net\/cotedivoire\/politique\/cote-divoire-mali-soro-annonce-la-liberation-de-ben-souk#primaryimage\"},\"thumbnailUrl\":\"https:\/\/static.africa-press.net\/cote\/sites\/43\/2022\/01\/img-61ddcfed91d9d.jpg\",\"keywords\":[\"Abidjan\",\"Africa Press\",\"Africa Press-C\u00f4te d'Ivoire\",\"Bamako\",\"Ben Souk\",\"CEDEAO\",\"C\u00d4TE D'IVOIRE\",\"Dabou\",\"GPS\",\"junte\",\"Soro\",\"UEMOA\"],\"articleSection\":[\"homepage-french\",\"Politique\",\"Toutes les actualit\u00e9s\"],\"inLanguage\":\"fr-FR\",\"potentialAction\":[{\"@type\":\"CommentAction\",\"name\":\"Comment\",\"target\":[\"https:\/\/www.africa-press.net\/cotedivoire\/politique\/cote-divoire-mali-soro-annonce-la-liberation-de-ben-souk#respond\"]}]},{\"@type\":\"WebPage\",\"@id\":\"https:\/\/www.africa-press.net\/cotedivoire\/politique\/cote-divoire-mali-soro-annonce-la-liberation-de-ben-souk\",\"url\":\"https:\/\/www.africa-press.net\/cotedivoire\/politique\/cote-divoire-mali-soro-annonce-la-liberation-de-ben-souk\",\"name\":\"C\u00f4te d'Ivoire - Mali : Soro annonce la lib\u00e8ration de Ben Souk - C\u00f4te d&#039;Ivoire\",\"isPartOf\":{\"@id\":\"https:\/\/www.africa-press.net\/cotedivoire\/#website\"},\"primaryImageOfPage\":{\"@id\":\"https:\/\/www.africa-press.net\/cotedivoire\/politique\/cote-divoire-mali-soro-annonce-la-liberation-de-ben-souk#primaryimage\"},\"image\":{\"@id\":\"https:\/\/www.africa-press.net\/cotedivoire\/politique\/cote-divoire-mali-soro-annonce-la-liberation-de-ben-souk#primaryimage\"},\"thumbnailUrl\":\"https:\/\/static.africa-press.net\/cote\/sites\/43\/2022\/01\/img-61ddcfed91d9d.jpg\",\"datePublished\":\"2022-01-11T20:59:34+00:00\",\"author\":{\"@id\":\"https:\/\/www.africa-press.net\/cotedivoire\/#\/schema\/person\/2b1cf3cd81a31e3cd26889ca66d677f1\"},\"description\":\"Ben Souk Le juge ivoirien du 9e cabinet du tribunal de premi\u00e8re instance d\u2019Abidjan-Plateau avait d\u00e9cern\u00e9 un en a ...\",\"breadcrumb\":{\"@id\":\"https:\/\/www.africa-press.net\/cotedivoire\/politique\/cote-divoire-mali-soro-annonce-la-liberation-de-ben-souk#breadcrumb\"},\"inLanguage\":\"fr-FR\",\"potentialAction\":[{\"@type\":\"ReadAction\",\"target\":[\"https:\/\/www.africa-press.net\/cotedivoire\/politique\/cote-divoire-mali-soro-annonce-la-liberation-de-ben-souk\"]}]},{\"@type\":\"ImageObject\",\"inLanguage\":\"fr-FR\",\"@id\":\"https:\/\/www.africa-press.net\/cotedivoire\/politique\/cote-divoire-mali-soro-annonce-la-liberation-de-ben-souk#primaryimage\",\"url\":\"https:\/\/static.africa-press.net\/cote\/sites\/43\/2022\/01\/img-61ddcfed91d9d.jpg\",\"contentUrl\":\"https:\/\/static.africa-press.net\/cote\/sites\/43\/2022\/01\/img-61ddcfed91d9d.jpg\",\"width\":720,\"height\":367,\"caption\":\"C\u00f4te d'Ivoire - Mali : Soro annonce la lib\u00e8ration de Ben Souk\"},{\"@type\":\"BreadcrumbList\",\"@id\":\"https:\/\/www.africa-press.net\/cotedivoire\/politique\/cote-divoire-mali-soro-annonce-la-liberation-de-ben-souk#breadcrumb\",\"itemListElement\":[{\"@type\":\"ListItem\",\"position\":1,\"name\":\"Accueil\",\"item\":\"https:\/\/www.africa-press.net\/cotedivoire\/\"},{\"@type\":\"ListItem\",\"position\":2,\"name\":\"C\u00f4te d&#8217;Ivoire &#8211; Mali : Soro annonce la lib\u00e8ration de Ben Souk\"}]},{\"@type\":\"WebSite\",\"@id\":\"https:\/\/www.africa-press.net\/cotedivoire\/#website\",\"url\":\"https:\/\/www.africa-press.net\/cotedivoire\/\",\"name\":\"C\u00f4te d&#039;Ivoire\",\"description\":\"Just another Africa News Agency Sites site\",\"potentialAction\":[{\"@type\":\"SearchAction\",\"target\":{\"@type\":\"EntryPoint\",\"urlTemplate\":\"https:\/\/www.africa-press.net\/cotedivoire\/?s={search_term_string}\"},\"query-input\":{\"@type\":\"PropertyValueSpecification\",\"valueRequired\":true,\"valueName\":\"search_term_string\"}}],\"inLanguage\":\"fr-FR\"},{\"@type\":\"Person\",\"@id\":\"https:\/\/www.africa-press.net\/cotedivoire\/#\/schema\/person\/2b1cf3cd81a31e3cd26889ca66d677f1\",\"name\":\"cfeditorfr\"}]}<\/script>\n<!-- \/ Yoast SEO Premium plugin. -->","yoast_head_json":{"title":"C\u00f4te d'Ivoire - Mali : Soro annonce la lib\u00e8ration de Ben Souk - C\u00f4te d&#039;Ivoire","description":"Ben Souk Le juge ivoirien du 9e cabinet du tribunal de premi\u00e8re instance d\u2019Abidjan-Plateau avait d\u00e9cern\u00e9 un en a ...","robots":{"index":"index","follow":"follow","max-snippet":"max-snippet:-1","max-image-preview":"max-image-preview:large","max-video-preview":"max-video-preview:-1"},"canonical":"https:\/\/www.africa-press.net\/cotedivoire\/politique\/cote-divoire-mali-soro-annonce-la-liberation-de-ben-souk","og_locale":"fr_FR","og_type":"article","og_title":"C\u00f4te d'Ivoire - Mali : Soro annonce la lib\u00e8ration de Ben Souk","og_description":"Ben Souk Le juge ivoirien du 9e cabinet du tribunal de premi\u00e8re instance d\u2019Abidjan-Plateau avait d\u00e9cern\u00e9 un en a ...","og_url":"https:\/\/www.africa-press.net\/cotedivoire\/politique\/cote-divoire-mali-soro-annonce-la-liberation-de-ben-souk","og_site_name":"C\u00f4te d&#039;Ivoire","article_published_time":"2022-01-11T20:59:34+00:00","og_image":[{"width":720,"height":367,"url":"https:\/\/static.africa-press.net\/cote\/sites\/43\/2022\/01\/img-61ddcfed91d9d.jpg","type":"image\/jpeg"}],"author":"cfeditorfr","twitter_card":"summary_large_image","twitter_misc":{"\u00c9crit par":"cfeditorfr","Dur\u00e9e de lecture estim\u00e9e":"2 minutes"},"schema":{"@context":"https:\/\/schema.org","@graph":[{"@type":"Article","@id":"https:\/\/www.africa-press.net\/cotedivoire\/politique\/cote-divoire-mali-soro-annonce-la-liberation-de-ben-souk#article","isPartOf":{"@id":"https:\/\/www.africa-press.net\/cotedivoire\/politique\/cote-divoire-mali-soro-annonce-la-liberation-de-ben-souk"},"author":{"name":"cfeditorfr","@id":"https:\/\/www.africa-press.net\/cotedivoire\/#\/schema\/person\/2b1cf3cd81a31e3cd26889ca66d677f1"},"headline":"C\u00f4te d&rsquo;Ivoire &#8211; Mali : Soro annonce la lib\u00e8ration de Ben Souk","datePublished":"2022-01-11T20:59:34+00:00","mainEntityOfPage":{"@id":"https:\/\/www.africa-press.net\/cotedivoire\/politique\/cote-divoire-mali-soro-annonce-la-liberation-de-ben-souk"},"wordCount":473,"commentCount":0,"image":{"@id":"https:\/\/www.africa-press.net\/cotedivoire\/politique\/cote-divoire-mali-soro-annonce-la-liberation-de-ben-souk#primaryimage"},"thumbnailUrl":"https:\/\/static.africa-press.net\/cote\/sites\/43\/2022\/01\/img-61ddcfed91d9d.jpg","keywords":["Abidjan","Africa Press","Africa Press-C\u00f4te d'Ivoire","Bamako","Ben Souk","CEDEAO","C\u00d4TE D'IVOIRE","Dabou","GPS","junte","Soro","UEMOA"],"articleSection":["homepage-french","Politique","Toutes les actualit\u00e9s"],"inLanguage":"fr-FR","potentialAction":[{"@type":"CommentAction","name":"Comment","target":["https:\/\/www.africa-press.net\/cotedivoire\/politique\/cote-divoire-mali-soro-annonce-la-liberation-de-ben-souk#respond"]}]},{"@type":"WebPage","@id":"https:\/\/www.africa-press.net\/cotedivoire\/politique\/cote-divoire-mali-soro-annonce-la-liberation-de-ben-souk","url":"https:\/\/www.africa-press.net\/cotedivoire\/politique\/cote-divoire-mali-soro-annonce-la-liberation-de-ben-souk","name":"C\u00f4te d'Ivoire - Mali : Soro annonce la lib\u00e8ration de Ben Souk - C\u00f4te d&#039;Ivoire","isPartOf":{"@id":"https:\/\/www.africa-press.net\/cotedivoire\/#website"},"primaryImageOfPage":{"@id":"https:\/\/www.africa-press.net\/cotedivoire\/politique\/cote-divoire-mali-soro-annonce-la-liberation-de-ben-souk#primaryimage"},"image":{"@id":"https:\/\/www.africa-press.net\/cotedivoire\/politique\/cote-divoire-mali-soro-annonce-la-liberation-de-ben-souk#primaryimage"},"thumbnailUrl":"https:\/\/static.africa-press.net\/cote\/sites\/43\/2022\/01\/img-61ddcfed91d9d.jpg","datePublished":"2022-01-11T20:59:34+00:00","author":{"@id":"https:\/\/www.africa-press.net\/cotedivoire\/#\/schema\/person\/2b1cf3cd81a31e3cd26889ca66d677f1"},"description":"Ben Souk Le juge ivoirien du 9e cabinet du tribunal de premi\u00e8re instance d\u2019Abidjan-Plateau avait d\u00e9cern\u00e9 un en a ...","breadcrumb":{"@id":"https:\/\/www.africa-press.net\/cotedivoire\/politique\/cote-divoire-mali-soro-annonce-la-liberation-de-ben-souk#breadcrumb"},"inLanguage":"fr-FR","potentialAction":[{"@type":"ReadAction","target":["https:\/\/www.africa-press.net\/cotedivoire\/politique\/cote-divoire-mali-soro-annonce-la-liberation-de-ben-souk"]}]},{"@type":"ImageObject","inLanguage":"fr-FR","@id":"https:\/\/www.africa-press.net\/cotedivoire\/politique\/cote-divoire-mali-soro-annonce-la-liberation-de-ben-souk#primaryimage","url":"https:\/\/static.africa-press.net\/cote\/sites\/43\/2022\/01\/img-61ddcfed91d9d.jpg","contentUrl":"https:\/\/static.africa-press.net\/cote\/sites\/43\/2022\/01\/img-61ddcfed91d9d.jpg","width":720,"height":367,"caption":"C\u00f4te d'Ivoire - Mali : Soro annonce la lib\u00e8ration de Ben Souk"},{"@type":"BreadcrumbList","@id":"https:\/\/www.africa-press.net\/cotedivoire\/politique\/cote-divoire-mali-soro-annonce-la-liberation-de-ben-souk#breadcrumb","itemListElement":[{"@type":"ListItem","position":1,"name":"Accueil","item":"https:\/\/www.africa-press.net\/cotedivoire\/"},{"@type":"ListItem","position":2,"name":"C\u00f4te d&#8217;Ivoire &#8211; Mali : Soro annonce la lib\u00e8ration de Ben Souk"}]},{"@type":"WebSite","@id":"https:\/\/www.africa-press.net\/cotedivoire\/#website","url":"https:\/\/www.africa-press.net\/cotedivoire\/","name":"C\u00f4te d&#039;Ivoire","description":"Just another Africa News Agency Sites site","potentialAction":[{"@type":"SearchAction","target":{"@type":"EntryPoint","urlTemplate":"https:\/\/www.africa-press.net\/cotedivoire\/?s={search_term_string}"},"query-input":{"@type":"PropertyValueSpecification","valueRequired":true,"valueName":"search_term_string"}}],"inLanguage":"fr-FR"},{"@type":"Person","@id":"https:\/\/www.africa-press.net\/cotedivoire\/#\/schema\/person\/2b1cf3cd81a31e3cd26889ca66d677f1","name":"cfeditorfr"}]}},"_links":{"self":[{"href":"https:\/\/www.africa-press.net\/cotedivoire\/wp-json\/wp\/v2\/posts\/25178","targetHints":{"allow":["GET"]}}],"collection":[{"href":"https:\/\/www.africa-press.net\/cotedivoire\/wp-json\/wp\/v2\/posts"}],"about":[{"href":"https:\/\/www.africa-press.net\/cotedivoire\/wp-json\/wp\/v2\/types\/post"}],"author":[{"embeddable":true,"href":"https:\/\/www.africa-press.net\/cotedivoire\/wp-json\/wp\/v2\/users\/82"}],"replies":[{"embeddable":true,"href":"https:\/\/www.africa-press.net\/cotedivoire\/wp-json\/wp\/v2\/comments?post=25178"}],"version-history":[{"count":0,"href":"https:\/\/www.africa-press.net\/cotedivoire\/wp-json\/wp\/v2\/posts\/25178\/revisions"}],"wp:featuredmedia":[{"embeddable":true,"href":"https:\/\/www.africa-press.net\/cotedivoire\/wp-json\/wp\/v2\/media\/25177"}],"wp:attachment":[{"href":"https:\/\/www.africa-press.net\/cotedivoire\/wp-json\/wp\/v2\/media?parent=25178"}],"wp:term":[{"taxonomy":"category","embeddable":true,"href":"https:\/\/www.africa-press.net\/cotedivoire\/wp-json\/wp\/v2\/categories?post=25178"},{"taxonomy":"post_tag","embeddable":true,"href":"https:\/\/www.africa-press.net\/cotedivoire\/wp-json\/wp\/v2\/tags?post=25178"}],"curies":[{"name":"wp","href":"https:\/\/api.w.org\/{rel}","templated":true}]}}