{"id":25306,"date":"2022-01-13T16:58:03","date_gmt":"2022-01-13T16:58:03","guid":{"rendered":"https:\/\/www.africa-press.net\/cotedivoire\/?p=25306"},"modified":"2022-01-13T16:20:15","modified_gmt":"2022-01-13T16:20:15","slug":"anoumaba-investi-en-avril-2021-le-chef-du-village-de-koubebo-nanan-atta-yao-ii-recoit-enfin-son-arrete-prefectoral-2","status":"publish","type":"post","link":"https:\/\/www.africa-press.net\/cotedivoire\/toutes-les-actualites\/anoumaba-investi-en-avril-2021-le-chef-du-village-de-koubebo-nanan-atta-yao-ii-recoit-enfin-son-arrete-prefectoral-2","title":{"rendered":"Anoumaba, investi en avril 2021, le chef du village de Koub\u00e9bo, Nanan Atta Yao II re\u00e7oit enfin son arr\u00eat\u00e9 pr\u00e9fectoral"},"content":{"rendered":"<p><span style=\"color: #ff6600\"><strong>Africa-Press &#8211; C\u00f4te d&rsquo;Ivoire. <\/strong><\/span><b>Nanan Atta Yao II ici samedi dernier aux c\u00f4t\u00e9s du pr\u00e9fet \u00e0 Koub\u00e9bo<\/b><\/p>\n<p>Investi le samedi 3 avril 2021, Nanan Atta Yao II a re\u00e7u officiellement l&rsquo;arr\u00eat\u00e9 pr\u00e9fectoral du Pr\u00e9fet du d\u00e9partement de M&rsquo;Batto, Drissa Binat\u00e9 qui le confirme comme, le chef de village de Koub\u00e9bo dans la commune d&rsquo;Anoumaba (r\u00e9gion du Moronou), soit dix mois apr\u00e8s son investiture.<\/p>\n<p>C&rsquo;est le samedi 8 janvier 2022 que Bosson Charles Alain baptis\u00e9 du nom de r\u00e8gne Nanan Atta Yao II a re\u00e7u son arr\u00eat\u00e9 de fonction en tant que chef du village au cours d&rsquo;une c\u00e9r\u00e9monie organis\u00e9e par l&rsquo;Union pour le d\u00e9veloppement \u00e9conomique et social de Koub\u00e9bo (UDESKO) pr\u00e9sid\u00e9 par N&rsquo;Doua D\u00e9sir\u00e9.<\/p>\n<p>Nanan Atta Yao a \u00e0 l&rsquo;occasion remerci\u00e9 le pr\u00e9fet qui l&rsquo;honore \u00e0 travers son d\u00e9placement en venant lui remettre l&rsquo;arr\u00eat\u00e9 de nomination de Chef de village de Koub\u00e9bo.<\/p>\n<p>\u00ab Je m&rsquo;engage fid\u00e8lement devant les autorit\u00e9s administratives et coutumi\u00e8res \u00e0 remplir la mission qui m&rsquo;a \u00e9t\u00e9 assign\u00e9e \u00bb, a promis Nanan Atta Yao II.<\/p>\n<p>Le chef du village de Koub\u00e9bo a en retour demand\u00e9 \u00e0 la population de l&rsquo;aider dans l&rsquo;accomplissement de sa t\u00e2che \u00e0 savoir, le d\u00e9veloppement du village.<\/p>\n<p>Parrain de la c\u00e9r\u00e9monie, le premier adjoint au maire de la commune d&rsquo;Anoumaba, Enguerran Kassi s&rsquo;est r\u00e9joui de l&rsquo;honneur que l&rsquo;Union pour le d\u00e9veloppement \u00e9conomique et social de Koub\u00e9bo lui a fait en le choisissant.<\/p>\n<p>Il a indiqu\u00e9 que sa pr\u00e9sence dans le village s&rsquo;inscrit dans la continuit\u00e9 de l&rsquo;investiture de Nanan Atta Yao II, en tant que Chef du village de Koub\u00e9bo, le samedi 3 avril 2021 et s&rsquo;est dit \u00e9mu de l&rsquo;honneur qui lui a \u00e9t\u00e9 fait.<\/p>\n<p>\u00ab Je suis \u00e9mu pour l&rsquo;honneur que vous m&rsquo;avez fait de parrainer cette importante c\u00e9r\u00e9monie ce jour-l\u00e0 et celle d&rsquo;aujourd&rsquo;hui qui confirme notre Nanan dans ses fonctions de Chef du village par l&rsquo;Etat de C\u00f4te d&rsquo;Ivoire \u00bb, a-t-il d\u00e9clar\u00e9.<\/p>\n<p>Le parrain a promis demeurer aux c\u00f4t\u00e9s de Nanan Atta Yao II pour l&rsquo;aider \u00e0 r\u00e9ussir sa mission dans la dignit\u00e9. Et a au passage exhort\u00e9 les populations \u00e0 unir leurs forces autour de Nanan afin de l&rsquo;\u00e9pauler dans la gestion de sa communaut\u00e9.<\/p>\n<p>Enguerran Kassi a sugg\u00e9r\u00e9 \u00e0 l&rsquo;UDESKO de se consolider davantage pour le bonheur des filles et fils de Koubebo en l&rsquo;assurant de son ind\u00e9fectible disponibilit\u00e9 \u00e0 l&rsquo;accompagner dans toutes ses actions qui s&rsquo;inscrivent dans le d\u00e9veloppement des villages de la commune Anoumaba.<\/p>\n<p>Les actions du parrain ont \u00e9t\u00e9 salu\u00e9es par le Pr\u00e9fet du d\u00e9partement de M&rsquo;Batto, Drissa Binat\u00e9 qui l&rsquo;a remerci\u00e9 publique pour tout ce qu&rsquo;il fait pour ses parents.<\/p>\n<p>\u00ab On m&rsquo;a \u00e9gren\u00e9 tout le chapelet de vos bienfaits, f\u00e9licitations \u00e0 vous, merci pour tout ce que vous faites pour vos parents. Que Dieu vous accompagne, vous soutienne dans vos activit\u00e9s et aussi dans tout ce que vous allez entreprendre \u00bb, a-t-il indiqu\u00e9 en pr\u00e9sence des autorit\u00e9s coutumi\u00e8res, religieuses et administratives qui ont effectu\u00e9 le d\u00e9placement du village de Koub\u00e9bo.<\/p>\n<p>Wassimagnon<\/p>\n<p><strong>Pour plus d&rsquo;informations et d&rsquo;analyses sur la <a href=\"https:\/\/www.africa-press.net\/cotedivoire\">C\u00f4te d&rsquo;Ivoire<\/a>, suivez <a href=\"https:\/\/www.africa-press.net\/\">Africa-Press<\/a><\/strong><\/p>\n","protected":false},"excerpt":{"rendered":"<p>Africa-Press &#8211; C\u00f4te d&rsquo;Ivoire. Nanan Atta Yao II ici samedi dernier aux c\u00f4t\u00e9s du pr\u00e9fet \u00e0 Koub\u00e9bo Investi le samedi 3 avril 2021, Nanan Atta Yao II a re\u00e7u officiellement l&rsquo;arr\u00eat\u00e9 pr\u00e9fectoral du Pr\u00e9fet du d\u00e9partement de M&rsquo;Batto, Drissa Binat\u00e9 qui le confirme comme, le chef de village de Koub\u00e9bo dans la commune d&rsquo;Anoumaba (r\u00e9gion [&hellip;]<\/p>\n","protected":false},"author":82,"featured_media":25305,"comment_status":"open","ping_status":"closed","sticky":false,"template":"","format":"standard","meta":{"footnotes":""},"categories":[21,11,10],"tags":[56,63,3822,29,3820,3821],"class_list":["post-25306","post","type-post","status-publish","format-standard","has-post-thumbnail","hentry","category-communaute","category-homepage-french","category-toutes-les-actualites","tag-africa-press","tag-africa-press-cote-divoire","tag-anoumaba","tag-cote-divoire","tag-koubebo","tag-nanan-atta-yao-ii"],"yoast_head":"<!-- This site is optimized with the Yoast SEO Premium plugin v26.1 (Yoast SEO v27.0) - https:\/\/yoast.com\/product\/yoast-seo-premium-wordpress\/ -->\n<title>Anoumaba, investi en avril 2021, le chef du village de Koub\u00e9bo, Nanan Atta Yao II re\u00e7oit enfin son arr\u00eat\u00e9 pr\u00e9fectoral - C\u00f4te d&#039;Ivoire<\/title>\n<meta name=\"description\" content=\"Nanan Atta Yao II ici samedi dernier aux c\u00f4t\u00e9s du pr\u00e9fet \u00e0 Koub\u00e9bo Investi le samedi 3 avril 2021, Nanan Atta Ya ...\" \/>\n<meta name=\"robots\" content=\"index, follow, max-snippet:-1, max-image-preview:large, max-video-preview:-1\" \/>\n<link rel=\"canonical\" href=\"https:\/\/www.africa-press.net\/cotedivoire\/toutes-les-actualites\/anoumaba-investi-en-avril-2021-le-chef-du-village-de-koubebo-nanan-atta-yao-ii-recoit-enfin-son-arrete-prefectoral-2\" \/>\n<meta property=\"og:locale\" content=\"fr_FR\" \/>\n<meta property=\"og:type\" content=\"article\" \/>\n<meta property=\"og:title\" content=\"Anoumaba, investi en avril 2021, le chef du village de Koub\u00e9bo, Nanan Atta Yao II re\u00e7oit enfin son arr\u00eat\u00e9 pr\u00e9fectoral\" \/>\n<meta property=\"og:description\" content=\"Nanan Atta Yao II ici samedi dernier aux c\u00f4t\u00e9s du pr\u00e9fet \u00e0 Koub\u00e9bo Investi le samedi 3 avril 2021, Nanan Atta Ya ...\" \/>\n<meta property=\"og:url\" content=\"https:\/\/www.africa-press.net\/cotedivoire\/toutes-les-actualites\/anoumaba-investi-en-avril-2021-le-chef-du-village-de-koubebo-nanan-atta-yao-ii-recoit-enfin-son-arrete-prefectoral-2\" \/>\n<meta property=\"og:site_name\" content=\"C\u00f4te d&#039;Ivoire\" \/>\n<meta property=\"article:published_time\" content=\"2022-01-13T16:58:03+00:00\" \/>\n<meta property=\"og:image\" content=\"https:\/\/static.africa-press.net\/cote\/sites\/43\/2022\/01\/img-61e05126126d4.jpg\" \/>\n\t<meta property=\"og:image:width\" content=\"720\" \/>\n\t<meta property=\"og:image:height\" content=\"373\" \/>\n\t<meta property=\"og:image:type\" content=\"image\/jpeg\" \/>\n<meta name=\"author\" content=\"cfeditorfr\" \/>\n<meta name=\"twitter:card\" content=\"summary_large_image\" \/>\n<meta name=\"twitter:label1\" content=\"\u00c9crit par\" \/>\n\t<meta name=\"twitter:data1\" content=\"cfeditorfr\" \/>\n\t<meta name=\"twitter:label2\" content=\"Dur\u00e9e de lecture estim\u00e9e\" \/>\n\t<meta name=\"twitter:data2\" content=\"3 minutes\" \/>\n<script type=\"application\/ld+json\" class=\"yoast-schema-graph\">{\"@context\":\"https:\/\/schema.org\",\"@graph\":[{\"@type\":\"Article\",\"@id\":\"https:\/\/www.africa-press.net\/cotedivoire\/toutes-les-actualites\/anoumaba-investi-en-avril-2021-le-chef-du-village-de-koubebo-nanan-atta-yao-ii-recoit-enfin-son-arrete-prefectoral-2#article\",\"isPartOf\":{\"@id\":\"https:\/\/www.africa-press.net\/cotedivoire\/toutes-les-actualites\/anoumaba-investi-en-avril-2021-le-chef-du-village-de-koubebo-nanan-atta-yao-ii-recoit-enfin-son-arrete-prefectoral-2\"},\"author\":{\"name\":\"cfeditorfr\",\"@id\":\"https:\/\/www.africa-press.net\/cotedivoire\/#\/schema\/person\/2b1cf3cd81a31e3cd26889ca66d677f1\"},\"headline\":\"Anoumaba, investi en avril 2021, le chef du village de Koub\u00e9bo, Nanan Atta Yao II re\u00e7oit enfin son arr\u00eat\u00e9 pr\u00e9fectoral\",\"datePublished\":\"2022-01-13T16:58:03+00:00\",\"mainEntityOfPage\":{\"@id\":\"https:\/\/www.africa-press.net\/cotedivoire\/toutes-les-actualites\/anoumaba-investi-en-avril-2021-le-chef-du-village-de-koubebo-nanan-atta-yao-ii-recoit-enfin-son-arrete-prefectoral-2\"},\"wordCount\":602,\"commentCount\":0,\"image\":{\"@id\":\"https:\/\/www.africa-press.net\/cotedivoire\/toutes-les-actualites\/anoumaba-investi-en-avril-2021-le-chef-du-village-de-koubebo-nanan-atta-yao-ii-recoit-enfin-son-arrete-prefectoral-2#primaryimage\"},\"thumbnailUrl\":\"https:\/\/static.africa-press.net\/cote\/sites\/43\/2022\/01\/img-61e05126126d4.jpg\",\"keywords\":[\"Africa Press\",\"Africa Press-C\u00f4te d'Ivoire\",\"Anoumaba\",\"C\u00d4TE D'IVOIRE\",\"Koub\u00e9bo\",\"Nanan Atta Yao II\"],\"articleSection\":[\"Communaut\u00e9\",\"homepage-french\",\"Toutes les actualit\u00e9s\"],\"inLanguage\":\"fr-FR\",\"potentialAction\":[{\"@type\":\"CommentAction\",\"name\":\"Comment\",\"target\":[\"https:\/\/www.africa-press.net\/cotedivoire\/toutes-les-actualites\/anoumaba-investi-en-avril-2021-le-chef-du-village-de-koubebo-nanan-atta-yao-ii-recoit-enfin-son-arrete-prefectoral-2#respond\"]}]},{\"@type\":\"WebPage\",\"@id\":\"https:\/\/www.africa-press.net\/cotedivoire\/toutes-les-actualites\/anoumaba-investi-en-avril-2021-le-chef-du-village-de-koubebo-nanan-atta-yao-ii-recoit-enfin-son-arrete-prefectoral-2\",\"url\":\"https:\/\/www.africa-press.net\/cotedivoire\/toutes-les-actualites\/anoumaba-investi-en-avril-2021-le-chef-du-village-de-koubebo-nanan-atta-yao-ii-recoit-enfin-son-arrete-prefectoral-2\",\"name\":\"Anoumaba, investi en avril 2021, le chef du village de Koub\u00e9bo, Nanan Atta Yao II re\u00e7oit enfin son arr\u00eat\u00e9 pr\u00e9fectoral - C\u00f4te d&#039;Ivoire\",\"isPartOf\":{\"@id\":\"https:\/\/www.africa-press.net\/cotedivoire\/#website\"},\"primaryImageOfPage\":{\"@id\":\"https:\/\/www.africa-press.net\/cotedivoire\/toutes-les-actualites\/anoumaba-investi-en-avril-2021-le-chef-du-village-de-koubebo-nanan-atta-yao-ii-recoit-enfin-son-arrete-prefectoral-2#primaryimage\"},\"image\":{\"@id\":\"https:\/\/www.africa-press.net\/cotedivoire\/toutes-les-actualites\/anoumaba-investi-en-avril-2021-le-chef-du-village-de-koubebo-nanan-atta-yao-ii-recoit-enfin-son-arrete-prefectoral-2#primaryimage\"},\"thumbnailUrl\":\"https:\/\/static.africa-press.net\/cote\/sites\/43\/2022\/01\/img-61e05126126d4.jpg\",\"datePublished\":\"2022-01-13T16:58:03+00:00\",\"author\":{\"@id\":\"https:\/\/www.africa-press.net\/cotedivoire\/#\/schema\/person\/2b1cf3cd81a31e3cd26889ca66d677f1\"},\"description\":\"Nanan Atta Yao II ici samedi dernier aux c\u00f4t\u00e9s du pr\u00e9fet \u00e0 Koub\u00e9bo Investi le samedi 3 avril 2021, Nanan Atta Ya ...\",\"breadcrumb\":{\"@id\":\"https:\/\/www.africa-press.net\/cotedivoire\/toutes-les-actualites\/anoumaba-investi-en-avril-2021-le-chef-du-village-de-koubebo-nanan-atta-yao-ii-recoit-enfin-son-arrete-prefectoral-2#breadcrumb\"},\"inLanguage\":\"fr-FR\",\"potentialAction\":[{\"@type\":\"ReadAction\",\"target\":[\"https:\/\/www.africa-press.net\/cotedivoire\/toutes-les-actualites\/anoumaba-investi-en-avril-2021-le-chef-du-village-de-koubebo-nanan-atta-yao-ii-recoit-enfin-son-arrete-prefectoral-2\"]}]},{\"@type\":\"ImageObject\",\"inLanguage\":\"fr-FR\",\"@id\":\"https:\/\/www.africa-press.net\/cotedivoire\/toutes-les-actualites\/anoumaba-investi-en-avril-2021-le-chef-du-village-de-koubebo-nanan-atta-yao-ii-recoit-enfin-son-arrete-prefectoral-2#primaryimage\",\"url\":\"https:\/\/static.africa-press.net\/cote\/sites\/43\/2022\/01\/img-61e05126126d4.jpg\",\"contentUrl\":\"https:\/\/static.africa-press.net\/cote\/sites\/43\/2022\/01\/img-61e05126126d4.jpg\",\"width\":720,\"height\":373,\"caption\":\"Anoumaba, investi en avril 2021, le chef du village de Koub\u00e9bo, Nanan Atta Yao II re\u00e7oit enfin son arr\u00eat\u00e9 pr\u00e9fectoral\"},{\"@type\":\"BreadcrumbList\",\"@id\":\"https:\/\/www.africa-press.net\/cotedivoire\/toutes-les-actualites\/anoumaba-investi-en-avril-2021-le-chef-du-village-de-koubebo-nanan-atta-yao-ii-recoit-enfin-son-arrete-prefectoral-2#breadcrumb\",\"itemListElement\":[{\"@type\":\"ListItem\",\"position\":1,\"name\":\"Accueil\",\"item\":\"https:\/\/www.africa-press.net\/cotedivoire\/\"},{\"@type\":\"ListItem\",\"position\":2,\"name\":\"Anoumaba, investi en avril 2021, le chef du village de Koub\u00e9bo, Nanan Atta Yao II re\u00e7oit enfin son arr\u00eat\u00e9 pr\u00e9fectoral\"}]},{\"@type\":\"WebSite\",\"@id\":\"https:\/\/www.africa-press.net\/cotedivoire\/#website\",\"url\":\"https:\/\/www.africa-press.net\/cotedivoire\/\",\"name\":\"C\u00f4te d&#039;Ivoire\",\"description\":\"Just another Africa News Agency Sites site\",\"potentialAction\":[{\"@type\":\"SearchAction\",\"target\":{\"@type\":\"EntryPoint\",\"urlTemplate\":\"https:\/\/www.africa-press.net\/cotedivoire\/?s={search_term_string}\"},\"query-input\":{\"@type\":\"PropertyValueSpecification\",\"valueRequired\":true,\"valueName\":\"search_term_string\"}}],\"inLanguage\":\"fr-FR\"},{\"@type\":\"Person\",\"@id\":\"https:\/\/www.africa-press.net\/cotedivoire\/#\/schema\/person\/2b1cf3cd81a31e3cd26889ca66d677f1\",\"name\":\"cfeditorfr\"}]}<\/script>\n<!-- \/ Yoast SEO Premium plugin. -->","yoast_head_json":{"title":"Anoumaba, investi en avril 2021, le chef du village de Koub\u00e9bo, Nanan Atta Yao II re\u00e7oit enfin son arr\u00eat\u00e9 pr\u00e9fectoral - C\u00f4te d&#039;Ivoire","description":"Nanan Atta Yao II ici samedi dernier aux c\u00f4t\u00e9s du pr\u00e9fet \u00e0 Koub\u00e9bo Investi le samedi 3 avril 2021, Nanan Atta Ya ...","robots":{"index":"index","follow":"follow","max-snippet":"max-snippet:-1","max-image-preview":"max-image-preview:large","max-video-preview":"max-video-preview:-1"},"canonical":"https:\/\/www.africa-press.net\/cotedivoire\/toutes-les-actualites\/anoumaba-investi-en-avril-2021-le-chef-du-village-de-koubebo-nanan-atta-yao-ii-recoit-enfin-son-arrete-prefectoral-2","og_locale":"fr_FR","og_type":"article","og_title":"Anoumaba, investi en avril 2021, le chef du village de Koub\u00e9bo, Nanan Atta Yao II re\u00e7oit enfin son arr\u00eat\u00e9 pr\u00e9fectoral","og_description":"Nanan Atta Yao II ici samedi dernier aux c\u00f4t\u00e9s du pr\u00e9fet \u00e0 Koub\u00e9bo Investi le samedi 3 avril 2021, Nanan Atta Ya ...","og_url":"https:\/\/www.africa-press.net\/cotedivoire\/toutes-les-actualites\/anoumaba-investi-en-avril-2021-le-chef-du-village-de-koubebo-nanan-atta-yao-ii-recoit-enfin-son-arrete-prefectoral-2","og_site_name":"C\u00f4te d&#039;Ivoire","article_published_time":"2022-01-13T16:58:03+00:00","og_image":[{"width":720,"height":373,"url":"https:\/\/static.africa-press.net\/cote\/sites\/43\/2022\/01\/img-61e05126126d4.jpg","type":"image\/jpeg"}],"author":"cfeditorfr","twitter_card":"summary_large_image","twitter_misc":{"\u00c9crit par":"cfeditorfr","Dur\u00e9e de lecture estim\u00e9e":"3 minutes"},"schema":{"@context":"https:\/\/schema.org","@graph":[{"@type":"Article","@id":"https:\/\/www.africa-press.net\/cotedivoire\/toutes-les-actualites\/anoumaba-investi-en-avril-2021-le-chef-du-village-de-koubebo-nanan-atta-yao-ii-recoit-enfin-son-arrete-prefectoral-2#article","isPartOf":{"@id":"https:\/\/www.africa-press.net\/cotedivoire\/toutes-les-actualites\/anoumaba-investi-en-avril-2021-le-chef-du-village-de-koubebo-nanan-atta-yao-ii-recoit-enfin-son-arrete-prefectoral-2"},"author":{"name":"cfeditorfr","@id":"https:\/\/www.africa-press.net\/cotedivoire\/#\/schema\/person\/2b1cf3cd81a31e3cd26889ca66d677f1"},"headline":"Anoumaba, investi en avril 2021, le chef du village de Koub\u00e9bo, Nanan Atta Yao II re\u00e7oit enfin son arr\u00eat\u00e9 pr\u00e9fectoral","datePublished":"2022-01-13T16:58:03+00:00","mainEntityOfPage":{"@id":"https:\/\/www.africa-press.net\/cotedivoire\/toutes-les-actualites\/anoumaba-investi-en-avril-2021-le-chef-du-village-de-koubebo-nanan-atta-yao-ii-recoit-enfin-son-arrete-prefectoral-2"},"wordCount":602,"commentCount":0,"image":{"@id":"https:\/\/www.africa-press.net\/cotedivoire\/toutes-les-actualites\/anoumaba-investi-en-avril-2021-le-chef-du-village-de-koubebo-nanan-atta-yao-ii-recoit-enfin-son-arrete-prefectoral-2#primaryimage"},"thumbnailUrl":"https:\/\/static.africa-press.net\/cote\/sites\/43\/2022\/01\/img-61e05126126d4.jpg","keywords":["Africa Press","Africa Press-C\u00f4te d'Ivoire","Anoumaba","C\u00d4TE D'IVOIRE","Koub\u00e9bo","Nanan Atta Yao II"],"articleSection":["Communaut\u00e9","homepage-french","Toutes les actualit\u00e9s"],"inLanguage":"fr-FR","potentialAction":[{"@type":"CommentAction","name":"Comment","target":["https:\/\/www.africa-press.net\/cotedivoire\/toutes-les-actualites\/anoumaba-investi-en-avril-2021-le-chef-du-village-de-koubebo-nanan-atta-yao-ii-recoit-enfin-son-arrete-prefectoral-2#respond"]}]},{"@type":"WebPage","@id":"https:\/\/www.africa-press.net\/cotedivoire\/toutes-les-actualites\/anoumaba-investi-en-avril-2021-le-chef-du-village-de-koubebo-nanan-atta-yao-ii-recoit-enfin-son-arrete-prefectoral-2","url":"https:\/\/www.africa-press.net\/cotedivoire\/toutes-les-actualites\/anoumaba-investi-en-avril-2021-le-chef-du-village-de-koubebo-nanan-atta-yao-ii-recoit-enfin-son-arrete-prefectoral-2","name":"Anoumaba, investi en avril 2021, le chef du village de Koub\u00e9bo, Nanan Atta Yao II re\u00e7oit enfin son arr\u00eat\u00e9 pr\u00e9fectoral - C\u00f4te d&#039;Ivoire","isPartOf":{"@id":"https:\/\/www.africa-press.net\/cotedivoire\/#website"},"primaryImageOfPage":{"@id":"https:\/\/www.africa-press.net\/cotedivoire\/toutes-les-actualites\/anoumaba-investi-en-avril-2021-le-chef-du-village-de-koubebo-nanan-atta-yao-ii-recoit-enfin-son-arrete-prefectoral-2#primaryimage"},"image":{"@id":"https:\/\/www.africa-press.net\/cotedivoire\/toutes-les-actualites\/anoumaba-investi-en-avril-2021-le-chef-du-village-de-koubebo-nanan-atta-yao-ii-recoit-enfin-son-arrete-prefectoral-2#primaryimage"},"thumbnailUrl":"https:\/\/static.africa-press.net\/cote\/sites\/43\/2022\/01\/img-61e05126126d4.jpg","datePublished":"2022-01-13T16:58:03+00:00","author":{"@id":"https:\/\/www.africa-press.net\/cotedivoire\/#\/schema\/person\/2b1cf3cd81a31e3cd26889ca66d677f1"},"description":"Nanan Atta Yao II ici samedi dernier aux c\u00f4t\u00e9s du pr\u00e9fet \u00e0 Koub\u00e9bo Investi le samedi 3 avril 2021, Nanan Atta Ya ...","breadcrumb":{"@id":"https:\/\/www.africa-press.net\/cotedivoire\/toutes-les-actualites\/anoumaba-investi-en-avril-2021-le-chef-du-village-de-koubebo-nanan-atta-yao-ii-recoit-enfin-son-arrete-prefectoral-2#breadcrumb"},"inLanguage":"fr-FR","potentialAction":[{"@type":"ReadAction","target":["https:\/\/www.africa-press.net\/cotedivoire\/toutes-les-actualites\/anoumaba-investi-en-avril-2021-le-chef-du-village-de-koubebo-nanan-atta-yao-ii-recoit-enfin-son-arrete-prefectoral-2"]}]},{"@type":"ImageObject","inLanguage":"fr-FR","@id":"https:\/\/www.africa-press.net\/cotedivoire\/toutes-les-actualites\/anoumaba-investi-en-avril-2021-le-chef-du-village-de-koubebo-nanan-atta-yao-ii-recoit-enfin-son-arrete-prefectoral-2#primaryimage","url":"https:\/\/static.africa-press.net\/cote\/sites\/43\/2022\/01\/img-61e05126126d4.jpg","contentUrl":"https:\/\/static.africa-press.net\/cote\/sites\/43\/2022\/01\/img-61e05126126d4.jpg","width":720,"height":373,"caption":"Anoumaba, investi en avril 2021, le chef du village de Koub\u00e9bo, Nanan Atta Yao II re\u00e7oit enfin son arr\u00eat\u00e9 pr\u00e9fectoral"},{"@type":"BreadcrumbList","@id":"https:\/\/www.africa-press.net\/cotedivoire\/toutes-les-actualites\/anoumaba-investi-en-avril-2021-le-chef-du-village-de-koubebo-nanan-atta-yao-ii-recoit-enfin-son-arrete-prefectoral-2#breadcrumb","itemListElement":[{"@type":"ListItem","position":1,"name":"Accueil","item":"https:\/\/www.africa-press.net\/cotedivoire\/"},{"@type":"ListItem","position":2,"name":"Anoumaba, investi en avril 2021, le chef du village de Koub\u00e9bo, Nanan Atta Yao II re\u00e7oit enfin son arr\u00eat\u00e9 pr\u00e9fectoral"}]},{"@type":"WebSite","@id":"https:\/\/www.africa-press.net\/cotedivoire\/#website","url":"https:\/\/www.africa-press.net\/cotedivoire\/","name":"C\u00f4te d&#039;Ivoire","description":"Just another Africa News Agency Sites site","potentialAction":[{"@type":"SearchAction","target":{"@type":"EntryPoint","urlTemplate":"https:\/\/www.africa-press.net\/cotedivoire\/?s={search_term_string}"},"query-input":{"@type":"PropertyValueSpecification","valueRequired":true,"valueName":"search_term_string"}}],"inLanguage":"fr-FR"},{"@type":"Person","@id":"https:\/\/www.africa-press.net\/cotedivoire\/#\/schema\/person\/2b1cf3cd81a31e3cd26889ca66d677f1","name":"cfeditorfr"}]}},"_links":{"self":[{"href":"https:\/\/www.africa-press.net\/cotedivoire\/wp-json\/wp\/v2\/posts\/25306","targetHints":{"allow":["GET"]}}],"collection":[{"href":"https:\/\/www.africa-press.net\/cotedivoire\/wp-json\/wp\/v2\/posts"}],"about":[{"href":"https:\/\/www.africa-press.net\/cotedivoire\/wp-json\/wp\/v2\/types\/post"}],"author":[{"embeddable":true,"href":"https:\/\/www.africa-press.net\/cotedivoire\/wp-json\/wp\/v2\/users\/82"}],"replies":[{"embeddable":true,"href":"https:\/\/www.africa-press.net\/cotedivoire\/wp-json\/wp\/v2\/comments?post=25306"}],"version-history":[{"count":0,"href":"https:\/\/www.africa-press.net\/cotedivoire\/wp-json\/wp\/v2\/posts\/25306\/revisions"}],"wp:featuredmedia":[{"embeddable":true,"href":"https:\/\/www.africa-press.net\/cotedivoire\/wp-json\/wp\/v2\/media\/25305"}],"wp:attachment":[{"href":"https:\/\/www.africa-press.net\/cotedivoire\/wp-json\/wp\/v2\/media?parent=25306"}],"wp:term":[{"taxonomy":"category","embeddable":true,"href":"https:\/\/www.africa-press.net\/cotedivoire\/wp-json\/wp\/v2\/categories?post=25306"},{"taxonomy":"post_tag","embeddable":true,"href":"https:\/\/www.africa-press.net\/cotedivoire\/wp-json\/wp\/v2\/tags?post=25306"}],"curies":[{"name":"wp","href":"https:\/\/api.w.org\/{rel}","templated":true}]}}