{"id":25423,"date":"2022-01-14T18:30:17","date_gmt":"2022-01-14T18:30:17","guid":{"rendered":"https:\/\/www.africa-press.net\/cotedivoire\/?p=25423"},"modified":"2022-01-14T16:51:33","modified_gmt":"2022-01-14T16:51:33","slug":"le-prefet-de-divo-oppose-a-lemission-de-taxes-supplementaires-sur-lactivite-des-braiseurs-de-viande","status":"publish","type":"post","link":"https:\/\/www.africa-press.net\/cotedivoire\/economie\/le-prefet-de-divo-oppose-a-lemission-de-taxes-supplementaires-sur-lactivite-des-braiseurs-de-viande","title":{"rendered":"Le pr\u00e9fet de Divo oppos\u00e9 \u00e0 l\u2019\u00e9mission de taxes suppl\u00e9mentaires sur l\u2019activit\u00e9 des \u2018\u2019braiseurs\u2019\u2019 de viande"},"content":{"rendered":"<p><span style=\"color: #ff6600\"><strong>Africa-Press &#8211; C\u00f4te d&rsquo;Ivoire. <\/strong><\/span>Divo, 14 jan 2022 (AIP) \u2013 Le pr\u00e9fet de r\u00e9gion du L\u00f4h-Djiboua, Kouakou Assoman, pr\u00e9fet du d\u00e9partement de Divo, a convoqu\u00e9 \u00e0 une r\u00e9union, les repr\u00e9sentants de la mairie de Divo, de la direction r\u00e9gionale du Minist\u00e8re des ressources animales et halieutiques (MIRAH), et de ceux des associations de bouchers et de vendeurs de viandes et de poulets \u2018\u2019brais\u00e9s\u2019\u2019, pour d\u00e9noncer l\u2019\u00e9mission de taxes parall\u00e8les \u00e0 celles de la mairie, et adress\u00e9es aux \u2018\u2019braiseurs\u2019\u2019.<\/p>\n<p>Le pr\u00e9fet a rappel\u00e9 au collectif des \u2018\u2019braiseurs\u2019\u2019 qui lui avaient adress\u00e9 un courrier de d\u00e9nonciation en ao\u00fbt 2021, qu\u2019il s\u2019\u00e9tait oppos\u00e9 \u00e0 deux reprises, depuis 2019, \u00e0 l\u2019id\u00e9e de l\u2019institution d\u2019une \u00ab taxe d\u2019inspection sanitaire \u00bb, d\u00e9livr\u00e9e par la direction r\u00e9gionale du MIRAH aux vendeurs de viande et de poulets \u2018\u2019brais\u00e9s\u2019\u2019. Il a expliqu\u00e9 qu\u2019au regard de la loi, seule la mairie est habilit\u00e9e \u00e0 \u00e9mettre des taxes en la mati\u00e8re, car celle-ci a une r\u00e9gie financi\u00e8re, contrairement \u00e0 la direction du MIRAH.<\/p>\n<p>L\u2019autorit\u00e9 administrative s\u2019est \u00e9tonn\u00e9e qu\u2019en d\u00e9pit de son opposition \u00e0 l\u2019\u00e9mission de cette taxe suppl\u00e9mentaire \u00e0 la \u00ab taxe d\u2019abattage \u00bb \u00e9mise par la mairie, des tickets soient depuis quelques semaines d\u00e9livr\u00e9s par les services de la direction r\u00e9gionale du MIRAH aux \u2018\u2019braiseurs\u2019\u2019, et en leur faisant croire que le pr\u00e9fet approuve cette op\u00e9ration.<\/p>\n<p>Apr\u00e8s avoir rassur\u00e9 les \u2018\u2019braiseurs\u2019\u2019 et la mairie, le pr\u00e9fet a d\u00e9clar\u00e9 cette taxe ill\u00e9gale et a invit\u00e9 la direction du MIRAH \u00e0 arr\u00eater imm\u00e9diatement la d\u00e9livrance des tickets journaliers de 500F Fcfa par vendeur de viande brais\u00e9e.<\/p>\n<p>Les repr\u00e9sentants de la mairie ont reconnu que des discussions avaient eu lieu pour l\u2019\u00e9laboration d\u2019une convention avec la direction r\u00e9gionale du MIRAH, en vue d\u2019une coop\u00e9ration dans la gestion d\u2019une \u00ab taxe d\u2019abattage et d\u2019inspection sanitaire des denr\u00e9es animales destin\u00e9es \u00e0 la consommation humaine \u00bb. Toutefois, souligne le Secr\u00e9taire g\u00e9n\u00e9rale adjoint de la mairie de Divo, Silu\u00e9 Abdoulaye, cette convention n\u2019a jamais vu le jour.<\/p>\n<p>Le Directeur r\u00e9gional du MIRAH de Divo, Dr Amoa Mathieu, a expliqu\u00e9 que la n\u00e9cessit\u00e9 d\u2019effectuer des contr\u00f4les des animaux destin\u00e9s \u00e0 la consommation humaine \u00e0 l\u2019approche des f\u00eates de fin d\u2019ann\u00e9e les a oblig\u00e9s \u00e0 \u00e9mettre au mois de d\u00e9cembre 2021 cette taxe d\u2019inspection sanitaire, afin d\u2019avoir les moyens mat\u00e9riels et de mobilit\u00e9, pour \u00eatre plus efficaces dans le travail attendu de ses services.<\/p>\n<p>A l\u2019issue des \u00e9changes, en plus de l\u2019instruction donn\u00e9e pour le retrait imm\u00e9diat de la taxe parall\u00e8le de la direction r\u00e9gionale du MIRAH, M. Kouakou Assoman, a invit\u00e9 cette direction \u00e0 s\u2019adresser \u00e0 la mairie pour solliciter son aide pour ses besoins en vue de l\u2019inspection v\u00e9t\u00e9rinaire, dans la cadre d\u2019une convention \u00e0 signer avec la mairie. Il a interdit que les contr\u00f4les v\u00e9t\u00e9rinaires se fassent aux lieux de vente des viandes brais\u00e9es, mais au lieu d\u2019abattage plut\u00f4t, \u00e0 savoir l\u2019abattoir municipal.<\/p>\n<p><strong>Pour plus d&rsquo;informations et d&rsquo;analyses sur la <a href=\"https:\/\/www.africa-press.net\/cotedivoire\">C\u00f4te d&rsquo;Ivoire<\/a>, suivez <a href=\"https:\/\/www.africa-press.net\/\">Africa-Press<\/a><\/strong><\/p>\n","protected":false},"excerpt":{"rendered":"<p>Africa-Press &#8211; C\u00f4te d&rsquo;Ivoire. Divo, 14 jan 2022 (AIP) \u2013 Le pr\u00e9fet de r\u00e9gion du L\u00f4h-Djiboua, Kouakou Assoman, pr\u00e9fet du d\u00e9partement de Divo, a convoqu\u00e9 \u00e0 une r\u00e9union, les repr\u00e9sentants de la mairie de Divo, de la direction r\u00e9gionale du Minist\u00e8re des ressources animales et halieutiques (MIRAH), et de ceux des associations de bouchers et [&hellip;]<\/p>\n","protected":false},"author":82,"featured_media":25422,"comment_status":"open","ping_status":"closed","sticky":false,"template":"","format":"standard","meta":{"footnotes":""},"categories":[3,11,10],"tags":[56,63,29],"class_list":["post-25423","post","type-post","status-publish","format-standard","has-post-thumbnail","hentry","category-economie","category-homepage-french","category-toutes-les-actualites","tag-africa-press","tag-africa-press-cote-divoire","tag-cote-divoire"],"yoast_head":"<!-- This site is optimized with the Yoast SEO Premium plugin v26.1 (Yoast SEO v27.0) - https:\/\/yoast.com\/product\/yoast-seo-premium-wordpress\/ -->\n<title>Le pr\u00e9fet de Divo oppos\u00e9 \u00e0 l\u2019\u00e9mission de taxes suppl\u00e9mentaires sur l\u2019activit\u00e9 des \u2018\u2019braiseurs\u2019\u2019 de viande - C\u00f4te d&#039;Ivoire<\/title>\n<meta name=\"description\" content=\"Divo, 14 jan 2022 (AIP) \u2013 Le pr\u00e9fet de r\u00e9gion du L\u00f4h-Djiboua, Kouakou Assoman, pr\u00e9fet du d\u00e9partement de Divo, a convoqu\u00e9 ...\" \/>\n<meta name=\"robots\" content=\"index, follow, max-snippet:-1, max-image-preview:large, max-video-preview:-1\" \/>\n<link rel=\"canonical\" href=\"https:\/\/www.africa-press.net\/cotedivoire\/economie\/le-prefet-de-divo-oppose-a-lemission-de-taxes-supplementaires-sur-lactivite-des-braiseurs-de-viande\" \/>\n<meta property=\"og:locale\" content=\"fr_FR\" \/>\n<meta property=\"og:type\" content=\"article\" \/>\n<meta property=\"og:title\" content=\"Le pr\u00e9fet de Divo oppos\u00e9 \u00e0 l\u2019\u00e9mission de taxes suppl\u00e9mentaires sur l\u2019activit\u00e9 des \u2018\u2019braiseurs\u2019\u2019 de viande\" \/>\n<meta property=\"og:description\" content=\"Divo, 14 jan 2022 (AIP) \u2013 Le pr\u00e9fet de r\u00e9gion du L\u00f4h-Djiboua, Kouakou Assoman, pr\u00e9fet du d\u00e9partement de Divo, a convoqu\u00e9 ...\" \/>\n<meta property=\"og:url\" content=\"https:\/\/www.africa-press.net\/cotedivoire\/economie\/le-prefet-de-divo-oppose-a-lemission-de-taxes-supplementaires-sur-lactivite-des-braiseurs-de-viande\" \/>\n<meta property=\"og:site_name\" content=\"C\u00f4te d&#039;Ivoire\" \/>\n<meta property=\"article:published_time\" content=\"2022-01-14T18:30:17+00:00\" \/>\n<meta property=\"og:image\" content=\"https:\/\/static.africa-press.net\/cote\/sites\/43\/2022\/01\/img-61e1a9fb57d62.jpg\" \/>\n\t<meta property=\"og:image:width\" content=\"720\" \/>\n\t<meta property=\"og:image:height\" content=\"530\" \/>\n\t<meta property=\"og:image:type\" content=\"image\/jpeg\" \/>\n<meta name=\"author\" content=\"cfeditorfr\" \/>\n<meta name=\"twitter:card\" content=\"summary_large_image\" \/>\n<meta name=\"twitter:label1\" content=\"\u00c9crit par\" \/>\n\t<meta name=\"twitter:data1\" content=\"cfeditorfr\" \/>\n\t<meta name=\"twitter:label2\" content=\"Dur\u00e9e de lecture estim\u00e9e\" \/>\n\t<meta name=\"twitter:data2\" content=\"3 minutes\" \/>\n<script type=\"application\/ld+json\" class=\"yoast-schema-graph\">{\"@context\":\"https:\/\/schema.org\",\"@graph\":[{\"@type\":\"Article\",\"@id\":\"https:\/\/www.africa-press.net\/cotedivoire\/economie\/le-prefet-de-divo-oppose-a-lemission-de-taxes-supplementaires-sur-lactivite-des-braiseurs-de-viande#article\",\"isPartOf\":{\"@id\":\"https:\/\/www.africa-press.net\/cotedivoire\/economie\/le-prefet-de-divo-oppose-a-lemission-de-taxes-supplementaires-sur-lactivite-des-braiseurs-de-viande\"},\"author\":{\"name\":\"cfeditorfr\",\"@id\":\"https:\/\/www.africa-press.net\/cotedivoire\/#\/schema\/person\/2b1cf3cd81a31e3cd26889ca66d677f1\"},\"headline\":\"Le pr\u00e9fet de Divo oppos\u00e9 \u00e0 l\u2019\u00e9mission de taxes suppl\u00e9mentaires sur l\u2019activit\u00e9 des \u2018\u2019braiseurs\u2019\u2019 de viande\",\"datePublished\":\"2022-01-14T18:30:17+00:00\",\"mainEntityOfPage\":{\"@id\":\"https:\/\/www.africa-press.net\/cotedivoire\/economie\/le-prefet-de-divo-oppose-a-lemission-de-taxes-supplementaires-sur-lactivite-des-braiseurs-de-viande\"},\"wordCount\":575,\"commentCount\":0,\"image\":{\"@id\":\"https:\/\/www.africa-press.net\/cotedivoire\/economie\/le-prefet-de-divo-oppose-a-lemission-de-taxes-supplementaires-sur-lactivite-des-braiseurs-de-viande#primaryimage\"},\"thumbnailUrl\":\"https:\/\/static.africa-press.net\/cote\/sites\/43\/2022\/01\/img-61e1a9fb57d62.jpg\",\"keywords\":[\"Africa Press\",\"Africa Press-C\u00f4te d'Ivoire\",\"C\u00d4TE D'IVOIRE\"],\"articleSection\":[\"\u00c9conomie\",\"homepage-french\",\"Toutes les actualit\u00e9s\"],\"inLanguage\":\"fr-FR\",\"potentialAction\":[{\"@type\":\"CommentAction\",\"name\":\"Comment\",\"target\":[\"https:\/\/www.africa-press.net\/cotedivoire\/economie\/le-prefet-de-divo-oppose-a-lemission-de-taxes-supplementaires-sur-lactivite-des-braiseurs-de-viande#respond\"]}]},{\"@type\":\"WebPage\",\"@id\":\"https:\/\/www.africa-press.net\/cotedivoire\/economie\/le-prefet-de-divo-oppose-a-lemission-de-taxes-supplementaires-sur-lactivite-des-braiseurs-de-viande\",\"url\":\"https:\/\/www.africa-press.net\/cotedivoire\/economie\/le-prefet-de-divo-oppose-a-lemission-de-taxes-supplementaires-sur-lactivite-des-braiseurs-de-viande\",\"name\":\"Le pr\u00e9fet de Divo oppos\u00e9 \u00e0 l\u2019\u00e9mission de taxes suppl\u00e9mentaires sur l\u2019activit\u00e9 des \u2018\u2019braiseurs\u2019\u2019 de viande - C\u00f4te d&#039;Ivoire\",\"isPartOf\":{\"@id\":\"https:\/\/www.africa-press.net\/cotedivoire\/#website\"},\"primaryImageOfPage\":{\"@id\":\"https:\/\/www.africa-press.net\/cotedivoire\/economie\/le-prefet-de-divo-oppose-a-lemission-de-taxes-supplementaires-sur-lactivite-des-braiseurs-de-viande#primaryimage\"},\"image\":{\"@id\":\"https:\/\/www.africa-press.net\/cotedivoire\/economie\/le-prefet-de-divo-oppose-a-lemission-de-taxes-supplementaires-sur-lactivite-des-braiseurs-de-viande#primaryimage\"},\"thumbnailUrl\":\"https:\/\/static.africa-press.net\/cote\/sites\/43\/2022\/01\/img-61e1a9fb57d62.jpg\",\"datePublished\":\"2022-01-14T18:30:17+00:00\",\"author\":{\"@id\":\"https:\/\/www.africa-press.net\/cotedivoire\/#\/schema\/person\/2b1cf3cd81a31e3cd26889ca66d677f1\"},\"description\":\"Divo, 14 jan 2022 (AIP) \u2013 Le pr\u00e9fet de r\u00e9gion du L\u00f4h-Djiboua, Kouakou Assoman, pr\u00e9fet du d\u00e9partement de Divo, a convoqu\u00e9 ...\",\"breadcrumb\":{\"@id\":\"https:\/\/www.africa-press.net\/cotedivoire\/economie\/le-prefet-de-divo-oppose-a-lemission-de-taxes-supplementaires-sur-lactivite-des-braiseurs-de-viande#breadcrumb\"},\"inLanguage\":\"fr-FR\",\"potentialAction\":[{\"@type\":\"ReadAction\",\"target\":[\"https:\/\/www.africa-press.net\/cotedivoire\/economie\/le-prefet-de-divo-oppose-a-lemission-de-taxes-supplementaires-sur-lactivite-des-braiseurs-de-viande\"]}]},{\"@type\":\"ImageObject\",\"inLanguage\":\"fr-FR\",\"@id\":\"https:\/\/www.africa-press.net\/cotedivoire\/economie\/le-prefet-de-divo-oppose-a-lemission-de-taxes-supplementaires-sur-lactivite-des-braiseurs-de-viande#primaryimage\",\"url\":\"https:\/\/static.africa-press.net\/cote\/sites\/43\/2022\/01\/img-61e1a9fb57d62.jpg\",\"contentUrl\":\"https:\/\/static.africa-press.net\/cote\/sites\/43\/2022\/01\/img-61e1a9fb57d62.jpg\",\"width\":720,\"height\":530,\"caption\":\"Le pr\u00e9fet de Divo oppos\u00e9 \u00e0 l\u2019\u00e9mission de taxes suppl\u00e9mentaires sur l\u2019activit\u00e9 des \u2018\u2019braiseurs\u2019\u2019 de viande\"},{\"@type\":\"BreadcrumbList\",\"@id\":\"https:\/\/www.africa-press.net\/cotedivoire\/economie\/le-prefet-de-divo-oppose-a-lemission-de-taxes-supplementaires-sur-lactivite-des-braiseurs-de-viande#breadcrumb\",\"itemListElement\":[{\"@type\":\"ListItem\",\"position\":1,\"name\":\"Accueil\",\"item\":\"https:\/\/www.africa-press.net\/cotedivoire\/\"},{\"@type\":\"ListItem\",\"position\":2,\"name\":\"Le pr\u00e9fet de Divo oppos\u00e9 \u00e0 l\u2019\u00e9mission de taxes suppl\u00e9mentaires sur l\u2019activit\u00e9 des \u2018\u2019braiseurs\u2019\u2019 de viande\"}]},{\"@type\":\"WebSite\",\"@id\":\"https:\/\/www.africa-press.net\/cotedivoire\/#website\",\"url\":\"https:\/\/www.africa-press.net\/cotedivoire\/\",\"name\":\"C\u00f4te d&#039;Ivoire\",\"description\":\"Just another Africa News Agency Sites site\",\"potentialAction\":[{\"@type\":\"SearchAction\",\"target\":{\"@type\":\"EntryPoint\",\"urlTemplate\":\"https:\/\/www.africa-press.net\/cotedivoire\/?s={search_term_string}\"},\"query-input\":{\"@type\":\"PropertyValueSpecification\",\"valueRequired\":true,\"valueName\":\"search_term_string\"}}],\"inLanguage\":\"fr-FR\"},{\"@type\":\"Person\",\"@id\":\"https:\/\/www.africa-press.net\/cotedivoire\/#\/schema\/person\/2b1cf3cd81a31e3cd26889ca66d677f1\",\"name\":\"cfeditorfr\"}]}<\/script>\n<!-- \/ Yoast SEO Premium plugin. -->","yoast_head_json":{"title":"Le pr\u00e9fet de Divo oppos\u00e9 \u00e0 l\u2019\u00e9mission de taxes suppl\u00e9mentaires sur l\u2019activit\u00e9 des \u2018\u2019braiseurs\u2019\u2019 de viande - C\u00f4te d&#039;Ivoire","description":"Divo, 14 jan 2022 (AIP) \u2013 Le pr\u00e9fet de r\u00e9gion du L\u00f4h-Djiboua, Kouakou Assoman, pr\u00e9fet du d\u00e9partement de Divo, a convoqu\u00e9 ...","robots":{"index":"index","follow":"follow","max-snippet":"max-snippet:-1","max-image-preview":"max-image-preview:large","max-video-preview":"max-video-preview:-1"},"canonical":"https:\/\/www.africa-press.net\/cotedivoire\/economie\/le-prefet-de-divo-oppose-a-lemission-de-taxes-supplementaires-sur-lactivite-des-braiseurs-de-viande","og_locale":"fr_FR","og_type":"article","og_title":"Le pr\u00e9fet de Divo oppos\u00e9 \u00e0 l\u2019\u00e9mission de taxes suppl\u00e9mentaires sur l\u2019activit\u00e9 des \u2018\u2019braiseurs\u2019\u2019 de viande","og_description":"Divo, 14 jan 2022 (AIP) \u2013 Le pr\u00e9fet de r\u00e9gion du L\u00f4h-Djiboua, Kouakou Assoman, pr\u00e9fet du d\u00e9partement de Divo, a convoqu\u00e9 ...","og_url":"https:\/\/www.africa-press.net\/cotedivoire\/economie\/le-prefet-de-divo-oppose-a-lemission-de-taxes-supplementaires-sur-lactivite-des-braiseurs-de-viande","og_site_name":"C\u00f4te d&#039;Ivoire","article_published_time":"2022-01-14T18:30:17+00:00","og_image":[{"width":720,"height":530,"url":"https:\/\/static.africa-press.net\/cote\/sites\/43\/2022\/01\/img-61e1a9fb57d62.jpg","type":"image\/jpeg"}],"author":"cfeditorfr","twitter_card":"summary_large_image","twitter_misc":{"\u00c9crit par":"cfeditorfr","Dur\u00e9e de lecture estim\u00e9e":"3 minutes"},"schema":{"@context":"https:\/\/schema.org","@graph":[{"@type":"Article","@id":"https:\/\/www.africa-press.net\/cotedivoire\/economie\/le-prefet-de-divo-oppose-a-lemission-de-taxes-supplementaires-sur-lactivite-des-braiseurs-de-viande#article","isPartOf":{"@id":"https:\/\/www.africa-press.net\/cotedivoire\/economie\/le-prefet-de-divo-oppose-a-lemission-de-taxes-supplementaires-sur-lactivite-des-braiseurs-de-viande"},"author":{"name":"cfeditorfr","@id":"https:\/\/www.africa-press.net\/cotedivoire\/#\/schema\/person\/2b1cf3cd81a31e3cd26889ca66d677f1"},"headline":"Le pr\u00e9fet de Divo oppos\u00e9 \u00e0 l\u2019\u00e9mission de taxes suppl\u00e9mentaires sur l\u2019activit\u00e9 des \u2018\u2019braiseurs\u2019\u2019 de viande","datePublished":"2022-01-14T18:30:17+00:00","mainEntityOfPage":{"@id":"https:\/\/www.africa-press.net\/cotedivoire\/economie\/le-prefet-de-divo-oppose-a-lemission-de-taxes-supplementaires-sur-lactivite-des-braiseurs-de-viande"},"wordCount":575,"commentCount":0,"image":{"@id":"https:\/\/www.africa-press.net\/cotedivoire\/economie\/le-prefet-de-divo-oppose-a-lemission-de-taxes-supplementaires-sur-lactivite-des-braiseurs-de-viande#primaryimage"},"thumbnailUrl":"https:\/\/static.africa-press.net\/cote\/sites\/43\/2022\/01\/img-61e1a9fb57d62.jpg","keywords":["Africa Press","Africa Press-C\u00f4te d'Ivoire","C\u00d4TE D'IVOIRE"],"articleSection":["\u00c9conomie","homepage-french","Toutes les actualit\u00e9s"],"inLanguage":"fr-FR","potentialAction":[{"@type":"CommentAction","name":"Comment","target":["https:\/\/www.africa-press.net\/cotedivoire\/economie\/le-prefet-de-divo-oppose-a-lemission-de-taxes-supplementaires-sur-lactivite-des-braiseurs-de-viande#respond"]}]},{"@type":"WebPage","@id":"https:\/\/www.africa-press.net\/cotedivoire\/economie\/le-prefet-de-divo-oppose-a-lemission-de-taxes-supplementaires-sur-lactivite-des-braiseurs-de-viande","url":"https:\/\/www.africa-press.net\/cotedivoire\/economie\/le-prefet-de-divo-oppose-a-lemission-de-taxes-supplementaires-sur-lactivite-des-braiseurs-de-viande","name":"Le pr\u00e9fet de Divo oppos\u00e9 \u00e0 l\u2019\u00e9mission de taxes suppl\u00e9mentaires sur l\u2019activit\u00e9 des \u2018\u2019braiseurs\u2019\u2019 de viande - C\u00f4te d&#039;Ivoire","isPartOf":{"@id":"https:\/\/www.africa-press.net\/cotedivoire\/#website"},"primaryImageOfPage":{"@id":"https:\/\/www.africa-press.net\/cotedivoire\/economie\/le-prefet-de-divo-oppose-a-lemission-de-taxes-supplementaires-sur-lactivite-des-braiseurs-de-viande#primaryimage"},"image":{"@id":"https:\/\/www.africa-press.net\/cotedivoire\/economie\/le-prefet-de-divo-oppose-a-lemission-de-taxes-supplementaires-sur-lactivite-des-braiseurs-de-viande#primaryimage"},"thumbnailUrl":"https:\/\/static.africa-press.net\/cote\/sites\/43\/2022\/01\/img-61e1a9fb57d62.jpg","datePublished":"2022-01-14T18:30:17+00:00","author":{"@id":"https:\/\/www.africa-press.net\/cotedivoire\/#\/schema\/person\/2b1cf3cd81a31e3cd26889ca66d677f1"},"description":"Divo, 14 jan 2022 (AIP) \u2013 Le pr\u00e9fet de r\u00e9gion du L\u00f4h-Djiboua, Kouakou Assoman, pr\u00e9fet du d\u00e9partement de Divo, a convoqu\u00e9 ...","breadcrumb":{"@id":"https:\/\/www.africa-press.net\/cotedivoire\/economie\/le-prefet-de-divo-oppose-a-lemission-de-taxes-supplementaires-sur-lactivite-des-braiseurs-de-viande#breadcrumb"},"inLanguage":"fr-FR","potentialAction":[{"@type":"ReadAction","target":["https:\/\/www.africa-press.net\/cotedivoire\/economie\/le-prefet-de-divo-oppose-a-lemission-de-taxes-supplementaires-sur-lactivite-des-braiseurs-de-viande"]}]},{"@type":"ImageObject","inLanguage":"fr-FR","@id":"https:\/\/www.africa-press.net\/cotedivoire\/economie\/le-prefet-de-divo-oppose-a-lemission-de-taxes-supplementaires-sur-lactivite-des-braiseurs-de-viande#primaryimage","url":"https:\/\/static.africa-press.net\/cote\/sites\/43\/2022\/01\/img-61e1a9fb57d62.jpg","contentUrl":"https:\/\/static.africa-press.net\/cote\/sites\/43\/2022\/01\/img-61e1a9fb57d62.jpg","width":720,"height":530,"caption":"Le pr\u00e9fet de Divo oppos\u00e9 \u00e0 l\u2019\u00e9mission de taxes suppl\u00e9mentaires sur l\u2019activit\u00e9 des \u2018\u2019braiseurs\u2019\u2019 de viande"},{"@type":"BreadcrumbList","@id":"https:\/\/www.africa-press.net\/cotedivoire\/economie\/le-prefet-de-divo-oppose-a-lemission-de-taxes-supplementaires-sur-lactivite-des-braiseurs-de-viande#breadcrumb","itemListElement":[{"@type":"ListItem","position":1,"name":"Accueil","item":"https:\/\/www.africa-press.net\/cotedivoire\/"},{"@type":"ListItem","position":2,"name":"Le pr\u00e9fet de Divo oppos\u00e9 \u00e0 l\u2019\u00e9mission de taxes suppl\u00e9mentaires sur l\u2019activit\u00e9 des \u2018\u2019braiseurs\u2019\u2019 de viande"}]},{"@type":"WebSite","@id":"https:\/\/www.africa-press.net\/cotedivoire\/#website","url":"https:\/\/www.africa-press.net\/cotedivoire\/","name":"C\u00f4te d&#039;Ivoire","description":"Just another Africa News Agency Sites site","potentialAction":[{"@type":"SearchAction","target":{"@type":"EntryPoint","urlTemplate":"https:\/\/www.africa-press.net\/cotedivoire\/?s={search_term_string}"},"query-input":{"@type":"PropertyValueSpecification","valueRequired":true,"valueName":"search_term_string"}}],"inLanguage":"fr-FR"},{"@type":"Person","@id":"https:\/\/www.africa-press.net\/cotedivoire\/#\/schema\/person\/2b1cf3cd81a31e3cd26889ca66d677f1","name":"cfeditorfr"}]}},"_links":{"self":[{"href":"https:\/\/www.africa-press.net\/cotedivoire\/wp-json\/wp\/v2\/posts\/25423","targetHints":{"allow":["GET"]}}],"collection":[{"href":"https:\/\/www.africa-press.net\/cotedivoire\/wp-json\/wp\/v2\/posts"}],"about":[{"href":"https:\/\/www.africa-press.net\/cotedivoire\/wp-json\/wp\/v2\/types\/post"}],"author":[{"embeddable":true,"href":"https:\/\/www.africa-press.net\/cotedivoire\/wp-json\/wp\/v2\/users\/82"}],"replies":[{"embeddable":true,"href":"https:\/\/www.africa-press.net\/cotedivoire\/wp-json\/wp\/v2\/comments?post=25423"}],"version-history":[{"count":0,"href":"https:\/\/www.africa-press.net\/cotedivoire\/wp-json\/wp\/v2\/posts\/25423\/revisions"}],"wp:featuredmedia":[{"embeddable":true,"href":"https:\/\/www.africa-press.net\/cotedivoire\/wp-json\/wp\/v2\/media\/25422"}],"wp:attachment":[{"href":"https:\/\/www.africa-press.net\/cotedivoire\/wp-json\/wp\/v2\/media?parent=25423"}],"wp:term":[{"taxonomy":"category","embeddable":true,"href":"https:\/\/www.africa-press.net\/cotedivoire\/wp-json\/wp\/v2\/categories?post=25423"},{"taxonomy":"post_tag","embeddable":true,"href":"https:\/\/www.africa-press.net\/cotedivoire\/wp-json\/wp\/v2\/tags?post=25423"}],"curies":[{"name":"wp","href":"https:\/\/api.w.org\/{rel}","templated":true}]}}