{"id":25438,"date":"2022-01-14T19:09:37","date_gmt":"2022-01-14T19:09:37","guid":{"rendered":"https:\/\/www.africa-press.net\/cotedivoire\/?p=25438"},"modified":"2022-01-14T16:54:55","modified_gmt":"2022-01-14T16:54:55","slug":"orange-cote-divoire-inaugure-un-nouveau-siege-dun-cout-de-40-milliards-fcfa","status":"publish","type":"post","link":"https:\/\/www.africa-press.net\/cotedivoire\/toutes-les-actualites\/orange-cote-divoire-inaugure-un-nouveau-siege-dun-cout-de-40-milliards-fcfa","title":{"rendered":"Orange C\u00f4te d\u2019Ivoire inaugure un nouveau si\u00e8ge d\u2019un co\u00fbt de 40 milliards Fcfa"},"content":{"rendered":"<p><span style=\"color: #ff6600\"><strong>Africa-Press &#8211; C\u00f4te d&rsquo;Ivoire. <\/strong><\/span>Le chef de l\u2019Etat ivoirien, Alassane Ouattara, a proc\u00e9d\u00e9 vendredi \u00e0 l\u2019inauguration d\u2019un nouveau si\u00e8ge social d\u2019Orange C\u00f4te d\u2019Ivoire \u00e0 la Riviera Golf, dans l\u2019Est d\u2019Abidjan, d\u2019un cout d\u2019investissement de 40 milliards de Fcfa.<\/p>\n<p>Ce nouveau si\u00e8ge d\u00e9nomm\u00e9 \u00ab Orange village \u00bb, a \u00e9t\u00e9 inaugur\u00e9 en pr\u00e9sence de M. St\u00e9phane Richard, le Pr\u00e9sident directeur g\u00e9n\u00e9ral (PDG) du Groupe Orange, de M. Alioune N\u2019Diaye, le directeur g\u00e9n\u00e9ral d\u2019Orange Moyen Orient et Afrique; et d\u2019un parterre de personnalit\u00e9s.<\/p>\n<p>M. St\u00e9phane Richard s\u2019est f\u00e9licit\u00e9 de la b\u00e2tisse de ce b\u00e2timent de 18.000 m2 qui tr\u00f4ne face \u00e0 la lagune Ebri\u00e9 et qui va accueillir 900 collaborateurs r\u00e9partis sur Abidjan. Il comprend entre autres, un parc des sports, des espaces verts et de multiples installations \u00e9cologiques.<\/p>\n<p>Pour lui, c\u2019est un sentiment de fiert\u00e9 ce nouveau si\u00e8ge qui constitue un symbole d\u2019ancrage et d\u2019engagement du groupe dans le pays. Orange C\u00f4te d\u2019Ivoire est d\u2019ailleurs un cluster r\u00e9gional compos\u00e9 des filiales du Burkina Faso et du Lib\u00e9ria.<\/p>\n<p>Le directeur g\u00e9n\u00e9ral du Groupe Orange C\u00f4te d\u2019Ivoire, Mamadou Bamba, s\u2019est dit fier d\u2019inaugurer avec ses collaborateurs, ce joyau architectural qui va favoriser le d\u00e9ploiement du num\u00e9rique et accompagner la transformation digitale de l\u2019\u00e9conomie ivoirienne.<\/p>\n<p>Le ministre ivoirien de l\u2019\u00c9conomie num\u00e9rique, des t\u00e9l\u00e9communications et de l\u2019innovation, Roger Adom a salu\u00e9 ce projet qui, selon lui, contribuera sans nul doute \u00e0 positionner davantage la C\u00f4te d\u2019Ivoire comme leader dans le domaine de l\u2019\u00e9conomie num\u00e9rique et de l\u2019innovation.<\/p>\n<p>Premier employeur du secteur des T\u00e9l\u00e9coms, Orange C\u00f4te d\u2019Ivoire qui revendique plus de 15 millions de clients sur le sol ivoirien, est leader sur les principaux indicateurs de performance dans le domaine du fixe, du mobile, de l\u2019Internet et du mobile money.<\/p>\n<p><strong>Pour plus d&rsquo;informations et d&rsquo;analyses sur la <a href=\"https:\/\/www.africa-press.net\/cotedivoire\">C\u00f4te d&rsquo;Ivoire<\/a>, suivez <a href=\"https:\/\/www.africa-press.net\/\">Africa-Press<\/a><\/strong><\/p>\n","protected":false},"excerpt":{"rendered":"<p>Africa-Press &#8211; C\u00f4te d&rsquo;Ivoire. Le chef de l\u2019Etat ivoirien, Alassane Ouattara, a proc\u00e9d\u00e9 vendredi \u00e0 l\u2019inauguration d\u2019un nouveau si\u00e8ge social d\u2019Orange C\u00f4te d\u2019Ivoire \u00e0 la Riviera Golf, dans l\u2019Est d\u2019Abidjan, d\u2019un cout d\u2019investissement de 40 milliards de Fcfa. Ce nouveau si\u00e8ge d\u00e9nomm\u00e9 \u00ab Orange village \u00bb, a \u00e9t\u00e9 inaugur\u00e9 en pr\u00e9sence de M. St\u00e9phane Richard, [&hellip;]<\/p>\n","protected":false},"author":82,"featured_media":25437,"comment_status":"open","ping_status":"closed","sticky":false,"template":"","format":"standard","meta":{"footnotes":""},"categories":[21,11,10],"tags":[56,63,105,29,107,238],"class_list":["post-25438","post","type-post","status-publish","format-standard","has-post-thumbnail","hentry","category-communaute","category-homepage-french","category-toutes-les-actualites","tag-africa-press","tag-africa-press-cote-divoire","tag-apa","tag-cote-divoire","tag-ouest","tag-technologies"],"yoast_head":"<!-- This site is optimized with the Yoast SEO Premium plugin v26.1 (Yoast SEO v27.0) - https:\/\/yoast.com\/product\/yoast-seo-premium-wordpress\/ -->\n<title>Orange C\u00f4te d\u2019Ivoire inaugure un nouveau si\u00e8ge d\u2019un co\u00fbt de 40 milliards Fcfa - C\u00f4te d&#039;Ivoire<\/title>\n<meta name=\"description\" content=\"Le chef de l\u2019Etat ivoirien, Alassane Ouattara, a proc\u00e9d\u00e9 vendredi \u00e0 l\u2019inauguration d\u2019un nouveau si\u00e8ge social d\u2019Orange C\u00f4 ...\" \/>\n<meta name=\"robots\" content=\"index, follow, max-snippet:-1, max-image-preview:large, max-video-preview:-1\" \/>\n<link rel=\"canonical\" href=\"https:\/\/www.africa-press.net\/cotedivoire\/toutes-les-actualites\/orange-cote-divoire-inaugure-un-nouveau-siege-dun-cout-de-40-milliards-fcfa\" \/>\n<meta property=\"og:locale\" content=\"fr_FR\" \/>\n<meta property=\"og:type\" content=\"article\" \/>\n<meta property=\"og:title\" content=\"Orange C\u00f4te d\u2019Ivoire inaugure un nouveau si\u00e8ge d\u2019un co\u00fbt de 40 milliards Fcfa\" \/>\n<meta property=\"og:description\" content=\"Le chef de l\u2019Etat ivoirien, Alassane Ouattara, a proc\u00e9d\u00e9 vendredi \u00e0 l\u2019inauguration d\u2019un nouveau si\u00e8ge social d\u2019Orange C\u00f4 ...\" \/>\n<meta property=\"og:url\" content=\"https:\/\/www.africa-press.net\/cotedivoire\/toutes-les-actualites\/orange-cote-divoire-inaugure-un-nouveau-siege-dun-cout-de-40-milliards-fcfa\" \/>\n<meta property=\"og:site_name\" content=\"C\u00f4te d&#039;Ivoire\" \/>\n<meta property=\"article:published_time\" content=\"2022-01-14T19:09:37+00:00\" \/>\n<meta property=\"og:image\" content=\"https:\/\/static.africa-press.net\/cote\/sites\/43\/2022\/01\/img-61e1aabb839fa.jpg\" \/>\n\t<meta property=\"og:image:width\" content=\"780\" \/>\n\t<meta property=\"og:image:height\" content=\"440\" \/>\n\t<meta property=\"og:image:type\" content=\"image\/jpeg\" \/>\n<meta name=\"author\" content=\"cfeditorfr\" \/>\n<meta name=\"twitter:card\" content=\"summary_large_image\" \/>\n<meta name=\"twitter:label1\" content=\"\u00c9crit par\" \/>\n\t<meta name=\"twitter:data1\" content=\"cfeditorfr\" \/>\n\t<meta name=\"twitter:label2\" content=\"Dur\u00e9e de lecture estim\u00e9e\" \/>\n\t<meta name=\"twitter:data2\" content=\"2 minutes\" \/>\n<script type=\"application\/ld+json\" class=\"yoast-schema-graph\">{\"@context\":\"https:\/\/schema.org\",\"@graph\":[{\"@type\":\"Article\",\"@id\":\"https:\/\/www.africa-press.net\/cotedivoire\/toutes-les-actualites\/orange-cote-divoire-inaugure-un-nouveau-siege-dun-cout-de-40-milliards-fcfa#article\",\"isPartOf\":{\"@id\":\"https:\/\/www.africa-press.net\/cotedivoire\/toutes-les-actualites\/orange-cote-divoire-inaugure-un-nouveau-siege-dun-cout-de-40-milliards-fcfa\"},\"author\":{\"name\":\"cfeditorfr\",\"@id\":\"https:\/\/www.africa-press.net\/cotedivoire\/#\/schema\/person\/2b1cf3cd81a31e3cd26889ca66d677f1\"},\"headline\":\"Orange C\u00f4te d\u2019Ivoire inaugure un nouveau si\u00e8ge d\u2019un co\u00fbt de 40 milliards Fcfa\",\"datePublished\":\"2022-01-14T19:09:37+00:00\",\"mainEntityOfPage\":{\"@id\":\"https:\/\/www.africa-press.net\/cotedivoire\/toutes-les-actualites\/orange-cote-divoire-inaugure-un-nouveau-siege-dun-cout-de-40-milliards-fcfa\"},\"wordCount\":372,\"commentCount\":0,\"image\":{\"@id\":\"https:\/\/www.africa-press.net\/cotedivoire\/toutes-les-actualites\/orange-cote-divoire-inaugure-un-nouveau-siege-dun-cout-de-40-milliards-fcfa#primaryimage\"},\"thumbnailUrl\":\"https:\/\/static.africa-press.net\/cote\/sites\/43\/2022\/01\/img-61e1aabb839fa.jpg\",\"keywords\":[\"Africa Press\",\"Africa Press-C\u00f4te d'Ivoire\",\"APA\",\"C\u00d4TE D'IVOIRE\",\"OUEST\",\"TECHNOLOGIES\"],\"articleSection\":[\"Communaut\u00e9\",\"homepage-french\",\"Toutes les actualit\u00e9s\"],\"inLanguage\":\"fr-FR\",\"potentialAction\":[{\"@type\":\"CommentAction\",\"name\":\"Comment\",\"target\":[\"https:\/\/www.africa-press.net\/cotedivoire\/toutes-les-actualites\/orange-cote-divoire-inaugure-un-nouveau-siege-dun-cout-de-40-milliards-fcfa#respond\"]}]},{\"@type\":\"WebPage\",\"@id\":\"https:\/\/www.africa-press.net\/cotedivoire\/toutes-les-actualites\/orange-cote-divoire-inaugure-un-nouveau-siege-dun-cout-de-40-milliards-fcfa\",\"url\":\"https:\/\/www.africa-press.net\/cotedivoire\/toutes-les-actualites\/orange-cote-divoire-inaugure-un-nouveau-siege-dun-cout-de-40-milliards-fcfa\",\"name\":\"Orange C\u00f4te d\u2019Ivoire inaugure un nouveau si\u00e8ge d\u2019un co\u00fbt de 40 milliards Fcfa - C\u00f4te d&#039;Ivoire\",\"isPartOf\":{\"@id\":\"https:\/\/www.africa-press.net\/cotedivoire\/#website\"},\"primaryImageOfPage\":{\"@id\":\"https:\/\/www.africa-press.net\/cotedivoire\/toutes-les-actualites\/orange-cote-divoire-inaugure-un-nouveau-siege-dun-cout-de-40-milliards-fcfa#primaryimage\"},\"image\":{\"@id\":\"https:\/\/www.africa-press.net\/cotedivoire\/toutes-les-actualites\/orange-cote-divoire-inaugure-un-nouveau-siege-dun-cout-de-40-milliards-fcfa#primaryimage\"},\"thumbnailUrl\":\"https:\/\/static.africa-press.net\/cote\/sites\/43\/2022\/01\/img-61e1aabb839fa.jpg\",\"datePublished\":\"2022-01-14T19:09:37+00:00\",\"author\":{\"@id\":\"https:\/\/www.africa-press.net\/cotedivoire\/#\/schema\/person\/2b1cf3cd81a31e3cd26889ca66d677f1\"},\"description\":\"Le chef de l\u2019Etat ivoirien, Alassane Ouattara, a proc\u00e9d\u00e9 vendredi \u00e0 l\u2019inauguration d\u2019un nouveau si\u00e8ge social d\u2019Orange C\u00f4 ...\",\"breadcrumb\":{\"@id\":\"https:\/\/www.africa-press.net\/cotedivoire\/toutes-les-actualites\/orange-cote-divoire-inaugure-un-nouveau-siege-dun-cout-de-40-milliards-fcfa#breadcrumb\"},\"inLanguage\":\"fr-FR\",\"potentialAction\":[{\"@type\":\"ReadAction\",\"target\":[\"https:\/\/www.africa-press.net\/cotedivoire\/toutes-les-actualites\/orange-cote-divoire-inaugure-un-nouveau-siege-dun-cout-de-40-milliards-fcfa\"]}]},{\"@type\":\"ImageObject\",\"inLanguage\":\"fr-FR\",\"@id\":\"https:\/\/www.africa-press.net\/cotedivoire\/toutes-les-actualites\/orange-cote-divoire-inaugure-un-nouveau-siege-dun-cout-de-40-milliards-fcfa#primaryimage\",\"url\":\"https:\/\/static.africa-press.net\/cote\/sites\/43\/2022\/01\/img-61e1aabb839fa.jpg\",\"contentUrl\":\"https:\/\/static.africa-press.net\/cote\/sites\/43\/2022\/01\/img-61e1aabb839fa.jpg\",\"width\":780,\"height\":440,\"caption\":\"Orange C\u00f4te d\u2019Ivoire inaugure un nouveau si\u00e8ge d\u2019un co\u00fbt de 40 milliards Fcfa\"},{\"@type\":\"BreadcrumbList\",\"@id\":\"https:\/\/www.africa-press.net\/cotedivoire\/toutes-les-actualites\/orange-cote-divoire-inaugure-un-nouveau-siege-dun-cout-de-40-milliards-fcfa#breadcrumb\",\"itemListElement\":[{\"@type\":\"ListItem\",\"position\":1,\"name\":\"Accueil\",\"item\":\"https:\/\/www.africa-press.net\/cotedivoire\/\"},{\"@type\":\"ListItem\",\"position\":2,\"name\":\"Orange C\u00f4te d\u2019Ivoire inaugure un nouveau si\u00e8ge d\u2019un co\u00fbt de 40 milliards Fcfa\"}]},{\"@type\":\"WebSite\",\"@id\":\"https:\/\/www.africa-press.net\/cotedivoire\/#website\",\"url\":\"https:\/\/www.africa-press.net\/cotedivoire\/\",\"name\":\"C\u00f4te d&#039;Ivoire\",\"description\":\"Just another Africa News Agency Sites site\",\"potentialAction\":[{\"@type\":\"SearchAction\",\"target\":{\"@type\":\"EntryPoint\",\"urlTemplate\":\"https:\/\/www.africa-press.net\/cotedivoire\/?s={search_term_string}\"},\"query-input\":{\"@type\":\"PropertyValueSpecification\",\"valueRequired\":true,\"valueName\":\"search_term_string\"}}],\"inLanguage\":\"fr-FR\"},{\"@type\":\"Person\",\"@id\":\"https:\/\/www.africa-press.net\/cotedivoire\/#\/schema\/person\/2b1cf3cd81a31e3cd26889ca66d677f1\",\"name\":\"cfeditorfr\"}]}<\/script>\n<!-- \/ Yoast SEO Premium plugin. -->","yoast_head_json":{"title":"Orange C\u00f4te d\u2019Ivoire inaugure un nouveau si\u00e8ge d\u2019un co\u00fbt de 40 milliards Fcfa - C\u00f4te d&#039;Ivoire","description":"Le chef de l\u2019Etat ivoirien, Alassane Ouattara, a proc\u00e9d\u00e9 vendredi \u00e0 l\u2019inauguration d\u2019un nouveau si\u00e8ge social d\u2019Orange C\u00f4 ...","robots":{"index":"index","follow":"follow","max-snippet":"max-snippet:-1","max-image-preview":"max-image-preview:large","max-video-preview":"max-video-preview:-1"},"canonical":"https:\/\/www.africa-press.net\/cotedivoire\/toutes-les-actualites\/orange-cote-divoire-inaugure-un-nouveau-siege-dun-cout-de-40-milliards-fcfa","og_locale":"fr_FR","og_type":"article","og_title":"Orange C\u00f4te d\u2019Ivoire inaugure un nouveau si\u00e8ge d\u2019un co\u00fbt de 40 milliards Fcfa","og_description":"Le chef de l\u2019Etat ivoirien, Alassane Ouattara, a proc\u00e9d\u00e9 vendredi \u00e0 l\u2019inauguration d\u2019un nouveau si\u00e8ge social d\u2019Orange C\u00f4 ...","og_url":"https:\/\/www.africa-press.net\/cotedivoire\/toutes-les-actualites\/orange-cote-divoire-inaugure-un-nouveau-siege-dun-cout-de-40-milliards-fcfa","og_site_name":"C\u00f4te d&#039;Ivoire","article_published_time":"2022-01-14T19:09:37+00:00","og_image":[{"width":780,"height":440,"url":"https:\/\/static.africa-press.net\/cote\/sites\/43\/2022\/01\/img-61e1aabb839fa.jpg","type":"image\/jpeg"}],"author":"cfeditorfr","twitter_card":"summary_large_image","twitter_misc":{"\u00c9crit par":"cfeditorfr","Dur\u00e9e de lecture estim\u00e9e":"2 minutes"},"schema":{"@context":"https:\/\/schema.org","@graph":[{"@type":"Article","@id":"https:\/\/www.africa-press.net\/cotedivoire\/toutes-les-actualites\/orange-cote-divoire-inaugure-un-nouveau-siege-dun-cout-de-40-milliards-fcfa#article","isPartOf":{"@id":"https:\/\/www.africa-press.net\/cotedivoire\/toutes-les-actualites\/orange-cote-divoire-inaugure-un-nouveau-siege-dun-cout-de-40-milliards-fcfa"},"author":{"name":"cfeditorfr","@id":"https:\/\/www.africa-press.net\/cotedivoire\/#\/schema\/person\/2b1cf3cd81a31e3cd26889ca66d677f1"},"headline":"Orange C\u00f4te d\u2019Ivoire inaugure un nouveau si\u00e8ge d\u2019un co\u00fbt de 40 milliards Fcfa","datePublished":"2022-01-14T19:09:37+00:00","mainEntityOfPage":{"@id":"https:\/\/www.africa-press.net\/cotedivoire\/toutes-les-actualites\/orange-cote-divoire-inaugure-un-nouveau-siege-dun-cout-de-40-milliards-fcfa"},"wordCount":372,"commentCount":0,"image":{"@id":"https:\/\/www.africa-press.net\/cotedivoire\/toutes-les-actualites\/orange-cote-divoire-inaugure-un-nouveau-siege-dun-cout-de-40-milliards-fcfa#primaryimage"},"thumbnailUrl":"https:\/\/static.africa-press.net\/cote\/sites\/43\/2022\/01\/img-61e1aabb839fa.jpg","keywords":["Africa Press","Africa Press-C\u00f4te d'Ivoire","APA","C\u00d4TE D'IVOIRE","OUEST","TECHNOLOGIES"],"articleSection":["Communaut\u00e9","homepage-french","Toutes les actualit\u00e9s"],"inLanguage":"fr-FR","potentialAction":[{"@type":"CommentAction","name":"Comment","target":["https:\/\/www.africa-press.net\/cotedivoire\/toutes-les-actualites\/orange-cote-divoire-inaugure-un-nouveau-siege-dun-cout-de-40-milliards-fcfa#respond"]}]},{"@type":"WebPage","@id":"https:\/\/www.africa-press.net\/cotedivoire\/toutes-les-actualites\/orange-cote-divoire-inaugure-un-nouveau-siege-dun-cout-de-40-milliards-fcfa","url":"https:\/\/www.africa-press.net\/cotedivoire\/toutes-les-actualites\/orange-cote-divoire-inaugure-un-nouveau-siege-dun-cout-de-40-milliards-fcfa","name":"Orange C\u00f4te d\u2019Ivoire inaugure un nouveau si\u00e8ge d\u2019un co\u00fbt de 40 milliards Fcfa - C\u00f4te d&#039;Ivoire","isPartOf":{"@id":"https:\/\/www.africa-press.net\/cotedivoire\/#website"},"primaryImageOfPage":{"@id":"https:\/\/www.africa-press.net\/cotedivoire\/toutes-les-actualites\/orange-cote-divoire-inaugure-un-nouveau-siege-dun-cout-de-40-milliards-fcfa#primaryimage"},"image":{"@id":"https:\/\/www.africa-press.net\/cotedivoire\/toutes-les-actualites\/orange-cote-divoire-inaugure-un-nouveau-siege-dun-cout-de-40-milliards-fcfa#primaryimage"},"thumbnailUrl":"https:\/\/static.africa-press.net\/cote\/sites\/43\/2022\/01\/img-61e1aabb839fa.jpg","datePublished":"2022-01-14T19:09:37+00:00","author":{"@id":"https:\/\/www.africa-press.net\/cotedivoire\/#\/schema\/person\/2b1cf3cd81a31e3cd26889ca66d677f1"},"description":"Le chef de l\u2019Etat ivoirien, Alassane Ouattara, a proc\u00e9d\u00e9 vendredi \u00e0 l\u2019inauguration d\u2019un nouveau si\u00e8ge social d\u2019Orange C\u00f4 ...","breadcrumb":{"@id":"https:\/\/www.africa-press.net\/cotedivoire\/toutes-les-actualites\/orange-cote-divoire-inaugure-un-nouveau-siege-dun-cout-de-40-milliards-fcfa#breadcrumb"},"inLanguage":"fr-FR","potentialAction":[{"@type":"ReadAction","target":["https:\/\/www.africa-press.net\/cotedivoire\/toutes-les-actualites\/orange-cote-divoire-inaugure-un-nouveau-siege-dun-cout-de-40-milliards-fcfa"]}]},{"@type":"ImageObject","inLanguage":"fr-FR","@id":"https:\/\/www.africa-press.net\/cotedivoire\/toutes-les-actualites\/orange-cote-divoire-inaugure-un-nouveau-siege-dun-cout-de-40-milliards-fcfa#primaryimage","url":"https:\/\/static.africa-press.net\/cote\/sites\/43\/2022\/01\/img-61e1aabb839fa.jpg","contentUrl":"https:\/\/static.africa-press.net\/cote\/sites\/43\/2022\/01\/img-61e1aabb839fa.jpg","width":780,"height":440,"caption":"Orange C\u00f4te d\u2019Ivoire inaugure un nouveau si\u00e8ge d\u2019un co\u00fbt de 40 milliards Fcfa"},{"@type":"BreadcrumbList","@id":"https:\/\/www.africa-press.net\/cotedivoire\/toutes-les-actualites\/orange-cote-divoire-inaugure-un-nouveau-siege-dun-cout-de-40-milliards-fcfa#breadcrumb","itemListElement":[{"@type":"ListItem","position":1,"name":"Accueil","item":"https:\/\/www.africa-press.net\/cotedivoire\/"},{"@type":"ListItem","position":2,"name":"Orange C\u00f4te d\u2019Ivoire inaugure un nouveau si\u00e8ge d\u2019un co\u00fbt de 40 milliards Fcfa"}]},{"@type":"WebSite","@id":"https:\/\/www.africa-press.net\/cotedivoire\/#website","url":"https:\/\/www.africa-press.net\/cotedivoire\/","name":"C\u00f4te d&#039;Ivoire","description":"Just another Africa News Agency Sites site","potentialAction":[{"@type":"SearchAction","target":{"@type":"EntryPoint","urlTemplate":"https:\/\/www.africa-press.net\/cotedivoire\/?s={search_term_string}"},"query-input":{"@type":"PropertyValueSpecification","valueRequired":true,"valueName":"search_term_string"}}],"inLanguage":"fr-FR"},{"@type":"Person","@id":"https:\/\/www.africa-press.net\/cotedivoire\/#\/schema\/person\/2b1cf3cd81a31e3cd26889ca66d677f1","name":"cfeditorfr"}]}},"_links":{"self":[{"href":"https:\/\/www.africa-press.net\/cotedivoire\/wp-json\/wp\/v2\/posts\/25438","targetHints":{"allow":["GET"]}}],"collection":[{"href":"https:\/\/www.africa-press.net\/cotedivoire\/wp-json\/wp\/v2\/posts"}],"about":[{"href":"https:\/\/www.africa-press.net\/cotedivoire\/wp-json\/wp\/v2\/types\/post"}],"author":[{"embeddable":true,"href":"https:\/\/www.africa-press.net\/cotedivoire\/wp-json\/wp\/v2\/users\/82"}],"replies":[{"embeddable":true,"href":"https:\/\/www.africa-press.net\/cotedivoire\/wp-json\/wp\/v2\/comments?post=25438"}],"version-history":[{"count":0,"href":"https:\/\/www.africa-press.net\/cotedivoire\/wp-json\/wp\/v2\/posts\/25438\/revisions"}],"wp:featuredmedia":[{"embeddable":true,"href":"https:\/\/www.africa-press.net\/cotedivoire\/wp-json\/wp\/v2\/media\/25437"}],"wp:attachment":[{"href":"https:\/\/www.africa-press.net\/cotedivoire\/wp-json\/wp\/v2\/media?parent=25438"}],"wp:term":[{"taxonomy":"category","embeddable":true,"href":"https:\/\/www.africa-press.net\/cotedivoire\/wp-json\/wp\/v2\/categories?post=25438"},{"taxonomy":"post_tag","embeddable":true,"href":"https:\/\/www.africa-press.net\/cotedivoire\/wp-json\/wp\/v2\/tags?post=25438"}],"curies":[{"name":"wp","href":"https:\/\/api.w.org\/{rel}","templated":true}]}}