{"id":25653,"date":"2022-01-18T17:37:59","date_gmt":"2022-01-18T17:37:59","guid":{"rendered":"https:\/\/www.africa-press.net\/cotedivoire\/?p=25653"},"modified":"2022-01-18T17:33:23","modified_gmt":"2022-01-18T17:33:23","slug":"assemblee-nationale-des-deputes-cumulards-sommes-de-choisir-entre-leur-mandat-et-leurs-fonctions-avant-fin-janvier","status":"publish","type":"post","link":"https:\/\/www.africa-press.net\/cotedivoire\/politique\/assemblee-nationale-des-deputes-cumulards-sommes-de-choisir-entre-leur-mandat-et-leurs-fonctions-avant-fin-janvier","title":{"rendered":"Assembl\u00e9e Nationale, des d\u00e9put\u00e9s cumulards somm\u00e9s de choisir entre leur mandat et leurs fonctions avant fin janvier"},"content":{"rendered":"<p><span style=\"color: #ff6600\"><strong>Africa-Press &#8211; C\u00f4te d&rsquo;Ivoire. <\/strong><\/span><b>La s\u00e9ance pl\u00e9ni\u00e8re extraordinaire lundi au parlement (Ph)<\/b><\/p>\n<p>L\u2019Assembl\u00e9e Nationale va en guerre contre l\u2019incompatibilit\u00e9 de la fonction de d\u00e9put\u00e9 et celle d\u2019agent de l\u2019Etat.<\/p>\n<p>Onze (11) \u00e9lus au parlement cumulards sont somm\u00e9s de choisir entre leur mandat et leurs fonctions, c\u2019est l\u2019information principale qui ressort de la s\u00e9ance pl\u00e9ni\u00e8re extraordinaire pr\u00e9sid\u00e9e lundi par le vice-pr\u00e9sident Adama Bictogo.<\/p>\n<p>Nous apprenons que les concern\u00e9s dont les identit\u00e9s n\u2019ont pas \u00e9t\u00e9 r\u00e9v\u00e9l\u00e9es sont tous issus du parti au pouvoir, le Rassemblement des Houphou\u00ebtistes pour la D\u00e9mocratie et la Paix (RHDP).<\/p>\n<p>Le bureau de l\u2019Assembl\u00e9e Nationale tranchera sur le cas de l\u2019incompatibilit\u00e9 avant fin janvier 2022, informe-t-on.<\/p>\n<p>Le code \u00e9lectoral pr\u00e9cise les cas d\u2019incompatibilit\u00e9 avec la fonction de d\u00e9put\u00e9. En plus du parlementaire nomm\u00e9 membre du gouvernement, qui ne peut pas si\u00e9ger \u00e0 l\u2019Assembl\u00e9e nationale, pendant la dur\u00e9e de ses fonctions minist\u00e9rielles, le mandat de d\u00e9put\u00e9 est aussi incompatible avec la qualit\u00e9 de membre du Conseil constitutionnel et des juridictions supr\u00eames, de membre du Conseil \u00e9conomique et social, de membre de cabinet minist\u00e9riel et de membre de la commission charg\u00e9e des \u00e9lections<\/p>\n<p>Sont \u00e9galement incompatibles avec le mandat de d\u00e9put\u00e9, les fonctions de chef d\u2019entreprise, de pr\u00e9sident de conseil d\u2019administration, d\u2019administrateur d\u00e9l\u00e9gu\u00e9, de directeur g\u00e9n\u00e9ral, de directeur adjoint ou de g\u00e9rant exerc\u00e9s dans : les soci\u00e9t\u00e9s, entreprises ou \u00e9tablissements jouissant sous forme de garantie d\u2019int\u00e9r\u00eats, de subventions ou sous une forme \u00e9quivalente, d\u2019avantages assur\u00e9s par l\u2019Etat ou par une collectivit\u00e9 publique, sauf dans le cas o\u00f9 ces avantages d\u00e9coulent de l\u2019application automatique d\u2019une l\u00e9gislation g\u00e9n\u00e9rale ou d\u2019une r\u00e9glementation g\u00e9n\u00e9rale, les soci\u00e9t\u00e9s ayant exclusivement un objet financier et faisant publiquement appel \u00e0 l\u2019\u00e9pargne et au cr\u00e9dit\u2026<\/p>\n<p>Donatien Kautcha, Abidjan<\/p>\n<p><strong>Pour plus d&rsquo;informations et d&rsquo;analyses sur la <a href=\"https:\/\/www.africa-press.net\/cotedivoire\">C\u00f4te d&rsquo;Ivoire<\/a>, suivez <a href=\"https:\/\/www.africa-press.net\/\">Africa-Press<\/a><\/strong><\/p>\n","protected":false},"excerpt":{"rendered":"<p>Africa-Press &#8211; C\u00f4te d&rsquo;Ivoire. La s\u00e9ance pl\u00e9ni\u00e8re extraordinaire lundi au parlement (Ph) L\u2019Assembl\u00e9e Nationale va en guerre contre l\u2019incompatibilit\u00e9 de la fonction de d\u00e9put\u00e9 et celle d\u2019agent de l\u2019Etat. Onze (11) \u00e9lus au parlement cumulards sont somm\u00e9s de choisir entre leur mandat et leurs fonctions, c\u2019est l\u2019information principale qui ressort de la s\u00e9ance pl\u00e9ni\u00e8re extraordinaire [&hellip;]<\/p>\n","protected":false},"author":82,"featured_media":25652,"comment_status":"open","ping_status":"closed","sticky":false,"template":"","format":"standard","meta":{"footnotes":""},"categories":[11,2,20,10],"tags":[56,63,29,1738,2472,3931,3634,1348,371],"class_list":["post-25653","post","type-post","status-publish","format-standard","has-post-thumbnail","hentry","category-homepage-french","category-politique","category-top-nouvelles","category-toutes-les-actualites","tag-africa-press","tag-africa-press-cote-divoire","tag-cote-divoire","tag-deputes","tag-fonctions","tag-incompatibilite","tag-mandat","tag-parlementaire","tag-rhdp"],"yoast_head":"<!-- This site is optimized with the Yoast SEO Premium plugin v26.1 (Yoast SEO v27.0) - https:\/\/yoast.com\/product\/yoast-seo-premium-wordpress\/ -->\n<title>Assembl\u00e9e Nationale, des d\u00e9put\u00e9s cumulards somm\u00e9s de choisir entre leur mandat et leurs fonctions avant fin janvier - C\u00f4te d&#039;Ivoire<\/title>\n<meta name=\"description\" content=\"La s\u00e9ance pl\u00e9ni\u00e8re extraordinaire lundi au parlement (Ph) L\u2019Assembl\u00e9e Nationale va en guerre contre l\u2019incompatib ...\" \/>\n<meta name=\"robots\" content=\"index, follow, max-snippet:-1, max-image-preview:large, max-video-preview:-1\" \/>\n<link rel=\"canonical\" href=\"https:\/\/www.africa-press.net\/cotedivoire\/politique\/assemblee-nationale-des-deputes-cumulards-sommes-de-choisir-entre-leur-mandat-et-leurs-fonctions-avant-fin-janvier\" \/>\n<meta property=\"og:locale\" content=\"fr_FR\" \/>\n<meta property=\"og:type\" content=\"article\" \/>\n<meta property=\"og:title\" content=\"Assembl\u00e9e Nationale, des d\u00e9put\u00e9s cumulards somm\u00e9s de choisir entre leur mandat et leurs fonctions avant fin janvier\" \/>\n<meta property=\"og:description\" content=\"La s\u00e9ance pl\u00e9ni\u00e8re extraordinaire lundi au parlement (Ph) L\u2019Assembl\u00e9e Nationale va en guerre contre l\u2019incompatib ...\" \/>\n<meta property=\"og:url\" content=\"https:\/\/www.africa-press.net\/cotedivoire\/politique\/assemblee-nationale-des-deputes-cumulards-sommes-de-choisir-entre-leur-mandat-et-leurs-fonctions-avant-fin-janvier\" \/>\n<meta property=\"og:site_name\" content=\"C\u00f4te d&#039;Ivoire\" \/>\n<meta property=\"article:published_time\" content=\"2022-01-18T17:37:59+00:00\" \/>\n<meta property=\"og:image\" content=\"https:\/\/static.africa-press.net\/cote\/sites\/43\/2022\/01\/img-61e6f9b29e578.jpg\" \/>\n\t<meta property=\"og:image:width\" content=\"720\" \/>\n\t<meta property=\"og:image:height\" content=\"387\" \/>\n\t<meta property=\"og:image:type\" content=\"image\/jpeg\" \/>\n<meta name=\"author\" content=\"cfeditorfr\" \/>\n<meta name=\"twitter:card\" content=\"summary_large_image\" \/>\n<meta name=\"twitter:label1\" content=\"\u00c9crit par\" \/>\n\t<meta name=\"twitter:data1\" content=\"cfeditorfr\" \/>\n\t<meta name=\"twitter:label2\" content=\"Dur\u00e9e de lecture estim\u00e9e\" \/>\n\t<meta name=\"twitter:data2\" content=\"2 minutes\" \/>\n<script type=\"application\/ld+json\" class=\"yoast-schema-graph\">{\"@context\":\"https:\/\/schema.org\",\"@graph\":[{\"@type\":\"Article\",\"@id\":\"https:\/\/www.africa-press.net\/cotedivoire\/politique\/assemblee-nationale-des-deputes-cumulards-sommes-de-choisir-entre-leur-mandat-et-leurs-fonctions-avant-fin-janvier#article\",\"isPartOf\":{\"@id\":\"https:\/\/www.africa-press.net\/cotedivoire\/politique\/assemblee-nationale-des-deputes-cumulards-sommes-de-choisir-entre-leur-mandat-et-leurs-fonctions-avant-fin-janvier\"},\"author\":{\"name\":\"cfeditorfr\",\"@id\":\"https:\/\/www.africa-press.net\/cotedivoire\/#\/schema\/person\/2b1cf3cd81a31e3cd26889ca66d677f1\"},\"headline\":\"Assembl\u00e9e Nationale, des d\u00e9put\u00e9s cumulards somm\u00e9s de choisir entre leur mandat et leurs fonctions avant fin janvier\",\"datePublished\":\"2022-01-18T17:37:59+00:00\",\"mainEntityOfPage\":{\"@id\":\"https:\/\/www.africa-press.net\/cotedivoire\/politique\/assemblee-nationale-des-deputes-cumulards-sommes-de-choisir-entre-leur-mandat-et-leurs-fonctions-avant-fin-janvier\"},\"wordCount\":386,\"commentCount\":0,\"image\":{\"@id\":\"https:\/\/www.africa-press.net\/cotedivoire\/politique\/assemblee-nationale-des-deputes-cumulards-sommes-de-choisir-entre-leur-mandat-et-leurs-fonctions-avant-fin-janvier#primaryimage\"},\"thumbnailUrl\":\"https:\/\/static.africa-press.net\/cote\/sites\/43\/2022\/01\/img-61e6f9b29e578.jpg\",\"keywords\":[\"Africa Press\",\"Africa Press-C\u00f4te d'Ivoire\",\"C\u00d4TE D'IVOIRE\",\"d\u00e9put\u00e9s\",\"fonctions\",\"incompatibilit\u00e9\",\"mandat\",\"parlementaire\",\"RHDP\"],\"articleSection\":[\"homepage-french\",\"Politique\",\"Top Nouvelles\",\"Toutes les actualit\u00e9s\"],\"inLanguage\":\"fr-FR\",\"potentialAction\":[{\"@type\":\"CommentAction\",\"name\":\"Comment\",\"target\":[\"https:\/\/www.africa-press.net\/cotedivoire\/politique\/assemblee-nationale-des-deputes-cumulards-sommes-de-choisir-entre-leur-mandat-et-leurs-fonctions-avant-fin-janvier#respond\"]}]},{\"@type\":\"WebPage\",\"@id\":\"https:\/\/www.africa-press.net\/cotedivoire\/politique\/assemblee-nationale-des-deputes-cumulards-sommes-de-choisir-entre-leur-mandat-et-leurs-fonctions-avant-fin-janvier\",\"url\":\"https:\/\/www.africa-press.net\/cotedivoire\/politique\/assemblee-nationale-des-deputes-cumulards-sommes-de-choisir-entre-leur-mandat-et-leurs-fonctions-avant-fin-janvier\",\"name\":\"Assembl\u00e9e Nationale, des d\u00e9put\u00e9s cumulards somm\u00e9s de choisir entre leur mandat et leurs fonctions avant fin janvier - C\u00f4te d&#039;Ivoire\",\"isPartOf\":{\"@id\":\"https:\/\/www.africa-press.net\/cotedivoire\/#website\"},\"primaryImageOfPage\":{\"@id\":\"https:\/\/www.africa-press.net\/cotedivoire\/politique\/assemblee-nationale-des-deputes-cumulards-sommes-de-choisir-entre-leur-mandat-et-leurs-fonctions-avant-fin-janvier#primaryimage\"},\"image\":{\"@id\":\"https:\/\/www.africa-press.net\/cotedivoire\/politique\/assemblee-nationale-des-deputes-cumulards-sommes-de-choisir-entre-leur-mandat-et-leurs-fonctions-avant-fin-janvier#primaryimage\"},\"thumbnailUrl\":\"https:\/\/static.africa-press.net\/cote\/sites\/43\/2022\/01\/img-61e6f9b29e578.jpg\",\"datePublished\":\"2022-01-18T17:37:59+00:00\",\"author\":{\"@id\":\"https:\/\/www.africa-press.net\/cotedivoire\/#\/schema\/person\/2b1cf3cd81a31e3cd26889ca66d677f1\"},\"description\":\"La s\u00e9ance pl\u00e9ni\u00e8re extraordinaire lundi au parlement (Ph) L\u2019Assembl\u00e9e Nationale va en guerre contre l\u2019incompatib ...\",\"breadcrumb\":{\"@id\":\"https:\/\/www.africa-press.net\/cotedivoire\/politique\/assemblee-nationale-des-deputes-cumulards-sommes-de-choisir-entre-leur-mandat-et-leurs-fonctions-avant-fin-janvier#breadcrumb\"},\"inLanguage\":\"fr-FR\",\"potentialAction\":[{\"@type\":\"ReadAction\",\"target\":[\"https:\/\/www.africa-press.net\/cotedivoire\/politique\/assemblee-nationale-des-deputes-cumulards-sommes-de-choisir-entre-leur-mandat-et-leurs-fonctions-avant-fin-janvier\"]}]},{\"@type\":\"ImageObject\",\"inLanguage\":\"fr-FR\",\"@id\":\"https:\/\/www.africa-press.net\/cotedivoire\/politique\/assemblee-nationale-des-deputes-cumulards-sommes-de-choisir-entre-leur-mandat-et-leurs-fonctions-avant-fin-janvier#primaryimage\",\"url\":\"https:\/\/static.africa-press.net\/cote\/sites\/43\/2022\/01\/img-61e6f9b29e578.jpg\",\"contentUrl\":\"https:\/\/static.africa-press.net\/cote\/sites\/43\/2022\/01\/img-61e6f9b29e578.jpg\",\"width\":720,\"height\":387,\"caption\":\"Assembl\u00e9e Nationale, des d\u00e9put\u00e9s cumulards somm\u00e9s de choisir entre leur mandat et leurs fonctions avant fin janvier\"},{\"@type\":\"BreadcrumbList\",\"@id\":\"https:\/\/www.africa-press.net\/cotedivoire\/politique\/assemblee-nationale-des-deputes-cumulards-sommes-de-choisir-entre-leur-mandat-et-leurs-fonctions-avant-fin-janvier#breadcrumb\",\"itemListElement\":[{\"@type\":\"ListItem\",\"position\":1,\"name\":\"Accueil\",\"item\":\"https:\/\/www.africa-press.net\/cotedivoire\/\"},{\"@type\":\"ListItem\",\"position\":2,\"name\":\"Assembl\u00e9e Nationale, des d\u00e9put\u00e9s cumulards somm\u00e9s de choisir entre leur mandat et leurs fonctions avant fin janvier\"}]},{\"@type\":\"WebSite\",\"@id\":\"https:\/\/www.africa-press.net\/cotedivoire\/#website\",\"url\":\"https:\/\/www.africa-press.net\/cotedivoire\/\",\"name\":\"C\u00f4te d&#039;Ivoire\",\"description\":\"Just another Africa News Agency Sites site\",\"potentialAction\":[{\"@type\":\"SearchAction\",\"target\":{\"@type\":\"EntryPoint\",\"urlTemplate\":\"https:\/\/www.africa-press.net\/cotedivoire\/?s={search_term_string}\"},\"query-input\":{\"@type\":\"PropertyValueSpecification\",\"valueRequired\":true,\"valueName\":\"search_term_string\"}}],\"inLanguage\":\"fr-FR\"},{\"@type\":\"Person\",\"@id\":\"https:\/\/www.africa-press.net\/cotedivoire\/#\/schema\/person\/2b1cf3cd81a31e3cd26889ca66d677f1\",\"name\":\"cfeditorfr\"}]}<\/script>\n<!-- \/ Yoast SEO Premium plugin. -->","yoast_head_json":{"title":"Assembl\u00e9e Nationale, des d\u00e9put\u00e9s cumulards somm\u00e9s de choisir entre leur mandat et leurs fonctions avant fin janvier - C\u00f4te d&#039;Ivoire","description":"La s\u00e9ance pl\u00e9ni\u00e8re extraordinaire lundi au parlement (Ph) L\u2019Assembl\u00e9e Nationale va en guerre contre l\u2019incompatib ...","robots":{"index":"index","follow":"follow","max-snippet":"max-snippet:-1","max-image-preview":"max-image-preview:large","max-video-preview":"max-video-preview:-1"},"canonical":"https:\/\/www.africa-press.net\/cotedivoire\/politique\/assemblee-nationale-des-deputes-cumulards-sommes-de-choisir-entre-leur-mandat-et-leurs-fonctions-avant-fin-janvier","og_locale":"fr_FR","og_type":"article","og_title":"Assembl\u00e9e Nationale, des d\u00e9put\u00e9s cumulards somm\u00e9s de choisir entre leur mandat et leurs fonctions avant fin janvier","og_description":"La s\u00e9ance pl\u00e9ni\u00e8re extraordinaire lundi au parlement (Ph) L\u2019Assembl\u00e9e Nationale va en guerre contre l\u2019incompatib ...","og_url":"https:\/\/www.africa-press.net\/cotedivoire\/politique\/assemblee-nationale-des-deputes-cumulards-sommes-de-choisir-entre-leur-mandat-et-leurs-fonctions-avant-fin-janvier","og_site_name":"C\u00f4te d&#039;Ivoire","article_published_time":"2022-01-18T17:37:59+00:00","og_image":[{"width":720,"height":387,"url":"https:\/\/static.africa-press.net\/cote\/sites\/43\/2022\/01\/img-61e6f9b29e578.jpg","type":"image\/jpeg"}],"author":"cfeditorfr","twitter_card":"summary_large_image","twitter_misc":{"\u00c9crit par":"cfeditorfr","Dur\u00e9e de lecture estim\u00e9e":"2 minutes"},"schema":{"@context":"https:\/\/schema.org","@graph":[{"@type":"Article","@id":"https:\/\/www.africa-press.net\/cotedivoire\/politique\/assemblee-nationale-des-deputes-cumulards-sommes-de-choisir-entre-leur-mandat-et-leurs-fonctions-avant-fin-janvier#article","isPartOf":{"@id":"https:\/\/www.africa-press.net\/cotedivoire\/politique\/assemblee-nationale-des-deputes-cumulards-sommes-de-choisir-entre-leur-mandat-et-leurs-fonctions-avant-fin-janvier"},"author":{"name":"cfeditorfr","@id":"https:\/\/www.africa-press.net\/cotedivoire\/#\/schema\/person\/2b1cf3cd81a31e3cd26889ca66d677f1"},"headline":"Assembl\u00e9e Nationale, des d\u00e9put\u00e9s cumulards somm\u00e9s de choisir entre leur mandat et leurs fonctions avant fin janvier","datePublished":"2022-01-18T17:37:59+00:00","mainEntityOfPage":{"@id":"https:\/\/www.africa-press.net\/cotedivoire\/politique\/assemblee-nationale-des-deputes-cumulards-sommes-de-choisir-entre-leur-mandat-et-leurs-fonctions-avant-fin-janvier"},"wordCount":386,"commentCount":0,"image":{"@id":"https:\/\/www.africa-press.net\/cotedivoire\/politique\/assemblee-nationale-des-deputes-cumulards-sommes-de-choisir-entre-leur-mandat-et-leurs-fonctions-avant-fin-janvier#primaryimage"},"thumbnailUrl":"https:\/\/static.africa-press.net\/cote\/sites\/43\/2022\/01\/img-61e6f9b29e578.jpg","keywords":["Africa Press","Africa Press-C\u00f4te d'Ivoire","C\u00d4TE D'IVOIRE","d\u00e9put\u00e9s","fonctions","incompatibilit\u00e9","mandat","parlementaire","RHDP"],"articleSection":["homepage-french","Politique","Top Nouvelles","Toutes les actualit\u00e9s"],"inLanguage":"fr-FR","potentialAction":[{"@type":"CommentAction","name":"Comment","target":["https:\/\/www.africa-press.net\/cotedivoire\/politique\/assemblee-nationale-des-deputes-cumulards-sommes-de-choisir-entre-leur-mandat-et-leurs-fonctions-avant-fin-janvier#respond"]}]},{"@type":"WebPage","@id":"https:\/\/www.africa-press.net\/cotedivoire\/politique\/assemblee-nationale-des-deputes-cumulards-sommes-de-choisir-entre-leur-mandat-et-leurs-fonctions-avant-fin-janvier","url":"https:\/\/www.africa-press.net\/cotedivoire\/politique\/assemblee-nationale-des-deputes-cumulards-sommes-de-choisir-entre-leur-mandat-et-leurs-fonctions-avant-fin-janvier","name":"Assembl\u00e9e Nationale, des d\u00e9put\u00e9s cumulards somm\u00e9s de choisir entre leur mandat et leurs fonctions avant fin janvier - C\u00f4te d&#039;Ivoire","isPartOf":{"@id":"https:\/\/www.africa-press.net\/cotedivoire\/#website"},"primaryImageOfPage":{"@id":"https:\/\/www.africa-press.net\/cotedivoire\/politique\/assemblee-nationale-des-deputes-cumulards-sommes-de-choisir-entre-leur-mandat-et-leurs-fonctions-avant-fin-janvier#primaryimage"},"image":{"@id":"https:\/\/www.africa-press.net\/cotedivoire\/politique\/assemblee-nationale-des-deputes-cumulards-sommes-de-choisir-entre-leur-mandat-et-leurs-fonctions-avant-fin-janvier#primaryimage"},"thumbnailUrl":"https:\/\/static.africa-press.net\/cote\/sites\/43\/2022\/01\/img-61e6f9b29e578.jpg","datePublished":"2022-01-18T17:37:59+00:00","author":{"@id":"https:\/\/www.africa-press.net\/cotedivoire\/#\/schema\/person\/2b1cf3cd81a31e3cd26889ca66d677f1"},"description":"La s\u00e9ance pl\u00e9ni\u00e8re extraordinaire lundi au parlement (Ph) L\u2019Assembl\u00e9e Nationale va en guerre contre l\u2019incompatib ...","breadcrumb":{"@id":"https:\/\/www.africa-press.net\/cotedivoire\/politique\/assemblee-nationale-des-deputes-cumulards-sommes-de-choisir-entre-leur-mandat-et-leurs-fonctions-avant-fin-janvier#breadcrumb"},"inLanguage":"fr-FR","potentialAction":[{"@type":"ReadAction","target":["https:\/\/www.africa-press.net\/cotedivoire\/politique\/assemblee-nationale-des-deputes-cumulards-sommes-de-choisir-entre-leur-mandat-et-leurs-fonctions-avant-fin-janvier"]}]},{"@type":"ImageObject","inLanguage":"fr-FR","@id":"https:\/\/www.africa-press.net\/cotedivoire\/politique\/assemblee-nationale-des-deputes-cumulards-sommes-de-choisir-entre-leur-mandat-et-leurs-fonctions-avant-fin-janvier#primaryimage","url":"https:\/\/static.africa-press.net\/cote\/sites\/43\/2022\/01\/img-61e6f9b29e578.jpg","contentUrl":"https:\/\/static.africa-press.net\/cote\/sites\/43\/2022\/01\/img-61e6f9b29e578.jpg","width":720,"height":387,"caption":"Assembl\u00e9e Nationale, des d\u00e9put\u00e9s cumulards somm\u00e9s de choisir entre leur mandat et leurs fonctions avant fin janvier"},{"@type":"BreadcrumbList","@id":"https:\/\/www.africa-press.net\/cotedivoire\/politique\/assemblee-nationale-des-deputes-cumulards-sommes-de-choisir-entre-leur-mandat-et-leurs-fonctions-avant-fin-janvier#breadcrumb","itemListElement":[{"@type":"ListItem","position":1,"name":"Accueil","item":"https:\/\/www.africa-press.net\/cotedivoire\/"},{"@type":"ListItem","position":2,"name":"Assembl\u00e9e Nationale, des d\u00e9put\u00e9s cumulards somm\u00e9s de choisir entre leur mandat et leurs fonctions avant fin janvier"}]},{"@type":"WebSite","@id":"https:\/\/www.africa-press.net\/cotedivoire\/#website","url":"https:\/\/www.africa-press.net\/cotedivoire\/","name":"C\u00f4te d&#039;Ivoire","description":"Just another Africa News Agency Sites site","potentialAction":[{"@type":"SearchAction","target":{"@type":"EntryPoint","urlTemplate":"https:\/\/www.africa-press.net\/cotedivoire\/?s={search_term_string}"},"query-input":{"@type":"PropertyValueSpecification","valueRequired":true,"valueName":"search_term_string"}}],"inLanguage":"fr-FR"},{"@type":"Person","@id":"https:\/\/www.africa-press.net\/cotedivoire\/#\/schema\/person\/2b1cf3cd81a31e3cd26889ca66d677f1","name":"cfeditorfr"}]}},"_links":{"self":[{"href":"https:\/\/www.africa-press.net\/cotedivoire\/wp-json\/wp\/v2\/posts\/25653","targetHints":{"allow":["GET"]}}],"collection":[{"href":"https:\/\/www.africa-press.net\/cotedivoire\/wp-json\/wp\/v2\/posts"}],"about":[{"href":"https:\/\/www.africa-press.net\/cotedivoire\/wp-json\/wp\/v2\/types\/post"}],"author":[{"embeddable":true,"href":"https:\/\/www.africa-press.net\/cotedivoire\/wp-json\/wp\/v2\/users\/82"}],"replies":[{"embeddable":true,"href":"https:\/\/www.africa-press.net\/cotedivoire\/wp-json\/wp\/v2\/comments?post=25653"}],"version-history":[{"count":0,"href":"https:\/\/www.africa-press.net\/cotedivoire\/wp-json\/wp\/v2\/posts\/25653\/revisions"}],"wp:featuredmedia":[{"embeddable":true,"href":"https:\/\/www.africa-press.net\/cotedivoire\/wp-json\/wp\/v2\/media\/25652"}],"wp:attachment":[{"href":"https:\/\/www.africa-press.net\/cotedivoire\/wp-json\/wp\/v2\/media?parent=25653"}],"wp:term":[{"taxonomy":"category","embeddable":true,"href":"https:\/\/www.africa-press.net\/cotedivoire\/wp-json\/wp\/v2\/categories?post=25653"},{"taxonomy":"post_tag","embeddable":true,"href":"https:\/\/www.africa-press.net\/cotedivoire\/wp-json\/wp\/v2\/tags?post=25653"}],"curies":[{"name":"wp","href":"https:\/\/api.w.org\/{rel}","templated":true}]}}