{"id":25656,"date":"2022-01-18T17:42:58","date_gmt":"2022-01-18T17:42:58","guid":{"rendered":"https:\/\/www.africa-press.net\/cotedivoire\/?p=25656"},"modified":"2022-01-18T17:34:20","modified_gmt":"2022-01-18T17:34:20","slug":"des-ivoiriens-en-situation-irreguliere-en-guinee-equatoriale-interpellent-le-ministere-des-affaires-etrangeres","status":"publish","type":"post","link":"https:\/\/www.africa-press.net\/cotedivoire\/politique\/des-ivoiriens-en-situation-irreguliere-en-guinee-equatoriale-interpellent-le-ministere-des-affaires-etrangeres","title":{"rendered":"Des ivoiriens en situation irr\u00e9guli\u00e8re en Guin\u00e9e Equatoriale, interpellent le Minist\u00e8re des Affaires Etrang\u00e8res"},"content":{"rendered":"<p><span style=\"color: #ff6600\"><strong>Africa-Press &#8211; C\u00f4te d&rsquo;Ivoire. <\/strong><\/span>A\u00e9roport international de Malabo<\/p>\n<p>Des Ivoiriens sont en situation irr\u00e9guli\u00e8re en Guin\u00e9e \u00c9quatoriale. C\u2019est l\u2019information que livre, le pr\u00e9sident de la communaut\u00e9 ivoirienne dans ce pays, Diaby Mohamadou, dans une note transmise \u00e0 la presse.<\/p>\n<p>\u00c0 en croire ce dernier, ce sont plus de 500 ivoiriens qui se trouvent en situation, irr\u00e9guli\u00e8re au pays de Teodoro Obiang Nguema Mbasogo, sans aucune r\u00e9action du Minist\u00e8re d\u2019Etat, ministre des Affaires \u00e9trang\u00e8res, de l\u2019Int\u00e9gration africaine et de la Diaspora pour le renouvellement de leurs passeports.<\/p>\n<p>\u00ab Nous avons saisi notre Ambassade \u00e0 Malabo, capitale de la Guin\u00e9e \u00c9quatoriale, qui a \u00e9crit au ministre des Affaires \u00c9trang\u00e8res d\u2019Abidjan et jusqu\u2019alors, nous sommes sans r\u00e9ponse et il nous reste que deux mois (60 jours) pour renouveler les passeports de ces Ivoiriens et pour se mettre en r\u00e8gle \u00bb, a-t-il expliqu\u00e9.<\/p>\n<p>Le Gouvernement \u00e9quato-guin\u00e9en, pour sa part, a donn\u00e9 un d\u00e9lai de trois mois \u00e0 tous les \u00e9trangers r\u00e9sidant sur le territoire pour r\u00e9gulariser leur situation, apprend-on.<\/p>\n<p>Donatien Kautcha, Abidjan<\/p>\n<p><strong>Pour plus d&rsquo;informations et d&rsquo;analyses sur la <a href=\"https:\/\/www.africa-press.net\/cotedivoire\">C\u00f4te d&rsquo;Ivoire<\/a>, suivez <a href=\"https:\/\/www.africa-press.net\/\">Africa-Press<\/a><\/strong><\/p>\n","protected":false},"excerpt":{"rendered":"<p>Africa-Press &#8211; C\u00f4te d&rsquo;Ivoire. A\u00e9roport international de Malabo Des Ivoiriens sont en situation irr\u00e9guli\u00e8re en Guin\u00e9e \u00c9quatoriale. C\u2019est l\u2019information que livre, le pr\u00e9sident de la communaut\u00e9 ivoirienne dans ce pays, Diaby Mohamadou, dans une note transmise \u00e0 la presse. \u00c0 en croire ce dernier, ce sont plus de 500 ivoiriens qui se trouvent en situation, [&hellip;]<\/p>\n","protected":false},"author":82,"featured_media":25655,"comment_status":"open","ping_status":"closed","sticky":false,"template":"","format":"standard","meta":{"footnotes":""},"categories":[11,2,10],"tags":[56,63,29,3933,3932,3935,3934,3936],"class_list":["post-25656","post","type-post","status-publish","format-standard","has-post-thumbnail","hentry","category-homepage-french","category-politique","category-toutes-les-actualites","tag-africa-press","tag-africa-press-cote-divoire","tag-cote-divoire","tag-diaby-mohamadou","tag-irreguliere","tag-malabo","tag-passeports","tag-situation"],"yoast_head":"<!-- This site is optimized with the Yoast SEO Premium plugin v26.1 (Yoast SEO v27.0) - https:\/\/yoast.com\/product\/yoast-seo-premium-wordpress\/ -->\n<title>Des ivoiriens en situation irr\u00e9guli\u00e8re en Guin\u00e9e Equatoriale, interpellent le Minist\u00e8re des Affaires Etrang\u00e8res - C\u00f4te d&#039;Ivoire<\/title>\n<meta name=\"description\" content=\"A\u00e9roport international de Malabo Des Ivoiriens sont en situation irr\u00e9guli\u00e8re en Guin\u00e9e \u00c9quatoriale. C\u2019est l\u2019information ...\" \/>\n<meta name=\"robots\" content=\"index, follow, max-snippet:-1, max-image-preview:large, max-video-preview:-1\" \/>\n<link rel=\"canonical\" href=\"https:\/\/www.africa-press.net\/cotedivoire\/politique\/des-ivoiriens-en-situation-irreguliere-en-guinee-equatoriale-interpellent-le-ministere-des-affaires-etrangeres\" \/>\n<meta property=\"og:locale\" content=\"fr_FR\" \/>\n<meta property=\"og:type\" content=\"article\" \/>\n<meta property=\"og:title\" content=\"Des ivoiriens en situation irr\u00e9guli\u00e8re en Guin\u00e9e Equatoriale, interpellent le Minist\u00e8re des Affaires Etrang\u00e8res\" \/>\n<meta property=\"og:description\" content=\"A\u00e9roport international de Malabo Des Ivoiriens sont en situation irr\u00e9guli\u00e8re en Guin\u00e9e \u00c9quatoriale. C\u2019est l\u2019information ...\" \/>\n<meta property=\"og:url\" content=\"https:\/\/www.africa-press.net\/cotedivoire\/politique\/des-ivoiriens-en-situation-irreguliere-en-guinee-equatoriale-interpellent-le-ministere-des-affaires-etrangeres\" \/>\n<meta property=\"og:site_name\" content=\"C\u00f4te d&#039;Ivoire\" \/>\n<meta property=\"article:published_time\" content=\"2022-01-18T17:42:58+00:00\" \/>\n<meta property=\"og:image\" content=\"https:\/\/static.africa-press.net\/cote\/sites\/43\/2022\/01\/img-61e6f9ef60c2f.jpg\" \/>\n\t<meta property=\"og:image:width\" content=\"720\" \/>\n\t<meta property=\"og:image:height\" content=\"370\" \/>\n\t<meta property=\"og:image:type\" content=\"image\/jpeg\" \/>\n<meta name=\"author\" content=\"cfeditorfr\" \/>\n<meta name=\"twitter:card\" content=\"summary_large_image\" \/>\n<meta name=\"twitter:label1\" content=\"\u00c9crit par\" \/>\n\t<meta name=\"twitter:data1\" content=\"cfeditorfr\" \/>\n\t<meta name=\"twitter:label2\" content=\"Dur\u00e9e de lecture estim\u00e9e\" \/>\n\t<meta name=\"twitter:data2\" content=\"1 minute\" \/>\n<script type=\"application\/ld+json\" class=\"yoast-schema-graph\">{\"@context\":\"https:\/\/schema.org\",\"@graph\":[{\"@type\":\"Article\",\"@id\":\"https:\/\/www.africa-press.net\/cotedivoire\/politique\/des-ivoiriens-en-situation-irreguliere-en-guinee-equatoriale-interpellent-le-ministere-des-affaires-etrangeres#article\",\"isPartOf\":{\"@id\":\"https:\/\/www.africa-press.net\/cotedivoire\/politique\/des-ivoiriens-en-situation-irreguliere-en-guinee-equatoriale-interpellent-le-ministere-des-affaires-etrangeres\"},\"author\":{\"name\":\"cfeditorfr\",\"@id\":\"https:\/\/www.africa-press.net\/cotedivoire\/#\/schema\/person\/2b1cf3cd81a31e3cd26889ca66d677f1\"},\"headline\":\"Des ivoiriens en situation irr\u00e9guli\u00e8re en Guin\u00e9e Equatoriale, interpellent le Minist\u00e8re des Affaires Etrang\u00e8res\",\"datePublished\":\"2022-01-18T17:42:58+00:00\",\"mainEntityOfPage\":{\"@id\":\"https:\/\/www.africa-press.net\/cotedivoire\/politique\/des-ivoiriens-en-situation-irreguliere-en-guinee-equatoriale-interpellent-le-ministere-des-affaires-etrangeres\"},\"wordCount\":221,\"commentCount\":0,\"image\":{\"@id\":\"https:\/\/www.africa-press.net\/cotedivoire\/politique\/des-ivoiriens-en-situation-irreguliere-en-guinee-equatoriale-interpellent-le-ministere-des-affaires-etrangeres#primaryimage\"},\"thumbnailUrl\":\"https:\/\/static.africa-press.net\/cote\/sites\/43\/2022\/01\/img-61e6f9ef60c2f.jpg\",\"keywords\":[\"Africa Press\",\"Africa Press-C\u00f4te d'Ivoire\",\"C\u00d4TE D'IVOIRE\",\"Diaby Mohamadou\",\"irr\u00e9guli\u00e8re\",\"Malabo\",\"passeports\",\"situation\"],\"articleSection\":[\"homepage-french\",\"Politique\",\"Toutes les actualit\u00e9s\"],\"inLanguage\":\"fr-FR\",\"potentialAction\":[{\"@type\":\"CommentAction\",\"name\":\"Comment\",\"target\":[\"https:\/\/www.africa-press.net\/cotedivoire\/politique\/des-ivoiriens-en-situation-irreguliere-en-guinee-equatoriale-interpellent-le-ministere-des-affaires-etrangeres#respond\"]}]},{\"@type\":\"WebPage\",\"@id\":\"https:\/\/www.africa-press.net\/cotedivoire\/politique\/des-ivoiriens-en-situation-irreguliere-en-guinee-equatoriale-interpellent-le-ministere-des-affaires-etrangeres\",\"url\":\"https:\/\/www.africa-press.net\/cotedivoire\/politique\/des-ivoiriens-en-situation-irreguliere-en-guinee-equatoriale-interpellent-le-ministere-des-affaires-etrangeres\",\"name\":\"Des ivoiriens en situation irr\u00e9guli\u00e8re en Guin\u00e9e Equatoriale, interpellent le Minist\u00e8re des Affaires Etrang\u00e8res - C\u00f4te d&#039;Ivoire\",\"isPartOf\":{\"@id\":\"https:\/\/www.africa-press.net\/cotedivoire\/#website\"},\"primaryImageOfPage\":{\"@id\":\"https:\/\/www.africa-press.net\/cotedivoire\/politique\/des-ivoiriens-en-situation-irreguliere-en-guinee-equatoriale-interpellent-le-ministere-des-affaires-etrangeres#primaryimage\"},\"image\":{\"@id\":\"https:\/\/www.africa-press.net\/cotedivoire\/politique\/des-ivoiriens-en-situation-irreguliere-en-guinee-equatoriale-interpellent-le-ministere-des-affaires-etrangeres#primaryimage\"},\"thumbnailUrl\":\"https:\/\/static.africa-press.net\/cote\/sites\/43\/2022\/01\/img-61e6f9ef60c2f.jpg\",\"datePublished\":\"2022-01-18T17:42:58+00:00\",\"author\":{\"@id\":\"https:\/\/www.africa-press.net\/cotedivoire\/#\/schema\/person\/2b1cf3cd81a31e3cd26889ca66d677f1\"},\"description\":\"A\u00e9roport international de Malabo Des Ivoiriens sont en situation irr\u00e9guli\u00e8re en Guin\u00e9e \u00c9quatoriale. C\u2019est l\u2019information ...\",\"breadcrumb\":{\"@id\":\"https:\/\/www.africa-press.net\/cotedivoire\/politique\/des-ivoiriens-en-situation-irreguliere-en-guinee-equatoriale-interpellent-le-ministere-des-affaires-etrangeres#breadcrumb\"},\"inLanguage\":\"fr-FR\",\"potentialAction\":[{\"@type\":\"ReadAction\",\"target\":[\"https:\/\/www.africa-press.net\/cotedivoire\/politique\/des-ivoiriens-en-situation-irreguliere-en-guinee-equatoriale-interpellent-le-ministere-des-affaires-etrangeres\"]}]},{\"@type\":\"ImageObject\",\"inLanguage\":\"fr-FR\",\"@id\":\"https:\/\/www.africa-press.net\/cotedivoire\/politique\/des-ivoiriens-en-situation-irreguliere-en-guinee-equatoriale-interpellent-le-ministere-des-affaires-etrangeres#primaryimage\",\"url\":\"https:\/\/static.africa-press.net\/cote\/sites\/43\/2022\/01\/img-61e6f9ef60c2f.jpg\",\"contentUrl\":\"https:\/\/static.africa-press.net\/cote\/sites\/43\/2022\/01\/img-61e6f9ef60c2f.jpg\",\"width\":720,\"height\":370,\"caption\":\"Des ivoiriens en situation irr\u00e9guli\u00e8re en Guin\u00e9e Equatoriale, interpellent le Minist\u00e8re des Affaires Etrang\u00e8res\"},{\"@type\":\"BreadcrumbList\",\"@id\":\"https:\/\/www.africa-press.net\/cotedivoire\/politique\/des-ivoiriens-en-situation-irreguliere-en-guinee-equatoriale-interpellent-le-ministere-des-affaires-etrangeres#breadcrumb\",\"itemListElement\":[{\"@type\":\"ListItem\",\"position\":1,\"name\":\"Accueil\",\"item\":\"https:\/\/www.africa-press.net\/cotedivoire\/\"},{\"@type\":\"ListItem\",\"position\":2,\"name\":\"Des ivoiriens en situation irr\u00e9guli\u00e8re en Guin\u00e9e Equatoriale, interpellent le Minist\u00e8re des Affaires Etrang\u00e8res\"}]},{\"@type\":\"WebSite\",\"@id\":\"https:\/\/www.africa-press.net\/cotedivoire\/#website\",\"url\":\"https:\/\/www.africa-press.net\/cotedivoire\/\",\"name\":\"C\u00f4te d&#039;Ivoire\",\"description\":\"Just another Africa News Agency Sites site\",\"potentialAction\":[{\"@type\":\"SearchAction\",\"target\":{\"@type\":\"EntryPoint\",\"urlTemplate\":\"https:\/\/www.africa-press.net\/cotedivoire\/?s={search_term_string}\"},\"query-input\":{\"@type\":\"PropertyValueSpecification\",\"valueRequired\":true,\"valueName\":\"search_term_string\"}}],\"inLanguage\":\"fr-FR\"},{\"@type\":\"Person\",\"@id\":\"https:\/\/www.africa-press.net\/cotedivoire\/#\/schema\/person\/2b1cf3cd81a31e3cd26889ca66d677f1\",\"name\":\"cfeditorfr\"}]}<\/script>\n<!-- \/ Yoast SEO Premium plugin. -->","yoast_head_json":{"title":"Des ivoiriens en situation irr\u00e9guli\u00e8re en Guin\u00e9e Equatoriale, interpellent le Minist\u00e8re des Affaires Etrang\u00e8res - C\u00f4te d&#039;Ivoire","description":"A\u00e9roport international de Malabo Des Ivoiriens sont en situation irr\u00e9guli\u00e8re en Guin\u00e9e \u00c9quatoriale. C\u2019est l\u2019information ...","robots":{"index":"index","follow":"follow","max-snippet":"max-snippet:-1","max-image-preview":"max-image-preview:large","max-video-preview":"max-video-preview:-1"},"canonical":"https:\/\/www.africa-press.net\/cotedivoire\/politique\/des-ivoiriens-en-situation-irreguliere-en-guinee-equatoriale-interpellent-le-ministere-des-affaires-etrangeres","og_locale":"fr_FR","og_type":"article","og_title":"Des ivoiriens en situation irr\u00e9guli\u00e8re en Guin\u00e9e Equatoriale, interpellent le Minist\u00e8re des Affaires Etrang\u00e8res","og_description":"A\u00e9roport international de Malabo Des Ivoiriens sont en situation irr\u00e9guli\u00e8re en Guin\u00e9e \u00c9quatoriale. C\u2019est l\u2019information ...","og_url":"https:\/\/www.africa-press.net\/cotedivoire\/politique\/des-ivoiriens-en-situation-irreguliere-en-guinee-equatoriale-interpellent-le-ministere-des-affaires-etrangeres","og_site_name":"C\u00f4te d&#039;Ivoire","article_published_time":"2022-01-18T17:42:58+00:00","og_image":[{"width":720,"height":370,"url":"https:\/\/static.africa-press.net\/cote\/sites\/43\/2022\/01\/img-61e6f9ef60c2f.jpg","type":"image\/jpeg"}],"author":"cfeditorfr","twitter_card":"summary_large_image","twitter_misc":{"\u00c9crit par":"cfeditorfr","Dur\u00e9e de lecture estim\u00e9e":"1 minute"},"schema":{"@context":"https:\/\/schema.org","@graph":[{"@type":"Article","@id":"https:\/\/www.africa-press.net\/cotedivoire\/politique\/des-ivoiriens-en-situation-irreguliere-en-guinee-equatoriale-interpellent-le-ministere-des-affaires-etrangeres#article","isPartOf":{"@id":"https:\/\/www.africa-press.net\/cotedivoire\/politique\/des-ivoiriens-en-situation-irreguliere-en-guinee-equatoriale-interpellent-le-ministere-des-affaires-etrangeres"},"author":{"name":"cfeditorfr","@id":"https:\/\/www.africa-press.net\/cotedivoire\/#\/schema\/person\/2b1cf3cd81a31e3cd26889ca66d677f1"},"headline":"Des ivoiriens en situation irr\u00e9guli\u00e8re en Guin\u00e9e Equatoriale, interpellent le Minist\u00e8re des Affaires Etrang\u00e8res","datePublished":"2022-01-18T17:42:58+00:00","mainEntityOfPage":{"@id":"https:\/\/www.africa-press.net\/cotedivoire\/politique\/des-ivoiriens-en-situation-irreguliere-en-guinee-equatoriale-interpellent-le-ministere-des-affaires-etrangeres"},"wordCount":221,"commentCount":0,"image":{"@id":"https:\/\/www.africa-press.net\/cotedivoire\/politique\/des-ivoiriens-en-situation-irreguliere-en-guinee-equatoriale-interpellent-le-ministere-des-affaires-etrangeres#primaryimage"},"thumbnailUrl":"https:\/\/static.africa-press.net\/cote\/sites\/43\/2022\/01\/img-61e6f9ef60c2f.jpg","keywords":["Africa Press","Africa Press-C\u00f4te d'Ivoire","C\u00d4TE D'IVOIRE","Diaby Mohamadou","irr\u00e9guli\u00e8re","Malabo","passeports","situation"],"articleSection":["homepage-french","Politique","Toutes les actualit\u00e9s"],"inLanguage":"fr-FR","potentialAction":[{"@type":"CommentAction","name":"Comment","target":["https:\/\/www.africa-press.net\/cotedivoire\/politique\/des-ivoiriens-en-situation-irreguliere-en-guinee-equatoriale-interpellent-le-ministere-des-affaires-etrangeres#respond"]}]},{"@type":"WebPage","@id":"https:\/\/www.africa-press.net\/cotedivoire\/politique\/des-ivoiriens-en-situation-irreguliere-en-guinee-equatoriale-interpellent-le-ministere-des-affaires-etrangeres","url":"https:\/\/www.africa-press.net\/cotedivoire\/politique\/des-ivoiriens-en-situation-irreguliere-en-guinee-equatoriale-interpellent-le-ministere-des-affaires-etrangeres","name":"Des ivoiriens en situation irr\u00e9guli\u00e8re en Guin\u00e9e Equatoriale, interpellent le Minist\u00e8re des Affaires Etrang\u00e8res - C\u00f4te d&#039;Ivoire","isPartOf":{"@id":"https:\/\/www.africa-press.net\/cotedivoire\/#website"},"primaryImageOfPage":{"@id":"https:\/\/www.africa-press.net\/cotedivoire\/politique\/des-ivoiriens-en-situation-irreguliere-en-guinee-equatoriale-interpellent-le-ministere-des-affaires-etrangeres#primaryimage"},"image":{"@id":"https:\/\/www.africa-press.net\/cotedivoire\/politique\/des-ivoiriens-en-situation-irreguliere-en-guinee-equatoriale-interpellent-le-ministere-des-affaires-etrangeres#primaryimage"},"thumbnailUrl":"https:\/\/static.africa-press.net\/cote\/sites\/43\/2022\/01\/img-61e6f9ef60c2f.jpg","datePublished":"2022-01-18T17:42:58+00:00","author":{"@id":"https:\/\/www.africa-press.net\/cotedivoire\/#\/schema\/person\/2b1cf3cd81a31e3cd26889ca66d677f1"},"description":"A\u00e9roport international de Malabo Des Ivoiriens sont en situation irr\u00e9guli\u00e8re en Guin\u00e9e \u00c9quatoriale. C\u2019est l\u2019information ...","breadcrumb":{"@id":"https:\/\/www.africa-press.net\/cotedivoire\/politique\/des-ivoiriens-en-situation-irreguliere-en-guinee-equatoriale-interpellent-le-ministere-des-affaires-etrangeres#breadcrumb"},"inLanguage":"fr-FR","potentialAction":[{"@type":"ReadAction","target":["https:\/\/www.africa-press.net\/cotedivoire\/politique\/des-ivoiriens-en-situation-irreguliere-en-guinee-equatoriale-interpellent-le-ministere-des-affaires-etrangeres"]}]},{"@type":"ImageObject","inLanguage":"fr-FR","@id":"https:\/\/www.africa-press.net\/cotedivoire\/politique\/des-ivoiriens-en-situation-irreguliere-en-guinee-equatoriale-interpellent-le-ministere-des-affaires-etrangeres#primaryimage","url":"https:\/\/static.africa-press.net\/cote\/sites\/43\/2022\/01\/img-61e6f9ef60c2f.jpg","contentUrl":"https:\/\/static.africa-press.net\/cote\/sites\/43\/2022\/01\/img-61e6f9ef60c2f.jpg","width":720,"height":370,"caption":"Des ivoiriens en situation irr\u00e9guli\u00e8re en Guin\u00e9e Equatoriale, interpellent le Minist\u00e8re des Affaires Etrang\u00e8res"},{"@type":"BreadcrumbList","@id":"https:\/\/www.africa-press.net\/cotedivoire\/politique\/des-ivoiriens-en-situation-irreguliere-en-guinee-equatoriale-interpellent-le-ministere-des-affaires-etrangeres#breadcrumb","itemListElement":[{"@type":"ListItem","position":1,"name":"Accueil","item":"https:\/\/www.africa-press.net\/cotedivoire\/"},{"@type":"ListItem","position":2,"name":"Des ivoiriens en situation irr\u00e9guli\u00e8re en Guin\u00e9e Equatoriale, interpellent le Minist\u00e8re des Affaires Etrang\u00e8res"}]},{"@type":"WebSite","@id":"https:\/\/www.africa-press.net\/cotedivoire\/#website","url":"https:\/\/www.africa-press.net\/cotedivoire\/","name":"C\u00f4te d&#039;Ivoire","description":"Just another Africa News Agency Sites site","potentialAction":[{"@type":"SearchAction","target":{"@type":"EntryPoint","urlTemplate":"https:\/\/www.africa-press.net\/cotedivoire\/?s={search_term_string}"},"query-input":{"@type":"PropertyValueSpecification","valueRequired":true,"valueName":"search_term_string"}}],"inLanguage":"fr-FR"},{"@type":"Person","@id":"https:\/\/www.africa-press.net\/cotedivoire\/#\/schema\/person\/2b1cf3cd81a31e3cd26889ca66d677f1","name":"cfeditorfr"}]}},"_links":{"self":[{"href":"https:\/\/www.africa-press.net\/cotedivoire\/wp-json\/wp\/v2\/posts\/25656","targetHints":{"allow":["GET"]}}],"collection":[{"href":"https:\/\/www.africa-press.net\/cotedivoire\/wp-json\/wp\/v2\/posts"}],"about":[{"href":"https:\/\/www.africa-press.net\/cotedivoire\/wp-json\/wp\/v2\/types\/post"}],"author":[{"embeddable":true,"href":"https:\/\/www.africa-press.net\/cotedivoire\/wp-json\/wp\/v2\/users\/82"}],"replies":[{"embeddable":true,"href":"https:\/\/www.africa-press.net\/cotedivoire\/wp-json\/wp\/v2\/comments?post=25656"}],"version-history":[{"count":0,"href":"https:\/\/www.africa-press.net\/cotedivoire\/wp-json\/wp\/v2\/posts\/25656\/revisions"}],"wp:featuredmedia":[{"embeddable":true,"href":"https:\/\/www.africa-press.net\/cotedivoire\/wp-json\/wp\/v2\/media\/25655"}],"wp:attachment":[{"href":"https:\/\/www.africa-press.net\/cotedivoire\/wp-json\/wp\/v2\/media?parent=25656"}],"wp:term":[{"taxonomy":"category","embeddable":true,"href":"https:\/\/www.africa-press.net\/cotedivoire\/wp-json\/wp\/v2\/categories?post=25656"},{"taxonomy":"post_tag","embeddable":true,"href":"https:\/\/www.africa-press.net\/cotedivoire\/wp-json\/wp\/v2\/tags?post=25656"}],"curies":[{"name":"wp","href":"https:\/\/api.w.org\/{rel}","templated":true}]}}