{"id":25680,"date":"2022-01-18T18:49:23","date_gmt":"2022-01-18T18:49:23","guid":{"rendered":"https:\/\/www.africa-press.net\/cotedivoire\/?p=25680"},"modified":"2022-01-18T17:41:50","modified_gmt":"2022-01-18T17:41:50","slug":"suite-a-une-publication-sur-la-situation-au-mali-un-proche-de-soro-arrete-et-defere-a-la-maca","status":"publish","type":"post","link":"https:\/\/www.africa-press.net\/cotedivoire\/politique\/suite-a-une-publication-sur-la-situation-au-mali-un-proche-de-soro-arrete-et-defere-a-la-maca","title":{"rendered":"Suite \u00e0 une publication sur la situation au Mali, un proche de Soro arr\u00eat\u00e9 et d\u00e9f\u00e9r\u00e9 \u00e0 la Maca"},"content":{"rendered":"<p><span style=\"color: #ff6600\"><strong>Africa-Press &#8211; C\u00f4te d&rsquo;Ivoire. <\/strong><\/span><b>El hadj Mamadou Traor\u00e9 aux c\u00f4t\u00e9s de Soro \u00e0 Abidjan (archive)<\/b><\/p>\n<p>Le mercredi 12 janvier 2022, il a fait une publication sur sa page Facebook sur la situation au Mali.<\/p>\n<p>Cette publication insidieusement accusait le pr\u00e9sident Alassane Ouattara de vouloir d\u00e9stabiliser le Mali.<\/p>\n<p>Suite \u00e0 cette publication qui n&rsquo;avan\u00e7ait aucune preuve, El Hadj Mamadou Traor\u00e9, membre du Gps de Guillaume Soro a \u00e9t\u00e9 arr\u00eat\u00e9 le vendredi 14 janvier 2022 dans la soir\u00e9e.<\/p>\n<p>D\u00e9f\u00e9r\u00e9 hier lundi 17 janvier 2022, KOACI apprend de sources bien introduites que ce proche de Guillaume Soro a pass\u00e9 sa premi\u00e8re nuit \u00e0 la maison d&rsquo;arr\u00eat et de correction d&rsquo;Abidjan (Maca) o\u00f9 il a \u00e9t\u00e9 plac\u00e9 en d\u00e9tention pr\u00e9ventive.<\/p>\n<p>Il lui serait reproch\u00e9 plusieurs faits, \u00e0 savoir l&rsquo;apologie du terrorisme (article 6 de la loi n\u00b0 2015-493 du 7 juillet 2015 portant r\u00e9pression du terrorisme) ; man\u0153uvres de nature \u00e0 jeter le discr\u00e9dit sur les institutions et leur fonctionnement (article 179 du code p\u00e9nal) ; commission d&rsquo;actes non approuv\u00e9s et de nature \u00e0 exposer des Ivoiriens \u00e0 subir des repr\u00e9sailles (article 155 du code p\u00e9nal) ; diffusion de fausses informations tendant \u00e0 faire croire qu&rsquo;une atteinte aux personnes et aux biens va \u00eatre commise (article 65 de la loi portant r\u00e9pression de la cybercriminalit\u00e9).<\/p>\n<p>Jean Chresus, Abidjan<\/p>\n<p>Ci dessous, la publication du 12 janvier 2022 du mis en cause<\/p>\n<p>UNE TENTATIVE DE D\u00c9STABILISATION DU MALI EST-ELLE EN COURS EN COMPLICIT\u00c9 AVEC LE GOUROU DU RESTAURANT ?<\/p>\n<p>Notre pays vient encore d&rsquo;\u00eatre cit\u00e9 par les maliens, dans le cadre de l&rsquo;op\u00e9ration d&rsquo;un viol de l&rsquo;espace a\u00e9rien malien,en complicit\u00e9 avec la France.<\/p>\n<p>De quoi s&rsquo;agit-il?<\/p>\n<p>Nous savons tous que la CEDEAO a d\u00e9cid\u00e9 de faire un embargo sur le Mali.<\/p>\n<p>Elle a interdit la desserte du Mali par ses avions.<\/p>\n<p>La France a \u00e9galement interdit la desserte du Mali par sa compagnie Air France.<\/p>\n<p>Les autorit\u00e9s maliennes ont \u00e9galement pris une d\u00e9cision pour interdire la desserte du territoire malien par les compagnie a\u00e9riennes de la CEDEAO et de la France.<\/p>\n<p>A leur grande surprise, un gros avion fran\u00e7ais, charg\u00e9 d&rsquo;une op\u00e9ration sp\u00e9ciale, en provenance d&rsquo;Abidjan, a viol\u00e9 l&#8217;embargo que la France,la C\u00f4te d\u2019Ivoire et le Mali ont impos\u00e9 en ce qui concerne l&rsquo;espace a\u00e9rien malien.<\/p>\n<p>Selon les informations en notre possession, ce gros avion aurait fait une descente \u00e0 Gao,sans l&rsquo;autorisation des autorit\u00e9s maliennes.<\/p>\n<p>C&rsquo;est une grave violation de la souverainet\u00e9 du Mali par la France, en complicit\u00e9 avec notre pays.<\/p>\n<p>Je rappelle que de 2012 \u00e0 2013,La ville de Gao a \u00e9t\u00e9 proclam\u00e9e comme la capitale du mouvement secessioniste de l&rsquo;Azawad,un mouvement djihadiste.<\/p>\n<p>Quels sont les objectifs de cette op\u00e9ration clandestine fran\u00e7aise suite au fait qu&rsquo;une r\u00e9solution de l&rsquo;ONU sur le Mali ait \u00e9t\u00e9 bloqu\u00e9e par la Chine et la Russie ?<\/p>\n<p>Pourquoi notre pays a t-il permis que cet avion fran\u00e7ais clandestin d\u00e9colle d&rsquo;Abidjan pour Gao,une zone djihadiste<\/p>\n<p>Je ne serai pas surpris que dans les jours et semaines \u00e0 venir la junte militaire malienne soit l&rsquo;objet d&rsquo;une tentative de coup d&rsquo;Etat ou de d\u00e9stabilisation par des forces \u00e9trang\u00e8res ou par des djihadistes.<\/p>\n<p>Si cela s&rsquo;averait, notre pays serait malheureusement cit\u00e9 dans une tentative de d\u00e9stabilisation du Mali en complicit\u00e9 avec les djihadistes.<\/p>\n<p>Cela serait-il \u00e0 l&rsquo;honneur de notre pays ?<\/p>\n<p>Nos autorit\u00e9s ivoiriennes ont-elles pens\u00e9 \u00e0 la s\u00e9curit\u00e9 des ivoiriens vivants au Mali en acceptant qu&rsquo;un avion clandestin d\u00e9colle d&rsquo;Abidjan ?<\/p>\n<p>N&rsquo;est ce pas nos autorit\u00e9s ivoiriennes qui voient des tentatives de coups d&rsquo;Etat dans toutes les actions de l&rsquo;opposition, surtout de GPS dirig\u00e9 par Guillaume Soro?<\/p>\n<p>Ben Souk n&rsquo;a t-il pas \u00e9t\u00e9 arr\u00eat\u00e9 et jet\u00e9 en prison parce qu&rsquo;accus\u00e9, sur instructions d&rsquo;Abidjan, de complicit\u00e9 avec des mouvements djihadistes ?<\/p>\n<p>Ou bien c&rsquo;est le soutien de Guillaume Soro aux autorit\u00e9s maliennes qui effraie tant le Gourou du Restaurant au point de faire de notre pays une base arri\u00e8re d&rsquo;une d\u00e9stabilisation du Mali en complicit\u00e9 avec les fran\u00e7ais ?<\/p>\n<p>Pour se d\u00e9barrasser de la junte malienne la France osera t-elle fournir en \u00e9quipement les mouvements djihadistes ?<\/p>\n<p>Voici autant de questions qui auront besoin de r\u00e9ponses dans les jours \u00e0 venir.<\/p>\n<p>Ci-joint la note de l&rsquo;ASECNA Mali au Directeur G\u00e9n\u00e9ral de l&rsquo;Agence Nationale de l&rsquo;Aviation Civile du Mali pour confirmer la violation de l&rsquo;espace a\u00e9rien malien par un avion fran\u00e7ais en provenance d&rsquo;Abidjan pour Gao,une capitale des djihadistes.<\/p>\n<p>Les mendiants du Restaurant l\u00e0 !<\/p>\n<p>Vous qui aviez accus\u00e9 Guillaume Soro de complicit\u00e9 avec les djihadistes en 2019,venez lire \u00e7a.<\/p>\n<p>Vous qui accusez Guillaume Soro de tentative de d\u00e9stabilisation de la C\u00f4te d\u2019Ivoire, \u00e0 partir du Mali, en complicit\u00e9 avec les djihadistes, venez lire \u00e7a.<\/p>\n<p>Et vous me direz pourquoi votre Gourou a autoris\u00e9 le d\u00e9part d&rsquo;un avion fran\u00e7ais clandestin d&rsquo;Abidjan \u00e0 Gao,une capitale djihadiste.<\/p>\n<p>Si dans les jours qui viennent le mouvement djihadiste fait une offensive sur la capitale malienne, tout le monde saura qui sont ceux qui en sont les commanditaires.<\/p>\n<p>Tout le monde saura qui sont ceux qui les ont \u00e9quip\u00e9 en armes.<\/p>\n<p><strong>Pour plus d&rsquo;informations et d&rsquo;analyses sur la <a href=\"https:\/\/www.africa-press.net\/cotedivoire\">C\u00f4te d&rsquo;Ivoire<\/a>, suivez <a href=\"https:\/\/www.africa-press.net\/\">Africa-Press<\/a><\/strong><\/p>\n","protected":false},"excerpt":{"rendered":"<p>Africa-Press &#8211; C\u00f4te d&rsquo;Ivoire. El hadj Mamadou Traor\u00e9 aux c\u00f4t\u00e9s de Soro \u00e0 Abidjan (archive) Le mercredi 12 janvier 2022, il a fait une publication sur sa page Facebook sur la situation au Mali. Cette publication insidieusement accusait le pr\u00e9sident Alassane Ouattara de vouloir d\u00e9stabiliser le Mali. Suite \u00e0 cette publication qui n&rsquo;avan\u00e7ait aucune preuve, [&hellip;]<\/p>\n","protected":false},"author":82,"featured_media":25679,"comment_status":"open","ping_status":"closed","sticky":false,"template":"","format":"standard","meta":{"footnotes":""},"categories":[11,2,10],"tags":[56,63,29,1163,545,502,3955,1086,166],"class_list":["post-25680","post","type-post","status-publish","format-standard","has-post-thumbnail","hentry","category-homepage-french","category-politique","category-toutes-les-actualites","tag-africa-press","tag-africa-press-cote-divoire","tag-cote-divoire","tag-gps","tag-maca","tag-mali","tag-mamadou-traore","tag-soro","tag-terrorisme"],"yoast_head":"<!-- This site is optimized with the Yoast SEO Premium plugin v26.1 (Yoast SEO v27.0) - https:\/\/yoast.com\/product\/yoast-seo-premium-wordpress\/ -->\n<title>Suite \u00e0 une publication sur la situation au Mali, un proche de Soro arr\u00eat\u00e9 et d\u00e9f\u00e9r\u00e9 \u00e0 la Maca - C\u00f4te d&#039;Ivoire<\/title>\n<meta name=\"description\" content=\"El hadj Mamadou Traor\u00e9 aux c\u00f4t\u00e9s de Soro \u00e0 Abidjan (archive) Le mercredi 12 janvier 2022, il a fait une publicat ...\" \/>\n<meta name=\"robots\" content=\"index, follow, max-snippet:-1, max-image-preview:large, max-video-preview:-1\" \/>\n<link rel=\"canonical\" href=\"https:\/\/www.africa-press.net\/cotedivoire\/politique\/suite-a-une-publication-sur-la-situation-au-mali-un-proche-de-soro-arrete-et-defere-a-la-maca\" \/>\n<meta property=\"og:locale\" content=\"fr_FR\" \/>\n<meta property=\"og:type\" content=\"article\" \/>\n<meta property=\"og:title\" content=\"Suite \u00e0 une publication sur la situation au Mali, un proche de Soro arr\u00eat\u00e9 et d\u00e9f\u00e9r\u00e9 \u00e0 la Maca\" \/>\n<meta property=\"og:description\" content=\"El hadj Mamadou Traor\u00e9 aux c\u00f4t\u00e9s de Soro \u00e0 Abidjan (archive) Le mercredi 12 janvier 2022, il a fait une publicat ...\" \/>\n<meta property=\"og:url\" content=\"https:\/\/www.africa-press.net\/cotedivoire\/politique\/suite-a-une-publication-sur-la-situation-au-mali-un-proche-de-soro-arrete-et-defere-a-la-maca\" \/>\n<meta property=\"og:site_name\" content=\"C\u00f4te d&#039;Ivoire\" \/>\n<meta property=\"article:published_time\" content=\"2022-01-18T18:49:23+00:00\" \/>\n<meta property=\"og:image\" content=\"https:\/\/static.africa-press.net\/cote\/sites\/43\/2022\/01\/img-61e6fbaf01b33.jpg\" \/>\n\t<meta property=\"og:image:width\" content=\"720\" \/>\n\t<meta property=\"og:image:height\" content=\"410\" \/>\n\t<meta property=\"og:image:type\" content=\"image\/jpeg\" \/>\n<meta name=\"author\" content=\"cfeditorfr\" \/>\n<meta name=\"twitter:card\" content=\"summary_large_image\" \/>\n<meta name=\"twitter:label1\" content=\"\u00c9crit par\" \/>\n\t<meta name=\"twitter:data1\" content=\"cfeditorfr\" \/>\n\t<meta name=\"twitter:label2\" content=\"Dur\u00e9e de lecture estim\u00e9e\" \/>\n\t<meta name=\"twitter:data2\" content=\"4 minutes\" \/>\n<script type=\"application\/ld+json\" class=\"yoast-schema-graph\">{\"@context\":\"https:\/\/schema.org\",\"@graph\":[{\"@type\":\"Article\",\"@id\":\"https:\/\/www.africa-press.net\/cotedivoire\/politique\/suite-a-une-publication-sur-la-situation-au-mali-un-proche-de-soro-arrete-et-defere-a-la-maca#article\",\"isPartOf\":{\"@id\":\"https:\/\/www.africa-press.net\/cotedivoire\/politique\/suite-a-une-publication-sur-la-situation-au-mali-un-proche-de-soro-arrete-et-defere-a-la-maca\"},\"author\":{\"name\":\"cfeditorfr\",\"@id\":\"https:\/\/www.africa-press.net\/cotedivoire\/#\/schema\/person\/2b1cf3cd81a31e3cd26889ca66d677f1\"},\"headline\":\"Suite \u00e0 une publication sur la situation au Mali, un proche de Soro arr\u00eat\u00e9 et d\u00e9f\u00e9r\u00e9 \u00e0 la Maca\",\"datePublished\":\"2022-01-18T18:49:23+00:00\",\"mainEntityOfPage\":{\"@id\":\"https:\/\/www.africa-press.net\/cotedivoire\/politique\/suite-a-une-publication-sur-la-situation-au-mali-un-proche-de-soro-arrete-et-defere-a-la-maca\"},\"wordCount\":932,\"commentCount\":0,\"image\":{\"@id\":\"https:\/\/www.africa-press.net\/cotedivoire\/politique\/suite-a-une-publication-sur-la-situation-au-mali-un-proche-de-soro-arrete-et-defere-a-la-maca#primaryimage\"},\"thumbnailUrl\":\"https:\/\/static.africa-press.net\/cote\/sites\/43\/2022\/01\/img-61e6fbaf01b33.jpg\",\"keywords\":[\"Africa Press\",\"Africa Press-C\u00f4te d'Ivoire\",\"C\u00d4TE D'IVOIRE\",\"GPS\",\"Maca\",\"Mali\",\"Mamadou Traor\u00e9\",\"Soro\",\"Terrorisme\"],\"articleSection\":[\"homepage-french\",\"Politique\",\"Toutes les actualit\u00e9s\"],\"inLanguage\":\"fr-FR\",\"potentialAction\":[{\"@type\":\"CommentAction\",\"name\":\"Comment\",\"target\":[\"https:\/\/www.africa-press.net\/cotedivoire\/politique\/suite-a-une-publication-sur-la-situation-au-mali-un-proche-de-soro-arrete-et-defere-a-la-maca#respond\"]}]},{\"@type\":\"WebPage\",\"@id\":\"https:\/\/www.africa-press.net\/cotedivoire\/politique\/suite-a-une-publication-sur-la-situation-au-mali-un-proche-de-soro-arrete-et-defere-a-la-maca\",\"url\":\"https:\/\/www.africa-press.net\/cotedivoire\/politique\/suite-a-une-publication-sur-la-situation-au-mali-un-proche-de-soro-arrete-et-defere-a-la-maca\",\"name\":\"Suite \u00e0 une publication sur la situation au Mali, un proche de Soro arr\u00eat\u00e9 et d\u00e9f\u00e9r\u00e9 \u00e0 la Maca - C\u00f4te d&#039;Ivoire\",\"isPartOf\":{\"@id\":\"https:\/\/www.africa-press.net\/cotedivoire\/#website\"},\"primaryImageOfPage\":{\"@id\":\"https:\/\/www.africa-press.net\/cotedivoire\/politique\/suite-a-une-publication-sur-la-situation-au-mali-un-proche-de-soro-arrete-et-defere-a-la-maca#primaryimage\"},\"image\":{\"@id\":\"https:\/\/www.africa-press.net\/cotedivoire\/politique\/suite-a-une-publication-sur-la-situation-au-mali-un-proche-de-soro-arrete-et-defere-a-la-maca#primaryimage\"},\"thumbnailUrl\":\"https:\/\/static.africa-press.net\/cote\/sites\/43\/2022\/01\/img-61e6fbaf01b33.jpg\",\"datePublished\":\"2022-01-18T18:49:23+00:00\",\"author\":{\"@id\":\"https:\/\/www.africa-press.net\/cotedivoire\/#\/schema\/person\/2b1cf3cd81a31e3cd26889ca66d677f1\"},\"description\":\"El hadj Mamadou Traor\u00e9 aux c\u00f4t\u00e9s de Soro \u00e0 Abidjan (archive) Le mercredi 12 janvier 2022, il a fait une publicat ...\",\"breadcrumb\":{\"@id\":\"https:\/\/www.africa-press.net\/cotedivoire\/politique\/suite-a-une-publication-sur-la-situation-au-mali-un-proche-de-soro-arrete-et-defere-a-la-maca#breadcrumb\"},\"inLanguage\":\"fr-FR\",\"potentialAction\":[{\"@type\":\"ReadAction\",\"target\":[\"https:\/\/www.africa-press.net\/cotedivoire\/politique\/suite-a-une-publication-sur-la-situation-au-mali-un-proche-de-soro-arrete-et-defere-a-la-maca\"]}]},{\"@type\":\"ImageObject\",\"inLanguage\":\"fr-FR\",\"@id\":\"https:\/\/www.africa-press.net\/cotedivoire\/politique\/suite-a-une-publication-sur-la-situation-au-mali-un-proche-de-soro-arrete-et-defere-a-la-maca#primaryimage\",\"url\":\"https:\/\/static.africa-press.net\/cote\/sites\/43\/2022\/01\/img-61e6fbaf01b33.jpg\",\"contentUrl\":\"https:\/\/static.africa-press.net\/cote\/sites\/43\/2022\/01\/img-61e6fbaf01b33.jpg\",\"width\":720,\"height\":410,\"caption\":\"Suite \u00e0 une publication sur la situation au Mali, un proche de Soro arr\u00eat\u00e9 et d\u00e9f\u00e9r\u00e9 \u00e0 la Maca\"},{\"@type\":\"BreadcrumbList\",\"@id\":\"https:\/\/www.africa-press.net\/cotedivoire\/politique\/suite-a-une-publication-sur-la-situation-au-mali-un-proche-de-soro-arrete-et-defere-a-la-maca#breadcrumb\",\"itemListElement\":[{\"@type\":\"ListItem\",\"position\":1,\"name\":\"Accueil\",\"item\":\"https:\/\/www.africa-press.net\/cotedivoire\/\"},{\"@type\":\"ListItem\",\"position\":2,\"name\":\"Suite \u00e0 une publication sur la situation au Mali, un proche de Soro arr\u00eat\u00e9 et d\u00e9f\u00e9r\u00e9 \u00e0 la Maca\"}]},{\"@type\":\"WebSite\",\"@id\":\"https:\/\/www.africa-press.net\/cotedivoire\/#website\",\"url\":\"https:\/\/www.africa-press.net\/cotedivoire\/\",\"name\":\"C\u00f4te d&#039;Ivoire\",\"description\":\"Just another Africa News Agency Sites site\",\"potentialAction\":[{\"@type\":\"SearchAction\",\"target\":{\"@type\":\"EntryPoint\",\"urlTemplate\":\"https:\/\/www.africa-press.net\/cotedivoire\/?s={search_term_string}\"},\"query-input\":{\"@type\":\"PropertyValueSpecification\",\"valueRequired\":true,\"valueName\":\"search_term_string\"}}],\"inLanguage\":\"fr-FR\"},{\"@type\":\"Person\",\"@id\":\"https:\/\/www.africa-press.net\/cotedivoire\/#\/schema\/person\/2b1cf3cd81a31e3cd26889ca66d677f1\",\"name\":\"cfeditorfr\"}]}<\/script>\n<!-- \/ Yoast SEO Premium plugin. -->","yoast_head_json":{"title":"Suite \u00e0 une publication sur la situation au Mali, un proche de Soro arr\u00eat\u00e9 et d\u00e9f\u00e9r\u00e9 \u00e0 la Maca - C\u00f4te d&#039;Ivoire","description":"El hadj Mamadou Traor\u00e9 aux c\u00f4t\u00e9s de Soro \u00e0 Abidjan (archive) Le mercredi 12 janvier 2022, il a fait une publicat ...","robots":{"index":"index","follow":"follow","max-snippet":"max-snippet:-1","max-image-preview":"max-image-preview:large","max-video-preview":"max-video-preview:-1"},"canonical":"https:\/\/www.africa-press.net\/cotedivoire\/politique\/suite-a-une-publication-sur-la-situation-au-mali-un-proche-de-soro-arrete-et-defere-a-la-maca","og_locale":"fr_FR","og_type":"article","og_title":"Suite \u00e0 une publication sur la situation au Mali, un proche de Soro arr\u00eat\u00e9 et d\u00e9f\u00e9r\u00e9 \u00e0 la Maca","og_description":"El hadj Mamadou Traor\u00e9 aux c\u00f4t\u00e9s de Soro \u00e0 Abidjan (archive) Le mercredi 12 janvier 2022, il a fait une publicat ...","og_url":"https:\/\/www.africa-press.net\/cotedivoire\/politique\/suite-a-une-publication-sur-la-situation-au-mali-un-proche-de-soro-arrete-et-defere-a-la-maca","og_site_name":"C\u00f4te d&#039;Ivoire","article_published_time":"2022-01-18T18:49:23+00:00","og_image":[{"width":720,"height":410,"url":"https:\/\/static.africa-press.net\/cote\/sites\/43\/2022\/01\/img-61e6fbaf01b33.jpg","type":"image\/jpeg"}],"author":"cfeditorfr","twitter_card":"summary_large_image","twitter_misc":{"\u00c9crit par":"cfeditorfr","Dur\u00e9e de lecture estim\u00e9e":"4 minutes"},"schema":{"@context":"https:\/\/schema.org","@graph":[{"@type":"Article","@id":"https:\/\/www.africa-press.net\/cotedivoire\/politique\/suite-a-une-publication-sur-la-situation-au-mali-un-proche-de-soro-arrete-et-defere-a-la-maca#article","isPartOf":{"@id":"https:\/\/www.africa-press.net\/cotedivoire\/politique\/suite-a-une-publication-sur-la-situation-au-mali-un-proche-de-soro-arrete-et-defere-a-la-maca"},"author":{"name":"cfeditorfr","@id":"https:\/\/www.africa-press.net\/cotedivoire\/#\/schema\/person\/2b1cf3cd81a31e3cd26889ca66d677f1"},"headline":"Suite \u00e0 une publication sur la situation au Mali, un proche de Soro arr\u00eat\u00e9 et d\u00e9f\u00e9r\u00e9 \u00e0 la Maca","datePublished":"2022-01-18T18:49:23+00:00","mainEntityOfPage":{"@id":"https:\/\/www.africa-press.net\/cotedivoire\/politique\/suite-a-une-publication-sur-la-situation-au-mali-un-proche-de-soro-arrete-et-defere-a-la-maca"},"wordCount":932,"commentCount":0,"image":{"@id":"https:\/\/www.africa-press.net\/cotedivoire\/politique\/suite-a-une-publication-sur-la-situation-au-mali-un-proche-de-soro-arrete-et-defere-a-la-maca#primaryimage"},"thumbnailUrl":"https:\/\/static.africa-press.net\/cote\/sites\/43\/2022\/01\/img-61e6fbaf01b33.jpg","keywords":["Africa Press","Africa Press-C\u00f4te d'Ivoire","C\u00d4TE D'IVOIRE","GPS","Maca","Mali","Mamadou Traor\u00e9","Soro","Terrorisme"],"articleSection":["homepage-french","Politique","Toutes les actualit\u00e9s"],"inLanguage":"fr-FR","potentialAction":[{"@type":"CommentAction","name":"Comment","target":["https:\/\/www.africa-press.net\/cotedivoire\/politique\/suite-a-une-publication-sur-la-situation-au-mali-un-proche-de-soro-arrete-et-defere-a-la-maca#respond"]}]},{"@type":"WebPage","@id":"https:\/\/www.africa-press.net\/cotedivoire\/politique\/suite-a-une-publication-sur-la-situation-au-mali-un-proche-de-soro-arrete-et-defere-a-la-maca","url":"https:\/\/www.africa-press.net\/cotedivoire\/politique\/suite-a-une-publication-sur-la-situation-au-mali-un-proche-de-soro-arrete-et-defere-a-la-maca","name":"Suite \u00e0 une publication sur la situation au Mali, un proche de Soro arr\u00eat\u00e9 et d\u00e9f\u00e9r\u00e9 \u00e0 la Maca - C\u00f4te d&#039;Ivoire","isPartOf":{"@id":"https:\/\/www.africa-press.net\/cotedivoire\/#website"},"primaryImageOfPage":{"@id":"https:\/\/www.africa-press.net\/cotedivoire\/politique\/suite-a-une-publication-sur-la-situation-au-mali-un-proche-de-soro-arrete-et-defere-a-la-maca#primaryimage"},"image":{"@id":"https:\/\/www.africa-press.net\/cotedivoire\/politique\/suite-a-une-publication-sur-la-situation-au-mali-un-proche-de-soro-arrete-et-defere-a-la-maca#primaryimage"},"thumbnailUrl":"https:\/\/static.africa-press.net\/cote\/sites\/43\/2022\/01\/img-61e6fbaf01b33.jpg","datePublished":"2022-01-18T18:49:23+00:00","author":{"@id":"https:\/\/www.africa-press.net\/cotedivoire\/#\/schema\/person\/2b1cf3cd81a31e3cd26889ca66d677f1"},"description":"El hadj Mamadou Traor\u00e9 aux c\u00f4t\u00e9s de Soro \u00e0 Abidjan (archive) Le mercredi 12 janvier 2022, il a fait une publicat ...","breadcrumb":{"@id":"https:\/\/www.africa-press.net\/cotedivoire\/politique\/suite-a-une-publication-sur-la-situation-au-mali-un-proche-de-soro-arrete-et-defere-a-la-maca#breadcrumb"},"inLanguage":"fr-FR","potentialAction":[{"@type":"ReadAction","target":["https:\/\/www.africa-press.net\/cotedivoire\/politique\/suite-a-une-publication-sur-la-situation-au-mali-un-proche-de-soro-arrete-et-defere-a-la-maca"]}]},{"@type":"ImageObject","inLanguage":"fr-FR","@id":"https:\/\/www.africa-press.net\/cotedivoire\/politique\/suite-a-une-publication-sur-la-situation-au-mali-un-proche-de-soro-arrete-et-defere-a-la-maca#primaryimage","url":"https:\/\/static.africa-press.net\/cote\/sites\/43\/2022\/01\/img-61e6fbaf01b33.jpg","contentUrl":"https:\/\/static.africa-press.net\/cote\/sites\/43\/2022\/01\/img-61e6fbaf01b33.jpg","width":720,"height":410,"caption":"Suite \u00e0 une publication sur la situation au Mali, un proche de Soro arr\u00eat\u00e9 et d\u00e9f\u00e9r\u00e9 \u00e0 la Maca"},{"@type":"BreadcrumbList","@id":"https:\/\/www.africa-press.net\/cotedivoire\/politique\/suite-a-une-publication-sur-la-situation-au-mali-un-proche-de-soro-arrete-et-defere-a-la-maca#breadcrumb","itemListElement":[{"@type":"ListItem","position":1,"name":"Accueil","item":"https:\/\/www.africa-press.net\/cotedivoire\/"},{"@type":"ListItem","position":2,"name":"Suite \u00e0 une publication sur la situation au Mali, un proche de Soro arr\u00eat\u00e9 et d\u00e9f\u00e9r\u00e9 \u00e0 la Maca"}]},{"@type":"WebSite","@id":"https:\/\/www.africa-press.net\/cotedivoire\/#website","url":"https:\/\/www.africa-press.net\/cotedivoire\/","name":"C\u00f4te d&#039;Ivoire","description":"Just another Africa News Agency Sites site","potentialAction":[{"@type":"SearchAction","target":{"@type":"EntryPoint","urlTemplate":"https:\/\/www.africa-press.net\/cotedivoire\/?s={search_term_string}"},"query-input":{"@type":"PropertyValueSpecification","valueRequired":true,"valueName":"search_term_string"}}],"inLanguage":"fr-FR"},{"@type":"Person","@id":"https:\/\/www.africa-press.net\/cotedivoire\/#\/schema\/person\/2b1cf3cd81a31e3cd26889ca66d677f1","name":"cfeditorfr"}]}},"_links":{"self":[{"href":"https:\/\/www.africa-press.net\/cotedivoire\/wp-json\/wp\/v2\/posts\/25680","targetHints":{"allow":["GET"]}}],"collection":[{"href":"https:\/\/www.africa-press.net\/cotedivoire\/wp-json\/wp\/v2\/posts"}],"about":[{"href":"https:\/\/www.africa-press.net\/cotedivoire\/wp-json\/wp\/v2\/types\/post"}],"author":[{"embeddable":true,"href":"https:\/\/www.africa-press.net\/cotedivoire\/wp-json\/wp\/v2\/users\/82"}],"replies":[{"embeddable":true,"href":"https:\/\/www.africa-press.net\/cotedivoire\/wp-json\/wp\/v2\/comments?post=25680"}],"version-history":[{"count":0,"href":"https:\/\/www.africa-press.net\/cotedivoire\/wp-json\/wp\/v2\/posts\/25680\/revisions"}],"wp:featuredmedia":[{"embeddable":true,"href":"https:\/\/www.africa-press.net\/cotedivoire\/wp-json\/wp\/v2\/media\/25679"}],"wp:attachment":[{"href":"https:\/\/www.africa-press.net\/cotedivoire\/wp-json\/wp\/v2\/media?parent=25680"}],"wp:term":[{"taxonomy":"category","embeddable":true,"href":"https:\/\/www.africa-press.net\/cotedivoire\/wp-json\/wp\/v2\/categories?post=25680"},{"taxonomy":"post_tag","embeddable":true,"href":"https:\/\/www.africa-press.net\/cotedivoire\/wp-json\/wp\/v2\/tags?post=25680"}],"curies":[{"name":"wp","href":"https:\/\/api.w.org\/{rel}","templated":true}]}}