{"id":25917,"date":"2022-01-21T19:07:28","date_gmt":"2022-01-21T19:07:28","guid":{"rendered":"https:\/\/www.africa-press.net\/cotedivoire\/?p=25917"},"modified":"2022-01-21T18:14:47","modified_gmt":"2022-01-21T18:14:47","slug":"deces-dousmane-diarra-secretaire-general-de-lunion-pour-le-progres-des-artistes-de-cote-divoire-upaci","status":"publish","type":"post","link":"https:\/\/www.africa-press.net\/cotedivoire\/culture-et-art\/deces-dousmane-diarra-secretaire-general-de-lunion-pour-le-progres-des-artistes-de-cote-divoire-upaci","title":{"rendered":"D\u00e9c\u00e8s d&rsquo;Ousmane Diarra, Secr\u00e9taire G\u00e9n\u00e9ral de l&rsquo;Union pour le Progr\u00e8s des Artistes de C\u00f4te d&rsquo;Ivoire (UPACI)"},"content":{"rendered":"<p><span style=\"color: #ff6600\"><strong>Africa-Press &#8211; C\u00f4te d&rsquo;Ivoire. <\/strong><\/span><b>Ousmane Diarra (Ph)<\/b><\/p>\n<p>&nbsp;<\/p>\n<p>Le monde culturel ivoirien est frapp\u00e9 par un nouveau deuil. Nous apprenons ce vendredi 21 janvier 2022, le d\u00e9c\u00e8s de M. Ousmane Diarra, Secr\u00e9taire G\u00e9n\u00e9ral de l&rsquo;Union pour le Progr\u00e8s des Artistes de C\u00f4te d&rsquo;Ivoire (UPACI).<\/p>\n<p>Membre du Conseil de Gestion et de Restructuration du BURIDA, Producteur, Pr\u00e9sident par int\u00e9rim de l&rsquo;Association des Producteurs et \u00c9diteurs de Musique de C\u00f4te d&rsquo;Ivoire (APRODEMCI), il \u00e9tait tr\u00e8s connu au niveau de culture ivoirienne, voire africaine<\/p>\n<p>Le programme des obs\u00e8ques se pr\u00e9sente comme suit : vendredi 21 janvier 2022 : Lev\u00e9e de corps \u00e0 11 heures \u00e0 la morgue de l&rsquo;H\u00f4pital Militaire d\u2019Abidjan (HMA), suivie de la pri\u00e8re \u00e0 13 heures, au domicile familial \u00e0 Abobo Dokui et de l&rsquo;inhumation au Cimeti\u00e8re d\u2019Abobo Baoul\u00e9.<\/p>\n<p>Donatien Kautcha, Abidjan<\/p>\n<p><strong>Pour plus d&rsquo;informations et d&rsquo;analyses sur la <a href=\"https:\/\/www.africa-press.net\/cotedivoire\">C\u00f4te d&rsquo;Ivoire<\/a>, suivez <a href=\"https:\/\/www.africa-press.net\/\">Africa-Press<\/a><\/strong><\/p>\n","protected":false},"excerpt":{"rendered":"<p>Africa-Press &#8211; C\u00f4te d&rsquo;Ivoire. Ousmane Diarra (Ph) &nbsp; Le monde culturel ivoirien est frapp\u00e9 par un nouveau deuil. Nous apprenons ce vendredi 21 janvier 2022, le d\u00e9c\u00e8s de M. Ousmane Diarra, Secr\u00e9taire G\u00e9n\u00e9ral de l&rsquo;Union pour le Progr\u00e8s des Artistes de C\u00f4te d&rsquo;Ivoire (UPACI). Membre du Conseil de Gestion et de Restructuration du BURIDA, Producteur, [&hellip;]<\/p>\n","protected":false},"author":82,"featured_media":25916,"comment_status":"open","ping_status":"closed","sticky":false,"template":"","format":"standard","meta":{"footnotes":""},"categories":[5,11,10],"tags":[787,56,63,1108,1401,29,4019,4020],"class_list":["post-25917","post","type-post","status-publish","format-standard","has-post-thumbnail","hentry","category-culture-et-art","category-homepage-french","category-toutes-les-actualites","tag-abobo","tag-africa-press","tag-africa-press-cote-divoire","tag-baoule","tag-burida","tag-cote-divoire","tag-ousmane-diarra","tag-upaci"],"yoast_head":"<!-- This site is optimized with the Yoast SEO Premium plugin v26.1 (Yoast SEO v27.0) - https:\/\/yoast.com\/product\/yoast-seo-premium-wordpress\/ -->\n<title>D\u00e9c\u00e8s d&#039;Ousmane Diarra, Secr\u00e9taire G\u00e9n\u00e9ral de l&#039;Union pour le Progr\u00e8s des Artistes de C\u00f4te d&#039;Ivoire (UPACI) - C\u00f4te d&#039;Ivoire<\/title>\n<meta name=\"description\" content=\"Ousmane Diarra (Ph) \ufeff Le monde culturel ivoirien est frapp\u00e9 par un nouveau deuil. Nous apprenons ce vend ...\" \/>\n<meta name=\"robots\" content=\"index, follow, max-snippet:-1, max-image-preview:large, max-video-preview:-1\" \/>\n<link rel=\"canonical\" href=\"https:\/\/www.africa-press.net\/cotedivoire\/culture-et-art\/deces-dousmane-diarra-secretaire-general-de-lunion-pour-le-progres-des-artistes-de-cote-divoire-upaci\" \/>\n<meta property=\"og:locale\" content=\"fr_FR\" \/>\n<meta property=\"og:type\" content=\"article\" \/>\n<meta property=\"og:title\" content=\"D\u00e9c\u00e8s d&#039;Ousmane Diarra, Secr\u00e9taire G\u00e9n\u00e9ral de l&#039;Union pour le Progr\u00e8s des Artistes de C\u00f4te d&#039;Ivoire (UPACI)\" \/>\n<meta property=\"og:description\" content=\"Ousmane Diarra (Ph) \ufeff Le monde culturel ivoirien est frapp\u00e9 par un nouveau deuil. Nous apprenons ce vend ...\" \/>\n<meta property=\"og:url\" content=\"https:\/\/www.africa-press.net\/cotedivoire\/culture-et-art\/deces-dousmane-diarra-secretaire-general-de-lunion-pour-le-progres-des-artistes-de-cote-divoire-upaci\" \/>\n<meta property=\"og:site_name\" content=\"C\u00f4te d&#039;Ivoire\" \/>\n<meta property=\"article:published_time\" content=\"2022-01-21T19:07:28+00:00\" \/>\n<meta property=\"og:image\" content=\"https:\/\/static.africa-press.net\/cote\/sites\/43\/2022\/01\/img-61eaf7e28aa89.jpg\" \/>\n\t<meta property=\"og:image:width\" content=\"720\" \/>\n\t<meta property=\"og:image:height\" content=\"450\" \/>\n\t<meta property=\"og:image:type\" content=\"image\/jpeg\" \/>\n<meta name=\"author\" content=\"cfeditorfr\" \/>\n<meta name=\"twitter:card\" content=\"summary_large_image\" \/>\n<meta name=\"twitter:label1\" content=\"\u00c9crit par\" \/>\n\t<meta name=\"twitter:data1\" content=\"cfeditorfr\" \/>\n\t<meta name=\"twitter:label2\" content=\"Dur\u00e9e de lecture estim\u00e9e\" \/>\n\t<meta name=\"twitter:data2\" content=\"1 minute\" \/>\n<script type=\"application\/ld+json\" class=\"yoast-schema-graph\">{\"@context\":\"https:\/\/schema.org\",\"@graph\":[{\"@type\":\"Article\",\"@id\":\"https:\/\/www.africa-press.net\/cotedivoire\/culture-et-art\/deces-dousmane-diarra-secretaire-general-de-lunion-pour-le-progres-des-artistes-de-cote-divoire-upaci#article\",\"isPartOf\":{\"@id\":\"https:\/\/www.africa-press.net\/cotedivoire\/culture-et-art\/deces-dousmane-diarra-secretaire-general-de-lunion-pour-le-progres-des-artistes-de-cote-divoire-upaci\"},\"author\":{\"name\":\"cfeditorfr\",\"@id\":\"https:\/\/www.africa-press.net\/cotedivoire\/#\/schema\/person\/2b1cf3cd81a31e3cd26889ca66d677f1\"},\"headline\":\"D\u00e9c\u00e8s d&rsquo;Ousmane Diarra, Secr\u00e9taire G\u00e9n\u00e9ral de l&rsquo;Union pour le Progr\u00e8s des Artistes de C\u00f4te d&rsquo;Ivoire (UPACI)\",\"datePublished\":\"2022-01-21T19:07:28+00:00\",\"mainEntityOfPage\":{\"@id\":\"https:\/\/www.africa-press.net\/cotedivoire\/culture-et-art\/deces-dousmane-diarra-secretaire-general-de-lunion-pour-le-progres-des-artistes-de-cote-divoire-upaci\"},\"wordCount\":188,\"commentCount\":0,\"image\":{\"@id\":\"https:\/\/www.africa-press.net\/cotedivoire\/culture-et-art\/deces-dousmane-diarra-secretaire-general-de-lunion-pour-le-progres-des-artistes-de-cote-divoire-upaci#primaryimage\"},\"thumbnailUrl\":\"https:\/\/static.africa-press.net\/cote\/sites\/43\/2022\/01\/img-61eaf7e28aa89.jpg\",\"keywords\":[\"Abobo\",\"Africa Press\",\"Africa Press-C\u00f4te d'Ivoire\",\"Baoul\u00e9\",\"Burida\",\"C\u00d4TE D'IVOIRE\",\"Ousmane Diarra\",\"UPACI\"],\"articleSection\":[\"Culture et Art\",\"homepage-french\",\"Toutes les actualit\u00e9s\"],\"inLanguage\":\"fr-FR\",\"potentialAction\":[{\"@type\":\"CommentAction\",\"name\":\"Comment\",\"target\":[\"https:\/\/www.africa-press.net\/cotedivoire\/culture-et-art\/deces-dousmane-diarra-secretaire-general-de-lunion-pour-le-progres-des-artistes-de-cote-divoire-upaci#respond\"]}]},{\"@type\":\"WebPage\",\"@id\":\"https:\/\/www.africa-press.net\/cotedivoire\/culture-et-art\/deces-dousmane-diarra-secretaire-general-de-lunion-pour-le-progres-des-artistes-de-cote-divoire-upaci\",\"url\":\"https:\/\/www.africa-press.net\/cotedivoire\/culture-et-art\/deces-dousmane-diarra-secretaire-general-de-lunion-pour-le-progres-des-artistes-de-cote-divoire-upaci\",\"name\":\"D\u00e9c\u00e8s d'Ousmane Diarra, Secr\u00e9taire G\u00e9n\u00e9ral de l'Union pour le Progr\u00e8s des Artistes de C\u00f4te d'Ivoire (UPACI) - C\u00f4te d&#039;Ivoire\",\"isPartOf\":{\"@id\":\"https:\/\/www.africa-press.net\/cotedivoire\/#website\"},\"primaryImageOfPage\":{\"@id\":\"https:\/\/www.africa-press.net\/cotedivoire\/culture-et-art\/deces-dousmane-diarra-secretaire-general-de-lunion-pour-le-progres-des-artistes-de-cote-divoire-upaci#primaryimage\"},\"image\":{\"@id\":\"https:\/\/www.africa-press.net\/cotedivoire\/culture-et-art\/deces-dousmane-diarra-secretaire-general-de-lunion-pour-le-progres-des-artistes-de-cote-divoire-upaci#primaryimage\"},\"thumbnailUrl\":\"https:\/\/static.africa-press.net\/cote\/sites\/43\/2022\/01\/img-61eaf7e28aa89.jpg\",\"datePublished\":\"2022-01-21T19:07:28+00:00\",\"author\":{\"@id\":\"https:\/\/www.africa-press.net\/cotedivoire\/#\/schema\/person\/2b1cf3cd81a31e3cd26889ca66d677f1\"},\"description\":\"Ousmane Diarra (Ph) \ufeff Le monde culturel ivoirien est frapp\u00e9 par un nouveau deuil. Nous apprenons ce vend ...\",\"breadcrumb\":{\"@id\":\"https:\/\/www.africa-press.net\/cotedivoire\/culture-et-art\/deces-dousmane-diarra-secretaire-general-de-lunion-pour-le-progres-des-artistes-de-cote-divoire-upaci#breadcrumb\"},\"inLanguage\":\"fr-FR\",\"potentialAction\":[{\"@type\":\"ReadAction\",\"target\":[\"https:\/\/www.africa-press.net\/cotedivoire\/culture-et-art\/deces-dousmane-diarra-secretaire-general-de-lunion-pour-le-progres-des-artistes-de-cote-divoire-upaci\"]}]},{\"@type\":\"ImageObject\",\"inLanguage\":\"fr-FR\",\"@id\":\"https:\/\/www.africa-press.net\/cotedivoire\/culture-et-art\/deces-dousmane-diarra-secretaire-general-de-lunion-pour-le-progres-des-artistes-de-cote-divoire-upaci#primaryimage\",\"url\":\"https:\/\/static.africa-press.net\/cote\/sites\/43\/2022\/01\/img-61eaf7e28aa89.jpg\",\"contentUrl\":\"https:\/\/static.africa-press.net\/cote\/sites\/43\/2022\/01\/img-61eaf7e28aa89.jpg\",\"width\":720,\"height\":450,\"caption\":\"D\u00e9c\u00e8s d'Ousmane Diarra, Secr\u00e9taire G\u00e9n\u00e9ral de l'Union pour le Progr\u00e8s des Artistes de C\u00f4te d'Ivoire (UPACI)\"},{\"@type\":\"BreadcrumbList\",\"@id\":\"https:\/\/www.africa-press.net\/cotedivoire\/culture-et-art\/deces-dousmane-diarra-secretaire-general-de-lunion-pour-le-progres-des-artistes-de-cote-divoire-upaci#breadcrumb\",\"itemListElement\":[{\"@type\":\"ListItem\",\"position\":1,\"name\":\"Accueil\",\"item\":\"https:\/\/www.africa-press.net\/cotedivoire\/\"},{\"@type\":\"ListItem\",\"position\":2,\"name\":\"D\u00e9c\u00e8s d&#8217;Ousmane Diarra, Secr\u00e9taire G\u00e9n\u00e9ral de l&#8217;Union pour le Progr\u00e8s des Artistes de C\u00f4te d&#8217;Ivoire (UPACI)\"}]},{\"@type\":\"WebSite\",\"@id\":\"https:\/\/www.africa-press.net\/cotedivoire\/#website\",\"url\":\"https:\/\/www.africa-press.net\/cotedivoire\/\",\"name\":\"C\u00f4te d&#039;Ivoire\",\"description\":\"Just another Africa News Agency Sites site\",\"potentialAction\":[{\"@type\":\"SearchAction\",\"target\":{\"@type\":\"EntryPoint\",\"urlTemplate\":\"https:\/\/www.africa-press.net\/cotedivoire\/?s={search_term_string}\"},\"query-input\":{\"@type\":\"PropertyValueSpecification\",\"valueRequired\":true,\"valueName\":\"search_term_string\"}}],\"inLanguage\":\"fr-FR\"},{\"@type\":\"Person\",\"@id\":\"https:\/\/www.africa-press.net\/cotedivoire\/#\/schema\/person\/2b1cf3cd81a31e3cd26889ca66d677f1\",\"name\":\"cfeditorfr\"}]}<\/script>\n<!-- \/ Yoast SEO Premium plugin. -->","yoast_head_json":{"title":"D\u00e9c\u00e8s d'Ousmane Diarra, Secr\u00e9taire G\u00e9n\u00e9ral de l'Union pour le Progr\u00e8s des Artistes de C\u00f4te d'Ivoire (UPACI) - C\u00f4te d&#039;Ivoire","description":"Ousmane Diarra (Ph) \ufeff Le monde culturel ivoirien est frapp\u00e9 par un nouveau deuil. Nous apprenons ce vend ...","robots":{"index":"index","follow":"follow","max-snippet":"max-snippet:-1","max-image-preview":"max-image-preview:large","max-video-preview":"max-video-preview:-1"},"canonical":"https:\/\/www.africa-press.net\/cotedivoire\/culture-et-art\/deces-dousmane-diarra-secretaire-general-de-lunion-pour-le-progres-des-artistes-de-cote-divoire-upaci","og_locale":"fr_FR","og_type":"article","og_title":"D\u00e9c\u00e8s d'Ousmane Diarra, Secr\u00e9taire G\u00e9n\u00e9ral de l'Union pour le Progr\u00e8s des Artistes de C\u00f4te d'Ivoire (UPACI)","og_description":"Ousmane Diarra (Ph) \ufeff Le monde culturel ivoirien est frapp\u00e9 par un nouveau deuil. Nous apprenons ce vend ...","og_url":"https:\/\/www.africa-press.net\/cotedivoire\/culture-et-art\/deces-dousmane-diarra-secretaire-general-de-lunion-pour-le-progres-des-artistes-de-cote-divoire-upaci","og_site_name":"C\u00f4te d&#039;Ivoire","article_published_time":"2022-01-21T19:07:28+00:00","og_image":[{"width":720,"height":450,"url":"https:\/\/static.africa-press.net\/cote\/sites\/43\/2022\/01\/img-61eaf7e28aa89.jpg","type":"image\/jpeg"}],"author":"cfeditorfr","twitter_card":"summary_large_image","twitter_misc":{"\u00c9crit par":"cfeditorfr","Dur\u00e9e de lecture estim\u00e9e":"1 minute"},"schema":{"@context":"https:\/\/schema.org","@graph":[{"@type":"Article","@id":"https:\/\/www.africa-press.net\/cotedivoire\/culture-et-art\/deces-dousmane-diarra-secretaire-general-de-lunion-pour-le-progres-des-artistes-de-cote-divoire-upaci#article","isPartOf":{"@id":"https:\/\/www.africa-press.net\/cotedivoire\/culture-et-art\/deces-dousmane-diarra-secretaire-general-de-lunion-pour-le-progres-des-artistes-de-cote-divoire-upaci"},"author":{"name":"cfeditorfr","@id":"https:\/\/www.africa-press.net\/cotedivoire\/#\/schema\/person\/2b1cf3cd81a31e3cd26889ca66d677f1"},"headline":"D\u00e9c\u00e8s d&rsquo;Ousmane Diarra, Secr\u00e9taire G\u00e9n\u00e9ral de l&rsquo;Union pour le Progr\u00e8s des Artistes de C\u00f4te d&rsquo;Ivoire (UPACI)","datePublished":"2022-01-21T19:07:28+00:00","mainEntityOfPage":{"@id":"https:\/\/www.africa-press.net\/cotedivoire\/culture-et-art\/deces-dousmane-diarra-secretaire-general-de-lunion-pour-le-progres-des-artistes-de-cote-divoire-upaci"},"wordCount":188,"commentCount":0,"image":{"@id":"https:\/\/www.africa-press.net\/cotedivoire\/culture-et-art\/deces-dousmane-diarra-secretaire-general-de-lunion-pour-le-progres-des-artistes-de-cote-divoire-upaci#primaryimage"},"thumbnailUrl":"https:\/\/static.africa-press.net\/cote\/sites\/43\/2022\/01\/img-61eaf7e28aa89.jpg","keywords":["Abobo","Africa Press","Africa Press-C\u00f4te d'Ivoire","Baoul\u00e9","Burida","C\u00d4TE D'IVOIRE","Ousmane Diarra","UPACI"],"articleSection":["Culture et Art","homepage-french","Toutes les actualit\u00e9s"],"inLanguage":"fr-FR","potentialAction":[{"@type":"CommentAction","name":"Comment","target":["https:\/\/www.africa-press.net\/cotedivoire\/culture-et-art\/deces-dousmane-diarra-secretaire-general-de-lunion-pour-le-progres-des-artistes-de-cote-divoire-upaci#respond"]}]},{"@type":"WebPage","@id":"https:\/\/www.africa-press.net\/cotedivoire\/culture-et-art\/deces-dousmane-diarra-secretaire-general-de-lunion-pour-le-progres-des-artistes-de-cote-divoire-upaci","url":"https:\/\/www.africa-press.net\/cotedivoire\/culture-et-art\/deces-dousmane-diarra-secretaire-general-de-lunion-pour-le-progres-des-artistes-de-cote-divoire-upaci","name":"D\u00e9c\u00e8s d'Ousmane Diarra, Secr\u00e9taire G\u00e9n\u00e9ral de l'Union pour le Progr\u00e8s des Artistes de C\u00f4te d'Ivoire (UPACI) - C\u00f4te d&#039;Ivoire","isPartOf":{"@id":"https:\/\/www.africa-press.net\/cotedivoire\/#website"},"primaryImageOfPage":{"@id":"https:\/\/www.africa-press.net\/cotedivoire\/culture-et-art\/deces-dousmane-diarra-secretaire-general-de-lunion-pour-le-progres-des-artistes-de-cote-divoire-upaci#primaryimage"},"image":{"@id":"https:\/\/www.africa-press.net\/cotedivoire\/culture-et-art\/deces-dousmane-diarra-secretaire-general-de-lunion-pour-le-progres-des-artistes-de-cote-divoire-upaci#primaryimage"},"thumbnailUrl":"https:\/\/static.africa-press.net\/cote\/sites\/43\/2022\/01\/img-61eaf7e28aa89.jpg","datePublished":"2022-01-21T19:07:28+00:00","author":{"@id":"https:\/\/www.africa-press.net\/cotedivoire\/#\/schema\/person\/2b1cf3cd81a31e3cd26889ca66d677f1"},"description":"Ousmane Diarra (Ph) \ufeff Le monde culturel ivoirien est frapp\u00e9 par un nouveau deuil. Nous apprenons ce vend ...","breadcrumb":{"@id":"https:\/\/www.africa-press.net\/cotedivoire\/culture-et-art\/deces-dousmane-diarra-secretaire-general-de-lunion-pour-le-progres-des-artistes-de-cote-divoire-upaci#breadcrumb"},"inLanguage":"fr-FR","potentialAction":[{"@type":"ReadAction","target":["https:\/\/www.africa-press.net\/cotedivoire\/culture-et-art\/deces-dousmane-diarra-secretaire-general-de-lunion-pour-le-progres-des-artistes-de-cote-divoire-upaci"]}]},{"@type":"ImageObject","inLanguage":"fr-FR","@id":"https:\/\/www.africa-press.net\/cotedivoire\/culture-et-art\/deces-dousmane-diarra-secretaire-general-de-lunion-pour-le-progres-des-artistes-de-cote-divoire-upaci#primaryimage","url":"https:\/\/static.africa-press.net\/cote\/sites\/43\/2022\/01\/img-61eaf7e28aa89.jpg","contentUrl":"https:\/\/static.africa-press.net\/cote\/sites\/43\/2022\/01\/img-61eaf7e28aa89.jpg","width":720,"height":450,"caption":"D\u00e9c\u00e8s d'Ousmane Diarra, Secr\u00e9taire G\u00e9n\u00e9ral de l'Union pour le Progr\u00e8s des Artistes de C\u00f4te d'Ivoire (UPACI)"},{"@type":"BreadcrumbList","@id":"https:\/\/www.africa-press.net\/cotedivoire\/culture-et-art\/deces-dousmane-diarra-secretaire-general-de-lunion-pour-le-progres-des-artistes-de-cote-divoire-upaci#breadcrumb","itemListElement":[{"@type":"ListItem","position":1,"name":"Accueil","item":"https:\/\/www.africa-press.net\/cotedivoire\/"},{"@type":"ListItem","position":2,"name":"D\u00e9c\u00e8s d&#8217;Ousmane Diarra, Secr\u00e9taire G\u00e9n\u00e9ral de l&#8217;Union pour le Progr\u00e8s des Artistes de C\u00f4te d&#8217;Ivoire (UPACI)"}]},{"@type":"WebSite","@id":"https:\/\/www.africa-press.net\/cotedivoire\/#website","url":"https:\/\/www.africa-press.net\/cotedivoire\/","name":"C\u00f4te d&#039;Ivoire","description":"Just another Africa News Agency Sites site","potentialAction":[{"@type":"SearchAction","target":{"@type":"EntryPoint","urlTemplate":"https:\/\/www.africa-press.net\/cotedivoire\/?s={search_term_string}"},"query-input":{"@type":"PropertyValueSpecification","valueRequired":true,"valueName":"search_term_string"}}],"inLanguage":"fr-FR"},{"@type":"Person","@id":"https:\/\/www.africa-press.net\/cotedivoire\/#\/schema\/person\/2b1cf3cd81a31e3cd26889ca66d677f1","name":"cfeditorfr"}]}},"_links":{"self":[{"href":"https:\/\/www.africa-press.net\/cotedivoire\/wp-json\/wp\/v2\/posts\/25917","targetHints":{"allow":["GET"]}}],"collection":[{"href":"https:\/\/www.africa-press.net\/cotedivoire\/wp-json\/wp\/v2\/posts"}],"about":[{"href":"https:\/\/www.africa-press.net\/cotedivoire\/wp-json\/wp\/v2\/types\/post"}],"author":[{"embeddable":true,"href":"https:\/\/www.africa-press.net\/cotedivoire\/wp-json\/wp\/v2\/users\/82"}],"replies":[{"embeddable":true,"href":"https:\/\/www.africa-press.net\/cotedivoire\/wp-json\/wp\/v2\/comments?post=25917"}],"version-history":[{"count":0,"href":"https:\/\/www.africa-press.net\/cotedivoire\/wp-json\/wp\/v2\/posts\/25917\/revisions"}],"wp:featuredmedia":[{"embeddable":true,"href":"https:\/\/www.africa-press.net\/cotedivoire\/wp-json\/wp\/v2\/media\/25916"}],"wp:attachment":[{"href":"https:\/\/www.africa-press.net\/cotedivoire\/wp-json\/wp\/v2\/media?parent=25917"}],"wp:term":[{"taxonomy":"category","embeddable":true,"href":"https:\/\/www.africa-press.net\/cotedivoire\/wp-json\/wp\/v2\/categories?post=25917"},{"taxonomy":"post_tag","embeddable":true,"href":"https:\/\/www.africa-press.net\/cotedivoire\/wp-json\/wp\/v2\/tags?post=25917"}],"curies":[{"name":"wp","href":"https:\/\/api.w.org\/{rel}","templated":true}]}}