{"id":26171,"date":"2022-01-25T19:15:11","date_gmt":"2022-01-25T19:15:11","guid":{"rendered":"https:\/\/www.africa-press.net\/cotedivoire\/?p=26171"},"modified":"2022-01-25T18:10:25","modified_gmt":"2022-01-25T18:10:25","slug":"lancement-de-la-construction-du-premier-des-7-etablissements-de-formation-professionnelle-cout-total-1465-milliards","status":"publish","type":"post","link":"https:\/\/www.africa-press.net\/cotedivoire\/toutes-les-actualites\/lancement-de-la-construction-du-premier-des-7-etablissements-de-formation-professionnelle-cout-total-1465-milliards","title":{"rendered":"Lancement de la construction du premier des 7 \u00e9tablissements de formation professionnelle, co\u00fbt total 146,5 milliards"},"content":{"rendered":"<p><span style=\"color: #ff6600\"><strong>Africa-Press &#8211; C\u00f4te d&rsquo;Ivoire. <\/strong><\/span>Patrick Achi ce lundi \u00e0 Anyama (Ph)<\/p>\n<p>Le premier ministre a pos\u00e9 aujourd&rsquo;hui, la premi\u00e8re pierre et lanc\u00e9 les travaux de construction de sept \u00e9tablissements de formation professionnelle \u00e0 Ebimp\u00e9 dans la p\u00e9riph\u00e9rie d&rsquo;Abidjan. Le projet est financ\u00e9 \u00e0 hauteur de pr\u00e8s de 22 Milliards de FCFA par l&rsquo;Etat ivoirien et pr\u00e8s de 124,6 Milliards de FCFA par l&rsquo;EXIM BANK OF CHINA, soit un montant total de 146, 5 Milliards de FCFA et les travaux seront ex\u00e9cut\u00e9s par l&rsquo;entreprise chinoise AVIC International.<\/p>\n<p>Achi, a, \u00e0 l&rsquo;occasion, salu\u00e9, l&rsquo;ensemble des repr\u00e9sentants des partenaires techniques et financiers, ainsi que ceux du secteur priv\u00e9 qui accompagnent l&rsquo;Etat de C\u00f4te d&rsquo;Ivoire dans la concr\u00e9tisation de sa volont\u00e9 politique de faire de l&rsquo;Enseignement Technique et de la Formation Professionnelle le fer de lance de la transformation \u00e9conomique et sociale.<\/p>\n<p>Il a indiqu\u00e9 que le pays a d&rsquo;abord besoin aujourd&rsquo;hui de techniciens et d&rsquo;ing\u00e9nieurs pour acc\u00e9l\u00e9rer la marche de l&rsquo;industrie, de ses entreprises et celle du march\u00e9 de l&#8217;emploi, car l&rsquo;avenir ivoirien passe donc par ces fili\u00e8res essentielles, ces fili\u00e8res d&rsquo;avenir offrant acc\u00e8s \u00e0 des m\u00e9tiers passionnants, des progr\u00e8s sociaux et humains.<\/p>\n<p>\u00abL&rsquo;atteinte de ces objectifs demande de mettre en place un \u00e9cosyst\u00e8me int\u00e9gr\u00e9 prenant en compte toutes les \u00e9tapes du d\u00e9veloppement du Capital Humain ; d\u00e8s la naissance par un syst\u00e8me de sant\u00e9 efficace et une nutrition de qualit\u00e9 en vue de garantir l&rsquo;\u00e9panouissement du plein potentiel cognitif des enfants. Il faut poursuivre avec un syst\u00e8me \u00e9ducatif performant de la maternelle et des cours \u00e9l\u00e9mentaires jusqu&rsquo;aux universit\u00e9s et grandes \u00e9coles \u00bb, a ajout\u00e9, J\u00e9r\u00f4me Patrick Achi.<\/p>\n<p>Selon lui, d\u00e8s le niveau secondaire, l&rsquo;enseignement technique et la formation professionnelle devrait \u00eatre parfaitement int\u00e9gr\u00e9 dans ce dispositif par des passerelles en vue de r\u00e9pondre \u00e0 la demande par un enseignement de qualit\u00e9.<\/p>\n<p>Ce dispositif vise \u00e0 assurer une formation de qualit\u00e9 aux normes internationales de la jeunesse, pour un capital humain de qualit\u00e9 et suffisant \u00e0 tous les niveaux de corps de m\u00e9tiers, au service du d\u00e9veloppement et de la stabilit\u00e9 du pays.<\/p>\n<p>Le chef du Gouvernement est convaincu que cette jeunesse viendra renforcer le tissu \u00e9conomique pour le rendre plus dynamique et permettre \u00e0 certaines PME de devenir des champions nationaux.<\/p>\n<p>\u00ab Ce matin, je me r\u00e9jouis d&rsquo;\u00eatre parmi vous afin d&rsquo;investir dans le futur et je suis d&rsquo;autant plus heureux qu&rsquo;il s&rsquo;agit d&rsquo;investir pour l&rsquo;avenir de notre jeunesse et de renforcer particuli\u00e8rement la formation professionnelle. Il s&rsquo;agit, en effet, de proc\u00e9der aujourd&rsquo;hui \u00e0 la pose de la premi\u00e8re pierre et de lancer ainsi les travaux de construction de sept (7) \u00e9tablissements de formation professionnelle dans sept (7) localit\u00e9s de notre pays dont, \u00e9videmment, Ebimp\u00e9. Les autres localit\u00e9s concern\u00e9es par le projet sont Dabakala, Kong, Gb\u00e9l\u00e9ban, Korhogo, Diabo et Yamoussoukro \u00bb, s&rsquo;est r\u00e9joui, le Premier ministre.<\/p>\n<p>Le projet est financ\u00e9 \u00e0 hauteur de pr\u00e8s de 22 Milliards de FCFA par l&rsquo;Etat ivoirien et pr\u00e8s de 124,6 Milliards de FCFA par l&rsquo;EXIM BANK OF CHINA, soit un montant total de 146, 5 Milliards, en parfaite coh\u00e9rence avec l&rsquo;ambition de d\u00e9veloppement \u00e9conomique et social du Gouvernement, contribuera \u00e0 assurer, pour la jeunesse, une \u00e9ducation performante et une tr\u00e8s bonne insertion dans le tissu socio-\u00e9conomique.<\/p>\n<p>Ces \u00e9tablissements offriront une diversit\u00e9 de formations qualifiantes notamment en M\u00e9canique G\u00e9n\u00e9rale ; Electricit\u00e9 et Electronique ; Maintenance V\u00e9hicule et Engins ; Chaudronnerie \u2013 Soudure ; Imprimerie ; Froid \u2013 Climatisation ; Conducteur d&rsquo;Engins de travaux Publics ; Fluide et transformation d&rsquo;agro-alimentaire ; Agriculture et Elevage ; M\u00e9canique Agricole<\/p>\n<p>Selon Patrick Achi, tous ces investissements consentis par l&rsquo;Etat de C\u00f4te d&rsquo;Ivoire sont donc n\u00e9cessaires en vue d&rsquo;exploiter le potentiel de la jeunesse et de promouvoir ainsi une meilleure prosp\u00e9rit\u00e9 dans le pays.<\/p>\n<p>La mise en \u0153uvre de ce projet s&rsquo;inscrira sur une dur\u00e9e de sept ann\u00e9es, dont trois pour la construction et les \u00e9quipements et quatre au cours desquelles le partenaire accompagnera le corps enseignant pour la formation des \u00e9l\u00e8ves , du corps enseignant ainsi que pour la maintenance des \u00e9quipements. Cette disposition permettra d&rsquo;inscrire nos \u00e9tablissements dans la durabilit\u00e9 dans une performance durable et de rendre comp\u00e9titives les formations. Les travaux seront ex\u00e9cut\u00e9s par l&rsquo;entreprise chinoise AVIC International (Aviation Industry Corporation of China).<\/p>\n<p>Patrick Achi a enfin mentionn\u00e9 que tous ces investissements consentis par l&rsquo;Etat de C\u00f4te d&rsquo;Ivoire sont ainsi n\u00e9cessaires en vue d&rsquo;exploiter le potentiel de la jeunesse et de promouvoir ainsi une meilleure prosp\u00e9rit\u00e9 dans le pays.<\/p>\n<p>Wassimagnon<\/p>\n<p><strong>Pour plus d&rsquo;informations et d&rsquo;analyses sur la <a href=\"https:\/\/www.africa-press.net\/cotedivoire\">C\u00f4te d&rsquo;Ivoire<\/a>, suivez <a href=\"https:\/\/www.africa-press.net\/\">Africa-Press<\/a><\/strong><\/p>\n","protected":false},"excerpt":{"rendered":"<p>Africa-Press &#8211; C\u00f4te d&rsquo;Ivoire. Patrick Achi ce lundi \u00e0 Anyama (Ph) Le premier ministre a pos\u00e9 aujourd&rsquo;hui, la premi\u00e8re pierre et lanc\u00e9 les travaux de construction de sept \u00e9tablissements de formation professionnelle \u00e0 Ebimp\u00e9 dans la p\u00e9riph\u00e9rie d&rsquo;Abidjan. Le projet est financ\u00e9 \u00e0 hauteur de pr\u00e8s de 22 Milliards de FCFA par l&rsquo;Etat ivoirien et [&hellip;]<\/p>\n","protected":false},"author":82,"featured_media":26170,"comment_status":"open","ping_status":"closed","sticky":false,"template":"","format":"standard","meta":{"footnotes":""},"categories":[21,11,10],"tags":[56,63,504,29,1412,1197,865,402,4064],"class_list":["post-26171","post","type-post","status-publish","format-standard","has-post-thumbnail","hentry","category-communaute","category-homepage-french","category-toutes-les-actualites","tag-africa-press","tag-africa-press-cote-divoire","tag-anyama","tag-cote-divoire","tag-ebimpe","tag-etablissements","tag-formation","tag-patrick-achi","tag-professionnelle"],"yoast_head":"<!-- This site is optimized with the Yoast SEO Premium plugin v26.1 (Yoast SEO v27.0) - https:\/\/yoast.com\/product\/yoast-seo-premium-wordpress\/ -->\n<title>Lancement de la construction du premier des 7 \u00e9tablissements de formation professionnelle, co\u00fbt total 146,5 milliards - C\u00f4te d&#039;Ivoire<\/title>\n<meta name=\"description\" content=\"Patrick Achi ce lundi \u00e0 Anyama (Ph) Le premier ministre a pos\u00e9 aujourd&#039;hui, la premi\u00e8re pierre et lanc\u00e9 les travaux de ...\" \/>\n<meta name=\"robots\" content=\"index, follow, max-snippet:-1, max-image-preview:large, max-video-preview:-1\" \/>\n<link rel=\"canonical\" href=\"https:\/\/www.africa-press.net\/cotedivoire\/toutes-les-actualites\/lancement-de-la-construction-du-premier-des-7-etablissements-de-formation-professionnelle-cout-total-1465-milliards\" \/>\n<meta property=\"og:locale\" content=\"fr_FR\" \/>\n<meta property=\"og:type\" content=\"article\" \/>\n<meta property=\"og:title\" content=\"Lancement de la construction du premier des 7 \u00e9tablissements de formation professionnelle, co\u00fbt total 146,5 milliards\" \/>\n<meta property=\"og:description\" content=\"Patrick Achi ce lundi \u00e0 Anyama (Ph) Le premier ministre a pos\u00e9 aujourd&#039;hui, la premi\u00e8re pierre et lanc\u00e9 les travaux de ...\" \/>\n<meta property=\"og:url\" content=\"https:\/\/www.africa-press.net\/cotedivoire\/toutes-les-actualites\/lancement-de-la-construction-du-premier-des-7-etablissements-de-formation-professionnelle-cout-total-1465-milliards\" \/>\n<meta property=\"og:site_name\" content=\"C\u00f4te d&#039;Ivoire\" \/>\n<meta property=\"article:published_time\" content=\"2022-01-25T19:15:11+00:00\" \/>\n<meta property=\"og:image\" content=\"https:\/\/static.africa-press.net\/cote\/sites\/43\/2022\/01\/img-61f03cecd6929.jpg\" \/>\n\t<meta property=\"og:image:width\" content=\"720\" \/>\n\t<meta property=\"og:image:height\" content=\"418\" \/>\n\t<meta property=\"og:image:type\" content=\"image\/jpeg\" \/>\n<meta name=\"author\" content=\"cfeditorfr\" \/>\n<meta name=\"twitter:card\" content=\"summary_large_image\" \/>\n<meta name=\"twitter:label1\" content=\"\u00c9crit par\" \/>\n\t<meta name=\"twitter:data1\" content=\"cfeditorfr\" \/>\n\t<meta name=\"twitter:label2\" content=\"Dur\u00e9e de lecture estim\u00e9e\" \/>\n\t<meta name=\"twitter:data2\" content=\"4 minutes\" \/>\n<script type=\"application\/ld+json\" class=\"yoast-schema-graph\">{\"@context\":\"https:\/\/schema.org\",\"@graph\":[{\"@type\":\"Article\",\"@id\":\"https:\/\/www.africa-press.net\/cotedivoire\/toutes-les-actualites\/lancement-de-la-construction-du-premier-des-7-etablissements-de-formation-professionnelle-cout-total-1465-milliards#article\",\"isPartOf\":{\"@id\":\"https:\/\/www.africa-press.net\/cotedivoire\/toutes-les-actualites\/lancement-de-la-construction-du-premier-des-7-etablissements-de-formation-professionnelle-cout-total-1465-milliards\"},\"author\":{\"name\":\"cfeditorfr\",\"@id\":\"https:\/\/www.africa-press.net\/cotedivoire\/#\/schema\/person\/2b1cf3cd81a31e3cd26889ca66d677f1\"},\"headline\":\"Lancement de la construction du premier des 7 \u00e9tablissements de formation professionnelle, co\u00fbt total 146,5 milliards\",\"datePublished\":\"2022-01-25T19:15:11+00:00\",\"mainEntityOfPage\":{\"@id\":\"https:\/\/www.africa-press.net\/cotedivoire\/toutes-les-actualites\/lancement-de-la-construction-du-premier-des-7-etablissements-de-formation-professionnelle-cout-total-1465-milliards\"},\"wordCount\":836,\"commentCount\":0,\"image\":{\"@id\":\"https:\/\/www.africa-press.net\/cotedivoire\/toutes-les-actualites\/lancement-de-la-construction-du-premier-des-7-etablissements-de-formation-professionnelle-cout-total-1465-milliards#primaryimage\"},\"thumbnailUrl\":\"https:\/\/static.africa-press.net\/cote\/sites\/43\/2022\/01\/img-61f03cecd6929.jpg\",\"keywords\":[\"Africa Press\",\"Africa Press-C\u00f4te d'Ivoire\",\"Anyama\",\"C\u00d4TE D'IVOIRE\",\"Ebimp\u00e9\",\"\u00e9tablissements\",\"Formation\",\"Patrick Achi\",\"professionnelle\"],\"articleSection\":[\"Communaut\u00e9\",\"homepage-french\",\"Toutes les actualit\u00e9s\"],\"inLanguage\":\"fr-FR\",\"potentialAction\":[{\"@type\":\"CommentAction\",\"name\":\"Comment\",\"target\":[\"https:\/\/www.africa-press.net\/cotedivoire\/toutes-les-actualites\/lancement-de-la-construction-du-premier-des-7-etablissements-de-formation-professionnelle-cout-total-1465-milliards#respond\"]}]},{\"@type\":\"WebPage\",\"@id\":\"https:\/\/www.africa-press.net\/cotedivoire\/toutes-les-actualites\/lancement-de-la-construction-du-premier-des-7-etablissements-de-formation-professionnelle-cout-total-1465-milliards\",\"url\":\"https:\/\/www.africa-press.net\/cotedivoire\/toutes-les-actualites\/lancement-de-la-construction-du-premier-des-7-etablissements-de-formation-professionnelle-cout-total-1465-milliards\",\"name\":\"Lancement de la construction du premier des 7 \u00e9tablissements de formation professionnelle, co\u00fbt total 146,5 milliards - C\u00f4te d&#039;Ivoire\",\"isPartOf\":{\"@id\":\"https:\/\/www.africa-press.net\/cotedivoire\/#website\"},\"primaryImageOfPage\":{\"@id\":\"https:\/\/www.africa-press.net\/cotedivoire\/toutes-les-actualites\/lancement-de-la-construction-du-premier-des-7-etablissements-de-formation-professionnelle-cout-total-1465-milliards#primaryimage\"},\"image\":{\"@id\":\"https:\/\/www.africa-press.net\/cotedivoire\/toutes-les-actualites\/lancement-de-la-construction-du-premier-des-7-etablissements-de-formation-professionnelle-cout-total-1465-milliards#primaryimage\"},\"thumbnailUrl\":\"https:\/\/static.africa-press.net\/cote\/sites\/43\/2022\/01\/img-61f03cecd6929.jpg\",\"datePublished\":\"2022-01-25T19:15:11+00:00\",\"author\":{\"@id\":\"https:\/\/www.africa-press.net\/cotedivoire\/#\/schema\/person\/2b1cf3cd81a31e3cd26889ca66d677f1\"},\"description\":\"Patrick Achi ce lundi \u00e0 Anyama (Ph) Le premier ministre a pos\u00e9 aujourd'hui, la premi\u00e8re pierre et lanc\u00e9 les travaux de ...\",\"breadcrumb\":{\"@id\":\"https:\/\/www.africa-press.net\/cotedivoire\/toutes-les-actualites\/lancement-de-la-construction-du-premier-des-7-etablissements-de-formation-professionnelle-cout-total-1465-milliards#breadcrumb\"},\"inLanguage\":\"fr-FR\",\"potentialAction\":[{\"@type\":\"ReadAction\",\"target\":[\"https:\/\/www.africa-press.net\/cotedivoire\/toutes-les-actualites\/lancement-de-la-construction-du-premier-des-7-etablissements-de-formation-professionnelle-cout-total-1465-milliards\"]}]},{\"@type\":\"ImageObject\",\"inLanguage\":\"fr-FR\",\"@id\":\"https:\/\/www.africa-press.net\/cotedivoire\/toutes-les-actualites\/lancement-de-la-construction-du-premier-des-7-etablissements-de-formation-professionnelle-cout-total-1465-milliards#primaryimage\",\"url\":\"https:\/\/static.africa-press.net\/cote\/sites\/43\/2022\/01\/img-61f03cecd6929.jpg\",\"contentUrl\":\"https:\/\/static.africa-press.net\/cote\/sites\/43\/2022\/01\/img-61f03cecd6929.jpg\",\"width\":720,\"height\":418,\"caption\":\"Lancement de la construction du premier des 7 \u00e9tablissements de formation professionnelle, co\u00fbt total 146,5 milliards\"},{\"@type\":\"BreadcrumbList\",\"@id\":\"https:\/\/www.africa-press.net\/cotedivoire\/toutes-les-actualites\/lancement-de-la-construction-du-premier-des-7-etablissements-de-formation-professionnelle-cout-total-1465-milliards#breadcrumb\",\"itemListElement\":[{\"@type\":\"ListItem\",\"position\":1,\"name\":\"Accueil\",\"item\":\"https:\/\/www.africa-press.net\/cotedivoire\/\"},{\"@type\":\"ListItem\",\"position\":2,\"name\":\"Lancement de la construction du premier des 7 \u00e9tablissements de formation professionnelle, co\u00fbt total 146,5 milliards\"}]},{\"@type\":\"WebSite\",\"@id\":\"https:\/\/www.africa-press.net\/cotedivoire\/#website\",\"url\":\"https:\/\/www.africa-press.net\/cotedivoire\/\",\"name\":\"C\u00f4te d&#039;Ivoire\",\"description\":\"Just another Africa News Agency Sites site\",\"potentialAction\":[{\"@type\":\"SearchAction\",\"target\":{\"@type\":\"EntryPoint\",\"urlTemplate\":\"https:\/\/www.africa-press.net\/cotedivoire\/?s={search_term_string}\"},\"query-input\":{\"@type\":\"PropertyValueSpecification\",\"valueRequired\":true,\"valueName\":\"search_term_string\"}}],\"inLanguage\":\"fr-FR\"},{\"@type\":\"Person\",\"@id\":\"https:\/\/www.africa-press.net\/cotedivoire\/#\/schema\/person\/2b1cf3cd81a31e3cd26889ca66d677f1\",\"name\":\"cfeditorfr\"}]}<\/script>\n<!-- \/ Yoast SEO Premium plugin. -->","yoast_head_json":{"title":"Lancement de la construction du premier des 7 \u00e9tablissements de formation professionnelle, co\u00fbt total 146,5 milliards - C\u00f4te d&#039;Ivoire","description":"Patrick Achi ce lundi \u00e0 Anyama (Ph) Le premier ministre a pos\u00e9 aujourd'hui, la premi\u00e8re pierre et lanc\u00e9 les travaux de ...","robots":{"index":"index","follow":"follow","max-snippet":"max-snippet:-1","max-image-preview":"max-image-preview:large","max-video-preview":"max-video-preview:-1"},"canonical":"https:\/\/www.africa-press.net\/cotedivoire\/toutes-les-actualites\/lancement-de-la-construction-du-premier-des-7-etablissements-de-formation-professionnelle-cout-total-1465-milliards","og_locale":"fr_FR","og_type":"article","og_title":"Lancement de la construction du premier des 7 \u00e9tablissements de formation professionnelle, co\u00fbt total 146,5 milliards","og_description":"Patrick Achi ce lundi \u00e0 Anyama (Ph) Le premier ministre a pos\u00e9 aujourd'hui, la premi\u00e8re pierre et lanc\u00e9 les travaux de ...","og_url":"https:\/\/www.africa-press.net\/cotedivoire\/toutes-les-actualites\/lancement-de-la-construction-du-premier-des-7-etablissements-de-formation-professionnelle-cout-total-1465-milliards","og_site_name":"C\u00f4te d&#039;Ivoire","article_published_time":"2022-01-25T19:15:11+00:00","og_image":[{"width":720,"height":418,"url":"https:\/\/static.africa-press.net\/cote\/sites\/43\/2022\/01\/img-61f03cecd6929.jpg","type":"image\/jpeg"}],"author":"cfeditorfr","twitter_card":"summary_large_image","twitter_misc":{"\u00c9crit par":"cfeditorfr","Dur\u00e9e de lecture estim\u00e9e":"4 minutes"},"schema":{"@context":"https:\/\/schema.org","@graph":[{"@type":"Article","@id":"https:\/\/www.africa-press.net\/cotedivoire\/toutes-les-actualites\/lancement-de-la-construction-du-premier-des-7-etablissements-de-formation-professionnelle-cout-total-1465-milliards#article","isPartOf":{"@id":"https:\/\/www.africa-press.net\/cotedivoire\/toutes-les-actualites\/lancement-de-la-construction-du-premier-des-7-etablissements-de-formation-professionnelle-cout-total-1465-milliards"},"author":{"name":"cfeditorfr","@id":"https:\/\/www.africa-press.net\/cotedivoire\/#\/schema\/person\/2b1cf3cd81a31e3cd26889ca66d677f1"},"headline":"Lancement de la construction du premier des 7 \u00e9tablissements de formation professionnelle, co\u00fbt total 146,5 milliards","datePublished":"2022-01-25T19:15:11+00:00","mainEntityOfPage":{"@id":"https:\/\/www.africa-press.net\/cotedivoire\/toutes-les-actualites\/lancement-de-la-construction-du-premier-des-7-etablissements-de-formation-professionnelle-cout-total-1465-milliards"},"wordCount":836,"commentCount":0,"image":{"@id":"https:\/\/www.africa-press.net\/cotedivoire\/toutes-les-actualites\/lancement-de-la-construction-du-premier-des-7-etablissements-de-formation-professionnelle-cout-total-1465-milliards#primaryimage"},"thumbnailUrl":"https:\/\/static.africa-press.net\/cote\/sites\/43\/2022\/01\/img-61f03cecd6929.jpg","keywords":["Africa Press","Africa Press-C\u00f4te d'Ivoire","Anyama","C\u00d4TE D'IVOIRE","Ebimp\u00e9","\u00e9tablissements","Formation","Patrick Achi","professionnelle"],"articleSection":["Communaut\u00e9","homepage-french","Toutes les actualit\u00e9s"],"inLanguage":"fr-FR","potentialAction":[{"@type":"CommentAction","name":"Comment","target":["https:\/\/www.africa-press.net\/cotedivoire\/toutes-les-actualites\/lancement-de-la-construction-du-premier-des-7-etablissements-de-formation-professionnelle-cout-total-1465-milliards#respond"]}]},{"@type":"WebPage","@id":"https:\/\/www.africa-press.net\/cotedivoire\/toutes-les-actualites\/lancement-de-la-construction-du-premier-des-7-etablissements-de-formation-professionnelle-cout-total-1465-milliards","url":"https:\/\/www.africa-press.net\/cotedivoire\/toutes-les-actualites\/lancement-de-la-construction-du-premier-des-7-etablissements-de-formation-professionnelle-cout-total-1465-milliards","name":"Lancement de la construction du premier des 7 \u00e9tablissements de formation professionnelle, co\u00fbt total 146,5 milliards - C\u00f4te d&#039;Ivoire","isPartOf":{"@id":"https:\/\/www.africa-press.net\/cotedivoire\/#website"},"primaryImageOfPage":{"@id":"https:\/\/www.africa-press.net\/cotedivoire\/toutes-les-actualites\/lancement-de-la-construction-du-premier-des-7-etablissements-de-formation-professionnelle-cout-total-1465-milliards#primaryimage"},"image":{"@id":"https:\/\/www.africa-press.net\/cotedivoire\/toutes-les-actualites\/lancement-de-la-construction-du-premier-des-7-etablissements-de-formation-professionnelle-cout-total-1465-milliards#primaryimage"},"thumbnailUrl":"https:\/\/static.africa-press.net\/cote\/sites\/43\/2022\/01\/img-61f03cecd6929.jpg","datePublished":"2022-01-25T19:15:11+00:00","author":{"@id":"https:\/\/www.africa-press.net\/cotedivoire\/#\/schema\/person\/2b1cf3cd81a31e3cd26889ca66d677f1"},"description":"Patrick Achi ce lundi \u00e0 Anyama (Ph) Le premier ministre a pos\u00e9 aujourd'hui, la premi\u00e8re pierre et lanc\u00e9 les travaux de ...","breadcrumb":{"@id":"https:\/\/www.africa-press.net\/cotedivoire\/toutes-les-actualites\/lancement-de-la-construction-du-premier-des-7-etablissements-de-formation-professionnelle-cout-total-1465-milliards#breadcrumb"},"inLanguage":"fr-FR","potentialAction":[{"@type":"ReadAction","target":["https:\/\/www.africa-press.net\/cotedivoire\/toutes-les-actualites\/lancement-de-la-construction-du-premier-des-7-etablissements-de-formation-professionnelle-cout-total-1465-milliards"]}]},{"@type":"ImageObject","inLanguage":"fr-FR","@id":"https:\/\/www.africa-press.net\/cotedivoire\/toutes-les-actualites\/lancement-de-la-construction-du-premier-des-7-etablissements-de-formation-professionnelle-cout-total-1465-milliards#primaryimage","url":"https:\/\/static.africa-press.net\/cote\/sites\/43\/2022\/01\/img-61f03cecd6929.jpg","contentUrl":"https:\/\/static.africa-press.net\/cote\/sites\/43\/2022\/01\/img-61f03cecd6929.jpg","width":720,"height":418,"caption":"Lancement de la construction du premier des 7 \u00e9tablissements de formation professionnelle, co\u00fbt total 146,5 milliards"},{"@type":"BreadcrumbList","@id":"https:\/\/www.africa-press.net\/cotedivoire\/toutes-les-actualites\/lancement-de-la-construction-du-premier-des-7-etablissements-de-formation-professionnelle-cout-total-1465-milliards#breadcrumb","itemListElement":[{"@type":"ListItem","position":1,"name":"Accueil","item":"https:\/\/www.africa-press.net\/cotedivoire\/"},{"@type":"ListItem","position":2,"name":"Lancement de la construction du premier des 7 \u00e9tablissements de formation professionnelle, co\u00fbt total 146,5 milliards"}]},{"@type":"WebSite","@id":"https:\/\/www.africa-press.net\/cotedivoire\/#website","url":"https:\/\/www.africa-press.net\/cotedivoire\/","name":"C\u00f4te d&#039;Ivoire","description":"Just another Africa News Agency Sites site","potentialAction":[{"@type":"SearchAction","target":{"@type":"EntryPoint","urlTemplate":"https:\/\/www.africa-press.net\/cotedivoire\/?s={search_term_string}"},"query-input":{"@type":"PropertyValueSpecification","valueRequired":true,"valueName":"search_term_string"}}],"inLanguage":"fr-FR"},{"@type":"Person","@id":"https:\/\/www.africa-press.net\/cotedivoire\/#\/schema\/person\/2b1cf3cd81a31e3cd26889ca66d677f1","name":"cfeditorfr"}]}},"_links":{"self":[{"href":"https:\/\/www.africa-press.net\/cotedivoire\/wp-json\/wp\/v2\/posts\/26171","targetHints":{"allow":["GET"]}}],"collection":[{"href":"https:\/\/www.africa-press.net\/cotedivoire\/wp-json\/wp\/v2\/posts"}],"about":[{"href":"https:\/\/www.africa-press.net\/cotedivoire\/wp-json\/wp\/v2\/types\/post"}],"author":[{"embeddable":true,"href":"https:\/\/www.africa-press.net\/cotedivoire\/wp-json\/wp\/v2\/users\/82"}],"replies":[{"embeddable":true,"href":"https:\/\/www.africa-press.net\/cotedivoire\/wp-json\/wp\/v2\/comments?post=26171"}],"version-history":[{"count":0,"href":"https:\/\/www.africa-press.net\/cotedivoire\/wp-json\/wp\/v2\/posts\/26171\/revisions"}],"wp:featuredmedia":[{"embeddable":true,"href":"https:\/\/www.africa-press.net\/cotedivoire\/wp-json\/wp\/v2\/media\/26170"}],"wp:attachment":[{"href":"https:\/\/www.africa-press.net\/cotedivoire\/wp-json\/wp\/v2\/media?parent=26171"}],"wp:term":[{"taxonomy":"category","embeddable":true,"href":"https:\/\/www.africa-press.net\/cotedivoire\/wp-json\/wp\/v2\/categories?post=26171"},{"taxonomy":"post_tag","embeddable":true,"href":"https:\/\/www.africa-press.net\/cotedivoire\/wp-json\/wp\/v2\/tags?post=26171"}],"curies":[{"name":"wp","href":"https:\/\/api.w.org\/{rel}","templated":true}]}}