{"id":26204,"date":"2022-01-25T20:42:50","date_gmt":"2022-01-25T20:42:50","guid":{"rendered":"https:\/\/www.africa-press.net\/cotedivoire\/?p=26204"},"modified":"2022-01-25T18:18:04","modified_gmt":"2022-01-25T18:18:04","slug":"les-deputes-adoptent-le-projet-de-loi-portant-regime-fiscal-et-douanier-de-concession-de-la-ligne-1-du-metro-dabidjan","status":"publish","type":"post","link":"https:\/\/www.africa-press.net\/cotedivoire\/toutes-les-actualites\/les-deputes-adoptent-le-projet-de-loi-portant-regime-fiscal-et-douanier-de-concession-de-la-ligne-1-du-metro-dabidjan","title":{"rendered":"Les d\u00e9put\u00e9s adoptent le projet de loi portant r\u00e9gime fiscal et douanier de concession de la ligne 1 du m\u00e9tro d&rsquo;Abidjan"},"content":{"rendered":"<p><span style=\"color: #ff6600\"><strong>Africa-Press &#8211; C\u00f4te d&rsquo;Ivoire. <\/strong><\/span><b>Visite en 2021 de la ligne du M\u00e9tro allant d\u2019Anyama \u00e0 Port-Bou\u00ebt par le PM et des membres du Gouvernement (Ph)<\/b><\/p>\n<p>La Commission Affaires \u00c9conomiques et Financi\u00e8res (CAEF) a adopt\u00e9, ce lundi 24 janvier 2022, deux projets de loi pr\u00e9sent\u00e9s par le ministre du Budget et du portefeuille de l\u2019Etat, Monsieur Moussa Sanogo. Ce sont :<\/p>\n<p>Le projet de loi portant ratification de l\u2019ordonnance n\u00b02021-433 du 8 septembre 2021 portant l\u00e9galisation du r\u00e9gime fiscal et douanier de la convention de concession de la ligne 1 du m\u00e9tro d\u2019Abidjan ; Le projet de loi portant ratification de l\u2019ordonnance n\u00b02021-672 du 3 novembre 2021 portant l\u00e9galisation du r\u00e9gime fiscal et douanier de la convention de concession pour la conception, le financement, la construction, l\u2019exploitation et le transfert de propri\u00e9t\u00e9 de l\u2019am\u00e9nagement hydro\u00e9lectrique de Singrobo-Ahouaty, d\u2019une puissance install\u00e9e de 44 MW, sur le fleuve Bandama (la \u2018\u2019Convention IHE\u2019\u2019).<\/p>\n<p>Du projet de loi portant ratification de l\u2019ordonnance n\u00b02021-433 du 8 septembre 2021 portant l\u00e9galisation du r\u00e9gime fiscal et douanier de la convention de concession de la ligne 1 du m\u00e9tro d\u2019Abidjan.<\/p>\n<p>Adopt\u00e9 \u00e0 la majorit\u00e9 des membres pr\u00e9sents de la CAEF, le repr\u00e9sentant du pr\u00e9sident de la R\u00e9publique, Monsieur Moussa Sanogo, a expliqu\u00e9 que le projet de loi a pour objectif de faciliter la mise en \u0153uvre du projet de la ligne 1 du m\u00e9tro d\u2019Abidjan.<\/p>\n<p>Plus pr\u00e9cis\u00e9ment, le ministre a indiqu\u00e9 que le projet de loi vise \u00e0 l\u2019am\u00e9nagement d\u2019un r\u00e9gime fiscal et douanier particulier applicable pendant la phase de r\u00e9alisation des travaux du projet de la ligne 1 du m\u00e9tro d\u2019Abidjan. Ce r\u00e9gime a fait l\u2019objet d\u2019une annexe fiscale \u00e0 la convention de concession. Celle-ci pr\u00e9voit sur une p\u00e9riode de 5 ans, correspondant \u00e0 la dur\u00e9e des travaux, des exon\u00e9rations qui couvrent les imp\u00f4ts directs et indirects d\u2019une valeur de 53.8 milliards FCFA. Quant \u00e0 la TVA ainsi qu\u2019aux droits et taxes \u00e0 l\u2019importation, il a \u00e9t\u00e9 retenu leur prise en charge par le m\u00e9canisme des ch\u00e8ques sp\u00e9ciaux du tr\u00e9sor.<\/p>\n<p>Pr\u00e9cisons que les avantages fiscaux et douaniers pr\u00e9vus par l\u2019annexe fiscale \u00e0 la convention ont permis une r\u00e9duction du co\u00fbt global du projet de l\u2019ordre de 226,3 milliards de francs.<\/p>\n<p>Du projet de loi portant ratification de l\u2019ordonnance n\u00b02021-672 du 3 novembre 2021 portant l\u00e9galisation du r\u00e9gime fiscal et douanier de la convention de concession pour la conception, le financement, la construction, l\u2019exploitation et le transfert de propri\u00e9t\u00e9 de l\u2019am\u00e9nagement hydro\u00e9lectrique de Singrobo-Ahouaty, d\u2019une puissance install\u00e9e de 44 MW, sur le fleuve Bandama (la \u2018\u2019Convention IHE\u2019\u2019).<\/p>\n<p>Le ministre Sanogo a indiqu\u00e9 que cette ordonnance exon\u00e8re la soci\u00e9t\u00e9 IHE de plusieurs taxes pendant la p\u00e9riode d\u2019investissement de l\u2019am\u00e9nagement hydro\u00e9lectrique de Singrobo-Ahouaty. Il s\u2019agit notamment de la taxe sur la valeur ajout\u00e9e des droits de douane et taxes d\u2019entr\u00e9es per\u00e7ue \u00e0 l\u2019importation des biens et services de toutes natures affect\u00e9es exclusivement \u00e0 la r\u00e9alisation de l\u2019am\u00e9nagement hydro\u00e9lectrique, \u00e0 l\u2019exclusion des droits communautaires de la taxe \u00e0 l\u2019importation de l\u2019Union Africaine et de la redevance statistique. De la taxe sur les op\u00e9rations bancaire et de tous droits et taxes exigibles en r\u00e9gime int\u00e9rieur sur les acquisitions des biens, services et travaux de toutes natures affect\u00e9s exclusivement \u00e0 la r\u00e9alisation de l\u2019am\u00e9nagement hydro\u00e9lectrique.<\/p>\n<p>Ces exon\u00e9rations concernent les biens directement affect\u00e9s \u00e0 la r\u00e9alisation de l\u2019am\u00e9nagement hydro\u00e9lectrique et s\u2019appliquent aux mat\u00e9riels et mat\u00e9riaux de construction et leurs constituants, aux \u00e9quipements, aux machines, \u2026 \u00e0 l\u2019exclusion des v\u00e9hicules de tourisme.<\/p>\n<p>De m\u00eame, le ministre du Budget et du portefeuille de l\u2019Etat a indiqu\u00e9 que pendant la p\u00e9riode d\u2019investissement et sur toute la dur\u00e9e d\u2019amortissement des pr\u00eats ayant servi au financement de l\u2019am\u00e9nagement hydro\u00e9lectrique et Contrat de r\u00e9alisation des Infrastructures de Base Associ\u00e9es \u00e0 la Centrale Hydro\u00e9lectrique (CRIBACH), les int\u00e9r\u00eats desdits pr\u00eats vers\u00e9s par la soci\u00e9t\u00e9 IHE aux bailleurs de fonds du projet sont exon\u00e9r\u00e9s de l\u2019imp\u00f4t sur le revenu des cr\u00e9ances.<\/p>\n<p>En outre, pendant toute la p\u00e9riode d\u2019exploitation de l\u2019am\u00e9nagement hydro\u00e9lectrique jusqu\u2019\u00e0 la cessation de la convention, quel qu\u2019en soit la cause la soci\u00e9t\u00e9 IHE sera exon\u00e9r\u00e9e de la TVA, des droits de douane et taxe d\u2019entr\u00e9e. \u00c9galement, durant une p\u00e9riode de 15 ann\u00e9es contractuelles, IHE b\u00e9n\u00e9ficie des exon\u00e9rations notamment de l\u2019imp\u00f4t sur les BIC, les patentes\u2026<\/p>\n<p>Ce projet de loi a \u00e9t\u00e9 ratifi\u00e9 \u00e0 l\u2019unanimit\u00e9 des membres pr\u00e9sents de la CAEF lors de la s\u00e9ance conduite par Monsieur Issouf Traor\u00e9, pr\u00e9sident de la CAEF, informent les services de l\u2019Assembl\u00e9e Nationale.<\/p>\n<p>Donatien Kautcha, Abidjan<\/p>\n<p><strong>Pour plus d&rsquo;informations et d&rsquo;analyses sur la <a href=\"https:\/\/www.africa-press.net\/cotedivoire\">C\u00f4te d&rsquo;Ivoire<\/a>, suivez <a href=\"https:\/\/www.africa-press.net\/\">Africa-Press<\/a><\/strong><\/p>\n","protected":false},"excerpt":{"rendered":"<p>Africa-Press &#8211; C\u00f4te d&rsquo;Ivoire. Visite en 2021 de la ligne du M\u00e9tro allant d\u2019Anyama \u00e0 Port-Bou\u00ebt par le PM et des membres du Gouvernement (Ph) La Commission Affaires \u00c9conomiques et Financi\u00e8res (CAEF) a adopt\u00e9, ce lundi 24 janvier 2022, deux projets de loi pr\u00e9sent\u00e9s par le ministre du Budget et du portefeuille de l\u2019Etat, Monsieur [&hellip;]<\/p>\n","protected":false},"author":82,"featured_media":26203,"comment_status":"open","ping_status":"closed","sticky":false,"template":"","format":"standard","meta":{"footnotes":""},"categories":[21,11,10],"tags":[30,56,63,29,503,1102,3037,4082],"class_list":["post-26204","post","type-post","status-publish","format-standard","has-post-thumbnail","hentry","category-communaute","category-homepage-french","category-toutes-les-actualites","tag-abidjan","tag-africa-press","tag-africa-press-cote-divoire","tag-cote-divoire","tag-metro","tag-moussa-sanogo","tag-projets","tag-singrobo"],"yoast_head":"<!-- This site is optimized with the Yoast SEO Premium plugin v26.1 (Yoast SEO v27.0) - https:\/\/yoast.com\/product\/yoast-seo-premium-wordpress\/ -->\n<title>Les d\u00e9put\u00e9s adoptent le projet de loi portant r\u00e9gime fiscal et douanier de concession de la ligne 1 du m\u00e9tro d&#039;Abidjan - C\u00f4te d&#039;Ivoire<\/title>\n<meta name=\"description\" content=\"Visite en 2021 de la ligne du M\u00e9tro allant d\u2019Anyama \u00e0 Port-Bou\u00ebt par le PM et des membres du Gouvernement (Ph) L ...\" \/>\n<meta name=\"robots\" content=\"index, follow, max-snippet:-1, max-image-preview:large, max-video-preview:-1\" \/>\n<link rel=\"canonical\" href=\"https:\/\/www.africa-press.net\/cotedivoire\/toutes-les-actualites\/les-deputes-adoptent-le-projet-de-loi-portant-regime-fiscal-et-douanier-de-concession-de-la-ligne-1-du-metro-dabidjan\" \/>\n<meta property=\"og:locale\" content=\"fr_FR\" \/>\n<meta property=\"og:type\" content=\"article\" \/>\n<meta property=\"og:title\" content=\"Les d\u00e9put\u00e9s adoptent le projet de loi portant r\u00e9gime fiscal et douanier de concession de la ligne 1 du m\u00e9tro d&#039;Abidjan\" \/>\n<meta property=\"og:description\" content=\"Visite en 2021 de la ligne du M\u00e9tro allant d\u2019Anyama \u00e0 Port-Bou\u00ebt par le PM et des membres du Gouvernement (Ph) L ...\" \/>\n<meta property=\"og:url\" content=\"https:\/\/www.africa-press.net\/cotedivoire\/toutes-les-actualites\/les-deputes-adoptent-le-projet-de-loi-portant-regime-fiscal-et-douanier-de-concession-de-la-ligne-1-du-metro-dabidjan\" \/>\n<meta property=\"og:site_name\" content=\"C\u00f4te d&#039;Ivoire\" \/>\n<meta property=\"article:published_time\" content=\"2022-01-25T20:42:50+00:00\" \/>\n<meta property=\"og:image\" content=\"https:\/\/static.africa-press.net\/cote\/sites\/43\/2022\/01\/img-61f03ebbdcc4a.jpg\" \/>\n\t<meta property=\"og:image:width\" content=\"720\" \/>\n\t<meta property=\"og:image:height\" content=\"314\" \/>\n\t<meta property=\"og:image:type\" content=\"image\/jpeg\" \/>\n<meta name=\"author\" content=\"cfeditorfr\" \/>\n<meta name=\"twitter:card\" content=\"summary_large_image\" \/>\n<meta name=\"twitter:label1\" content=\"\u00c9crit par\" \/>\n\t<meta name=\"twitter:data1\" content=\"cfeditorfr\" \/>\n\t<meta name=\"twitter:label2\" content=\"Dur\u00e9e de lecture estim\u00e9e\" \/>\n\t<meta name=\"twitter:data2\" content=\"4 minutes\" \/>\n<script type=\"application\/ld+json\" class=\"yoast-schema-graph\">{\"@context\":\"https:\/\/schema.org\",\"@graph\":[{\"@type\":\"Article\",\"@id\":\"https:\/\/www.africa-press.net\/cotedivoire\/toutes-les-actualites\/les-deputes-adoptent-le-projet-de-loi-portant-regime-fiscal-et-douanier-de-concession-de-la-ligne-1-du-metro-dabidjan#article\",\"isPartOf\":{\"@id\":\"https:\/\/www.africa-press.net\/cotedivoire\/toutes-les-actualites\/les-deputes-adoptent-le-projet-de-loi-portant-regime-fiscal-et-douanier-de-concession-de-la-ligne-1-du-metro-dabidjan\"},\"author\":{\"name\":\"cfeditorfr\",\"@id\":\"https:\/\/www.africa-press.net\/cotedivoire\/#\/schema\/person\/2b1cf3cd81a31e3cd26889ca66d677f1\"},\"headline\":\"Les d\u00e9put\u00e9s adoptent le projet de loi portant r\u00e9gime fiscal et douanier de concession de la ligne 1 du m\u00e9tro d&rsquo;Abidjan\",\"datePublished\":\"2022-01-25T20:42:50+00:00\",\"mainEntityOfPage\":{\"@id\":\"https:\/\/www.africa-press.net\/cotedivoire\/toutes-les-actualites\/les-deputes-adoptent-le-projet-de-loi-portant-regime-fiscal-et-douanier-de-concession-de-la-ligne-1-du-metro-dabidjan\"},\"wordCount\":895,\"commentCount\":0,\"image\":{\"@id\":\"https:\/\/www.africa-press.net\/cotedivoire\/toutes-les-actualites\/les-deputes-adoptent-le-projet-de-loi-portant-regime-fiscal-et-douanier-de-concession-de-la-ligne-1-du-metro-dabidjan#primaryimage\"},\"thumbnailUrl\":\"https:\/\/static.africa-press.net\/cote\/sites\/43\/2022\/01\/img-61f03ebbdcc4a.jpg\",\"keywords\":[\"Abidjan\",\"Africa Press\",\"Africa Press-C\u00f4te d'Ivoire\",\"C\u00d4TE D'IVOIRE\",\"M\u00e9tro\",\"Moussa Sanogo\",\"projets\",\"Singrobo\"],\"articleSection\":[\"Communaut\u00e9\",\"homepage-french\",\"Toutes les actualit\u00e9s\"],\"inLanguage\":\"fr-FR\",\"potentialAction\":[{\"@type\":\"CommentAction\",\"name\":\"Comment\",\"target\":[\"https:\/\/www.africa-press.net\/cotedivoire\/toutes-les-actualites\/les-deputes-adoptent-le-projet-de-loi-portant-regime-fiscal-et-douanier-de-concession-de-la-ligne-1-du-metro-dabidjan#respond\"]}]},{\"@type\":\"WebPage\",\"@id\":\"https:\/\/www.africa-press.net\/cotedivoire\/toutes-les-actualites\/les-deputes-adoptent-le-projet-de-loi-portant-regime-fiscal-et-douanier-de-concession-de-la-ligne-1-du-metro-dabidjan\",\"url\":\"https:\/\/www.africa-press.net\/cotedivoire\/toutes-les-actualites\/les-deputes-adoptent-le-projet-de-loi-portant-regime-fiscal-et-douanier-de-concession-de-la-ligne-1-du-metro-dabidjan\",\"name\":\"Les d\u00e9put\u00e9s adoptent le projet de loi portant r\u00e9gime fiscal et douanier de concession de la ligne 1 du m\u00e9tro d'Abidjan - C\u00f4te d&#039;Ivoire\",\"isPartOf\":{\"@id\":\"https:\/\/www.africa-press.net\/cotedivoire\/#website\"},\"primaryImageOfPage\":{\"@id\":\"https:\/\/www.africa-press.net\/cotedivoire\/toutes-les-actualites\/les-deputes-adoptent-le-projet-de-loi-portant-regime-fiscal-et-douanier-de-concession-de-la-ligne-1-du-metro-dabidjan#primaryimage\"},\"image\":{\"@id\":\"https:\/\/www.africa-press.net\/cotedivoire\/toutes-les-actualites\/les-deputes-adoptent-le-projet-de-loi-portant-regime-fiscal-et-douanier-de-concession-de-la-ligne-1-du-metro-dabidjan#primaryimage\"},\"thumbnailUrl\":\"https:\/\/static.africa-press.net\/cote\/sites\/43\/2022\/01\/img-61f03ebbdcc4a.jpg\",\"datePublished\":\"2022-01-25T20:42:50+00:00\",\"author\":{\"@id\":\"https:\/\/www.africa-press.net\/cotedivoire\/#\/schema\/person\/2b1cf3cd81a31e3cd26889ca66d677f1\"},\"description\":\"Visite en 2021 de la ligne du M\u00e9tro allant d\u2019Anyama \u00e0 Port-Bou\u00ebt par le PM et des membres du Gouvernement (Ph) L ...\",\"breadcrumb\":{\"@id\":\"https:\/\/www.africa-press.net\/cotedivoire\/toutes-les-actualites\/les-deputes-adoptent-le-projet-de-loi-portant-regime-fiscal-et-douanier-de-concession-de-la-ligne-1-du-metro-dabidjan#breadcrumb\"},\"inLanguage\":\"fr-FR\",\"potentialAction\":[{\"@type\":\"ReadAction\",\"target\":[\"https:\/\/www.africa-press.net\/cotedivoire\/toutes-les-actualites\/les-deputes-adoptent-le-projet-de-loi-portant-regime-fiscal-et-douanier-de-concession-de-la-ligne-1-du-metro-dabidjan\"]}]},{\"@type\":\"ImageObject\",\"inLanguage\":\"fr-FR\",\"@id\":\"https:\/\/www.africa-press.net\/cotedivoire\/toutes-les-actualites\/les-deputes-adoptent-le-projet-de-loi-portant-regime-fiscal-et-douanier-de-concession-de-la-ligne-1-du-metro-dabidjan#primaryimage\",\"url\":\"https:\/\/static.africa-press.net\/cote\/sites\/43\/2022\/01\/img-61f03ebbdcc4a.jpg\",\"contentUrl\":\"https:\/\/static.africa-press.net\/cote\/sites\/43\/2022\/01\/img-61f03ebbdcc4a.jpg\",\"width\":720,\"height\":314,\"caption\":\"Les d\u00e9put\u00e9s adoptent le projet de loi portant r\u00e9gime fiscal et douanier de concession de la ligne 1 du m\u00e9tro d'Abidjan\"},{\"@type\":\"BreadcrumbList\",\"@id\":\"https:\/\/www.africa-press.net\/cotedivoire\/toutes-les-actualites\/les-deputes-adoptent-le-projet-de-loi-portant-regime-fiscal-et-douanier-de-concession-de-la-ligne-1-du-metro-dabidjan#breadcrumb\",\"itemListElement\":[{\"@type\":\"ListItem\",\"position\":1,\"name\":\"Accueil\",\"item\":\"https:\/\/www.africa-press.net\/cotedivoire\/\"},{\"@type\":\"ListItem\",\"position\":2,\"name\":\"Les d\u00e9put\u00e9s adoptent le projet de loi portant r\u00e9gime fiscal et douanier de concession de la ligne 1 du m\u00e9tro d&#8217;Abidjan\"}]},{\"@type\":\"WebSite\",\"@id\":\"https:\/\/www.africa-press.net\/cotedivoire\/#website\",\"url\":\"https:\/\/www.africa-press.net\/cotedivoire\/\",\"name\":\"C\u00f4te d&#039;Ivoire\",\"description\":\"Just another Africa News Agency Sites site\",\"potentialAction\":[{\"@type\":\"SearchAction\",\"target\":{\"@type\":\"EntryPoint\",\"urlTemplate\":\"https:\/\/www.africa-press.net\/cotedivoire\/?s={search_term_string}\"},\"query-input\":{\"@type\":\"PropertyValueSpecification\",\"valueRequired\":true,\"valueName\":\"search_term_string\"}}],\"inLanguage\":\"fr-FR\"},{\"@type\":\"Person\",\"@id\":\"https:\/\/www.africa-press.net\/cotedivoire\/#\/schema\/person\/2b1cf3cd81a31e3cd26889ca66d677f1\",\"name\":\"cfeditorfr\"}]}<\/script>\n<!-- \/ Yoast SEO Premium plugin. -->","yoast_head_json":{"title":"Les d\u00e9put\u00e9s adoptent le projet de loi portant r\u00e9gime fiscal et douanier de concession de la ligne 1 du m\u00e9tro d'Abidjan - C\u00f4te d&#039;Ivoire","description":"Visite en 2021 de la ligne du M\u00e9tro allant d\u2019Anyama \u00e0 Port-Bou\u00ebt par le PM et des membres du Gouvernement (Ph) L ...","robots":{"index":"index","follow":"follow","max-snippet":"max-snippet:-1","max-image-preview":"max-image-preview:large","max-video-preview":"max-video-preview:-1"},"canonical":"https:\/\/www.africa-press.net\/cotedivoire\/toutes-les-actualites\/les-deputes-adoptent-le-projet-de-loi-portant-regime-fiscal-et-douanier-de-concession-de-la-ligne-1-du-metro-dabidjan","og_locale":"fr_FR","og_type":"article","og_title":"Les d\u00e9put\u00e9s adoptent le projet de loi portant r\u00e9gime fiscal et douanier de concession de la ligne 1 du m\u00e9tro d'Abidjan","og_description":"Visite en 2021 de la ligne du M\u00e9tro allant d\u2019Anyama \u00e0 Port-Bou\u00ebt par le PM et des membres du Gouvernement (Ph) L ...","og_url":"https:\/\/www.africa-press.net\/cotedivoire\/toutes-les-actualites\/les-deputes-adoptent-le-projet-de-loi-portant-regime-fiscal-et-douanier-de-concession-de-la-ligne-1-du-metro-dabidjan","og_site_name":"C\u00f4te d&#039;Ivoire","article_published_time":"2022-01-25T20:42:50+00:00","og_image":[{"width":720,"height":314,"url":"https:\/\/static.africa-press.net\/cote\/sites\/43\/2022\/01\/img-61f03ebbdcc4a.jpg","type":"image\/jpeg"}],"author":"cfeditorfr","twitter_card":"summary_large_image","twitter_misc":{"\u00c9crit par":"cfeditorfr","Dur\u00e9e de lecture estim\u00e9e":"4 minutes"},"schema":{"@context":"https:\/\/schema.org","@graph":[{"@type":"Article","@id":"https:\/\/www.africa-press.net\/cotedivoire\/toutes-les-actualites\/les-deputes-adoptent-le-projet-de-loi-portant-regime-fiscal-et-douanier-de-concession-de-la-ligne-1-du-metro-dabidjan#article","isPartOf":{"@id":"https:\/\/www.africa-press.net\/cotedivoire\/toutes-les-actualites\/les-deputes-adoptent-le-projet-de-loi-portant-regime-fiscal-et-douanier-de-concession-de-la-ligne-1-du-metro-dabidjan"},"author":{"name":"cfeditorfr","@id":"https:\/\/www.africa-press.net\/cotedivoire\/#\/schema\/person\/2b1cf3cd81a31e3cd26889ca66d677f1"},"headline":"Les d\u00e9put\u00e9s adoptent le projet de loi portant r\u00e9gime fiscal et douanier de concession de la ligne 1 du m\u00e9tro d&rsquo;Abidjan","datePublished":"2022-01-25T20:42:50+00:00","mainEntityOfPage":{"@id":"https:\/\/www.africa-press.net\/cotedivoire\/toutes-les-actualites\/les-deputes-adoptent-le-projet-de-loi-portant-regime-fiscal-et-douanier-de-concession-de-la-ligne-1-du-metro-dabidjan"},"wordCount":895,"commentCount":0,"image":{"@id":"https:\/\/www.africa-press.net\/cotedivoire\/toutes-les-actualites\/les-deputes-adoptent-le-projet-de-loi-portant-regime-fiscal-et-douanier-de-concession-de-la-ligne-1-du-metro-dabidjan#primaryimage"},"thumbnailUrl":"https:\/\/static.africa-press.net\/cote\/sites\/43\/2022\/01\/img-61f03ebbdcc4a.jpg","keywords":["Abidjan","Africa Press","Africa Press-C\u00f4te d'Ivoire","C\u00d4TE D'IVOIRE","M\u00e9tro","Moussa Sanogo","projets","Singrobo"],"articleSection":["Communaut\u00e9","homepage-french","Toutes les actualit\u00e9s"],"inLanguage":"fr-FR","potentialAction":[{"@type":"CommentAction","name":"Comment","target":["https:\/\/www.africa-press.net\/cotedivoire\/toutes-les-actualites\/les-deputes-adoptent-le-projet-de-loi-portant-regime-fiscal-et-douanier-de-concession-de-la-ligne-1-du-metro-dabidjan#respond"]}]},{"@type":"WebPage","@id":"https:\/\/www.africa-press.net\/cotedivoire\/toutes-les-actualites\/les-deputes-adoptent-le-projet-de-loi-portant-regime-fiscal-et-douanier-de-concession-de-la-ligne-1-du-metro-dabidjan","url":"https:\/\/www.africa-press.net\/cotedivoire\/toutes-les-actualites\/les-deputes-adoptent-le-projet-de-loi-portant-regime-fiscal-et-douanier-de-concession-de-la-ligne-1-du-metro-dabidjan","name":"Les d\u00e9put\u00e9s adoptent le projet de loi portant r\u00e9gime fiscal et douanier de concession de la ligne 1 du m\u00e9tro d'Abidjan - C\u00f4te d&#039;Ivoire","isPartOf":{"@id":"https:\/\/www.africa-press.net\/cotedivoire\/#website"},"primaryImageOfPage":{"@id":"https:\/\/www.africa-press.net\/cotedivoire\/toutes-les-actualites\/les-deputes-adoptent-le-projet-de-loi-portant-regime-fiscal-et-douanier-de-concession-de-la-ligne-1-du-metro-dabidjan#primaryimage"},"image":{"@id":"https:\/\/www.africa-press.net\/cotedivoire\/toutes-les-actualites\/les-deputes-adoptent-le-projet-de-loi-portant-regime-fiscal-et-douanier-de-concession-de-la-ligne-1-du-metro-dabidjan#primaryimage"},"thumbnailUrl":"https:\/\/static.africa-press.net\/cote\/sites\/43\/2022\/01\/img-61f03ebbdcc4a.jpg","datePublished":"2022-01-25T20:42:50+00:00","author":{"@id":"https:\/\/www.africa-press.net\/cotedivoire\/#\/schema\/person\/2b1cf3cd81a31e3cd26889ca66d677f1"},"description":"Visite en 2021 de la ligne du M\u00e9tro allant d\u2019Anyama \u00e0 Port-Bou\u00ebt par le PM et des membres du Gouvernement (Ph) L ...","breadcrumb":{"@id":"https:\/\/www.africa-press.net\/cotedivoire\/toutes-les-actualites\/les-deputes-adoptent-le-projet-de-loi-portant-regime-fiscal-et-douanier-de-concession-de-la-ligne-1-du-metro-dabidjan#breadcrumb"},"inLanguage":"fr-FR","potentialAction":[{"@type":"ReadAction","target":["https:\/\/www.africa-press.net\/cotedivoire\/toutes-les-actualites\/les-deputes-adoptent-le-projet-de-loi-portant-regime-fiscal-et-douanier-de-concession-de-la-ligne-1-du-metro-dabidjan"]}]},{"@type":"ImageObject","inLanguage":"fr-FR","@id":"https:\/\/www.africa-press.net\/cotedivoire\/toutes-les-actualites\/les-deputes-adoptent-le-projet-de-loi-portant-regime-fiscal-et-douanier-de-concession-de-la-ligne-1-du-metro-dabidjan#primaryimage","url":"https:\/\/static.africa-press.net\/cote\/sites\/43\/2022\/01\/img-61f03ebbdcc4a.jpg","contentUrl":"https:\/\/static.africa-press.net\/cote\/sites\/43\/2022\/01\/img-61f03ebbdcc4a.jpg","width":720,"height":314,"caption":"Les d\u00e9put\u00e9s adoptent le projet de loi portant r\u00e9gime fiscal et douanier de concession de la ligne 1 du m\u00e9tro d'Abidjan"},{"@type":"BreadcrumbList","@id":"https:\/\/www.africa-press.net\/cotedivoire\/toutes-les-actualites\/les-deputes-adoptent-le-projet-de-loi-portant-regime-fiscal-et-douanier-de-concession-de-la-ligne-1-du-metro-dabidjan#breadcrumb","itemListElement":[{"@type":"ListItem","position":1,"name":"Accueil","item":"https:\/\/www.africa-press.net\/cotedivoire\/"},{"@type":"ListItem","position":2,"name":"Les d\u00e9put\u00e9s adoptent le projet de loi portant r\u00e9gime fiscal et douanier de concession de la ligne 1 du m\u00e9tro d&#8217;Abidjan"}]},{"@type":"WebSite","@id":"https:\/\/www.africa-press.net\/cotedivoire\/#website","url":"https:\/\/www.africa-press.net\/cotedivoire\/","name":"C\u00f4te d&#039;Ivoire","description":"Just another Africa News Agency Sites site","potentialAction":[{"@type":"SearchAction","target":{"@type":"EntryPoint","urlTemplate":"https:\/\/www.africa-press.net\/cotedivoire\/?s={search_term_string}"},"query-input":{"@type":"PropertyValueSpecification","valueRequired":true,"valueName":"search_term_string"}}],"inLanguage":"fr-FR"},{"@type":"Person","@id":"https:\/\/www.africa-press.net\/cotedivoire\/#\/schema\/person\/2b1cf3cd81a31e3cd26889ca66d677f1","name":"cfeditorfr"}]}},"_links":{"self":[{"href":"https:\/\/www.africa-press.net\/cotedivoire\/wp-json\/wp\/v2\/posts\/26204","targetHints":{"allow":["GET"]}}],"collection":[{"href":"https:\/\/www.africa-press.net\/cotedivoire\/wp-json\/wp\/v2\/posts"}],"about":[{"href":"https:\/\/www.africa-press.net\/cotedivoire\/wp-json\/wp\/v2\/types\/post"}],"author":[{"embeddable":true,"href":"https:\/\/www.africa-press.net\/cotedivoire\/wp-json\/wp\/v2\/users\/82"}],"replies":[{"embeddable":true,"href":"https:\/\/www.africa-press.net\/cotedivoire\/wp-json\/wp\/v2\/comments?post=26204"}],"version-history":[{"count":0,"href":"https:\/\/www.africa-press.net\/cotedivoire\/wp-json\/wp\/v2\/posts\/26204\/revisions"}],"wp:featuredmedia":[{"embeddable":true,"href":"https:\/\/www.africa-press.net\/cotedivoire\/wp-json\/wp\/v2\/media\/26203"}],"wp:attachment":[{"href":"https:\/\/www.africa-press.net\/cotedivoire\/wp-json\/wp\/v2\/media?parent=26204"}],"wp:term":[{"taxonomy":"category","embeddable":true,"href":"https:\/\/www.africa-press.net\/cotedivoire\/wp-json\/wp\/v2\/categories?post=26204"},{"taxonomy":"post_tag","embeddable":true,"href":"https:\/\/www.africa-press.net\/cotedivoire\/wp-json\/wp\/v2\/tags?post=26204"}],"curies":[{"name":"wp","href":"https:\/\/api.w.org\/{rel}","templated":true}]}}