{"id":26535,"date":"2022-01-28T17:44:25","date_gmt":"2022-01-28T17:44:25","guid":{"rendered":"https:\/\/www.africa-press.net\/cotedivoire\/?p=26535"},"modified":"2022-01-28T17:27:40","modified_gmt":"2022-01-28T17:27:40","slug":"apres-son-penalty-manque-eric-bailly-les-mots-me-manquent-pour-decrire-ma-deception-et-ma-desillusion","status":"publish","type":"post","link":"https:\/\/www.africa-press.net\/cotedivoire\/sports\/apres-son-penalty-manque-eric-bailly-les-mots-me-manquent-pour-decrire-ma-deception-et-ma-desillusion","title":{"rendered":"Apr\u00e8s son p\u00e9nalty manqu\u00e9, Eric Bailly : \u00ab Les mots me manquent pour d\u00e9crire ma d\u00e9ception et ma d\u00e9sillusion \u00bb"},"content":{"rendered":"<p><span style=\"color: #ff6600\"><strong>Africa-Press &#8211; C\u00f4te d&rsquo;Ivoire. <\/strong><\/span><b>Eric Bailly mercredi apr\u00e8s son penalty manqu\u00e9 (Ph)<\/b><\/p>\n<p>La C\u00f4te d\u2019Ivoire est sortie par la \u00ab grande \u00bb porte de la CAN 2021 en tombant les armes \u00e0 la main face \u00e0 l\u2019Egypte aux tirs aux buts (5-4) 0-0 apr\u00e8s prolongation.<\/p>\n<p>Lors de la s\u00e9ance fatidique des tirs aux buts, le D\u00e9fenseur Eric Bailly aur\u00e9ol\u00e9 pourtant d&rsquo;une prestation honorable, a manqu\u00e9 le troisi\u00e8me tir des Ivoiriens. Objet de critiques de la part de certains qui ont port\u00e9 le costume d\u2019entraineurs juste pour la comp\u00e9tition, le D\u00e9fenseur Manchester United a d\u00e9cid\u00e9 de r\u00e9agir.<\/p>\n<p>Via sa page officielle ce jeudi 27 janvier 2022, le champion d\u2019Afrique 2015 se dit d\u00e9\u00e7u, mais promet revenir plus fort.<\/p>\n<p>\u00ab \u00c9limination douloureuse de la Coupe d\u2019Afrique des Nations. Les mots me manquent pour d\u00e9crire ma d\u00e9ception et ma d\u00e9sillusion. Fier et reconnaissant d\u2019avoir pu disputer cette comp\u00e9tition entour\u00e9e d\u2019une si belle \u00e9quipe. Merci aux supporteurs de nous avoir accompagn\u00e9s. Nous nous rel\u00e8verons \u00bb, a promis Eric Bailly.<\/p>\n<p>Donatien Kautcha, Abidjan<\/p>\n<p><strong>Pour plus d&rsquo;informations et d&rsquo;analyses sur la <a href=\"https:\/\/www.africa-press.net\/cotedivoire\">C\u00f4te d&rsquo;Ivoire<\/a>, suivez <a href=\"https:\/\/www.africa-press.net\/\">Africa-Press<\/a><\/strong><\/p>\n","protected":false},"excerpt":{"rendered":"<p>Africa-Press &#8211; C\u00f4te d&rsquo;Ivoire. Eric Bailly mercredi apr\u00e8s son penalty manqu\u00e9 (Ph) La C\u00f4te d\u2019Ivoire est sortie par la \u00ab grande \u00bb porte de la CAN 2021 en tombant les armes \u00e0 la main face \u00e0 l\u2019Egypte aux tirs aux buts (5-4) 0-0 apr\u00e8s prolongation. Lors de la s\u00e9ance fatidique des tirs aux buts, le [&hellip;]<\/p>\n","protected":false},"author":82,"featured_media":26534,"comment_status":"open","ping_status":"closed","sticky":false,"template":"","format":"standard","meta":{"footnotes":""},"categories":[11,6,10],"tags":[56,63,525,29,2528,4136,4137],"class_list":["post-26535","post","type-post","status-publish","format-standard","has-post-thumbnail","hentry","category-homepage-french","category-sports","category-toutes-les-actualites","tag-africa-press","tag-africa-press-cote-divoire","tag-can-2021","tag-cote-divoire","tag-eric-bailly","tag-manchester-united","tag-penalty"],"yoast_head":"<!-- This site is optimized with the Yoast SEO Premium plugin v26.1 (Yoast SEO v27.0) - https:\/\/yoast.com\/product\/yoast-seo-premium-wordpress\/ -->\n<title>Apr\u00e8s son p\u00e9nalty manqu\u00e9, Eric Bailly : \u00ab Les mots me manquent pour d\u00e9crire ma d\u00e9ception et ma d\u00e9sillusion \u00bb - C\u00f4te d&#039;Ivoire<\/title>\n<meta name=\"description\" content=\"Eric Bailly mercredi apr\u00e8s son penalty manqu\u00e9 (Ph) La C\u00f4te d\u2019Ivoire est sortie par la \u00ab grande \u00bb porte de la CAN ...\" \/>\n<meta name=\"robots\" content=\"index, follow, max-snippet:-1, max-image-preview:large, max-video-preview:-1\" \/>\n<link rel=\"canonical\" href=\"https:\/\/www.africa-press.net\/cotedivoire\/sports\/apres-son-penalty-manque-eric-bailly-les-mots-me-manquent-pour-decrire-ma-deception-et-ma-desillusion\" \/>\n<meta property=\"og:locale\" content=\"fr_FR\" \/>\n<meta property=\"og:type\" content=\"article\" \/>\n<meta property=\"og:title\" content=\"Apr\u00e8s son p\u00e9nalty manqu\u00e9, Eric Bailly : \u00ab Les mots me manquent pour d\u00e9crire ma d\u00e9ception et ma d\u00e9sillusion \u00bb\" \/>\n<meta property=\"og:description\" content=\"Eric Bailly mercredi apr\u00e8s son penalty manqu\u00e9 (Ph) La C\u00f4te d\u2019Ivoire est sortie par la \u00ab grande \u00bb porte de la CAN ...\" \/>\n<meta property=\"og:url\" content=\"https:\/\/www.africa-press.net\/cotedivoire\/sports\/apres-son-penalty-manque-eric-bailly-les-mots-me-manquent-pour-decrire-ma-deception-et-ma-desillusion\" \/>\n<meta property=\"og:site_name\" content=\"C\u00f4te d&#039;Ivoire\" \/>\n<meta property=\"article:published_time\" content=\"2022-01-28T17:44:25+00:00\" \/>\n<meta property=\"og:image\" content=\"https:\/\/static.africa-press.net\/cote\/sites\/43\/2022\/01\/img-61f427621b92d.jpg\" \/>\n\t<meta property=\"og:image:width\" content=\"720\" \/>\n\t<meta property=\"og:image:height\" content=\"370\" \/>\n\t<meta property=\"og:image:type\" content=\"image\/jpeg\" \/>\n<meta name=\"author\" content=\"cfeditorfr\" \/>\n<meta name=\"twitter:card\" content=\"summary_large_image\" \/>\n<meta name=\"twitter:label1\" content=\"\u00c9crit par\" \/>\n\t<meta name=\"twitter:data1\" content=\"cfeditorfr\" \/>\n\t<meta name=\"twitter:label2\" content=\"Dur\u00e9e de lecture estim\u00e9e\" \/>\n\t<meta name=\"twitter:data2\" content=\"1 minute\" \/>\n<script type=\"application\/ld+json\" class=\"yoast-schema-graph\">{\"@context\":\"https:\/\/schema.org\",\"@graph\":[{\"@type\":\"Article\",\"@id\":\"https:\/\/www.africa-press.net\/cotedivoire\/sports\/apres-son-penalty-manque-eric-bailly-les-mots-me-manquent-pour-decrire-ma-deception-et-ma-desillusion#article\",\"isPartOf\":{\"@id\":\"https:\/\/www.africa-press.net\/cotedivoire\/sports\/apres-son-penalty-manque-eric-bailly-les-mots-me-manquent-pour-decrire-ma-deception-et-ma-desillusion\"},\"author\":{\"name\":\"cfeditorfr\",\"@id\":\"https:\/\/www.africa-press.net\/cotedivoire\/#\/schema\/person\/2b1cf3cd81a31e3cd26889ca66d677f1\"},\"headline\":\"Apr\u00e8s son p\u00e9nalty manqu\u00e9, Eric Bailly : \u00ab Les mots me manquent pour d\u00e9crire ma d\u00e9ception et ma d\u00e9sillusion \u00bb\",\"datePublished\":\"2022-01-28T17:44:25+00:00\",\"mainEntityOfPage\":{\"@id\":\"https:\/\/www.africa-press.net\/cotedivoire\/sports\/apres-son-penalty-manque-eric-bailly-les-mots-me-manquent-pour-decrire-ma-deception-et-ma-desillusion\"},\"wordCount\":224,\"commentCount\":0,\"image\":{\"@id\":\"https:\/\/www.africa-press.net\/cotedivoire\/sports\/apres-son-penalty-manque-eric-bailly-les-mots-me-manquent-pour-decrire-ma-deception-et-ma-desillusion#primaryimage\"},\"thumbnailUrl\":\"https:\/\/static.africa-press.net\/cote\/sites\/43\/2022\/01\/img-61f427621b92d.jpg\",\"keywords\":[\"Africa Press\",\"Africa Press-C\u00f4te d'Ivoire\",\"CAN 2021\",\"C\u00d4TE D'IVOIRE\",\"Eric Bailly\",\"Manchester United\",\"penalty\"],\"articleSection\":[\"homepage-french\",\"Sports\",\"Toutes les actualit\u00e9s\"],\"inLanguage\":\"fr-FR\",\"potentialAction\":[{\"@type\":\"CommentAction\",\"name\":\"Comment\",\"target\":[\"https:\/\/www.africa-press.net\/cotedivoire\/sports\/apres-son-penalty-manque-eric-bailly-les-mots-me-manquent-pour-decrire-ma-deception-et-ma-desillusion#respond\"]}]},{\"@type\":\"WebPage\",\"@id\":\"https:\/\/www.africa-press.net\/cotedivoire\/sports\/apres-son-penalty-manque-eric-bailly-les-mots-me-manquent-pour-decrire-ma-deception-et-ma-desillusion\",\"url\":\"https:\/\/www.africa-press.net\/cotedivoire\/sports\/apres-son-penalty-manque-eric-bailly-les-mots-me-manquent-pour-decrire-ma-deception-et-ma-desillusion\",\"name\":\"Apr\u00e8s son p\u00e9nalty manqu\u00e9, Eric Bailly : \u00ab Les mots me manquent pour d\u00e9crire ma d\u00e9ception et ma d\u00e9sillusion \u00bb - C\u00f4te d&#039;Ivoire\",\"isPartOf\":{\"@id\":\"https:\/\/www.africa-press.net\/cotedivoire\/#website\"},\"primaryImageOfPage\":{\"@id\":\"https:\/\/www.africa-press.net\/cotedivoire\/sports\/apres-son-penalty-manque-eric-bailly-les-mots-me-manquent-pour-decrire-ma-deception-et-ma-desillusion#primaryimage\"},\"image\":{\"@id\":\"https:\/\/www.africa-press.net\/cotedivoire\/sports\/apres-son-penalty-manque-eric-bailly-les-mots-me-manquent-pour-decrire-ma-deception-et-ma-desillusion#primaryimage\"},\"thumbnailUrl\":\"https:\/\/static.africa-press.net\/cote\/sites\/43\/2022\/01\/img-61f427621b92d.jpg\",\"datePublished\":\"2022-01-28T17:44:25+00:00\",\"author\":{\"@id\":\"https:\/\/www.africa-press.net\/cotedivoire\/#\/schema\/person\/2b1cf3cd81a31e3cd26889ca66d677f1\"},\"description\":\"Eric Bailly mercredi apr\u00e8s son penalty manqu\u00e9 (Ph) La C\u00f4te d\u2019Ivoire est sortie par la \u00ab grande \u00bb porte de la CAN ...\",\"breadcrumb\":{\"@id\":\"https:\/\/www.africa-press.net\/cotedivoire\/sports\/apres-son-penalty-manque-eric-bailly-les-mots-me-manquent-pour-decrire-ma-deception-et-ma-desillusion#breadcrumb\"},\"inLanguage\":\"fr-FR\",\"potentialAction\":[{\"@type\":\"ReadAction\",\"target\":[\"https:\/\/www.africa-press.net\/cotedivoire\/sports\/apres-son-penalty-manque-eric-bailly-les-mots-me-manquent-pour-decrire-ma-deception-et-ma-desillusion\"]}]},{\"@type\":\"ImageObject\",\"inLanguage\":\"fr-FR\",\"@id\":\"https:\/\/www.africa-press.net\/cotedivoire\/sports\/apres-son-penalty-manque-eric-bailly-les-mots-me-manquent-pour-decrire-ma-deception-et-ma-desillusion#primaryimage\",\"url\":\"https:\/\/static.africa-press.net\/cote\/sites\/43\/2022\/01\/img-61f427621b92d.jpg\",\"contentUrl\":\"https:\/\/static.africa-press.net\/cote\/sites\/43\/2022\/01\/img-61f427621b92d.jpg\",\"width\":720,\"height\":370,\"caption\":\"Apr\u00e8s son p\u00e9nalty manqu\u00e9, Eric Bailly : \u00ab Les mots me manquent pour d\u00e9crire ma d\u00e9ception et ma d\u00e9sillusion \u00bb\"},{\"@type\":\"BreadcrumbList\",\"@id\":\"https:\/\/www.africa-press.net\/cotedivoire\/sports\/apres-son-penalty-manque-eric-bailly-les-mots-me-manquent-pour-decrire-ma-deception-et-ma-desillusion#breadcrumb\",\"itemListElement\":[{\"@type\":\"ListItem\",\"position\":1,\"name\":\"Accueil\",\"item\":\"https:\/\/www.africa-press.net\/cotedivoire\/\"},{\"@type\":\"ListItem\",\"position\":2,\"name\":\"Apr\u00e8s son p\u00e9nalty manqu\u00e9, Eric Bailly : \u00ab Les mots me manquent pour d\u00e9crire ma d\u00e9ception et ma d\u00e9sillusion \u00bb\"}]},{\"@type\":\"WebSite\",\"@id\":\"https:\/\/www.africa-press.net\/cotedivoire\/#website\",\"url\":\"https:\/\/www.africa-press.net\/cotedivoire\/\",\"name\":\"C\u00f4te d&#039;Ivoire\",\"description\":\"Just another Africa News Agency Sites site\",\"potentialAction\":[{\"@type\":\"SearchAction\",\"target\":{\"@type\":\"EntryPoint\",\"urlTemplate\":\"https:\/\/www.africa-press.net\/cotedivoire\/?s={search_term_string}\"},\"query-input\":{\"@type\":\"PropertyValueSpecification\",\"valueRequired\":true,\"valueName\":\"search_term_string\"}}],\"inLanguage\":\"fr-FR\"},{\"@type\":\"Person\",\"@id\":\"https:\/\/www.africa-press.net\/cotedivoire\/#\/schema\/person\/2b1cf3cd81a31e3cd26889ca66d677f1\",\"name\":\"cfeditorfr\"}]}<\/script>\n<!-- \/ Yoast SEO Premium plugin. -->","yoast_head_json":{"title":"Apr\u00e8s son p\u00e9nalty manqu\u00e9, Eric Bailly : \u00ab Les mots me manquent pour d\u00e9crire ma d\u00e9ception et ma d\u00e9sillusion \u00bb - C\u00f4te d&#039;Ivoire","description":"Eric Bailly mercredi apr\u00e8s son penalty manqu\u00e9 (Ph) La C\u00f4te d\u2019Ivoire est sortie par la \u00ab grande \u00bb porte de la CAN ...","robots":{"index":"index","follow":"follow","max-snippet":"max-snippet:-1","max-image-preview":"max-image-preview:large","max-video-preview":"max-video-preview:-1"},"canonical":"https:\/\/www.africa-press.net\/cotedivoire\/sports\/apres-son-penalty-manque-eric-bailly-les-mots-me-manquent-pour-decrire-ma-deception-et-ma-desillusion","og_locale":"fr_FR","og_type":"article","og_title":"Apr\u00e8s son p\u00e9nalty manqu\u00e9, Eric Bailly : \u00ab Les mots me manquent pour d\u00e9crire ma d\u00e9ception et ma d\u00e9sillusion \u00bb","og_description":"Eric Bailly mercredi apr\u00e8s son penalty manqu\u00e9 (Ph) La C\u00f4te d\u2019Ivoire est sortie par la \u00ab grande \u00bb porte de la CAN ...","og_url":"https:\/\/www.africa-press.net\/cotedivoire\/sports\/apres-son-penalty-manque-eric-bailly-les-mots-me-manquent-pour-decrire-ma-deception-et-ma-desillusion","og_site_name":"C\u00f4te d&#039;Ivoire","article_published_time":"2022-01-28T17:44:25+00:00","og_image":[{"width":720,"height":370,"url":"https:\/\/static.africa-press.net\/cote\/sites\/43\/2022\/01\/img-61f427621b92d.jpg","type":"image\/jpeg"}],"author":"cfeditorfr","twitter_card":"summary_large_image","twitter_misc":{"\u00c9crit par":"cfeditorfr","Dur\u00e9e de lecture estim\u00e9e":"1 minute"},"schema":{"@context":"https:\/\/schema.org","@graph":[{"@type":"Article","@id":"https:\/\/www.africa-press.net\/cotedivoire\/sports\/apres-son-penalty-manque-eric-bailly-les-mots-me-manquent-pour-decrire-ma-deception-et-ma-desillusion#article","isPartOf":{"@id":"https:\/\/www.africa-press.net\/cotedivoire\/sports\/apres-son-penalty-manque-eric-bailly-les-mots-me-manquent-pour-decrire-ma-deception-et-ma-desillusion"},"author":{"name":"cfeditorfr","@id":"https:\/\/www.africa-press.net\/cotedivoire\/#\/schema\/person\/2b1cf3cd81a31e3cd26889ca66d677f1"},"headline":"Apr\u00e8s son p\u00e9nalty manqu\u00e9, Eric Bailly : \u00ab Les mots me manquent pour d\u00e9crire ma d\u00e9ception et ma d\u00e9sillusion \u00bb","datePublished":"2022-01-28T17:44:25+00:00","mainEntityOfPage":{"@id":"https:\/\/www.africa-press.net\/cotedivoire\/sports\/apres-son-penalty-manque-eric-bailly-les-mots-me-manquent-pour-decrire-ma-deception-et-ma-desillusion"},"wordCount":224,"commentCount":0,"image":{"@id":"https:\/\/www.africa-press.net\/cotedivoire\/sports\/apres-son-penalty-manque-eric-bailly-les-mots-me-manquent-pour-decrire-ma-deception-et-ma-desillusion#primaryimage"},"thumbnailUrl":"https:\/\/static.africa-press.net\/cote\/sites\/43\/2022\/01\/img-61f427621b92d.jpg","keywords":["Africa Press","Africa Press-C\u00f4te d'Ivoire","CAN 2021","C\u00d4TE D'IVOIRE","Eric Bailly","Manchester United","penalty"],"articleSection":["homepage-french","Sports","Toutes les actualit\u00e9s"],"inLanguage":"fr-FR","potentialAction":[{"@type":"CommentAction","name":"Comment","target":["https:\/\/www.africa-press.net\/cotedivoire\/sports\/apres-son-penalty-manque-eric-bailly-les-mots-me-manquent-pour-decrire-ma-deception-et-ma-desillusion#respond"]}]},{"@type":"WebPage","@id":"https:\/\/www.africa-press.net\/cotedivoire\/sports\/apres-son-penalty-manque-eric-bailly-les-mots-me-manquent-pour-decrire-ma-deception-et-ma-desillusion","url":"https:\/\/www.africa-press.net\/cotedivoire\/sports\/apres-son-penalty-manque-eric-bailly-les-mots-me-manquent-pour-decrire-ma-deception-et-ma-desillusion","name":"Apr\u00e8s son p\u00e9nalty manqu\u00e9, Eric Bailly : \u00ab Les mots me manquent pour d\u00e9crire ma d\u00e9ception et ma d\u00e9sillusion \u00bb - C\u00f4te d&#039;Ivoire","isPartOf":{"@id":"https:\/\/www.africa-press.net\/cotedivoire\/#website"},"primaryImageOfPage":{"@id":"https:\/\/www.africa-press.net\/cotedivoire\/sports\/apres-son-penalty-manque-eric-bailly-les-mots-me-manquent-pour-decrire-ma-deception-et-ma-desillusion#primaryimage"},"image":{"@id":"https:\/\/www.africa-press.net\/cotedivoire\/sports\/apres-son-penalty-manque-eric-bailly-les-mots-me-manquent-pour-decrire-ma-deception-et-ma-desillusion#primaryimage"},"thumbnailUrl":"https:\/\/static.africa-press.net\/cote\/sites\/43\/2022\/01\/img-61f427621b92d.jpg","datePublished":"2022-01-28T17:44:25+00:00","author":{"@id":"https:\/\/www.africa-press.net\/cotedivoire\/#\/schema\/person\/2b1cf3cd81a31e3cd26889ca66d677f1"},"description":"Eric Bailly mercredi apr\u00e8s son penalty manqu\u00e9 (Ph) La C\u00f4te d\u2019Ivoire est sortie par la \u00ab grande \u00bb porte de la CAN ...","breadcrumb":{"@id":"https:\/\/www.africa-press.net\/cotedivoire\/sports\/apres-son-penalty-manque-eric-bailly-les-mots-me-manquent-pour-decrire-ma-deception-et-ma-desillusion#breadcrumb"},"inLanguage":"fr-FR","potentialAction":[{"@type":"ReadAction","target":["https:\/\/www.africa-press.net\/cotedivoire\/sports\/apres-son-penalty-manque-eric-bailly-les-mots-me-manquent-pour-decrire-ma-deception-et-ma-desillusion"]}]},{"@type":"ImageObject","inLanguage":"fr-FR","@id":"https:\/\/www.africa-press.net\/cotedivoire\/sports\/apres-son-penalty-manque-eric-bailly-les-mots-me-manquent-pour-decrire-ma-deception-et-ma-desillusion#primaryimage","url":"https:\/\/static.africa-press.net\/cote\/sites\/43\/2022\/01\/img-61f427621b92d.jpg","contentUrl":"https:\/\/static.africa-press.net\/cote\/sites\/43\/2022\/01\/img-61f427621b92d.jpg","width":720,"height":370,"caption":"Apr\u00e8s son p\u00e9nalty manqu\u00e9, Eric Bailly : \u00ab Les mots me manquent pour d\u00e9crire ma d\u00e9ception et ma d\u00e9sillusion \u00bb"},{"@type":"BreadcrumbList","@id":"https:\/\/www.africa-press.net\/cotedivoire\/sports\/apres-son-penalty-manque-eric-bailly-les-mots-me-manquent-pour-decrire-ma-deception-et-ma-desillusion#breadcrumb","itemListElement":[{"@type":"ListItem","position":1,"name":"Accueil","item":"https:\/\/www.africa-press.net\/cotedivoire\/"},{"@type":"ListItem","position":2,"name":"Apr\u00e8s son p\u00e9nalty manqu\u00e9, Eric Bailly : \u00ab Les mots me manquent pour d\u00e9crire ma d\u00e9ception et ma d\u00e9sillusion \u00bb"}]},{"@type":"WebSite","@id":"https:\/\/www.africa-press.net\/cotedivoire\/#website","url":"https:\/\/www.africa-press.net\/cotedivoire\/","name":"C\u00f4te d&#039;Ivoire","description":"Just another Africa News Agency Sites site","potentialAction":[{"@type":"SearchAction","target":{"@type":"EntryPoint","urlTemplate":"https:\/\/www.africa-press.net\/cotedivoire\/?s={search_term_string}"},"query-input":{"@type":"PropertyValueSpecification","valueRequired":true,"valueName":"search_term_string"}}],"inLanguage":"fr-FR"},{"@type":"Person","@id":"https:\/\/www.africa-press.net\/cotedivoire\/#\/schema\/person\/2b1cf3cd81a31e3cd26889ca66d677f1","name":"cfeditorfr"}]}},"_links":{"self":[{"href":"https:\/\/www.africa-press.net\/cotedivoire\/wp-json\/wp\/v2\/posts\/26535","targetHints":{"allow":["GET"]}}],"collection":[{"href":"https:\/\/www.africa-press.net\/cotedivoire\/wp-json\/wp\/v2\/posts"}],"about":[{"href":"https:\/\/www.africa-press.net\/cotedivoire\/wp-json\/wp\/v2\/types\/post"}],"author":[{"embeddable":true,"href":"https:\/\/www.africa-press.net\/cotedivoire\/wp-json\/wp\/v2\/users\/82"}],"replies":[{"embeddable":true,"href":"https:\/\/www.africa-press.net\/cotedivoire\/wp-json\/wp\/v2\/comments?post=26535"}],"version-history":[{"count":0,"href":"https:\/\/www.africa-press.net\/cotedivoire\/wp-json\/wp\/v2\/posts\/26535\/revisions"}],"wp:featuredmedia":[{"embeddable":true,"href":"https:\/\/www.africa-press.net\/cotedivoire\/wp-json\/wp\/v2\/media\/26534"}],"wp:attachment":[{"href":"https:\/\/www.africa-press.net\/cotedivoire\/wp-json\/wp\/v2\/media?parent=26535"}],"wp:term":[{"taxonomy":"category","embeddable":true,"href":"https:\/\/www.africa-press.net\/cotedivoire\/wp-json\/wp\/v2\/categories?post=26535"},{"taxonomy":"post_tag","embeddable":true,"href":"https:\/\/www.africa-press.net\/cotedivoire\/wp-json\/wp\/v2\/tags?post=26535"}],"curies":[{"name":"wp","href":"https:\/\/api.w.org\/{rel}","templated":true}]}}