{"id":26541,"date":"2022-01-28T18:01:08","date_gmt":"2022-01-28T18:01:08","guid":{"rendered":"https:\/\/www.africa-press.net\/cotedivoire\/?p=26541"},"modified":"2022-01-28T17:29:23","modified_gmt":"2022-01-28T17:29:23","slug":"le-jeune-espoir-amad-diallo-prete-aux-glasgow-rangers-par-manchester-united-jusqua-la-fin-de-la-saison","status":"publish","type":"post","link":"https:\/\/www.africa-press.net\/cotedivoire\/sports\/le-jeune-espoir-amad-diallo-prete-aux-glasgow-rangers-par-manchester-united-jusqua-la-fin-de-la-saison","title":{"rendered":"Le jeune espoir Amad Diallo pr\u00eat\u00e9 aux Glasgow Rangers  par Manchester United jusqu&rsquo;\u00e0 la fin de la saison"},"content":{"rendered":"<p><span style=\"color: #ff6600\"><strong>Africa-Press &#8211; C\u00f4te d&rsquo;Ivoire. <\/strong><\/span>Amad Diallo ce jeudi en Ecosse (Ph)<\/p>\n<p>En manque de temps de jeu \u00e0 Manchester United, l\u2019espoir ivoirien, Amad Diallo, 19 ans, deux (02) s\u00e9lections avec les \u00e9l\u00e9phants, a \u00e9t\u00e9 pr\u00eat\u00e9 ce jeudi 27 janvier 2022, jusqu&rsquo;\u00e0 la fin de la saison au club Ecossais de Glasgow Rangers.<\/p>\n<p>.<\/p>\n<p>\u00ab Je suis ravi de rejoindre les Rangers jusqu&rsquo;\u00e0 la fin de la saison. C&rsquo;est fantastique pour moi \u00e0 ce stade de ma carri\u00e8re d&rsquo;avoir l&rsquo;opportunit\u00e9 de venir dans un si grand club qui est un d\u00e9fi sur plusieurs fronts et qui me donnera d&rsquo;excellentes opportunit\u00e9s de me tester dans de nombreux environnements. J&rsquo;ai h\u00e2te de m&rsquo;entra\u00eener avec mes co\u00e9quipiers pour la premi\u00e8re fois demain et de rencontrer les fans pour la premi\u00e8re fois \u00e0 Ross County samedi \u00bb, a d\u00e9clar\u00e9 l\u2019enfant d\u2019Adjam\u00e9.<\/p>\n<p>Amad Diallo pourrait d\u00e9buter avec son nouveau club samedi lors de la rencontre du championnat contre Ross County.<\/p>\n<p>Donatien Kautcha, Abidjan<\/p>\n<p><strong>Pour plus d&rsquo;informations et d&rsquo;analyses sur la <a href=\"https:\/\/www.africa-press.net\/cotedivoire\">C\u00f4te d&rsquo;Ivoire<\/a>, suivez <a href=\"https:\/\/www.africa-press.net\/\">Africa-Press<\/a><\/strong><\/p>\n","protected":false},"excerpt":{"rendered":"<p>Africa-Press &#8211; C\u00f4te d&rsquo;Ivoire. Amad Diallo ce jeudi en Ecosse (Ph) En manque de temps de jeu \u00e0 Manchester United, l\u2019espoir ivoirien, Amad Diallo, 19 ans, deux (02) s\u00e9lections avec les \u00e9l\u00e9phants, a \u00e9t\u00e9 pr\u00eat\u00e9 ce jeudi 27 janvier 2022, jusqu&rsquo;\u00e0 la fin de la saison au club Ecossais de Glasgow Rangers. . \u00ab Je [&hellip;]<\/p>\n","protected":false},"author":82,"featured_media":26540,"comment_status":"open","ping_status":"closed","sticky":false,"template":"","format":"standard","meta":{"footnotes":""},"categories":[11,6,10],"tags":[56,63,939,29,4140,4136],"class_list":["post-26541","post","type-post","status-publish","format-standard","has-post-thumbnail","hentry","category-homepage-french","category-sports","category-toutes-les-actualites","tag-africa-press","tag-africa-press-cote-divoire","tag-amad-diallo","tag-cote-divoire","tag-glasgow-rangers","tag-manchester-united"],"yoast_head":"<!-- This site is optimized with the Yoast SEO Premium plugin v26.1 (Yoast SEO v27.0) - https:\/\/yoast.com\/product\/yoast-seo-premium-wordpress\/ -->\n<title>Le jeune espoir Amad Diallo pr\u00eat\u00e9 aux Glasgow Rangers par Manchester United jusqu&#039;\u00e0 la fin de la saison - C\u00f4te d&#039;Ivoire<\/title>\n<meta name=\"description\" content=\"Amad Diallo ce jeudi en Ecosse (Ph) En manque de temps de jeu \u00e0 Manchester United, l\u2019espoir ivoirien, Amad Diallo, 19 a ...\" \/>\n<meta name=\"robots\" content=\"index, follow, max-snippet:-1, max-image-preview:large, max-video-preview:-1\" \/>\n<link rel=\"canonical\" href=\"https:\/\/www.africa-press.net\/cotedivoire\/sports\/le-jeune-espoir-amad-diallo-prete-aux-glasgow-rangers-par-manchester-united-jusqua-la-fin-de-la-saison\" \/>\n<meta property=\"og:locale\" content=\"fr_FR\" \/>\n<meta property=\"og:type\" content=\"article\" \/>\n<meta property=\"og:title\" content=\"Le jeune espoir Amad Diallo pr\u00eat\u00e9 aux Glasgow Rangers par Manchester United jusqu&#039;\u00e0 la fin de la saison\" \/>\n<meta property=\"og:description\" content=\"Amad Diallo ce jeudi en Ecosse (Ph) En manque de temps de jeu \u00e0 Manchester United, l\u2019espoir ivoirien, Amad Diallo, 19 a ...\" \/>\n<meta property=\"og:url\" content=\"https:\/\/www.africa-press.net\/cotedivoire\/sports\/le-jeune-espoir-amad-diallo-prete-aux-glasgow-rangers-par-manchester-united-jusqua-la-fin-de-la-saison\" \/>\n<meta property=\"og:site_name\" content=\"C\u00f4te d&#039;Ivoire\" \/>\n<meta property=\"article:published_time\" content=\"2022-01-28T18:01:08+00:00\" \/>\n<meta property=\"og:image\" content=\"https:\/\/static.africa-press.net\/cote\/sites\/43\/2022\/01\/img-61f427cf467d1.jpg\" \/>\n\t<meta property=\"og:image:width\" content=\"720\" \/>\n\t<meta property=\"og:image:height\" content=\"547\" \/>\n\t<meta property=\"og:image:type\" content=\"image\/jpeg\" \/>\n<meta name=\"author\" content=\"cfeditorfr\" \/>\n<meta name=\"twitter:card\" content=\"summary_large_image\" \/>\n<meta name=\"twitter:label1\" content=\"\u00c9crit par\" \/>\n\t<meta name=\"twitter:data1\" content=\"cfeditorfr\" \/>\n\t<meta name=\"twitter:label2\" content=\"Dur\u00e9e de lecture estim\u00e9e\" \/>\n\t<meta name=\"twitter:data2\" content=\"1 minute\" \/>\n<script type=\"application\/ld+json\" class=\"yoast-schema-graph\">{\"@context\":\"https:\/\/schema.org\",\"@graph\":[{\"@type\":\"Article\",\"@id\":\"https:\/\/www.africa-press.net\/cotedivoire\/sports\/le-jeune-espoir-amad-diallo-prete-aux-glasgow-rangers-par-manchester-united-jusqua-la-fin-de-la-saison#article\",\"isPartOf\":{\"@id\":\"https:\/\/www.africa-press.net\/cotedivoire\/sports\/le-jeune-espoir-amad-diallo-prete-aux-glasgow-rangers-par-manchester-united-jusqua-la-fin-de-la-saison\"},\"author\":{\"name\":\"cfeditorfr\",\"@id\":\"https:\/\/www.africa-press.net\/cotedivoire\/#\/schema\/person\/2b1cf3cd81a31e3cd26889ca66d677f1\"},\"headline\":\"Le jeune espoir Amad Diallo pr\u00eat\u00e9 aux Glasgow Rangers par Manchester United jusqu&rsquo;\u00e0 la fin de la saison\",\"datePublished\":\"2022-01-28T18:01:08+00:00\",\"mainEntityOfPage\":{\"@id\":\"https:\/\/www.africa-press.net\/cotedivoire\/sports\/le-jeune-espoir-amad-diallo-prete-aux-glasgow-rangers-par-manchester-united-jusqua-la-fin-de-la-saison\"},\"wordCount\":205,\"commentCount\":0,\"image\":{\"@id\":\"https:\/\/www.africa-press.net\/cotedivoire\/sports\/le-jeune-espoir-amad-diallo-prete-aux-glasgow-rangers-par-manchester-united-jusqua-la-fin-de-la-saison#primaryimage\"},\"thumbnailUrl\":\"https:\/\/static.africa-press.net\/cote\/sites\/43\/2022\/01\/img-61f427cf467d1.jpg\",\"keywords\":[\"Africa Press\",\"Africa Press-C\u00f4te d'Ivoire\",\"Amad Diallo\",\"C\u00d4TE D'IVOIRE\",\"Glasgow Rangers\",\"Manchester United\"],\"articleSection\":[\"homepage-french\",\"Sports\",\"Toutes les actualit\u00e9s\"],\"inLanguage\":\"fr-FR\",\"potentialAction\":[{\"@type\":\"CommentAction\",\"name\":\"Comment\",\"target\":[\"https:\/\/www.africa-press.net\/cotedivoire\/sports\/le-jeune-espoir-amad-diallo-prete-aux-glasgow-rangers-par-manchester-united-jusqua-la-fin-de-la-saison#respond\"]}]},{\"@type\":\"WebPage\",\"@id\":\"https:\/\/www.africa-press.net\/cotedivoire\/sports\/le-jeune-espoir-amad-diallo-prete-aux-glasgow-rangers-par-manchester-united-jusqua-la-fin-de-la-saison\",\"url\":\"https:\/\/www.africa-press.net\/cotedivoire\/sports\/le-jeune-espoir-amad-diallo-prete-aux-glasgow-rangers-par-manchester-united-jusqua-la-fin-de-la-saison\",\"name\":\"Le jeune espoir Amad Diallo pr\u00eat\u00e9 aux Glasgow Rangers par Manchester United jusqu'\u00e0 la fin de la saison - C\u00f4te d&#039;Ivoire\",\"isPartOf\":{\"@id\":\"https:\/\/www.africa-press.net\/cotedivoire\/#website\"},\"primaryImageOfPage\":{\"@id\":\"https:\/\/www.africa-press.net\/cotedivoire\/sports\/le-jeune-espoir-amad-diallo-prete-aux-glasgow-rangers-par-manchester-united-jusqua-la-fin-de-la-saison#primaryimage\"},\"image\":{\"@id\":\"https:\/\/www.africa-press.net\/cotedivoire\/sports\/le-jeune-espoir-amad-diallo-prete-aux-glasgow-rangers-par-manchester-united-jusqua-la-fin-de-la-saison#primaryimage\"},\"thumbnailUrl\":\"https:\/\/static.africa-press.net\/cote\/sites\/43\/2022\/01\/img-61f427cf467d1.jpg\",\"datePublished\":\"2022-01-28T18:01:08+00:00\",\"author\":{\"@id\":\"https:\/\/www.africa-press.net\/cotedivoire\/#\/schema\/person\/2b1cf3cd81a31e3cd26889ca66d677f1\"},\"description\":\"Amad Diallo ce jeudi en Ecosse (Ph) En manque de temps de jeu \u00e0 Manchester United, l\u2019espoir ivoirien, Amad Diallo, 19 a ...\",\"breadcrumb\":{\"@id\":\"https:\/\/www.africa-press.net\/cotedivoire\/sports\/le-jeune-espoir-amad-diallo-prete-aux-glasgow-rangers-par-manchester-united-jusqua-la-fin-de-la-saison#breadcrumb\"},\"inLanguage\":\"fr-FR\",\"potentialAction\":[{\"@type\":\"ReadAction\",\"target\":[\"https:\/\/www.africa-press.net\/cotedivoire\/sports\/le-jeune-espoir-amad-diallo-prete-aux-glasgow-rangers-par-manchester-united-jusqua-la-fin-de-la-saison\"]}]},{\"@type\":\"ImageObject\",\"inLanguage\":\"fr-FR\",\"@id\":\"https:\/\/www.africa-press.net\/cotedivoire\/sports\/le-jeune-espoir-amad-diallo-prete-aux-glasgow-rangers-par-manchester-united-jusqua-la-fin-de-la-saison#primaryimage\",\"url\":\"https:\/\/static.africa-press.net\/cote\/sites\/43\/2022\/01\/img-61f427cf467d1.jpg\",\"contentUrl\":\"https:\/\/static.africa-press.net\/cote\/sites\/43\/2022\/01\/img-61f427cf467d1.jpg\",\"width\":720,\"height\":547,\"caption\":\"Le jeune espoir Amad Diallo pr\u00eat\u00e9 aux Glasgow Rangers par Manchester United jusqu'\u00e0 la fin de la saison\"},{\"@type\":\"BreadcrumbList\",\"@id\":\"https:\/\/www.africa-press.net\/cotedivoire\/sports\/le-jeune-espoir-amad-diallo-prete-aux-glasgow-rangers-par-manchester-united-jusqua-la-fin-de-la-saison#breadcrumb\",\"itemListElement\":[{\"@type\":\"ListItem\",\"position\":1,\"name\":\"Accueil\",\"item\":\"https:\/\/www.africa-press.net\/cotedivoire\/\"},{\"@type\":\"ListItem\",\"position\":2,\"name\":\"Le jeune espoir Amad Diallo pr\u00eat\u00e9 aux Glasgow Rangers par Manchester United jusqu&#8217;\u00e0 la fin de la saison\"}]},{\"@type\":\"WebSite\",\"@id\":\"https:\/\/www.africa-press.net\/cotedivoire\/#website\",\"url\":\"https:\/\/www.africa-press.net\/cotedivoire\/\",\"name\":\"C\u00f4te d&#039;Ivoire\",\"description\":\"Just another Africa News Agency Sites site\",\"potentialAction\":[{\"@type\":\"SearchAction\",\"target\":{\"@type\":\"EntryPoint\",\"urlTemplate\":\"https:\/\/www.africa-press.net\/cotedivoire\/?s={search_term_string}\"},\"query-input\":{\"@type\":\"PropertyValueSpecification\",\"valueRequired\":true,\"valueName\":\"search_term_string\"}}],\"inLanguage\":\"fr-FR\"},{\"@type\":\"Person\",\"@id\":\"https:\/\/www.africa-press.net\/cotedivoire\/#\/schema\/person\/2b1cf3cd81a31e3cd26889ca66d677f1\",\"name\":\"cfeditorfr\"}]}<\/script>\n<!-- \/ Yoast SEO Premium plugin. -->","yoast_head_json":{"title":"Le jeune espoir Amad Diallo pr\u00eat\u00e9 aux Glasgow Rangers par Manchester United jusqu'\u00e0 la fin de la saison - C\u00f4te d&#039;Ivoire","description":"Amad Diallo ce jeudi en Ecosse (Ph) En manque de temps de jeu \u00e0 Manchester United, l\u2019espoir ivoirien, Amad Diallo, 19 a ...","robots":{"index":"index","follow":"follow","max-snippet":"max-snippet:-1","max-image-preview":"max-image-preview:large","max-video-preview":"max-video-preview:-1"},"canonical":"https:\/\/www.africa-press.net\/cotedivoire\/sports\/le-jeune-espoir-amad-diallo-prete-aux-glasgow-rangers-par-manchester-united-jusqua-la-fin-de-la-saison","og_locale":"fr_FR","og_type":"article","og_title":"Le jeune espoir Amad Diallo pr\u00eat\u00e9 aux Glasgow Rangers par Manchester United jusqu'\u00e0 la fin de la saison","og_description":"Amad Diallo ce jeudi en Ecosse (Ph) En manque de temps de jeu \u00e0 Manchester United, l\u2019espoir ivoirien, Amad Diallo, 19 a ...","og_url":"https:\/\/www.africa-press.net\/cotedivoire\/sports\/le-jeune-espoir-amad-diallo-prete-aux-glasgow-rangers-par-manchester-united-jusqua-la-fin-de-la-saison","og_site_name":"C\u00f4te d&#039;Ivoire","article_published_time":"2022-01-28T18:01:08+00:00","og_image":[{"width":720,"height":547,"url":"https:\/\/static.africa-press.net\/cote\/sites\/43\/2022\/01\/img-61f427cf467d1.jpg","type":"image\/jpeg"}],"author":"cfeditorfr","twitter_card":"summary_large_image","twitter_misc":{"\u00c9crit par":"cfeditorfr","Dur\u00e9e de lecture estim\u00e9e":"1 minute"},"schema":{"@context":"https:\/\/schema.org","@graph":[{"@type":"Article","@id":"https:\/\/www.africa-press.net\/cotedivoire\/sports\/le-jeune-espoir-amad-diallo-prete-aux-glasgow-rangers-par-manchester-united-jusqua-la-fin-de-la-saison#article","isPartOf":{"@id":"https:\/\/www.africa-press.net\/cotedivoire\/sports\/le-jeune-espoir-amad-diallo-prete-aux-glasgow-rangers-par-manchester-united-jusqua-la-fin-de-la-saison"},"author":{"name":"cfeditorfr","@id":"https:\/\/www.africa-press.net\/cotedivoire\/#\/schema\/person\/2b1cf3cd81a31e3cd26889ca66d677f1"},"headline":"Le jeune espoir Amad Diallo pr\u00eat\u00e9 aux Glasgow Rangers par Manchester United jusqu&rsquo;\u00e0 la fin de la saison","datePublished":"2022-01-28T18:01:08+00:00","mainEntityOfPage":{"@id":"https:\/\/www.africa-press.net\/cotedivoire\/sports\/le-jeune-espoir-amad-diallo-prete-aux-glasgow-rangers-par-manchester-united-jusqua-la-fin-de-la-saison"},"wordCount":205,"commentCount":0,"image":{"@id":"https:\/\/www.africa-press.net\/cotedivoire\/sports\/le-jeune-espoir-amad-diallo-prete-aux-glasgow-rangers-par-manchester-united-jusqua-la-fin-de-la-saison#primaryimage"},"thumbnailUrl":"https:\/\/static.africa-press.net\/cote\/sites\/43\/2022\/01\/img-61f427cf467d1.jpg","keywords":["Africa Press","Africa Press-C\u00f4te d'Ivoire","Amad Diallo","C\u00d4TE D'IVOIRE","Glasgow Rangers","Manchester United"],"articleSection":["homepage-french","Sports","Toutes les actualit\u00e9s"],"inLanguage":"fr-FR","potentialAction":[{"@type":"CommentAction","name":"Comment","target":["https:\/\/www.africa-press.net\/cotedivoire\/sports\/le-jeune-espoir-amad-diallo-prete-aux-glasgow-rangers-par-manchester-united-jusqua-la-fin-de-la-saison#respond"]}]},{"@type":"WebPage","@id":"https:\/\/www.africa-press.net\/cotedivoire\/sports\/le-jeune-espoir-amad-diallo-prete-aux-glasgow-rangers-par-manchester-united-jusqua-la-fin-de-la-saison","url":"https:\/\/www.africa-press.net\/cotedivoire\/sports\/le-jeune-espoir-amad-diallo-prete-aux-glasgow-rangers-par-manchester-united-jusqua-la-fin-de-la-saison","name":"Le jeune espoir Amad Diallo pr\u00eat\u00e9 aux Glasgow Rangers par Manchester United jusqu'\u00e0 la fin de la saison - C\u00f4te d&#039;Ivoire","isPartOf":{"@id":"https:\/\/www.africa-press.net\/cotedivoire\/#website"},"primaryImageOfPage":{"@id":"https:\/\/www.africa-press.net\/cotedivoire\/sports\/le-jeune-espoir-amad-diallo-prete-aux-glasgow-rangers-par-manchester-united-jusqua-la-fin-de-la-saison#primaryimage"},"image":{"@id":"https:\/\/www.africa-press.net\/cotedivoire\/sports\/le-jeune-espoir-amad-diallo-prete-aux-glasgow-rangers-par-manchester-united-jusqua-la-fin-de-la-saison#primaryimage"},"thumbnailUrl":"https:\/\/static.africa-press.net\/cote\/sites\/43\/2022\/01\/img-61f427cf467d1.jpg","datePublished":"2022-01-28T18:01:08+00:00","author":{"@id":"https:\/\/www.africa-press.net\/cotedivoire\/#\/schema\/person\/2b1cf3cd81a31e3cd26889ca66d677f1"},"description":"Amad Diallo ce jeudi en Ecosse (Ph) En manque de temps de jeu \u00e0 Manchester United, l\u2019espoir ivoirien, Amad Diallo, 19 a ...","breadcrumb":{"@id":"https:\/\/www.africa-press.net\/cotedivoire\/sports\/le-jeune-espoir-amad-diallo-prete-aux-glasgow-rangers-par-manchester-united-jusqua-la-fin-de-la-saison#breadcrumb"},"inLanguage":"fr-FR","potentialAction":[{"@type":"ReadAction","target":["https:\/\/www.africa-press.net\/cotedivoire\/sports\/le-jeune-espoir-amad-diallo-prete-aux-glasgow-rangers-par-manchester-united-jusqua-la-fin-de-la-saison"]}]},{"@type":"ImageObject","inLanguage":"fr-FR","@id":"https:\/\/www.africa-press.net\/cotedivoire\/sports\/le-jeune-espoir-amad-diallo-prete-aux-glasgow-rangers-par-manchester-united-jusqua-la-fin-de-la-saison#primaryimage","url":"https:\/\/static.africa-press.net\/cote\/sites\/43\/2022\/01\/img-61f427cf467d1.jpg","contentUrl":"https:\/\/static.africa-press.net\/cote\/sites\/43\/2022\/01\/img-61f427cf467d1.jpg","width":720,"height":547,"caption":"Le jeune espoir Amad Diallo pr\u00eat\u00e9 aux Glasgow Rangers par Manchester United jusqu'\u00e0 la fin de la saison"},{"@type":"BreadcrumbList","@id":"https:\/\/www.africa-press.net\/cotedivoire\/sports\/le-jeune-espoir-amad-diallo-prete-aux-glasgow-rangers-par-manchester-united-jusqua-la-fin-de-la-saison#breadcrumb","itemListElement":[{"@type":"ListItem","position":1,"name":"Accueil","item":"https:\/\/www.africa-press.net\/cotedivoire\/"},{"@type":"ListItem","position":2,"name":"Le jeune espoir Amad Diallo pr\u00eat\u00e9 aux Glasgow Rangers par Manchester United jusqu&#8217;\u00e0 la fin de la saison"}]},{"@type":"WebSite","@id":"https:\/\/www.africa-press.net\/cotedivoire\/#website","url":"https:\/\/www.africa-press.net\/cotedivoire\/","name":"C\u00f4te d&#039;Ivoire","description":"Just another Africa News Agency Sites site","potentialAction":[{"@type":"SearchAction","target":{"@type":"EntryPoint","urlTemplate":"https:\/\/www.africa-press.net\/cotedivoire\/?s={search_term_string}"},"query-input":{"@type":"PropertyValueSpecification","valueRequired":true,"valueName":"search_term_string"}}],"inLanguage":"fr-FR"},{"@type":"Person","@id":"https:\/\/www.africa-press.net\/cotedivoire\/#\/schema\/person\/2b1cf3cd81a31e3cd26889ca66d677f1","name":"cfeditorfr"}]}},"_links":{"self":[{"href":"https:\/\/www.africa-press.net\/cotedivoire\/wp-json\/wp\/v2\/posts\/26541","targetHints":{"allow":["GET"]}}],"collection":[{"href":"https:\/\/www.africa-press.net\/cotedivoire\/wp-json\/wp\/v2\/posts"}],"about":[{"href":"https:\/\/www.africa-press.net\/cotedivoire\/wp-json\/wp\/v2\/types\/post"}],"author":[{"embeddable":true,"href":"https:\/\/www.africa-press.net\/cotedivoire\/wp-json\/wp\/v2\/users\/82"}],"replies":[{"embeddable":true,"href":"https:\/\/www.africa-press.net\/cotedivoire\/wp-json\/wp\/v2\/comments?post=26541"}],"version-history":[{"count":0,"href":"https:\/\/www.africa-press.net\/cotedivoire\/wp-json\/wp\/v2\/posts\/26541\/revisions"}],"wp:featuredmedia":[{"embeddable":true,"href":"https:\/\/www.africa-press.net\/cotedivoire\/wp-json\/wp\/v2\/media\/26540"}],"wp:attachment":[{"href":"https:\/\/www.africa-press.net\/cotedivoire\/wp-json\/wp\/v2\/media?parent=26541"}],"wp:term":[{"taxonomy":"category","embeddable":true,"href":"https:\/\/www.africa-press.net\/cotedivoire\/wp-json\/wp\/v2\/categories?post=26541"},{"taxonomy":"post_tag","embeddable":true,"href":"https:\/\/www.africa-press.net\/cotedivoire\/wp-json\/wp\/v2\/tags?post=26541"}],"curies":[{"name":"wp","href":"https:\/\/api.w.org\/{rel}","templated":true}]}}