{"id":26544,"date":"2022-01-28T18:06:01","date_gmt":"2022-01-28T18:06:01","guid":{"rendered":"https:\/\/www.africa-press.net\/cotedivoire\/?p=26544"},"modified":"2022-01-28T17:30:18","modified_gmt":"2022-01-28T17:30:18","slug":"a-100-jours-de-son-existence-le-ppa-ci-veut-se-rapprocher-des-ivoiriens-une-fete-de-la-resistance-annoncee-le-31-mars-prochain","status":"publish","type":"post","link":"https:\/\/www.africa-press.net\/cotedivoire\/politique\/a-100-jours-de-son-existence-le-ppa-ci-veut-se-rapprocher-des-ivoiriens-une-fete-de-la-resistance-annoncee-le-31-mars-prochain","title":{"rendered":"A 100 jours de son existence, le PPA-CI veut se rapprocher des Ivoiriens, une f\u00eate de la r\u00e9sistance annonc\u00e9e le 31 mars prochain"},"content":{"rendered":"<p><span style=\"color: #ff6600\"><strong>Africa-Press &#8211; C\u00f4te d&rsquo;Ivoire. <\/strong><\/span><b>Damana Adia Pickass, secr\u00e9taire g\u00e9n\u00e9ral du PPA-CI \u00e0 Cocody (Ph KOACI)<\/b><\/p>\n<p>Le Parti des Peuples Africains &#8211; C\u00f4te d&rsquo;Ivoire (PPA-CI) a f\u00eat\u00e9 ses cent (100) jours d&rsquo;existence. Port\u00e9 sur les fonts baptismaux par Laurent Gbagbo et ses camarades, le PPA-CI, l&rsquo;une des derni\u00e8res formations politiques cr\u00e9\u00e9e en C\u00f4te d&rsquo;ivoire entend se rapprocher des populations ivoiriennes.<\/p>\n<p>C&rsquo;est ce qu&rsquo;a laiss\u00e9 entendre son secr\u00e9taire g\u00e9n\u00e9ral Damana Adia Pickass hier jeudi 27 janvier 2022 lors d&rsquo;une conf\u00e9rence de presse anim\u00e9e au si\u00e8ge du Parti sis \u00e0 Cocody Riviera 3, comme sur place constat\u00e9 par KOACI.<\/p>\n<p>Dans sa pr\u00e9sentation, le secr\u00e9taire G\u00e9n\u00e9ral a d&rsquo;abord rappel\u00e9 les conditions de cr\u00e9ation du PPA-CI et ses objectifs. Il a ensuite fait une pr\u00e9sentation exhaustive de toutes les activit\u00e9s du parti pendant ses 100 premiers jours en \u00e9voquant particuli\u00e8rement les tourn\u00e9es d&rsquo;implantation, lanc\u00e9es du 18 d\u00e9cembre 2021 au 10 janvier 2022, sur tout le territoire national. Aussi, a-t-il pr\u00e9sent\u00e9 les futures actions du Parti :<\/p>\n<p>\u00ab\u00a0L&rsquo;objectif en ce moment est de rapprocher le Parti des populations ivoiriennes. Dans les tr\u00e8s prochains jours, la direction du Parti s&rsquo;attellera \u00e0 mettre en place les nouvelles f\u00e9d\u00e9rations du Parti et les \u00e9lections des premiers responsables ainsi que ceux du comit\u00e9 central\u00a0\u00bb, a all\u00e9gu\u00e9 Damana Adia Pickass.<\/p>\n<p>Enfin, le secr\u00e9taire g\u00e9n\u00e9ral du PPA-CI a annonc\u00e9 la tenue de la \u00ab\u00a0f\u00eate de la r\u00e9sistance\u00a0\u00bb le 31 mars 2022.<\/p>\n<p><b>Jean Chr\u00e9sus, Abidjan<\/b><\/p>\n<p><strong>Pour plus d&rsquo;informations et d&rsquo;analyses sur la <a href=\"https:\/\/www.africa-press.net\/cotedivoire\">C\u00f4te d&rsquo;Ivoire<\/a>, suivez <a href=\"https:\/\/www.africa-press.net\/\">Africa-Press<\/a><\/strong><\/p>\n","protected":false},"excerpt":{"rendered":"<p>Africa-Press &#8211; C\u00f4te d&rsquo;Ivoire. Damana Adia Pickass, secr\u00e9taire g\u00e9n\u00e9ral du PPA-CI \u00e0 Cocody (Ph KOACI) Le Parti des Peuples Africains &#8211; C\u00f4te d&rsquo;Ivoire (PPA-CI) a f\u00eat\u00e9 ses cent (100) jours d&rsquo;existence. Port\u00e9 sur les fonts baptismaux par Laurent Gbagbo et ses camarades, le PPA-CI, l&rsquo;une des derni\u00e8res formations politiques cr\u00e9\u00e9e en C\u00f4te d&rsquo;ivoire entend se [&hellip;]<\/p>\n","protected":false},"author":82,"featured_media":26543,"comment_status":"open","ping_status":"closed","sticky":false,"template":"","format":"standard","meta":{"footnotes":""},"categories":[11,2,10],"tags":[56,63,358,29,1209,320,363,1233,1952],"class_list":["post-26544","post","type-post","status-publish","format-standard","has-post-thumbnail","hentry","category-homepage-french","category-politique","category-toutes-les-actualites","tag-africa-press","tag-africa-press-cote-divoire","tag-cocody","tag-cote-divoire","tag-damana","tag-gbagbo","tag-parti","tag-pickass","tag-ppa-ci"],"yoast_head":"<!-- This site is optimized with the Yoast SEO Premium plugin v26.1 (Yoast SEO v27.0) - https:\/\/yoast.com\/product\/yoast-seo-premium-wordpress\/ -->\n<title>A 100 jours de son existence, le PPA-CI veut se rapprocher des Ivoiriens, une f\u00eate de la r\u00e9sistance annonc\u00e9e le 31 mars prochain - C\u00f4te d&#039;Ivoire<\/title>\n<meta name=\"description\" content=\"Damana Adia Pickass, secr\u00e9taire g\u00e9n\u00e9ral du PPA-CI \u00e0 Cocody (Ph KOACI) Le Parti des Peuples Africains - C\u00f4te d&#039;Iv ...\" \/>\n<meta name=\"robots\" content=\"index, follow, max-snippet:-1, max-image-preview:large, max-video-preview:-1\" \/>\n<link rel=\"canonical\" href=\"https:\/\/www.africa-press.net\/cotedivoire\/politique\/a-100-jours-de-son-existence-le-ppa-ci-veut-se-rapprocher-des-ivoiriens-une-fete-de-la-resistance-annoncee-le-31-mars-prochain\" \/>\n<meta property=\"og:locale\" content=\"fr_FR\" \/>\n<meta property=\"og:type\" content=\"article\" \/>\n<meta property=\"og:title\" content=\"A 100 jours de son existence, le PPA-CI veut se rapprocher des Ivoiriens, une f\u00eate de la r\u00e9sistance annonc\u00e9e le 31 mars prochain\" \/>\n<meta property=\"og:description\" content=\"Damana Adia Pickass, secr\u00e9taire g\u00e9n\u00e9ral du PPA-CI \u00e0 Cocody (Ph KOACI) Le Parti des Peuples Africains - C\u00f4te d&#039;Iv ...\" \/>\n<meta property=\"og:url\" content=\"https:\/\/www.africa-press.net\/cotedivoire\/politique\/a-100-jours-de-son-existence-le-ppa-ci-veut-se-rapprocher-des-ivoiriens-une-fete-de-la-resistance-annoncee-le-31-mars-prochain\" \/>\n<meta property=\"og:site_name\" content=\"C\u00f4te d&#039;Ivoire\" \/>\n<meta property=\"article:published_time\" content=\"2022-01-28T18:06:01+00:00\" \/>\n<meta property=\"og:image\" content=\"https:\/\/static.africa-press.net\/cote\/sites\/43\/2022\/01\/img-61f427ff76c7f.jpg\" \/>\n\t<meta property=\"og:image:width\" content=\"720\" \/>\n\t<meta property=\"og:image:height\" content=\"480\" \/>\n\t<meta property=\"og:image:type\" content=\"image\/jpeg\" \/>\n<meta name=\"author\" content=\"cfeditorfr\" \/>\n<meta name=\"twitter:card\" content=\"summary_large_image\" \/>\n<meta name=\"twitter:label1\" content=\"\u00c9crit par\" \/>\n\t<meta name=\"twitter:data1\" content=\"cfeditorfr\" \/>\n\t<meta name=\"twitter:label2\" content=\"Dur\u00e9e de lecture estim\u00e9e\" \/>\n\t<meta name=\"twitter:data2\" content=\"1 minute\" \/>\n<script type=\"application\/ld+json\" class=\"yoast-schema-graph\">{\"@context\":\"https:\/\/schema.org\",\"@graph\":[{\"@type\":\"Article\",\"@id\":\"https:\/\/www.africa-press.net\/cotedivoire\/politique\/a-100-jours-de-son-existence-le-ppa-ci-veut-se-rapprocher-des-ivoiriens-une-fete-de-la-resistance-annoncee-le-31-mars-prochain#article\",\"isPartOf\":{\"@id\":\"https:\/\/www.africa-press.net\/cotedivoire\/politique\/a-100-jours-de-son-existence-le-ppa-ci-veut-se-rapprocher-des-ivoiriens-une-fete-de-la-resistance-annoncee-le-31-mars-prochain\"},\"author\":{\"name\":\"cfeditorfr\",\"@id\":\"https:\/\/www.africa-press.net\/cotedivoire\/#\/schema\/person\/2b1cf3cd81a31e3cd26889ca66d677f1\"},\"headline\":\"A 100 jours de son existence, le PPA-CI veut se rapprocher des Ivoiriens, une f\u00eate de la r\u00e9sistance annonc\u00e9e le 31 mars prochain\",\"datePublished\":\"2022-01-28T18:06:01+00:00\",\"mainEntityOfPage\":{\"@id\":\"https:\/\/www.africa-press.net\/cotedivoire\/politique\/a-100-jours-de-son-existence-le-ppa-ci-veut-se-rapprocher-des-ivoiriens-une-fete-de-la-resistance-annoncee-le-31-mars-prochain\"},\"wordCount\":305,\"commentCount\":0,\"image\":{\"@id\":\"https:\/\/www.africa-press.net\/cotedivoire\/politique\/a-100-jours-de-son-existence-le-ppa-ci-veut-se-rapprocher-des-ivoiriens-une-fete-de-la-resistance-annoncee-le-31-mars-prochain#primaryimage\"},\"thumbnailUrl\":\"https:\/\/static.africa-press.net\/cote\/sites\/43\/2022\/01\/img-61f427ff76c7f.jpg\",\"keywords\":[\"Africa Press\",\"Africa Press-C\u00f4te d'Ivoire\",\"Cocody\",\"C\u00d4TE D'IVOIRE\",\"Damana\",\"Gbagbo\",\"Parti\",\"Pickass\",\"PPA-CI\"],\"articleSection\":[\"homepage-french\",\"Politique\",\"Toutes les actualit\u00e9s\"],\"inLanguage\":\"fr-FR\",\"potentialAction\":[{\"@type\":\"CommentAction\",\"name\":\"Comment\",\"target\":[\"https:\/\/www.africa-press.net\/cotedivoire\/politique\/a-100-jours-de-son-existence-le-ppa-ci-veut-se-rapprocher-des-ivoiriens-une-fete-de-la-resistance-annoncee-le-31-mars-prochain#respond\"]}]},{\"@type\":\"WebPage\",\"@id\":\"https:\/\/www.africa-press.net\/cotedivoire\/politique\/a-100-jours-de-son-existence-le-ppa-ci-veut-se-rapprocher-des-ivoiriens-une-fete-de-la-resistance-annoncee-le-31-mars-prochain\",\"url\":\"https:\/\/www.africa-press.net\/cotedivoire\/politique\/a-100-jours-de-son-existence-le-ppa-ci-veut-se-rapprocher-des-ivoiriens-une-fete-de-la-resistance-annoncee-le-31-mars-prochain\",\"name\":\"A 100 jours de son existence, le PPA-CI veut se rapprocher des Ivoiriens, une f\u00eate de la r\u00e9sistance annonc\u00e9e le 31 mars prochain - C\u00f4te d&#039;Ivoire\",\"isPartOf\":{\"@id\":\"https:\/\/www.africa-press.net\/cotedivoire\/#website\"},\"primaryImageOfPage\":{\"@id\":\"https:\/\/www.africa-press.net\/cotedivoire\/politique\/a-100-jours-de-son-existence-le-ppa-ci-veut-se-rapprocher-des-ivoiriens-une-fete-de-la-resistance-annoncee-le-31-mars-prochain#primaryimage\"},\"image\":{\"@id\":\"https:\/\/www.africa-press.net\/cotedivoire\/politique\/a-100-jours-de-son-existence-le-ppa-ci-veut-se-rapprocher-des-ivoiriens-une-fete-de-la-resistance-annoncee-le-31-mars-prochain#primaryimage\"},\"thumbnailUrl\":\"https:\/\/static.africa-press.net\/cote\/sites\/43\/2022\/01\/img-61f427ff76c7f.jpg\",\"datePublished\":\"2022-01-28T18:06:01+00:00\",\"author\":{\"@id\":\"https:\/\/www.africa-press.net\/cotedivoire\/#\/schema\/person\/2b1cf3cd81a31e3cd26889ca66d677f1\"},\"description\":\"Damana Adia Pickass, secr\u00e9taire g\u00e9n\u00e9ral du PPA-CI \u00e0 Cocody (Ph KOACI) Le Parti des Peuples Africains - C\u00f4te d'Iv ...\",\"breadcrumb\":{\"@id\":\"https:\/\/www.africa-press.net\/cotedivoire\/politique\/a-100-jours-de-son-existence-le-ppa-ci-veut-se-rapprocher-des-ivoiriens-une-fete-de-la-resistance-annoncee-le-31-mars-prochain#breadcrumb\"},\"inLanguage\":\"fr-FR\",\"potentialAction\":[{\"@type\":\"ReadAction\",\"target\":[\"https:\/\/www.africa-press.net\/cotedivoire\/politique\/a-100-jours-de-son-existence-le-ppa-ci-veut-se-rapprocher-des-ivoiriens-une-fete-de-la-resistance-annoncee-le-31-mars-prochain\"]}]},{\"@type\":\"ImageObject\",\"inLanguage\":\"fr-FR\",\"@id\":\"https:\/\/www.africa-press.net\/cotedivoire\/politique\/a-100-jours-de-son-existence-le-ppa-ci-veut-se-rapprocher-des-ivoiriens-une-fete-de-la-resistance-annoncee-le-31-mars-prochain#primaryimage\",\"url\":\"https:\/\/static.africa-press.net\/cote\/sites\/43\/2022\/01\/img-61f427ff76c7f.jpg\",\"contentUrl\":\"https:\/\/static.africa-press.net\/cote\/sites\/43\/2022\/01\/img-61f427ff76c7f.jpg\",\"width\":720,\"height\":480,\"caption\":\"A 100 jours de son existence, le PPA-CI veut se rapprocher des Ivoiriens, une f\u00eate de la r\u00e9sistance annonc\u00e9e le 31 mars prochain\"},{\"@type\":\"BreadcrumbList\",\"@id\":\"https:\/\/www.africa-press.net\/cotedivoire\/politique\/a-100-jours-de-son-existence-le-ppa-ci-veut-se-rapprocher-des-ivoiriens-une-fete-de-la-resistance-annoncee-le-31-mars-prochain#breadcrumb\",\"itemListElement\":[{\"@type\":\"ListItem\",\"position\":1,\"name\":\"Accueil\",\"item\":\"https:\/\/www.africa-press.net\/cotedivoire\/\"},{\"@type\":\"ListItem\",\"position\":2,\"name\":\"A 100 jours de son existence, le PPA-CI veut se rapprocher des Ivoiriens, une f\u00eate de la r\u00e9sistance annonc\u00e9e le 31 mars prochain\"}]},{\"@type\":\"WebSite\",\"@id\":\"https:\/\/www.africa-press.net\/cotedivoire\/#website\",\"url\":\"https:\/\/www.africa-press.net\/cotedivoire\/\",\"name\":\"C\u00f4te d&#039;Ivoire\",\"description\":\"Just another Africa News Agency Sites site\",\"potentialAction\":[{\"@type\":\"SearchAction\",\"target\":{\"@type\":\"EntryPoint\",\"urlTemplate\":\"https:\/\/www.africa-press.net\/cotedivoire\/?s={search_term_string}\"},\"query-input\":{\"@type\":\"PropertyValueSpecification\",\"valueRequired\":true,\"valueName\":\"search_term_string\"}}],\"inLanguage\":\"fr-FR\"},{\"@type\":\"Person\",\"@id\":\"https:\/\/www.africa-press.net\/cotedivoire\/#\/schema\/person\/2b1cf3cd81a31e3cd26889ca66d677f1\",\"name\":\"cfeditorfr\"}]}<\/script>\n<!-- \/ Yoast SEO Premium plugin. -->","yoast_head_json":{"title":"A 100 jours de son existence, le PPA-CI veut se rapprocher des Ivoiriens, une f\u00eate de la r\u00e9sistance annonc\u00e9e le 31 mars prochain - C\u00f4te d&#039;Ivoire","description":"Damana Adia Pickass, secr\u00e9taire g\u00e9n\u00e9ral du PPA-CI \u00e0 Cocody (Ph KOACI) Le Parti des Peuples Africains - C\u00f4te d'Iv ...","robots":{"index":"index","follow":"follow","max-snippet":"max-snippet:-1","max-image-preview":"max-image-preview:large","max-video-preview":"max-video-preview:-1"},"canonical":"https:\/\/www.africa-press.net\/cotedivoire\/politique\/a-100-jours-de-son-existence-le-ppa-ci-veut-se-rapprocher-des-ivoiriens-une-fete-de-la-resistance-annoncee-le-31-mars-prochain","og_locale":"fr_FR","og_type":"article","og_title":"A 100 jours de son existence, le PPA-CI veut se rapprocher des Ivoiriens, une f\u00eate de la r\u00e9sistance annonc\u00e9e le 31 mars prochain","og_description":"Damana Adia Pickass, secr\u00e9taire g\u00e9n\u00e9ral du PPA-CI \u00e0 Cocody (Ph KOACI) Le Parti des Peuples Africains - C\u00f4te d'Iv ...","og_url":"https:\/\/www.africa-press.net\/cotedivoire\/politique\/a-100-jours-de-son-existence-le-ppa-ci-veut-se-rapprocher-des-ivoiriens-une-fete-de-la-resistance-annoncee-le-31-mars-prochain","og_site_name":"C\u00f4te d&#039;Ivoire","article_published_time":"2022-01-28T18:06:01+00:00","og_image":[{"width":720,"height":480,"url":"https:\/\/static.africa-press.net\/cote\/sites\/43\/2022\/01\/img-61f427ff76c7f.jpg","type":"image\/jpeg"}],"author":"cfeditorfr","twitter_card":"summary_large_image","twitter_misc":{"\u00c9crit par":"cfeditorfr","Dur\u00e9e de lecture estim\u00e9e":"1 minute"},"schema":{"@context":"https:\/\/schema.org","@graph":[{"@type":"Article","@id":"https:\/\/www.africa-press.net\/cotedivoire\/politique\/a-100-jours-de-son-existence-le-ppa-ci-veut-se-rapprocher-des-ivoiriens-une-fete-de-la-resistance-annoncee-le-31-mars-prochain#article","isPartOf":{"@id":"https:\/\/www.africa-press.net\/cotedivoire\/politique\/a-100-jours-de-son-existence-le-ppa-ci-veut-se-rapprocher-des-ivoiriens-une-fete-de-la-resistance-annoncee-le-31-mars-prochain"},"author":{"name":"cfeditorfr","@id":"https:\/\/www.africa-press.net\/cotedivoire\/#\/schema\/person\/2b1cf3cd81a31e3cd26889ca66d677f1"},"headline":"A 100 jours de son existence, le PPA-CI veut se rapprocher des Ivoiriens, une f\u00eate de la r\u00e9sistance annonc\u00e9e le 31 mars prochain","datePublished":"2022-01-28T18:06:01+00:00","mainEntityOfPage":{"@id":"https:\/\/www.africa-press.net\/cotedivoire\/politique\/a-100-jours-de-son-existence-le-ppa-ci-veut-se-rapprocher-des-ivoiriens-une-fete-de-la-resistance-annoncee-le-31-mars-prochain"},"wordCount":305,"commentCount":0,"image":{"@id":"https:\/\/www.africa-press.net\/cotedivoire\/politique\/a-100-jours-de-son-existence-le-ppa-ci-veut-se-rapprocher-des-ivoiriens-une-fete-de-la-resistance-annoncee-le-31-mars-prochain#primaryimage"},"thumbnailUrl":"https:\/\/static.africa-press.net\/cote\/sites\/43\/2022\/01\/img-61f427ff76c7f.jpg","keywords":["Africa Press","Africa Press-C\u00f4te d'Ivoire","Cocody","C\u00d4TE D'IVOIRE","Damana","Gbagbo","Parti","Pickass","PPA-CI"],"articleSection":["homepage-french","Politique","Toutes les actualit\u00e9s"],"inLanguage":"fr-FR","potentialAction":[{"@type":"CommentAction","name":"Comment","target":["https:\/\/www.africa-press.net\/cotedivoire\/politique\/a-100-jours-de-son-existence-le-ppa-ci-veut-se-rapprocher-des-ivoiriens-une-fete-de-la-resistance-annoncee-le-31-mars-prochain#respond"]}]},{"@type":"WebPage","@id":"https:\/\/www.africa-press.net\/cotedivoire\/politique\/a-100-jours-de-son-existence-le-ppa-ci-veut-se-rapprocher-des-ivoiriens-une-fete-de-la-resistance-annoncee-le-31-mars-prochain","url":"https:\/\/www.africa-press.net\/cotedivoire\/politique\/a-100-jours-de-son-existence-le-ppa-ci-veut-se-rapprocher-des-ivoiriens-une-fete-de-la-resistance-annoncee-le-31-mars-prochain","name":"A 100 jours de son existence, le PPA-CI veut se rapprocher des Ivoiriens, une f\u00eate de la r\u00e9sistance annonc\u00e9e le 31 mars prochain - C\u00f4te d&#039;Ivoire","isPartOf":{"@id":"https:\/\/www.africa-press.net\/cotedivoire\/#website"},"primaryImageOfPage":{"@id":"https:\/\/www.africa-press.net\/cotedivoire\/politique\/a-100-jours-de-son-existence-le-ppa-ci-veut-se-rapprocher-des-ivoiriens-une-fete-de-la-resistance-annoncee-le-31-mars-prochain#primaryimage"},"image":{"@id":"https:\/\/www.africa-press.net\/cotedivoire\/politique\/a-100-jours-de-son-existence-le-ppa-ci-veut-se-rapprocher-des-ivoiriens-une-fete-de-la-resistance-annoncee-le-31-mars-prochain#primaryimage"},"thumbnailUrl":"https:\/\/static.africa-press.net\/cote\/sites\/43\/2022\/01\/img-61f427ff76c7f.jpg","datePublished":"2022-01-28T18:06:01+00:00","author":{"@id":"https:\/\/www.africa-press.net\/cotedivoire\/#\/schema\/person\/2b1cf3cd81a31e3cd26889ca66d677f1"},"description":"Damana Adia Pickass, secr\u00e9taire g\u00e9n\u00e9ral du PPA-CI \u00e0 Cocody (Ph KOACI) Le Parti des Peuples Africains - C\u00f4te d'Iv ...","breadcrumb":{"@id":"https:\/\/www.africa-press.net\/cotedivoire\/politique\/a-100-jours-de-son-existence-le-ppa-ci-veut-se-rapprocher-des-ivoiriens-une-fete-de-la-resistance-annoncee-le-31-mars-prochain#breadcrumb"},"inLanguage":"fr-FR","potentialAction":[{"@type":"ReadAction","target":["https:\/\/www.africa-press.net\/cotedivoire\/politique\/a-100-jours-de-son-existence-le-ppa-ci-veut-se-rapprocher-des-ivoiriens-une-fete-de-la-resistance-annoncee-le-31-mars-prochain"]}]},{"@type":"ImageObject","inLanguage":"fr-FR","@id":"https:\/\/www.africa-press.net\/cotedivoire\/politique\/a-100-jours-de-son-existence-le-ppa-ci-veut-se-rapprocher-des-ivoiriens-une-fete-de-la-resistance-annoncee-le-31-mars-prochain#primaryimage","url":"https:\/\/static.africa-press.net\/cote\/sites\/43\/2022\/01\/img-61f427ff76c7f.jpg","contentUrl":"https:\/\/static.africa-press.net\/cote\/sites\/43\/2022\/01\/img-61f427ff76c7f.jpg","width":720,"height":480,"caption":"A 100 jours de son existence, le PPA-CI veut se rapprocher des Ivoiriens, une f\u00eate de la r\u00e9sistance annonc\u00e9e le 31 mars prochain"},{"@type":"BreadcrumbList","@id":"https:\/\/www.africa-press.net\/cotedivoire\/politique\/a-100-jours-de-son-existence-le-ppa-ci-veut-se-rapprocher-des-ivoiriens-une-fete-de-la-resistance-annoncee-le-31-mars-prochain#breadcrumb","itemListElement":[{"@type":"ListItem","position":1,"name":"Accueil","item":"https:\/\/www.africa-press.net\/cotedivoire\/"},{"@type":"ListItem","position":2,"name":"A 100 jours de son existence, le PPA-CI veut se rapprocher des Ivoiriens, une f\u00eate de la r\u00e9sistance annonc\u00e9e le 31 mars prochain"}]},{"@type":"WebSite","@id":"https:\/\/www.africa-press.net\/cotedivoire\/#website","url":"https:\/\/www.africa-press.net\/cotedivoire\/","name":"C\u00f4te d&#039;Ivoire","description":"Just another Africa News Agency Sites site","potentialAction":[{"@type":"SearchAction","target":{"@type":"EntryPoint","urlTemplate":"https:\/\/www.africa-press.net\/cotedivoire\/?s={search_term_string}"},"query-input":{"@type":"PropertyValueSpecification","valueRequired":true,"valueName":"search_term_string"}}],"inLanguage":"fr-FR"},{"@type":"Person","@id":"https:\/\/www.africa-press.net\/cotedivoire\/#\/schema\/person\/2b1cf3cd81a31e3cd26889ca66d677f1","name":"cfeditorfr"}]}},"_links":{"self":[{"href":"https:\/\/www.africa-press.net\/cotedivoire\/wp-json\/wp\/v2\/posts\/26544","targetHints":{"allow":["GET"]}}],"collection":[{"href":"https:\/\/www.africa-press.net\/cotedivoire\/wp-json\/wp\/v2\/posts"}],"about":[{"href":"https:\/\/www.africa-press.net\/cotedivoire\/wp-json\/wp\/v2\/types\/post"}],"author":[{"embeddable":true,"href":"https:\/\/www.africa-press.net\/cotedivoire\/wp-json\/wp\/v2\/users\/82"}],"replies":[{"embeddable":true,"href":"https:\/\/www.africa-press.net\/cotedivoire\/wp-json\/wp\/v2\/comments?post=26544"}],"version-history":[{"count":0,"href":"https:\/\/www.africa-press.net\/cotedivoire\/wp-json\/wp\/v2\/posts\/26544\/revisions"}],"wp:featuredmedia":[{"embeddable":true,"href":"https:\/\/www.africa-press.net\/cotedivoire\/wp-json\/wp\/v2\/media\/26543"}],"wp:attachment":[{"href":"https:\/\/www.africa-press.net\/cotedivoire\/wp-json\/wp\/v2\/media?parent=26544"}],"wp:term":[{"taxonomy":"category","embeddable":true,"href":"https:\/\/www.africa-press.net\/cotedivoire\/wp-json\/wp\/v2\/categories?post=26544"},{"taxonomy":"post_tag","embeddable":true,"href":"https:\/\/www.africa-press.net\/cotedivoire\/wp-json\/wp\/v2\/tags?post=26544"}],"curies":[{"name":"wp","href":"https:\/\/api.w.org\/{rel}","templated":true}]}}