{"id":26789,"date":"2022-01-31T09:43:13","date_gmt":"2022-01-31T09:43:13","guid":{"rendered":"https:\/\/www.africa-press.net\/cotedivoire\/politique\/can-2022-cameroun-egypte-et-burkina-faso-senegal-en-demies"},"modified":"2022-01-31T10:27:44","modified_gmt":"2022-01-31T10:27:44","slug":"can-2022-cameroun-egypte-et-burkina-faso-senegal-en-demies","status":"publish","type":"post","link":"https:\/\/www.africa-press.net\/cotedivoire\/sports\/can-2022-cameroun-egypte-et-burkina-faso-senegal-en-demies","title":{"rendered":"CAN 2022: Cameroun-\u00c9gypte et Burkina Faso-S\u00e9n\u00e9gal en demies"},"content":{"rendered":"<p><span style=\"color: #ff6600\"><strong>Africa-Press &#8211; C\u00f4te d&rsquo;Ivoire. <\/strong><\/span>On conna\u00eet d\u00e9sormais les deux affiches des demi-finales de la 33e Coupe d\u2019Afrique des nations de football (CAN 2022). La premi\u00e8re, Cameroun-\u00c9gypte, va opposer les deux \u00e9quipes les plus titr\u00e9es de l\u2019histoire de la CAN.<\/p>\n<p>La deuxi\u00e8me, S\u00e9n\u00e9gal-Burkina Faso, est in\u00e9dite \u00e0 ce niveau de la comp\u00e9tition. Ce sont deux histoires radicalement diff\u00e9rentes auxquelles les fans de foot africain vont avoir droit avec les demi-finales de la CAN 2022.<\/p>\n<p>Une nouvelle affiche le mercredi 2 f\u00e9vrier \u00e0 partir de 19h TU \u00e0 Yaound\u00e9. Puis un \u00ab clasico \u00bb du football continental le lendemain, au m\u00eame horaire\u2026 Ces demies vont d\u00e9buter avec un S\u00e9n\u00e9gal-Burkina Faso in\u00e9dit \u00e0 ce stade de la comp\u00e9tition.<\/p>\n<p>Une rencontre entre deux \u00e9quipes qui courent d\u00e9sesp\u00e9r\u00e9ment apr\u00e8s leur premier sacre \u00e0 la CAN. Des S\u00e9n\u00e9galais qui se sont montr\u00e9s d\u00e9termin\u00e9s face aux \u00c9quato-Guin\u00e9ens (3-1), en quarts de finale.<\/p>\n<p>Les Burkinab\u00e8, eux, ont \u00e9t\u00e9 tout aussi m\u00e9ritants face \u00e0 la Tunisie (1-0). Les Lions de la T\u00e9ranga, finalistes de la CAN 2019, seront favoris au Stade Ahmadou Ahidjo. Les \u00c9gyptiens veulent se venger de 2017<\/p>\n<p>Les Camerounais, tombeurs 2-0 de la Gambie, le seront-ils aussi, devant le public du Stade d\u2019Olemb\u00e9 et face \u00e0 l\u2019\u00c9gypte de Mohamed Salah ? Le 3 f\u00e9vrier, les \u00c9gyptiens, vainqueurs du Maroc (2-1 apr\u00e8s prolongation), auront s\u00fbrement en t\u00eate leur d\u00e9faite 2-1 en finale de la CAN 2017, face \u00e0 ces m\u00eames Lions Indomptables.<\/p>\n<p>Les rencontres au sommet entre l\u2019\u00c9gypte et le Cameroun sont un incontournable du ballon rond africain. Et comment pourrait-il en entre autrement pour deux \u00e9quipes qui ont remport\u00e9 12 des 32 pr\u00e9c\u00e9dentes \u00e9ditions ? Sept pour les \u00c9gyptiens, un record, et cinq pour les Camerounais\u2026<\/p>\n<p><strong>Pour plus d&rsquo;informations et d&rsquo;analyses sur la <a href=\"https:\/\/www.africa-press.net\/cotedivoire\">C\u00f4te d&rsquo;Ivoire<\/a>, suivez <a href=\"https:\/\/www.africa-press.net\/\">Africa-Press<\/a><\/strong><\/p>\n","protected":false},"excerpt":{"rendered":"<p>Africa-Press &#8211; C\u00f4te d&rsquo;Ivoire. On conna\u00eet d\u00e9sormais les deux affiches des demi-finales de la 33e Coupe d\u2019Afrique des nations de football (CAN 2022). La premi\u00e8re, Cameroun-\u00c9gypte, va opposer les deux \u00e9quipes les plus titr\u00e9es de l\u2019histoire de la CAN. La deuxi\u00e8me, S\u00e9n\u00e9gal-Burkina Faso, est in\u00e9dite \u00e0 ce niveau de la comp\u00e9tition. Ce sont deux histoires [&hellip;]<\/p>\n","protected":false},"author":82,"featured_media":26788,"comment_status":"open","ping_status":"closed","sticky":false,"template":"","format":"standard","meta":{"footnotes":""},"categories":[11,6,10],"tags":[56,63,2250,29],"class_list":["post-26789","post","type-post","status-publish","format-standard","has-post-thumbnail","hentry","category-homepage-french","category-sports","category-toutes-les-actualites","tag-africa-press","tag-africa-press-cote-divoire","tag-can-2022-2","tag-cote-divoire"],"yoast_head":"<!-- This site is optimized with the Yoast SEO Premium plugin v26.1 (Yoast SEO v27.0) - https:\/\/yoast.com\/product\/yoast-seo-premium-wordpress\/ -->\n<title>CAN 2022: Cameroun-\u00c9gypte et Burkina Faso-S\u00e9n\u00e9gal en demies - C\u00f4te d&#039;Ivoire<\/title>\n<meta name=\"description\" content=\"On conna\u00eet d\u00e9sormais les deux affiches des demi-finales de la 33e Coupe d\u2019Afrique des nations de football (CAN 2022). La ...\" \/>\n<meta name=\"robots\" content=\"index, follow, max-snippet:-1, max-image-preview:large, max-video-preview:-1\" \/>\n<link rel=\"canonical\" href=\"https:\/\/www.africa-press.net\/cotedivoire\/sports\/can-2022-cameroun-egypte-et-burkina-faso-senegal-en-demies\" \/>\n<meta property=\"og:locale\" content=\"fr_FR\" \/>\n<meta property=\"og:type\" content=\"article\" \/>\n<meta property=\"og:title\" content=\"CAN 2022: Cameroun-\u00c9gypte et Burkina Faso-S\u00e9n\u00e9gal en demies\" \/>\n<meta property=\"og:description\" content=\"On conna\u00eet d\u00e9sormais les deux affiches des demi-finales de la 33e Coupe d\u2019Afrique des nations de football (CAN 2022). La ...\" \/>\n<meta property=\"og:url\" content=\"https:\/\/www.africa-press.net\/cotedivoire\/sports\/can-2022-cameroun-egypte-et-burkina-faso-senegal-en-demies\" \/>\n<meta property=\"og:site_name\" content=\"C\u00f4te d&#039;Ivoire\" \/>\n<meta property=\"article:published_time\" content=\"2022-01-31T09:43:13+00:00\" \/>\n<meta property=\"article:modified_time\" content=\"2022-01-31T10:27:44+00:00\" \/>\n<meta property=\"og:image\" content=\"https:\/\/static.africa-press.net\/cote\/sites\/43\/2022\/01\/img-61f7b9805ceb9.jpg\" \/>\n\t<meta property=\"og:image:width\" content=\"1280\" \/>\n\t<meta property=\"og:image:height\" content=\"720\" \/>\n\t<meta property=\"og:image:type\" content=\"image\/jpeg\" \/>\n<meta name=\"author\" content=\"cfeditorfr\" \/>\n<meta name=\"twitter:card\" content=\"summary_large_image\" \/>\n<meta name=\"twitter:label1\" content=\"\u00c9crit par\" \/>\n\t<meta name=\"twitter:data1\" content=\"cfeditorfr\" \/>\n\t<meta name=\"twitter:label2\" content=\"Dur\u00e9e de lecture estim\u00e9e\" \/>\n\t<meta name=\"twitter:data2\" content=\"2 minutes\" \/>\n<script type=\"application\/ld+json\" class=\"yoast-schema-graph\">{\"@context\":\"https:\/\/schema.org\",\"@graph\":[{\"@type\":\"Article\",\"@id\":\"https:\/\/www.africa-press.net\/cotedivoire\/sports\/can-2022-cameroun-egypte-et-burkina-faso-senegal-en-demies#article\",\"isPartOf\":{\"@id\":\"https:\/\/www.africa-press.net\/cotedivoire\/sports\/can-2022-cameroun-egypte-et-burkina-faso-senegal-en-demies\"},\"author\":{\"name\":\"cfeditorfr\",\"@id\":\"https:\/\/www.africa-press.net\/cotedivoire\/#\/schema\/person\/2b1cf3cd81a31e3cd26889ca66d677f1\"},\"headline\":\"CAN 2022: Cameroun-\u00c9gypte et Burkina Faso-S\u00e9n\u00e9gal en demies\",\"datePublished\":\"2022-01-31T09:43:13+00:00\",\"dateModified\":\"2022-01-31T10:27:44+00:00\",\"mainEntityOfPage\":{\"@id\":\"https:\/\/www.africa-press.net\/cotedivoire\/sports\/can-2022-cameroun-egypte-et-burkina-faso-senegal-en-demies\"},\"wordCount\":329,\"commentCount\":0,\"image\":{\"@id\":\"https:\/\/www.africa-press.net\/cotedivoire\/sports\/can-2022-cameroun-egypte-et-burkina-faso-senegal-en-demies#primaryimage\"},\"thumbnailUrl\":\"https:\/\/static.africa-press.net\/cote\/sites\/43\/2022\/01\/img-61f7b9805ceb9.jpg\",\"keywords\":[\"Africa Press\",\"Africa Press-C\u00f4te d'Ivoire\",\"CAN 2022\",\"C\u00d4TE D'IVOIRE\"],\"articleSection\":[\"homepage-french\",\"Sports\",\"Toutes les actualit\u00e9s\"],\"inLanguage\":\"fr-FR\",\"potentialAction\":[{\"@type\":\"CommentAction\",\"name\":\"Comment\",\"target\":[\"https:\/\/www.africa-press.net\/cotedivoire\/sports\/can-2022-cameroun-egypte-et-burkina-faso-senegal-en-demies#respond\"]}]},{\"@type\":\"WebPage\",\"@id\":\"https:\/\/www.africa-press.net\/cotedivoire\/sports\/can-2022-cameroun-egypte-et-burkina-faso-senegal-en-demies\",\"url\":\"https:\/\/www.africa-press.net\/cotedivoire\/sports\/can-2022-cameroun-egypte-et-burkina-faso-senegal-en-demies\",\"name\":\"CAN 2022: Cameroun-\u00c9gypte et Burkina Faso-S\u00e9n\u00e9gal en demies - C\u00f4te d&#039;Ivoire\",\"isPartOf\":{\"@id\":\"https:\/\/www.africa-press.net\/cotedivoire\/#website\"},\"primaryImageOfPage\":{\"@id\":\"https:\/\/www.africa-press.net\/cotedivoire\/sports\/can-2022-cameroun-egypte-et-burkina-faso-senegal-en-demies#primaryimage\"},\"image\":{\"@id\":\"https:\/\/www.africa-press.net\/cotedivoire\/sports\/can-2022-cameroun-egypte-et-burkina-faso-senegal-en-demies#primaryimage\"},\"thumbnailUrl\":\"https:\/\/static.africa-press.net\/cote\/sites\/43\/2022\/01\/img-61f7b9805ceb9.jpg\",\"datePublished\":\"2022-01-31T09:43:13+00:00\",\"dateModified\":\"2022-01-31T10:27:44+00:00\",\"author\":{\"@id\":\"https:\/\/www.africa-press.net\/cotedivoire\/#\/schema\/person\/2b1cf3cd81a31e3cd26889ca66d677f1\"},\"description\":\"On conna\u00eet d\u00e9sormais les deux affiches des demi-finales de la 33e Coupe d\u2019Afrique des nations de football (CAN 2022). La ...\",\"breadcrumb\":{\"@id\":\"https:\/\/www.africa-press.net\/cotedivoire\/sports\/can-2022-cameroun-egypte-et-burkina-faso-senegal-en-demies#breadcrumb\"},\"inLanguage\":\"fr-FR\",\"potentialAction\":[{\"@type\":\"ReadAction\",\"target\":[\"https:\/\/www.africa-press.net\/cotedivoire\/sports\/can-2022-cameroun-egypte-et-burkina-faso-senegal-en-demies\"]}]},{\"@type\":\"ImageObject\",\"inLanguage\":\"fr-FR\",\"@id\":\"https:\/\/www.africa-press.net\/cotedivoire\/sports\/can-2022-cameroun-egypte-et-burkina-faso-senegal-en-demies#primaryimage\",\"url\":\"https:\/\/static.africa-press.net\/cote\/sites\/43\/2022\/01\/img-61f7b9805ceb9.jpg\",\"contentUrl\":\"https:\/\/static.africa-press.net\/cote\/sites\/43\/2022\/01\/img-61f7b9805ceb9.jpg\",\"width\":1280,\"height\":720,\"caption\":\"CAN 2022: Cameroun-\u00c9gypte et Burkina Faso-S\u00e9n\u00e9gal en demies\"},{\"@type\":\"BreadcrumbList\",\"@id\":\"https:\/\/www.africa-press.net\/cotedivoire\/sports\/can-2022-cameroun-egypte-et-burkina-faso-senegal-en-demies#breadcrumb\",\"itemListElement\":[{\"@type\":\"ListItem\",\"position\":1,\"name\":\"Accueil\",\"item\":\"https:\/\/www.africa-press.net\/cotedivoire\/\"},{\"@type\":\"ListItem\",\"position\":2,\"name\":\"CAN 2022: Cameroun-\u00c9gypte et Burkina Faso-S\u00e9n\u00e9gal en demies\"}]},{\"@type\":\"WebSite\",\"@id\":\"https:\/\/www.africa-press.net\/cotedivoire\/#website\",\"url\":\"https:\/\/www.africa-press.net\/cotedivoire\/\",\"name\":\"C\u00f4te d&#039;Ivoire\",\"description\":\"Just another Africa News Agency Sites site\",\"potentialAction\":[{\"@type\":\"SearchAction\",\"target\":{\"@type\":\"EntryPoint\",\"urlTemplate\":\"https:\/\/www.africa-press.net\/cotedivoire\/?s={search_term_string}\"},\"query-input\":{\"@type\":\"PropertyValueSpecification\",\"valueRequired\":true,\"valueName\":\"search_term_string\"}}],\"inLanguage\":\"fr-FR\"},{\"@type\":\"Person\",\"@id\":\"https:\/\/www.africa-press.net\/cotedivoire\/#\/schema\/person\/2b1cf3cd81a31e3cd26889ca66d677f1\",\"name\":\"cfeditorfr\"}]}<\/script>\n<!-- \/ Yoast SEO Premium plugin. -->","yoast_head_json":{"title":"CAN 2022: Cameroun-\u00c9gypte et Burkina Faso-S\u00e9n\u00e9gal en demies - C\u00f4te d&#039;Ivoire","description":"On conna\u00eet d\u00e9sormais les deux affiches des demi-finales de la 33e Coupe d\u2019Afrique des nations de football (CAN 2022). La ...","robots":{"index":"index","follow":"follow","max-snippet":"max-snippet:-1","max-image-preview":"max-image-preview:large","max-video-preview":"max-video-preview:-1"},"canonical":"https:\/\/www.africa-press.net\/cotedivoire\/sports\/can-2022-cameroun-egypte-et-burkina-faso-senegal-en-demies","og_locale":"fr_FR","og_type":"article","og_title":"CAN 2022: Cameroun-\u00c9gypte et Burkina Faso-S\u00e9n\u00e9gal en demies","og_description":"On conna\u00eet d\u00e9sormais les deux affiches des demi-finales de la 33e Coupe d\u2019Afrique des nations de football (CAN 2022). La ...","og_url":"https:\/\/www.africa-press.net\/cotedivoire\/sports\/can-2022-cameroun-egypte-et-burkina-faso-senegal-en-demies","og_site_name":"C\u00f4te d&#039;Ivoire","article_published_time":"2022-01-31T09:43:13+00:00","article_modified_time":"2022-01-31T10:27:44+00:00","og_image":[{"width":1280,"height":720,"url":"https:\/\/static.africa-press.net\/cote\/sites\/43\/2022\/01\/img-61f7b9805ceb9.jpg","type":"image\/jpeg"}],"author":"cfeditorfr","twitter_card":"summary_large_image","twitter_misc":{"\u00c9crit par":"cfeditorfr","Dur\u00e9e de lecture estim\u00e9e":"2 minutes"},"schema":{"@context":"https:\/\/schema.org","@graph":[{"@type":"Article","@id":"https:\/\/www.africa-press.net\/cotedivoire\/sports\/can-2022-cameroun-egypte-et-burkina-faso-senegal-en-demies#article","isPartOf":{"@id":"https:\/\/www.africa-press.net\/cotedivoire\/sports\/can-2022-cameroun-egypte-et-burkina-faso-senegal-en-demies"},"author":{"name":"cfeditorfr","@id":"https:\/\/www.africa-press.net\/cotedivoire\/#\/schema\/person\/2b1cf3cd81a31e3cd26889ca66d677f1"},"headline":"CAN 2022: Cameroun-\u00c9gypte et Burkina Faso-S\u00e9n\u00e9gal en demies","datePublished":"2022-01-31T09:43:13+00:00","dateModified":"2022-01-31T10:27:44+00:00","mainEntityOfPage":{"@id":"https:\/\/www.africa-press.net\/cotedivoire\/sports\/can-2022-cameroun-egypte-et-burkina-faso-senegal-en-demies"},"wordCount":329,"commentCount":0,"image":{"@id":"https:\/\/www.africa-press.net\/cotedivoire\/sports\/can-2022-cameroun-egypte-et-burkina-faso-senegal-en-demies#primaryimage"},"thumbnailUrl":"https:\/\/static.africa-press.net\/cote\/sites\/43\/2022\/01\/img-61f7b9805ceb9.jpg","keywords":["Africa Press","Africa Press-C\u00f4te d'Ivoire","CAN 2022","C\u00d4TE D'IVOIRE"],"articleSection":["homepage-french","Sports","Toutes les actualit\u00e9s"],"inLanguage":"fr-FR","potentialAction":[{"@type":"CommentAction","name":"Comment","target":["https:\/\/www.africa-press.net\/cotedivoire\/sports\/can-2022-cameroun-egypte-et-burkina-faso-senegal-en-demies#respond"]}]},{"@type":"WebPage","@id":"https:\/\/www.africa-press.net\/cotedivoire\/sports\/can-2022-cameroun-egypte-et-burkina-faso-senegal-en-demies","url":"https:\/\/www.africa-press.net\/cotedivoire\/sports\/can-2022-cameroun-egypte-et-burkina-faso-senegal-en-demies","name":"CAN 2022: Cameroun-\u00c9gypte et Burkina Faso-S\u00e9n\u00e9gal en demies - C\u00f4te d&#039;Ivoire","isPartOf":{"@id":"https:\/\/www.africa-press.net\/cotedivoire\/#website"},"primaryImageOfPage":{"@id":"https:\/\/www.africa-press.net\/cotedivoire\/sports\/can-2022-cameroun-egypte-et-burkina-faso-senegal-en-demies#primaryimage"},"image":{"@id":"https:\/\/www.africa-press.net\/cotedivoire\/sports\/can-2022-cameroun-egypte-et-burkina-faso-senegal-en-demies#primaryimage"},"thumbnailUrl":"https:\/\/static.africa-press.net\/cote\/sites\/43\/2022\/01\/img-61f7b9805ceb9.jpg","datePublished":"2022-01-31T09:43:13+00:00","dateModified":"2022-01-31T10:27:44+00:00","author":{"@id":"https:\/\/www.africa-press.net\/cotedivoire\/#\/schema\/person\/2b1cf3cd81a31e3cd26889ca66d677f1"},"description":"On conna\u00eet d\u00e9sormais les deux affiches des demi-finales de la 33e Coupe d\u2019Afrique des nations de football (CAN 2022). La ...","breadcrumb":{"@id":"https:\/\/www.africa-press.net\/cotedivoire\/sports\/can-2022-cameroun-egypte-et-burkina-faso-senegal-en-demies#breadcrumb"},"inLanguage":"fr-FR","potentialAction":[{"@type":"ReadAction","target":["https:\/\/www.africa-press.net\/cotedivoire\/sports\/can-2022-cameroun-egypte-et-burkina-faso-senegal-en-demies"]}]},{"@type":"ImageObject","inLanguage":"fr-FR","@id":"https:\/\/www.africa-press.net\/cotedivoire\/sports\/can-2022-cameroun-egypte-et-burkina-faso-senegal-en-demies#primaryimage","url":"https:\/\/static.africa-press.net\/cote\/sites\/43\/2022\/01\/img-61f7b9805ceb9.jpg","contentUrl":"https:\/\/static.africa-press.net\/cote\/sites\/43\/2022\/01\/img-61f7b9805ceb9.jpg","width":1280,"height":720,"caption":"CAN 2022: Cameroun-\u00c9gypte et Burkina Faso-S\u00e9n\u00e9gal en demies"},{"@type":"BreadcrumbList","@id":"https:\/\/www.africa-press.net\/cotedivoire\/sports\/can-2022-cameroun-egypte-et-burkina-faso-senegal-en-demies#breadcrumb","itemListElement":[{"@type":"ListItem","position":1,"name":"Accueil","item":"https:\/\/www.africa-press.net\/cotedivoire\/"},{"@type":"ListItem","position":2,"name":"CAN 2022: Cameroun-\u00c9gypte et Burkina Faso-S\u00e9n\u00e9gal en demies"}]},{"@type":"WebSite","@id":"https:\/\/www.africa-press.net\/cotedivoire\/#website","url":"https:\/\/www.africa-press.net\/cotedivoire\/","name":"C\u00f4te d&#039;Ivoire","description":"Just another Africa News Agency Sites site","potentialAction":[{"@type":"SearchAction","target":{"@type":"EntryPoint","urlTemplate":"https:\/\/www.africa-press.net\/cotedivoire\/?s={search_term_string}"},"query-input":{"@type":"PropertyValueSpecification","valueRequired":true,"valueName":"search_term_string"}}],"inLanguage":"fr-FR"},{"@type":"Person","@id":"https:\/\/www.africa-press.net\/cotedivoire\/#\/schema\/person\/2b1cf3cd81a31e3cd26889ca66d677f1","name":"cfeditorfr"}]}},"_links":{"self":[{"href":"https:\/\/www.africa-press.net\/cotedivoire\/wp-json\/wp\/v2\/posts\/26789","targetHints":{"allow":["GET"]}}],"collection":[{"href":"https:\/\/www.africa-press.net\/cotedivoire\/wp-json\/wp\/v2\/posts"}],"about":[{"href":"https:\/\/www.africa-press.net\/cotedivoire\/wp-json\/wp\/v2\/types\/post"}],"author":[{"embeddable":true,"href":"https:\/\/www.africa-press.net\/cotedivoire\/wp-json\/wp\/v2\/users\/82"}],"replies":[{"embeddable":true,"href":"https:\/\/www.africa-press.net\/cotedivoire\/wp-json\/wp\/v2\/comments?post=26789"}],"version-history":[{"count":0,"href":"https:\/\/www.africa-press.net\/cotedivoire\/wp-json\/wp\/v2\/posts\/26789\/revisions"}],"wp:featuredmedia":[{"embeddable":true,"href":"https:\/\/www.africa-press.net\/cotedivoire\/wp-json\/wp\/v2\/media\/26788"}],"wp:attachment":[{"href":"https:\/\/www.africa-press.net\/cotedivoire\/wp-json\/wp\/v2\/media?parent=26789"}],"wp:term":[{"taxonomy":"category","embeddable":true,"href":"https:\/\/www.africa-press.net\/cotedivoire\/wp-json\/wp\/v2\/categories?post=26789"},{"taxonomy":"post_tag","embeddable":true,"href":"https:\/\/www.africa-press.net\/cotedivoire\/wp-json\/wp\/v2\/tags?post=26789"}],"curies":[{"name":"wp","href":"https:\/\/api.w.org\/{rel}","templated":true}]}}