{"id":26822,"date":"2022-01-31T14:55:00","date_gmt":"2022-01-31T14:55:00","guid":{"rendered":"https:\/\/www.africa-press.net\/cotedivoire\/?p=26822"},"modified":"2022-01-31T13:43:13","modified_gmt":"2022-01-31T13:43:13","slug":"pour-affi-nguessan-les-sanctions-de-la-cedeao-contre-certains-pays-sont-logiques-et-tance-ne-jouons-pas-aux-apprentis-sorciers","status":"publish","type":"post","link":"https:\/\/www.africa-press.net\/cotedivoire\/politique\/pour-affi-nguessan-les-sanctions-de-la-cedeao-contre-certains-pays-sont-logiques-et-tance-ne-jouons-pas-aux-apprentis-sorciers","title":{"rendered":"Pour Affi N&rsquo;Guessan, les sanctions de la CEDEAO contre certains pays sont logiques et tance : \u00ab Ne jouons pas aux apprentis sorciers \u00bb"},"content":{"rendered":"<p><span style=\"color: #ff6600\"><strong>Africa-Press &#8211; C\u00f4te d&rsquo;Ivoire. <\/strong><\/span>Affi samedi \u00e0 Abidjan (Ph)<\/p>\n<p>A l\u2019occasion du comit\u00e9 central du Front Populaire Ivoirien tenu le week-end dernier, Pascal Affi N\u2019Guessan, s\u2019est prononc\u00e9 sur la r\u00e9surgence des Coups d\u2019Etat qui secouent des pays de la sous-r\u00e9gion.<\/p>\n<p>Pour l\u2019ancien Premier Ministre ivoirien, ces diff\u00e9rents coups d\u2019Etat sont la marque d\u2019un \u00e9chec.<\/p>\n<p>\u00ab Ces diff\u00e9rents coups d\u2019Etat sont la marque d\u2019un \u00e9chec \u00bb, a-t-il fait observer dans sa d\u00e9claration et d\u2019ajouter. \u00ab Le t\u00e9moignage en r\u00e9alit\u00e9 de l\u2019absence de maturit\u00e9 la conscience d\u00e9mocratique, en donnant le sentiment que les alternances d\u00e9mocratiques ne constitueraient pas un id\u00e9al absolu, qu\u2019il existerait d\u2019autres solutions, plus efficaces et donc tout aussi l\u00e9gitimes. Nos Institutions r\u00e9gionales y r\u00e9pondent par des mises en demeure et par des sanctions. \u00bb<\/p>\n<p>Pour le D\u00e9put\u00e9, les organisations sous-r\u00e9gionales, sont dans leur r\u00f4le et ces \u00ab sanctions sont logiques \u00bb<\/p>\n<p>Poursuivant, il souligne que, finalement, c\u2019est la construction d\u2019un ordre international fond\u00e9 sur la d\u00e9mocratie, l\u2019Etat de droit et la paix qui se trouve \u00e9branl\u00e9 et fragilis\u00e9. Mais la contrepartie tragique est de d\u00e9grader encore le quotidien de populations d\u00e9j\u00e0 tr\u00e8s d\u00e9munies et d\u2019alimenter une fracture dangereuse entre nos populations et nos Institutions.<\/p>\n<p>\u00ab Mais reste pour les Institutions r\u00e9gionales, notamment la CEDEAO \u00e0 trouver le bon \u00e9quilibre et sans doute aussi la m\u00e9thode et la mani\u00e8re \u00bb, poursuit-il. \u00ab L\u2019incompr\u00e9hension, la fracture ont une autre cons\u00e9quence tout aussi p\u00e9rilleuse pour l\u2019ensemble de notre continent : c\u2019est la confusion regrettable entre le patriotisme et le nationalisme. Le patriotisme, c\u2019est l\u2019amour sinc\u00e8re et naturel de son pays ; le nationalisme, c\u2019est la tentation de l\u2019enfermement et de l\u2019isolement. C\u2019est le refus de l\u2019internationalisme donc du panafricanisme.<\/p>\n<p>Comment ne pas comprendre que dans un monde globalis\u00e9, l\u2019int\u00e9r\u00eat de nos pays r\u00e9side dans la constitution de blocs politiques, \u00e9conomiques et mon\u00e9taires, qui sont des instruments d\u2019affirmation continentale dans un rapport de forces plan\u00e9taire. La CEDEAO, l\u2019UEMOA dans notre Sous-r\u00e9gion, mais aussi l\u2019Union africaine, la Cour Africaine des Droits de l\u2019Homme et des Peuples ne sont pas des outils de coercition des Etats, mais des instruments de puissance pour l\u2019ensemble de nos pays. Ces retours en arri\u00e8re s\u2019accompagnent toujours de justifications, souvent les m\u00eames, en d\u00e9signant des boucs \u00e9missaires toujours les m\u00eames. On rejette les anciennes puissances coloniales ; on se jette dans les bras de nouveaux tuteurs ; on feint toujours d\u2019ignorer deux r\u00e8gles d\u2019or : la premi\u00e8re, c\u2019est qu\u2019un Etat n\u2019a pas d\u2019amis mais des int\u00e9r\u00eats. Et cela vaut pour tous les Etats ; la seconde, c\u2019est que l\u2019union fait la force. Et il est permis de se r\u00e9f\u00e9rer \u00e0 d\u2019autres exp\u00e9riences dans le monde. En d\u00e9pit des critiques, le processus d\u2019int\u00e9gration en Europe constitue un puissant levier de richesse et de paix dans un continent jusque-l\u00e0 meurtri par de nombreuses guerres. Il s\u2019est traduit par une devise commune et par un espace de libre circulation des personnes et des biens. \u00bb<\/p>\n<p>Selon celui qui se d\u00e9finit comme le lion du Moronou, dans la r\u00e9gion natale, l\u2019ouverture n\u2019est ni l\u2019ennemi de l\u2019ind\u00e9pendance, ni l\u2019adversaire de la souverainet\u00e9.<\/p>\n<p>\u00ab En revanche, je le redis : le r\u00e9gime militaire, c\u2019est une fausse solution \u00e0 de vrais probl\u00e8mes. Nous ne nions pas les probl\u00e8mes. Cette succession d\u2019\u00e9v\u00e9nements nous rappelle aussi qu\u2019il faut savoir davantage \u00e9couter nos peuples. Savoir faire preuve d\u2019intelligence politique pour anticiper. Nos peuples r\u00e9clament de nous que nous sachions b\u00e2tir des Etats forts au service de leur s\u00e9curit\u00e9, des Etats impartiaux au service de la d\u00e9mocratie. Ils nous demandent de travailler pour leur bien-\u00eatre ; ils veulent que nous leur garantissions le droit \u00e0 l\u2019\u00e9ducation, \u00e0 la sant\u00e9 et \u00e0 l\u2019emploi. Ils exigent que nous luttions de mani\u00e8re r\u00e9solue contre la corruption. Nous devons imp\u00e9rativement entendre ces aspirations, respecter nos engagements politiques, d\u00e9velopper de meilleurs outils au service d\u2019une v\u00e9ritable conscience d\u00e9mocratique et patriotique.<\/p>\n<p>Chez nous en C\u00f4te d\u2019Ivoire, ces \u00e9v\u00e9nements doivent faire prendre conscience \u00e0 chacun d\u2019entre nous de l\u2019importance strat\u00e9gique de la dissuasion militaire, et de l\u2019urgence de la coh\u00e9sion nationale. Une arm\u00e9e puissante et une diplomatie performante sont les fondements de la s\u00e9curit\u00e9 et de la souverainet\u00e9 des Nations, de la paix int\u00e9rieure et ext\u00e9rieure et du rayonnement international d\u2019un pays. C\u2019est le d\u00e9fi que nous posent les menaces actuelles d\u2019ordre int\u00e9rieur et ext\u00e9rieur, c\u2019est l\u2019ambition que nourrissent nos compatriotes et que nous devons satisfaire : faire de la C\u00f4te d\u2019Ivoire une puissance r\u00e9gionale en mati\u00e8re de d\u00e9fense et de s\u00e9curit\u00e9 afin d\u2019assumer dans la Sous-r\u00e9gion ouest-africaine le leadership g\u00e9ostrat\u00e9gique que l\u2019histoire, la g\u00e9ographie et l\u2019\u00e9conomie nous imposent \u00bb, et de proposer. \u00ab Je propose que le budget de la d\u00e9fense de l\u2019exercice 2022 soit port\u00e9 de 378 milliards de FCFA \u00e0 550 milliards de FCFA afin de permettre \u00e0 notre arm\u00e9e de se d\u00e9ployer au plus pr\u00e8s des fronti\u00e8res notamment au Nord du pays et de renforcer ses capacit\u00e9s d\u2019anticipation, de pr\u00e9vention et de r\u00e9action rapide et massive.<\/p>\n<p>Evidemment nous le savons tous, l\u2019action militaire est n\u00e9cessaire mais elle ne suffit pas pour assurer la paix, la s\u00e9curit\u00e9 et la stabilit\u00e9 d\u2019un Etat.<\/p>\n<p>Je l\u2019ai dit ; je ne cesse de le redire ; je le dirai encore et toujours, autant que n\u00e9cessaire : face au risque terroriste, face \u00e0 la pauvret\u00e9 que nos taux de croissance n\u2019ont pas jugul\u00e9e, face aux s\u00e9quelles des turbulences politiques et sociales des 30 derni\u00e8res ann\u00e9es, nous avons l\u2019ardente obligation du dialogue pour fonder un nouveau contrat social et consolider l\u2019unit\u00e9 nationale \u00bb, puis de lancer \u00e0 un appel. \u00ab Je lance un appel aux forces politiques et sociales de notre pays, au pr\u00e9sident de la R\u00e9publique, Alassane Ouattara, qui exerce le pouvoir et dispose \u00e0 ce titre de la facult\u00e9 d\u2019impulsion, \u00e0 son parti le RHDP, aux partis de l\u2019opposition. Je les appelle \u00e0 prendre la mesure des risques qui p\u00e8sent sur notre pays. Refusons la politique de l\u2019autruche ! Ne jouons pas aux apprentis sorciers.<\/p>\n<p>Aucun de nous ne peut en effet nier que face \u00e0 la d\u00e9stabilisation de la Sous-r\u00e9gion, face \u00e0 l\u2019avanc\u00e9e des groupes terroristes vers les pays c\u00f4tiers, l\u2019incursion djihadiste au Nord du pays, face aussi \u00e0 la multiplication des coups de force, la pression s\u2019accentue sur la C\u00f4te d\u2019Ivoire.<\/p>\n<p>Et c\u2019est jouer aux apprentis sorciers, \u00eatre pousse aux crimes et faire preuve d\u2019irresponsabilit\u00e9s, que de miser sur une d\u00e9stabilisation de notre pays, par envie de revanche, par ressentiment au regard d\u2019\u00e9preuves pass\u00e9es ou simplement par go\u00fbt de la poudre et du sang.<\/p>\n<p>Pour ce qui nous concerne, nous r\u00e9affirmons solennellement notre soutien \u00e0 notre pays, \u00e0 notre patrie. Nous sommes r\u00e9solument attach\u00e9s \u00e0 sa stabilit\u00e9. Nous savons que le ressentiment ne conduit jamais \u00e0 des attitudes respectables. Pas davantage lorsqu\u2019il s\u2019exerce \u00e0 l\u2019int\u00e9rieur de notre pays qu\u2019\u00e0 l\u2019encontre de la CEDEAO. On ne peut condamner la CEDEAO d\u2019assumer ses responsabilit\u00e9s aux motifs qu\u2019en d\u2019autres circonstances elle ne l\u2019a pas fait, ou l\u2019a mal fait. \u00bb<\/p>\n<p>Donatien Kautcha, Abidjan<\/p>\n<p><strong>Pour plus d&rsquo;informations et d&rsquo;analyses sur la <a href=\"https:\/\/www.africa-press.net\/cotedivoire\">C\u00f4te d&rsquo;Ivoire<\/a>, suivez <a href=\"https:\/\/www.africa-press.net\/\">Africa-Press<\/a><\/strong><\/p>\n","protected":false},"excerpt":{"rendered":"<p>Africa-Press &#8211; C\u00f4te d&rsquo;Ivoire. Affi samedi \u00e0 Abidjan (Ph) A l\u2019occasion du comit\u00e9 central du Front Populaire Ivoirien tenu le week-end dernier, Pascal Affi N\u2019Guessan, s\u2019est prononc\u00e9 sur la r\u00e9surgence des Coups d\u2019Etat qui secouent des pays de la sous-r\u00e9gion. Pour l\u2019ancien Premier Ministre ivoirien, ces diff\u00e9rents coups d\u2019Etat sont la marque d\u2019un \u00e9chec. \u00ab [&hellip;]<\/p>\n","protected":false},"author":82,"featured_media":26821,"comment_status":"open","ping_status":"closed","sticky":false,"template":"","format":"standard","meta":{"footnotes":""},"categories":[11,2,10],"tags":[364,56,63,1150,29,4189,585,727,3780,4190],"class_list":["post-26822","post","type-post","status-publish","format-standard","has-post-thumbnail","hentry","category-homepage-french","category-politique","category-toutes-les-actualites","tag-affi-nguessan","tag-africa-press","tag-africa-press-cote-divoire","tag-cedeao","tag-cote-divoire","tag-coups","tag-etat","tag-ouattara","tag-sanctions","tag-terroristes"],"yoast_head":"<!-- This site is optimized with the Yoast SEO Premium plugin v26.1 (Yoast SEO v27.0) - https:\/\/yoast.com\/product\/yoast-seo-premium-wordpress\/ -->\n<title>Pour Affi N&#039;Guessan, les sanctions de la CEDEAO contre certains pays sont logiques et tance : \u00ab Ne jouons pas aux apprentis sorciers \u00bb - C\u00f4te d&#039;Ivoire<\/title>\n<meta name=\"description\" content=\"Affi samedi \u00e0 Abidjan (Ph) A l\u2019occasion du comit\u00e9 central du Front Populaire Ivoirien tenu le week-end dernier, Pascal ...\" \/>\n<meta name=\"robots\" content=\"index, follow, max-snippet:-1, max-image-preview:large, max-video-preview:-1\" \/>\n<link rel=\"canonical\" href=\"https:\/\/www.africa-press.net\/cotedivoire\/politique\/pour-affi-nguessan-les-sanctions-de-la-cedeao-contre-certains-pays-sont-logiques-et-tance-ne-jouons-pas-aux-apprentis-sorciers\" \/>\n<meta property=\"og:locale\" content=\"fr_FR\" \/>\n<meta property=\"og:type\" content=\"article\" \/>\n<meta property=\"og:title\" content=\"Pour Affi N&#039;Guessan, les sanctions de la CEDEAO contre certains pays sont logiques et tance : \u00ab Ne jouons pas aux apprentis sorciers \u00bb\" \/>\n<meta property=\"og:description\" content=\"Affi samedi \u00e0 Abidjan (Ph) A l\u2019occasion du comit\u00e9 central du Front Populaire Ivoirien tenu le week-end dernier, Pascal ...\" \/>\n<meta property=\"og:url\" content=\"https:\/\/www.africa-press.net\/cotedivoire\/politique\/pour-affi-nguessan-les-sanctions-de-la-cedeao-contre-certains-pays-sont-logiques-et-tance-ne-jouons-pas-aux-apprentis-sorciers\" \/>\n<meta property=\"og:site_name\" content=\"C\u00f4te d&#039;Ivoire\" \/>\n<meta property=\"article:published_time\" content=\"2022-01-31T14:55:00+00:00\" \/>\n<meta property=\"og:image\" content=\"https:\/\/static.africa-press.net\/cote\/sites\/43\/2022\/01\/img-61f7e74c52ed6.jpg\" \/>\n\t<meta property=\"og:image:width\" content=\"720\" \/>\n\t<meta property=\"og:image:height\" content=\"386\" \/>\n\t<meta property=\"og:image:type\" content=\"image\/jpeg\" \/>\n<meta name=\"author\" content=\"cfeditorfr\" \/>\n<meta name=\"twitter:card\" content=\"summary_large_image\" \/>\n<meta name=\"twitter:label1\" content=\"\u00c9crit par\" \/>\n\t<meta name=\"twitter:data1\" content=\"cfeditorfr\" \/>\n\t<meta name=\"twitter:label2\" content=\"Dur\u00e9e de lecture estim\u00e9e\" \/>\n\t<meta name=\"twitter:data2\" content=\"7 minutes\" \/>\n<script type=\"application\/ld+json\" class=\"yoast-schema-graph\">{\"@context\":\"https:\/\/schema.org\",\"@graph\":[{\"@type\":\"Article\",\"@id\":\"https:\/\/www.africa-press.net\/cotedivoire\/politique\/pour-affi-nguessan-les-sanctions-de-la-cedeao-contre-certains-pays-sont-logiques-et-tance-ne-jouons-pas-aux-apprentis-sorciers#article\",\"isPartOf\":{\"@id\":\"https:\/\/www.africa-press.net\/cotedivoire\/politique\/pour-affi-nguessan-les-sanctions-de-la-cedeao-contre-certains-pays-sont-logiques-et-tance-ne-jouons-pas-aux-apprentis-sorciers\"},\"author\":{\"name\":\"cfeditorfr\",\"@id\":\"https:\/\/www.africa-press.net\/cotedivoire\/#\/schema\/person\/2b1cf3cd81a31e3cd26889ca66d677f1\"},\"headline\":\"Pour Affi N&rsquo;Guessan, les sanctions de la CEDEAO contre certains pays sont logiques et tance : \u00ab Ne jouons pas aux apprentis sorciers \u00bb\",\"datePublished\":\"2022-01-31T14:55:00+00:00\",\"mainEntityOfPage\":{\"@id\":\"https:\/\/www.africa-press.net\/cotedivoire\/politique\/pour-affi-nguessan-les-sanctions-de-la-cedeao-contre-certains-pays-sont-logiques-et-tance-ne-jouons-pas-aux-apprentis-sorciers\"},\"wordCount\":1341,\"commentCount\":0,\"image\":{\"@id\":\"https:\/\/www.africa-press.net\/cotedivoire\/politique\/pour-affi-nguessan-les-sanctions-de-la-cedeao-contre-certains-pays-sont-logiques-et-tance-ne-jouons-pas-aux-apprentis-sorciers#primaryimage\"},\"thumbnailUrl\":\"https:\/\/static.africa-press.net\/cote\/sites\/43\/2022\/01\/img-61f7e74c52ed6.jpg\",\"keywords\":[\"Affi N'guessan\",\"Africa Press\",\"Africa Press-C\u00f4te d'Ivoire\",\"CEDEAO\",\"C\u00d4TE D'IVOIRE\",\"coups\",\"Etat\",\"Ouattara\",\"sanctions\",\"terroristes\"],\"articleSection\":[\"homepage-french\",\"Politique\",\"Toutes les actualit\u00e9s\"],\"inLanguage\":\"fr-FR\",\"potentialAction\":[{\"@type\":\"CommentAction\",\"name\":\"Comment\",\"target\":[\"https:\/\/www.africa-press.net\/cotedivoire\/politique\/pour-affi-nguessan-les-sanctions-de-la-cedeao-contre-certains-pays-sont-logiques-et-tance-ne-jouons-pas-aux-apprentis-sorciers#respond\"]}]},{\"@type\":\"WebPage\",\"@id\":\"https:\/\/www.africa-press.net\/cotedivoire\/politique\/pour-affi-nguessan-les-sanctions-de-la-cedeao-contre-certains-pays-sont-logiques-et-tance-ne-jouons-pas-aux-apprentis-sorciers\",\"url\":\"https:\/\/www.africa-press.net\/cotedivoire\/politique\/pour-affi-nguessan-les-sanctions-de-la-cedeao-contre-certains-pays-sont-logiques-et-tance-ne-jouons-pas-aux-apprentis-sorciers\",\"name\":\"Pour Affi N'Guessan, les sanctions de la CEDEAO contre certains pays sont logiques et tance : \u00ab Ne jouons pas aux apprentis sorciers \u00bb - C\u00f4te d&#039;Ivoire\",\"isPartOf\":{\"@id\":\"https:\/\/www.africa-press.net\/cotedivoire\/#website\"},\"primaryImageOfPage\":{\"@id\":\"https:\/\/www.africa-press.net\/cotedivoire\/politique\/pour-affi-nguessan-les-sanctions-de-la-cedeao-contre-certains-pays-sont-logiques-et-tance-ne-jouons-pas-aux-apprentis-sorciers#primaryimage\"},\"image\":{\"@id\":\"https:\/\/www.africa-press.net\/cotedivoire\/politique\/pour-affi-nguessan-les-sanctions-de-la-cedeao-contre-certains-pays-sont-logiques-et-tance-ne-jouons-pas-aux-apprentis-sorciers#primaryimage\"},\"thumbnailUrl\":\"https:\/\/static.africa-press.net\/cote\/sites\/43\/2022\/01\/img-61f7e74c52ed6.jpg\",\"datePublished\":\"2022-01-31T14:55:00+00:00\",\"author\":{\"@id\":\"https:\/\/www.africa-press.net\/cotedivoire\/#\/schema\/person\/2b1cf3cd81a31e3cd26889ca66d677f1\"},\"description\":\"Affi samedi \u00e0 Abidjan (Ph) A l\u2019occasion du comit\u00e9 central du Front Populaire Ivoirien tenu le week-end dernier, Pascal ...\",\"breadcrumb\":{\"@id\":\"https:\/\/www.africa-press.net\/cotedivoire\/politique\/pour-affi-nguessan-les-sanctions-de-la-cedeao-contre-certains-pays-sont-logiques-et-tance-ne-jouons-pas-aux-apprentis-sorciers#breadcrumb\"},\"inLanguage\":\"fr-FR\",\"potentialAction\":[{\"@type\":\"ReadAction\",\"target\":[\"https:\/\/www.africa-press.net\/cotedivoire\/politique\/pour-affi-nguessan-les-sanctions-de-la-cedeao-contre-certains-pays-sont-logiques-et-tance-ne-jouons-pas-aux-apprentis-sorciers\"]}]},{\"@type\":\"ImageObject\",\"inLanguage\":\"fr-FR\",\"@id\":\"https:\/\/www.africa-press.net\/cotedivoire\/politique\/pour-affi-nguessan-les-sanctions-de-la-cedeao-contre-certains-pays-sont-logiques-et-tance-ne-jouons-pas-aux-apprentis-sorciers#primaryimage\",\"url\":\"https:\/\/static.africa-press.net\/cote\/sites\/43\/2022\/01\/img-61f7e74c52ed6.jpg\",\"contentUrl\":\"https:\/\/static.africa-press.net\/cote\/sites\/43\/2022\/01\/img-61f7e74c52ed6.jpg\",\"width\":720,\"height\":386,\"caption\":\"Pour Affi N'Guessan, les sanctions de la CEDEAO contre certains pays sont logiques et tance : \u00ab Ne jouons pas aux apprentis sorciers \u00bb\"},{\"@type\":\"BreadcrumbList\",\"@id\":\"https:\/\/www.africa-press.net\/cotedivoire\/politique\/pour-affi-nguessan-les-sanctions-de-la-cedeao-contre-certains-pays-sont-logiques-et-tance-ne-jouons-pas-aux-apprentis-sorciers#breadcrumb\",\"itemListElement\":[{\"@type\":\"ListItem\",\"position\":1,\"name\":\"Accueil\",\"item\":\"https:\/\/www.africa-press.net\/cotedivoire\/\"},{\"@type\":\"ListItem\",\"position\":2,\"name\":\"Pour Affi N&#8217;Guessan, les sanctions de la CEDEAO contre certains pays sont logiques et tance : \u00ab Ne jouons pas aux apprentis sorciers \u00bb\"}]},{\"@type\":\"WebSite\",\"@id\":\"https:\/\/www.africa-press.net\/cotedivoire\/#website\",\"url\":\"https:\/\/www.africa-press.net\/cotedivoire\/\",\"name\":\"C\u00f4te d&#039;Ivoire\",\"description\":\"Just another Africa News Agency Sites site\",\"potentialAction\":[{\"@type\":\"SearchAction\",\"target\":{\"@type\":\"EntryPoint\",\"urlTemplate\":\"https:\/\/www.africa-press.net\/cotedivoire\/?s={search_term_string}\"},\"query-input\":{\"@type\":\"PropertyValueSpecification\",\"valueRequired\":true,\"valueName\":\"search_term_string\"}}],\"inLanguage\":\"fr-FR\"},{\"@type\":\"Person\",\"@id\":\"https:\/\/www.africa-press.net\/cotedivoire\/#\/schema\/person\/2b1cf3cd81a31e3cd26889ca66d677f1\",\"name\":\"cfeditorfr\"}]}<\/script>\n<!-- \/ Yoast SEO Premium plugin. -->","yoast_head_json":{"title":"Pour Affi N'Guessan, les sanctions de la CEDEAO contre certains pays sont logiques et tance : \u00ab Ne jouons pas aux apprentis sorciers \u00bb - C\u00f4te d&#039;Ivoire","description":"Affi samedi \u00e0 Abidjan (Ph) A l\u2019occasion du comit\u00e9 central du Front Populaire Ivoirien tenu le week-end dernier, Pascal ...","robots":{"index":"index","follow":"follow","max-snippet":"max-snippet:-1","max-image-preview":"max-image-preview:large","max-video-preview":"max-video-preview:-1"},"canonical":"https:\/\/www.africa-press.net\/cotedivoire\/politique\/pour-affi-nguessan-les-sanctions-de-la-cedeao-contre-certains-pays-sont-logiques-et-tance-ne-jouons-pas-aux-apprentis-sorciers","og_locale":"fr_FR","og_type":"article","og_title":"Pour Affi N'Guessan, les sanctions de la CEDEAO contre certains pays sont logiques et tance : \u00ab Ne jouons pas aux apprentis sorciers \u00bb","og_description":"Affi samedi \u00e0 Abidjan (Ph) A l\u2019occasion du comit\u00e9 central du Front Populaire Ivoirien tenu le week-end dernier, Pascal ...","og_url":"https:\/\/www.africa-press.net\/cotedivoire\/politique\/pour-affi-nguessan-les-sanctions-de-la-cedeao-contre-certains-pays-sont-logiques-et-tance-ne-jouons-pas-aux-apprentis-sorciers","og_site_name":"C\u00f4te d&#039;Ivoire","article_published_time":"2022-01-31T14:55:00+00:00","og_image":[{"width":720,"height":386,"url":"https:\/\/static.africa-press.net\/cote\/sites\/43\/2022\/01\/img-61f7e74c52ed6.jpg","type":"image\/jpeg"}],"author":"cfeditorfr","twitter_card":"summary_large_image","twitter_misc":{"\u00c9crit par":"cfeditorfr","Dur\u00e9e de lecture estim\u00e9e":"7 minutes"},"schema":{"@context":"https:\/\/schema.org","@graph":[{"@type":"Article","@id":"https:\/\/www.africa-press.net\/cotedivoire\/politique\/pour-affi-nguessan-les-sanctions-de-la-cedeao-contre-certains-pays-sont-logiques-et-tance-ne-jouons-pas-aux-apprentis-sorciers#article","isPartOf":{"@id":"https:\/\/www.africa-press.net\/cotedivoire\/politique\/pour-affi-nguessan-les-sanctions-de-la-cedeao-contre-certains-pays-sont-logiques-et-tance-ne-jouons-pas-aux-apprentis-sorciers"},"author":{"name":"cfeditorfr","@id":"https:\/\/www.africa-press.net\/cotedivoire\/#\/schema\/person\/2b1cf3cd81a31e3cd26889ca66d677f1"},"headline":"Pour Affi N&rsquo;Guessan, les sanctions de la CEDEAO contre certains pays sont logiques et tance : \u00ab Ne jouons pas aux apprentis sorciers \u00bb","datePublished":"2022-01-31T14:55:00+00:00","mainEntityOfPage":{"@id":"https:\/\/www.africa-press.net\/cotedivoire\/politique\/pour-affi-nguessan-les-sanctions-de-la-cedeao-contre-certains-pays-sont-logiques-et-tance-ne-jouons-pas-aux-apprentis-sorciers"},"wordCount":1341,"commentCount":0,"image":{"@id":"https:\/\/www.africa-press.net\/cotedivoire\/politique\/pour-affi-nguessan-les-sanctions-de-la-cedeao-contre-certains-pays-sont-logiques-et-tance-ne-jouons-pas-aux-apprentis-sorciers#primaryimage"},"thumbnailUrl":"https:\/\/static.africa-press.net\/cote\/sites\/43\/2022\/01\/img-61f7e74c52ed6.jpg","keywords":["Affi N'guessan","Africa Press","Africa Press-C\u00f4te d'Ivoire","CEDEAO","C\u00d4TE D'IVOIRE","coups","Etat","Ouattara","sanctions","terroristes"],"articleSection":["homepage-french","Politique","Toutes les actualit\u00e9s"],"inLanguage":"fr-FR","potentialAction":[{"@type":"CommentAction","name":"Comment","target":["https:\/\/www.africa-press.net\/cotedivoire\/politique\/pour-affi-nguessan-les-sanctions-de-la-cedeao-contre-certains-pays-sont-logiques-et-tance-ne-jouons-pas-aux-apprentis-sorciers#respond"]}]},{"@type":"WebPage","@id":"https:\/\/www.africa-press.net\/cotedivoire\/politique\/pour-affi-nguessan-les-sanctions-de-la-cedeao-contre-certains-pays-sont-logiques-et-tance-ne-jouons-pas-aux-apprentis-sorciers","url":"https:\/\/www.africa-press.net\/cotedivoire\/politique\/pour-affi-nguessan-les-sanctions-de-la-cedeao-contre-certains-pays-sont-logiques-et-tance-ne-jouons-pas-aux-apprentis-sorciers","name":"Pour Affi N'Guessan, les sanctions de la CEDEAO contre certains pays sont logiques et tance : \u00ab Ne jouons pas aux apprentis sorciers \u00bb - C\u00f4te d&#039;Ivoire","isPartOf":{"@id":"https:\/\/www.africa-press.net\/cotedivoire\/#website"},"primaryImageOfPage":{"@id":"https:\/\/www.africa-press.net\/cotedivoire\/politique\/pour-affi-nguessan-les-sanctions-de-la-cedeao-contre-certains-pays-sont-logiques-et-tance-ne-jouons-pas-aux-apprentis-sorciers#primaryimage"},"image":{"@id":"https:\/\/www.africa-press.net\/cotedivoire\/politique\/pour-affi-nguessan-les-sanctions-de-la-cedeao-contre-certains-pays-sont-logiques-et-tance-ne-jouons-pas-aux-apprentis-sorciers#primaryimage"},"thumbnailUrl":"https:\/\/static.africa-press.net\/cote\/sites\/43\/2022\/01\/img-61f7e74c52ed6.jpg","datePublished":"2022-01-31T14:55:00+00:00","author":{"@id":"https:\/\/www.africa-press.net\/cotedivoire\/#\/schema\/person\/2b1cf3cd81a31e3cd26889ca66d677f1"},"description":"Affi samedi \u00e0 Abidjan (Ph) A l\u2019occasion du comit\u00e9 central du Front Populaire Ivoirien tenu le week-end dernier, Pascal ...","breadcrumb":{"@id":"https:\/\/www.africa-press.net\/cotedivoire\/politique\/pour-affi-nguessan-les-sanctions-de-la-cedeao-contre-certains-pays-sont-logiques-et-tance-ne-jouons-pas-aux-apprentis-sorciers#breadcrumb"},"inLanguage":"fr-FR","potentialAction":[{"@type":"ReadAction","target":["https:\/\/www.africa-press.net\/cotedivoire\/politique\/pour-affi-nguessan-les-sanctions-de-la-cedeao-contre-certains-pays-sont-logiques-et-tance-ne-jouons-pas-aux-apprentis-sorciers"]}]},{"@type":"ImageObject","inLanguage":"fr-FR","@id":"https:\/\/www.africa-press.net\/cotedivoire\/politique\/pour-affi-nguessan-les-sanctions-de-la-cedeao-contre-certains-pays-sont-logiques-et-tance-ne-jouons-pas-aux-apprentis-sorciers#primaryimage","url":"https:\/\/static.africa-press.net\/cote\/sites\/43\/2022\/01\/img-61f7e74c52ed6.jpg","contentUrl":"https:\/\/static.africa-press.net\/cote\/sites\/43\/2022\/01\/img-61f7e74c52ed6.jpg","width":720,"height":386,"caption":"Pour Affi N'Guessan, les sanctions de la CEDEAO contre certains pays sont logiques et tance : \u00ab Ne jouons pas aux apprentis sorciers \u00bb"},{"@type":"BreadcrumbList","@id":"https:\/\/www.africa-press.net\/cotedivoire\/politique\/pour-affi-nguessan-les-sanctions-de-la-cedeao-contre-certains-pays-sont-logiques-et-tance-ne-jouons-pas-aux-apprentis-sorciers#breadcrumb","itemListElement":[{"@type":"ListItem","position":1,"name":"Accueil","item":"https:\/\/www.africa-press.net\/cotedivoire\/"},{"@type":"ListItem","position":2,"name":"Pour Affi N&#8217;Guessan, les sanctions de la CEDEAO contre certains pays sont logiques et tance : \u00ab Ne jouons pas aux apprentis sorciers \u00bb"}]},{"@type":"WebSite","@id":"https:\/\/www.africa-press.net\/cotedivoire\/#website","url":"https:\/\/www.africa-press.net\/cotedivoire\/","name":"C\u00f4te d&#039;Ivoire","description":"Just another Africa News Agency Sites site","potentialAction":[{"@type":"SearchAction","target":{"@type":"EntryPoint","urlTemplate":"https:\/\/www.africa-press.net\/cotedivoire\/?s={search_term_string}"},"query-input":{"@type":"PropertyValueSpecification","valueRequired":true,"valueName":"search_term_string"}}],"inLanguage":"fr-FR"},{"@type":"Person","@id":"https:\/\/www.africa-press.net\/cotedivoire\/#\/schema\/person\/2b1cf3cd81a31e3cd26889ca66d677f1","name":"cfeditorfr"}]}},"_links":{"self":[{"href":"https:\/\/www.africa-press.net\/cotedivoire\/wp-json\/wp\/v2\/posts\/26822","targetHints":{"allow":["GET"]}}],"collection":[{"href":"https:\/\/www.africa-press.net\/cotedivoire\/wp-json\/wp\/v2\/posts"}],"about":[{"href":"https:\/\/www.africa-press.net\/cotedivoire\/wp-json\/wp\/v2\/types\/post"}],"author":[{"embeddable":true,"href":"https:\/\/www.africa-press.net\/cotedivoire\/wp-json\/wp\/v2\/users\/82"}],"replies":[{"embeddable":true,"href":"https:\/\/www.africa-press.net\/cotedivoire\/wp-json\/wp\/v2\/comments?post=26822"}],"version-history":[{"count":0,"href":"https:\/\/www.africa-press.net\/cotedivoire\/wp-json\/wp\/v2\/posts\/26822\/revisions"}],"wp:featuredmedia":[{"embeddable":true,"href":"https:\/\/www.africa-press.net\/cotedivoire\/wp-json\/wp\/v2\/media\/26821"}],"wp:attachment":[{"href":"https:\/\/www.africa-press.net\/cotedivoire\/wp-json\/wp\/v2\/media?parent=26822"}],"wp:term":[{"taxonomy":"category","embeddable":true,"href":"https:\/\/www.africa-press.net\/cotedivoire\/wp-json\/wp\/v2\/categories?post=26822"},{"taxonomy":"post_tag","embeddable":true,"href":"https:\/\/www.africa-press.net\/cotedivoire\/wp-json\/wp\/v2\/tags?post=26822"}],"curies":[{"name":"wp","href":"https:\/\/api.w.org\/{rel}","templated":true}]}}