{"id":26910,"date":"2022-02-01T19:24:03","date_gmt":"2022-02-01T19:24:03","guid":{"rendered":"https:\/\/www.africa-press.net\/cotedivoire\/?p=26910"},"modified":"2022-02-01T18:17:31","modified_gmt":"2022-02-01T18:17:31","slug":"assemblee-nationale-malade-et-absent-du-pays-amadou-soumahoro-designe-adama-bictogo-pour-assurer-son-interim","status":"publish","type":"post","link":"https:\/\/www.africa-press.net\/cotedivoire\/politique\/assemblee-nationale-malade-et-absent-du-pays-amadou-soumahoro-designe-adama-bictogo-pour-assurer-son-interim","title":{"rendered":"Assembl\u00e9e nationale, malade et absent du pays, Amadou Soumahoro d\u00e9signe Adama Bictogo pour assurer son int\u00e9rim"},"content":{"rendered":"<p><span style=\"color: #ff6600\"><strong>Africa-Press &#8211; C\u00f4te d&rsquo;Ivoire. <\/strong><\/span><b>Adama Bictogo<\/b><\/p>\n<p>C&rsquo;est d\u00e9sormais chose faite, Adama Bictogo, d\u00e9put\u00e9 d&rsquo;Agboville et vice-pr\u00e9sident assure officiellement l\u2019int\u00e9rim du Pr\u00e9sident de l&rsquo;Assembl\u00e9e nationale, jusqu&rsquo;\u00e0 son retour au pays. Il a \u00e9t\u00e9 d\u00e9sign\u00e9 par le Pr\u00e9sident lui-m\u00eame absent du pays pour cause de maladie.<\/p>\n<p>Le Bureau de l&rsquo;Assembl\u00e9e nationale a pris cette d\u00e9cision aujourd&rsquo;hui \u00e0 l&rsquo;issue d&rsquo;une r\u00e9union tenue \u00e0 la salle de la rotonde du Palais de l&rsquo;Assembl\u00e9e nationale de 11h \u00e0 12 h 30.<\/p>\n<p>\u00abLe Bureau de l&rsquo;Assembl\u00e9e nationale a \u00e9t\u00e9 officiellement inform\u00e9 de la d\u00e9cision du Pr\u00e9sident de l&rsquo;Assembl\u00e9e nationale, Monsieur Amadou SOUMAHORO, ayant d\u00e9sign\u00e9 le Vice-pr\u00e9sident BICTOGO Adama en qualit\u00e9 de Pr\u00e9sident par int\u00e9rim de I&rsquo;Institution. Le Bureau a examin\u00e9 les termes de ladite d\u00e9cision \u00e0 la lumi\u00e8re des textes r\u00e9gissant l&rsquo;institution, notamment, la Constitution de la R\u00e9publique et ler\u00e8glement de l&rsquo;assembl\u00e9e nationale.<\/p>\n<p>Aussi, le bureau de l&rsquo;Assembl\u00e9e nationale porte-t-il \u00e0 la connaissance de l&rsquo;opinion nationale et internationale, la pr\u00e9sente d\u00e9cision d&rsquo;int\u00e9rim.<\/p>\n<p>Par cons\u00e9quent, il les informe que le Vice-Pr\u00e9sident, BICTOGO Adama assure I\u2019int\u00e9rim du Pr\u00e9sident Amadou SOUMAHORO.<\/p>\n<p>A ce titre, il a en charge le plein fonctionnement de l&rsquo;Institution, conform\u00e9ment aux textes l\u00e9gislatifs et r\u00e9glementaires. Il est \u00e0 noter, que l&rsquo;int\u00e9rim prendra fin d\u00e8s le retour en C\u00f4te d&rsquo;Ivoire du<\/p>\n<p>Pr\u00e9sident Amadou SOUMAHORO.<\/p>\n<p>Fait \u00e0 Abidjan le 1e f\u00e9vrier 2022<\/p>\n<p>Le Bureau de I&rsquo;Assembl\u00e9e nationale \u00bb, pr\u00e9cise le communiqu\u00e9 lu par le d\u00e9put\u00e9 de Sanssandra, Fr\u00e9gbo Basile \u00e9galement vice-pr\u00e9sident de l&rsquo;Assembl\u00e9e nationale.<\/p>\n<p>Wassimagnon<\/p>\n<p><strong>Pour plus d&rsquo;informations et d&rsquo;analyses sur la <a href=\"https:\/\/www.africa-press.net\/cotedivoire\">C\u00f4te d&rsquo;Ivoire<\/a>, suivez <a href=\"https:\/\/www.africa-press.net\/\">Africa-Press<\/a><\/strong><\/p>\n","protected":false},"excerpt":{"rendered":"<p>Africa-Press &#8211; C\u00f4te d&rsquo;Ivoire. Adama Bictogo C&rsquo;est d\u00e9sormais chose faite, Adama Bictogo, d\u00e9put\u00e9 d&rsquo;Agboville et vice-pr\u00e9sident assure officiellement l\u2019int\u00e9rim du Pr\u00e9sident de l&rsquo;Assembl\u00e9e nationale, jusqu&rsquo;\u00e0 son retour au pays. Il a \u00e9t\u00e9 d\u00e9sign\u00e9 par le Pr\u00e9sident lui-m\u00eame absent du pays pour cause de maladie. Le Bureau de l&rsquo;Assembl\u00e9e nationale a pris cette d\u00e9cision aujourd&rsquo;hui \u00e0 [&hellip;]<\/p>\n","protected":false},"author":82,"featured_media":26909,"comment_status":"open","ping_status":"closed","sticky":false,"template":"","format":"standard","meta":{"footnotes":""},"categories":[11,2,10],"tags":[1265,56,63,1742,1741,29],"class_list":["post-26910","post","type-post","status-publish","format-standard","has-post-thumbnail","hentry","category-homepage-french","category-politique","category-toutes-les-actualites","tag-adama-bictogo","tag-africa-press","tag-africa-press-cote-divoire","tag-amadou-soumahoro","tag-assemblee-nationale","tag-cote-divoire"],"yoast_head":"<!-- This site is optimized with the Yoast SEO Premium plugin v26.1 (Yoast SEO v27.0) - https:\/\/yoast.com\/product\/yoast-seo-premium-wordpress\/ -->\n<title>Assembl\u00e9e nationale, malade et absent du pays, Amadou Soumahoro d\u00e9signe Adama Bictogo pour assurer son int\u00e9rim - C\u00f4te d&#039;Ivoire<\/title>\n<meta name=\"description\" content=\"Adama Bictogo C&#039;est d\u00e9sormais chose faite, Adama Bictogo, d\u00e9put\u00e9 d&#039;Agboville et vice-pr\u00e9sident assure officielle ...\" \/>\n<meta name=\"robots\" content=\"index, follow, max-snippet:-1, max-image-preview:large, max-video-preview:-1\" \/>\n<link rel=\"canonical\" href=\"https:\/\/www.africa-press.net\/cotedivoire\/politique\/assemblee-nationale-malade-et-absent-du-pays-amadou-soumahoro-designe-adama-bictogo-pour-assurer-son-interim\" \/>\n<meta property=\"og:locale\" content=\"fr_FR\" \/>\n<meta property=\"og:type\" content=\"article\" \/>\n<meta property=\"og:title\" content=\"Assembl\u00e9e nationale, malade et absent du pays, Amadou Soumahoro d\u00e9signe Adama Bictogo pour assurer son int\u00e9rim\" \/>\n<meta property=\"og:description\" content=\"Adama Bictogo C&#039;est d\u00e9sormais chose faite, Adama Bictogo, d\u00e9put\u00e9 d&#039;Agboville et vice-pr\u00e9sident assure officielle ...\" \/>\n<meta property=\"og:url\" content=\"https:\/\/www.africa-press.net\/cotedivoire\/politique\/assemblee-nationale-malade-et-absent-du-pays-amadou-soumahoro-designe-adama-bictogo-pour-assurer-son-interim\" \/>\n<meta property=\"og:site_name\" content=\"C\u00f4te d&#039;Ivoire\" \/>\n<meta property=\"article:published_time\" content=\"2022-02-01T19:24:03+00:00\" \/>\n<meta property=\"og:image\" content=\"https:\/\/static.africa-press.net\/cote\/sites\/43\/2022\/02\/img-61f9790f25c1f.jpg\" \/>\n\t<meta property=\"og:image:width\" content=\"720\" \/>\n\t<meta property=\"og:image:height\" content=\"388\" \/>\n\t<meta property=\"og:image:type\" content=\"image\/jpeg\" \/>\n<meta name=\"author\" content=\"cfeditorfr\" \/>\n<meta name=\"twitter:card\" content=\"summary_large_image\" \/>\n<meta name=\"twitter:label1\" content=\"\u00c9crit par\" \/>\n\t<meta name=\"twitter:data1\" content=\"cfeditorfr\" \/>\n\t<meta name=\"twitter:label2\" content=\"Dur\u00e9e de lecture estim\u00e9e\" \/>\n\t<meta name=\"twitter:data2\" content=\"1 minute\" \/>\n<script type=\"application\/ld+json\" class=\"yoast-schema-graph\">{\"@context\":\"https:\/\/schema.org\",\"@graph\":[{\"@type\":\"Article\",\"@id\":\"https:\/\/www.africa-press.net\/cotedivoire\/politique\/assemblee-nationale-malade-et-absent-du-pays-amadou-soumahoro-designe-adama-bictogo-pour-assurer-son-interim#article\",\"isPartOf\":{\"@id\":\"https:\/\/www.africa-press.net\/cotedivoire\/politique\/assemblee-nationale-malade-et-absent-du-pays-amadou-soumahoro-designe-adama-bictogo-pour-assurer-son-interim\"},\"author\":{\"name\":\"cfeditorfr\",\"@id\":\"https:\/\/www.africa-press.net\/cotedivoire\/#\/schema\/person\/2b1cf3cd81a31e3cd26889ca66d677f1\"},\"headline\":\"Assembl\u00e9e nationale, malade et absent du pays, Amadou Soumahoro d\u00e9signe Adama Bictogo pour assurer son int\u00e9rim\",\"datePublished\":\"2022-02-01T19:24:03+00:00\",\"mainEntityOfPage\":{\"@id\":\"https:\/\/www.africa-press.net\/cotedivoire\/politique\/assemblee-nationale-malade-et-absent-du-pays-amadou-soumahoro-designe-adama-bictogo-pour-assurer-son-interim\"},\"wordCount\":335,\"commentCount\":0,\"image\":{\"@id\":\"https:\/\/www.africa-press.net\/cotedivoire\/politique\/assemblee-nationale-malade-et-absent-du-pays-amadou-soumahoro-designe-adama-bictogo-pour-assurer-son-interim#primaryimage\"},\"thumbnailUrl\":\"https:\/\/static.africa-press.net\/cote\/sites\/43\/2022\/02\/img-61f9790f25c1f.jpg\",\"keywords\":[\"Adama Bictogo\",\"Africa Press\",\"Africa Press-C\u00f4te d'Ivoire\",\"Amadou Soumahoro\",\"Assembl\u00e9e nationale\",\"C\u00d4TE D'IVOIRE\"],\"articleSection\":[\"homepage-french\",\"Politique\",\"Toutes les actualit\u00e9s\"],\"inLanguage\":\"fr-FR\",\"potentialAction\":[{\"@type\":\"CommentAction\",\"name\":\"Comment\",\"target\":[\"https:\/\/www.africa-press.net\/cotedivoire\/politique\/assemblee-nationale-malade-et-absent-du-pays-amadou-soumahoro-designe-adama-bictogo-pour-assurer-son-interim#respond\"]}]},{\"@type\":\"WebPage\",\"@id\":\"https:\/\/www.africa-press.net\/cotedivoire\/politique\/assemblee-nationale-malade-et-absent-du-pays-amadou-soumahoro-designe-adama-bictogo-pour-assurer-son-interim\",\"url\":\"https:\/\/www.africa-press.net\/cotedivoire\/politique\/assemblee-nationale-malade-et-absent-du-pays-amadou-soumahoro-designe-adama-bictogo-pour-assurer-son-interim\",\"name\":\"Assembl\u00e9e nationale, malade et absent du pays, Amadou Soumahoro d\u00e9signe Adama Bictogo pour assurer son int\u00e9rim - C\u00f4te d&#039;Ivoire\",\"isPartOf\":{\"@id\":\"https:\/\/www.africa-press.net\/cotedivoire\/#website\"},\"primaryImageOfPage\":{\"@id\":\"https:\/\/www.africa-press.net\/cotedivoire\/politique\/assemblee-nationale-malade-et-absent-du-pays-amadou-soumahoro-designe-adama-bictogo-pour-assurer-son-interim#primaryimage\"},\"image\":{\"@id\":\"https:\/\/www.africa-press.net\/cotedivoire\/politique\/assemblee-nationale-malade-et-absent-du-pays-amadou-soumahoro-designe-adama-bictogo-pour-assurer-son-interim#primaryimage\"},\"thumbnailUrl\":\"https:\/\/static.africa-press.net\/cote\/sites\/43\/2022\/02\/img-61f9790f25c1f.jpg\",\"datePublished\":\"2022-02-01T19:24:03+00:00\",\"author\":{\"@id\":\"https:\/\/www.africa-press.net\/cotedivoire\/#\/schema\/person\/2b1cf3cd81a31e3cd26889ca66d677f1\"},\"description\":\"Adama Bictogo C'est d\u00e9sormais chose faite, Adama Bictogo, d\u00e9put\u00e9 d'Agboville et vice-pr\u00e9sident assure officielle ...\",\"breadcrumb\":{\"@id\":\"https:\/\/www.africa-press.net\/cotedivoire\/politique\/assemblee-nationale-malade-et-absent-du-pays-amadou-soumahoro-designe-adama-bictogo-pour-assurer-son-interim#breadcrumb\"},\"inLanguage\":\"fr-FR\",\"potentialAction\":[{\"@type\":\"ReadAction\",\"target\":[\"https:\/\/www.africa-press.net\/cotedivoire\/politique\/assemblee-nationale-malade-et-absent-du-pays-amadou-soumahoro-designe-adama-bictogo-pour-assurer-son-interim\"]}]},{\"@type\":\"ImageObject\",\"inLanguage\":\"fr-FR\",\"@id\":\"https:\/\/www.africa-press.net\/cotedivoire\/politique\/assemblee-nationale-malade-et-absent-du-pays-amadou-soumahoro-designe-adama-bictogo-pour-assurer-son-interim#primaryimage\",\"url\":\"https:\/\/static.africa-press.net\/cote\/sites\/43\/2022\/02\/img-61f9790f25c1f.jpg\",\"contentUrl\":\"https:\/\/static.africa-press.net\/cote\/sites\/43\/2022\/02\/img-61f9790f25c1f.jpg\",\"width\":720,\"height\":388,\"caption\":\"Assembl\u00e9e nationale, malade et absent du pays, Amadou Soumahoro d\u00e9signe Adama Bictogo pour assurer son int\u00e9rim\"},{\"@type\":\"BreadcrumbList\",\"@id\":\"https:\/\/www.africa-press.net\/cotedivoire\/politique\/assemblee-nationale-malade-et-absent-du-pays-amadou-soumahoro-designe-adama-bictogo-pour-assurer-son-interim#breadcrumb\",\"itemListElement\":[{\"@type\":\"ListItem\",\"position\":1,\"name\":\"Accueil\",\"item\":\"https:\/\/www.africa-press.net\/cotedivoire\/\"},{\"@type\":\"ListItem\",\"position\":2,\"name\":\"Assembl\u00e9e nationale, malade et absent du pays, Amadou Soumahoro d\u00e9signe Adama Bictogo pour assurer son int\u00e9rim\"}]},{\"@type\":\"WebSite\",\"@id\":\"https:\/\/www.africa-press.net\/cotedivoire\/#website\",\"url\":\"https:\/\/www.africa-press.net\/cotedivoire\/\",\"name\":\"C\u00f4te d&#039;Ivoire\",\"description\":\"Just another Africa News Agency Sites site\",\"potentialAction\":[{\"@type\":\"SearchAction\",\"target\":{\"@type\":\"EntryPoint\",\"urlTemplate\":\"https:\/\/www.africa-press.net\/cotedivoire\/?s={search_term_string}\"},\"query-input\":{\"@type\":\"PropertyValueSpecification\",\"valueRequired\":true,\"valueName\":\"search_term_string\"}}],\"inLanguage\":\"fr-FR\"},{\"@type\":\"Person\",\"@id\":\"https:\/\/www.africa-press.net\/cotedivoire\/#\/schema\/person\/2b1cf3cd81a31e3cd26889ca66d677f1\",\"name\":\"cfeditorfr\"}]}<\/script>\n<!-- \/ Yoast SEO Premium plugin. -->","yoast_head_json":{"title":"Assembl\u00e9e nationale, malade et absent du pays, Amadou Soumahoro d\u00e9signe Adama Bictogo pour assurer son int\u00e9rim - C\u00f4te d&#039;Ivoire","description":"Adama Bictogo C'est d\u00e9sormais chose faite, Adama Bictogo, d\u00e9put\u00e9 d'Agboville et vice-pr\u00e9sident assure officielle ...","robots":{"index":"index","follow":"follow","max-snippet":"max-snippet:-1","max-image-preview":"max-image-preview:large","max-video-preview":"max-video-preview:-1"},"canonical":"https:\/\/www.africa-press.net\/cotedivoire\/politique\/assemblee-nationale-malade-et-absent-du-pays-amadou-soumahoro-designe-adama-bictogo-pour-assurer-son-interim","og_locale":"fr_FR","og_type":"article","og_title":"Assembl\u00e9e nationale, malade et absent du pays, Amadou Soumahoro d\u00e9signe Adama Bictogo pour assurer son int\u00e9rim","og_description":"Adama Bictogo C'est d\u00e9sormais chose faite, Adama Bictogo, d\u00e9put\u00e9 d'Agboville et vice-pr\u00e9sident assure officielle ...","og_url":"https:\/\/www.africa-press.net\/cotedivoire\/politique\/assemblee-nationale-malade-et-absent-du-pays-amadou-soumahoro-designe-adama-bictogo-pour-assurer-son-interim","og_site_name":"C\u00f4te d&#039;Ivoire","article_published_time":"2022-02-01T19:24:03+00:00","og_image":[{"width":720,"height":388,"url":"https:\/\/static.africa-press.net\/cote\/sites\/43\/2022\/02\/img-61f9790f25c1f.jpg","type":"image\/jpeg"}],"author":"cfeditorfr","twitter_card":"summary_large_image","twitter_misc":{"\u00c9crit par":"cfeditorfr","Dur\u00e9e de lecture estim\u00e9e":"1 minute"},"schema":{"@context":"https:\/\/schema.org","@graph":[{"@type":"Article","@id":"https:\/\/www.africa-press.net\/cotedivoire\/politique\/assemblee-nationale-malade-et-absent-du-pays-amadou-soumahoro-designe-adama-bictogo-pour-assurer-son-interim#article","isPartOf":{"@id":"https:\/\/www.africa-press.net\/cotedivoire\/politique\/assemblee-nationale-malade-et-absent-du-pays-amadou-soumahoro-designe-adama-bictogo-pour-assurer-son-interim"},"author":{"name":"cfeditorfr","@id":"https:\/\/www.africa-press.net\/cotedivoire\/#\/schema\/person\/2b1cf3cd81a31e3cd26889ca66d677f1"},"headline":"Assembl\u00e9e nationale, malade et absent du pays, Amadou Soumahoro d\u00e9signe Adama Bictogo pour assurer son int\u00e9rim","datePublished":"2022-02-01T19:24:03+00:00","mainEntityOfPage":{"@id":"https:\/\/www.africa-press.net\/cotedivoire\/politique\/assemblee-nationale-malade-et-absent-du-pays-amadou-soumahoro-designe-adama-bictogo-pour-assurer-son-interim"},"wordCount":335,"commentCount":0,"image":{"@id":"https:\/\/www.africa-press.net\/cotedivoire\/politique\/assemblee-nationale-malade-et-absent-du-pays-amadou-soumahoro-designe-adama-bictogo-pour-assurer-son-interim#primaryimage"},"thumbnailUrl":"https:\/\/static.africa-press.net\/cote\/sites\/43\/2022\/02\/img-61f9790f25c1f.jpg","keywords":["Adama Bictogo","Africa Press","Africa Press-C\u00f4te d'Ivoire","Amadou Soumahoro","Assembl\u00e9e nationale","C\u00d4TE D'IVOIRE"],"articleSection":["homepage-french","Politique","Toutes les actualit\u00e9s"],"inLanguage":"fr-FR","potentialAction":[{"@type":"CommentAction","name":"Comment","target":["https:\/\/www.africa-press.net\/cotedivoire\/politique\/assemblee-nationale-malade-et-absent-du-pays-amadou-soumahoro-designe-adama-bictogo-pour-assurer-son-interim#respond"]}]},{"@type":"WebPage","@id":"https:\/\/www.africa-press.net\/cotedivoire\/politique\/assemblee-nationale-malade-et-absent-du-pays-amadou-soumahoro-designe-adama-bictogo-pour-assurer-son-interim","url":"https:\/\/www.africa-press.net\/cotedivoire\/politique\/assemblee-nationale-malade-et-absent-du-pays-amadou-soumahoro-designe-adama-bictogo-pour-assurer-son-interim","name":"Assembl\u00e9e nationale, malade et absent du pays, Amadou Soumahoro d\u00e9signe Adama Bictogo pour assurer son int\u00e9rim - C\u00f4te d&#039;Ivoire","isPartOf":{"@id":"https:\/\/www.africa-press.net\/cotedivoire\/#website"},"primaryImageOfPage":{"@id":"https:\/\/www.africa-press.net\/cotedivoire\/politique\/assemblee-nationale-malade-et-absent-du-pays-amadou-soumahoro-designe-adama-bictogo-pour-assurer-son-interim#primaryimage"},"image":{"@id":"https:\/\/www.africa-press.net\/cotedivoire\/politique\/assemblee-nationale-malade-et-absent-du-pays-amadou-soumahoro-designe-adama-bictogo-pour-assurer-son-interim#primaryimage"},"thumbnailUrl":"https:\/\/static.africa-press.net\/cote\/sites\/43\/2022\/02\/img-61f9790f25c1f.jpg","datePublished":"2022-02-01T19:24:03+00:00","author":{"@id":"https:\/\/www.africa-press.net\/cotedivoire\/#\/schema\/person\/2b1cf3cd81a31e3cd26889ca66d677f1"},"description":"Adama Bictogo C'est d\u00e9sormais chose faite, Adama Bictogo, d\u00e9put\u00e9 d'Agboville et vice-pr\u00e9sident assure officielle ...","breadcrumb":{"@id":"https:\/\/www.africa-press.net\/cotedivoire\/politique\/assemblee-nationale-malade-et-absent-du-pays-amadou-soumahoro-designe-adama-bictogo-pour-assurer-son-interim#breadcrumb"},"inLanguage":"fr-FR","potentialAction":[{"@type":"ReadAction","target":["https:\/\/www.africa-press.net\/cotedivoire\/politique\/assemblee-nationale-malade-et-absent-du-pays-amadou-soumahoro-designe-adama-bictogo-pour-assurer-son-interim"]}]},{"@type":"ImageObject","inLanguage":"fr-FR","@id":"https:\/\/www.africa-press.net\/cotedivoire\/politique\/assemblee-nationale-malade-et-absent-du-pays-amadou-soumahoro-designe-adama-bictogo-pour-assurer-son-interim#primaryimage","url":"https:\/\/static.africa-press.net\/cote\/sites\/43\/2022\/02\/img-61f9790f25c1f.jpg","contentUrl":"https:\/\/static.africa-press.net\/cote\/sites\/43\/2022\/02\/img-61f9790f25c1f.jpg","width":720,"height":388,"caption":"Assembl\u00e9e nationale, malade et absent du pays, Amadou Soumahoro d\u00e9signe Adama Bictogo pour assurer son int\u00e9rim"},{"@type":"BreadcrumbList","@id":"https:\/\/www.africa-press.net\/cotedivoire\/politique\/assemblee-nationale-malade-et-absent-du-pays-amadou-soumahoro-designe-adama-bictogo-pour-assurer-son-interim#breadcrumb","itemListElement":[{"@type":"ListItem","position":1,"name":"Accueil","item":"https:\/\/www.africa-press.net\/cotedivoire\/"},{"@type":"ListItem","position":2,"name":"Assembl\u00e9e nationale, malade et absent du pays, Amadou Soumahoro d\u00e9signe Adama Bictogo pour assurer son int\u00e9rim"}]},{"@type":"WebSite","@id":"https:\/\/www.africa-press.net\/cotedivoire\/#website","url":"https:\/\/www.africa-press.net\/cotedivoire\/","name":"C\u00f4te d&#039;Ivoire","description":"Just another Africa News Agency Sites site","potentialAction":[{"@type":"SearchAction","target":{"@type":"EntryPoint","urlTemplate":"https:\/\/www.africa-press.net\/cotedivoire\/?s={search_term_string}"},"query-input":{"@type":"PropertyValueSpecification","valueRequired":true,"valueName":"search_term_string"}}],"inLanguage":"fr-FR"},{"@type":"Person","@id":"https:\/\/www.africa-press.net\/cotedivoire\/#\/schema\/person\/2b1cf3cd81a31e3cd26889ca66d677f1","name":"cfeditorfr"}]}},"_links":{"self":[{"href":"https:\/\/www.africa-press.net\/cotedivoire\/wp-json\/wp\/v2\/posts\/26910","targetHints":{"allow":["GET"]}}],"collection":[{"href":"https:\/\/www.africa-press.net\/cotedivoire\/wp-json\/wp\/v2\/posts"}],"about":[{"href":"https:\/\/www.africa-press.net\/cotedivoire\/wp-json\/wp\/v2\/types\/post"}],"author":[{"embeddable":true,"href":"https:\/\/www.africa-press.net\/cotedivoire\/wp-json\/wp\/v2\/users\/82"}],"replies":[{"embeddable":true,"href":"https:\/\/www.africa-press.net\/cotedivoire\/wp-json\/wp\/v2\/comments?post=26910"}],"version-history":[{"count":0,"href":"https:\/\/www.africa-press.net\/cotedivoire\/wp-json\/wp\/v2\/posts\/26910\/revisions"}],"wp:featuredmedia":[{"embeddable":true,"href":"https:\/\/www.africa-press.net\/cotedivoire\/wp-json\/wp\/v2\/media\/26909"}],"wp:attachment":[{"href":"https:\/\/www.africa-press.net\/cotedivoire\/wp-json\/wp\/v2\/media?parent=26910"}],"wp:term":[{"taxonomy":"category","embeddable":true,"href":"https:\/\/www.africa-press.net\/cotedivoire\/wp-json\/wp\/v2\/categories?post=26910"},{"taxonomy":"post_tag","embeddable":true,"href":"https:\/\/www.africa-press.net\/cotedivoire\/wp-json\/wp\/v2\/tags?post=26910"}],"curies":[{"name":"wp","href":"https:\/\/api.w.org\/{rel}","templated":true}]}}