{"id":27256,"date":"2022-02-06T17:44:55","date_gmt":"2022-02-06T17:44:55","guid":{"rendered":"https:\/\/www.africa-press.net\/cotedivoire\/?p=27256"},"modified":"2022-02-06T17:26:14","modified_gmt":"2022-02-06T17:26:14","slug":"un-an-apres-le-conflit-communautaire-survenu-a-petit-guiglo-autochtones-we-et-allogenes-maliens-continueraient-a-se-regarder-en-chien-de-faience","status":"publish","type":"post","link":"https:\/\/www.africa-press.net\/cotedivoire\/toutes-les-actualites\/un-an-apres-le-conflit-communautaire-survenu-a-petit-guiglo-autochtones-we-et-allogenes-maliens-continueraient-a-se-regarder-en-chien-de-faience","title":{"rendered":"Un an apr\u00e8s le conflit communautaire survenu \u00e0 Petit Guiglo, autochtones W\u00ea  et allog\u00e8nes Maliens continueraient \u00e0 se regarder en chien de fa\u00efence"},"content":{"rendered":"<p><span style=\"color: #ff6600\"><strong>Africa-Press &#8211; C\u00f4te d&rsquo;Ivoire. <\/strong><\/span><b>Anne Ouloto et les communaut\u00e9s en janvier 2021 \u00e0 Petit-Guiglo pour ramener le calme entre les communaut\u00e9s (Ph)<\/b><\/p>\n<p>Le conflit intercommunautaire survenu dans la localit\u00e9 de Petit-Guiglo, d\u00e9partement de Blol\u00e9quin, qui a oppos\u00e9 les autochtones W\u00ea et les ressortissants Maliens, jeudi, 07 janvier 2021, les deux communaut\u00e9s n\u2019auraient pas fait la paix jusqu\u2019\u00e0 ce jour, apprend KOACI de sources locales.<\/p>\n<p>Et pourtant, une d\u00e9l\u00e9gation conduite par la Ministre Anne D\u00e9sir\u00e9e Ouloto, Pr\u00e9sidente du Conseil R\u00e9gional du Cavally, s\u2019\u00e9tait rendue aupr\u00e8s des populations, au nom du Pr\u00e9sident de la R\u00e9publique, S.E.M. Alassane Ouattara.<\/p>\n<p>Apr\u00e8s avoir exprim\u00e9 leur compassion aux diff\u00e9rents protagonistes, les autorit\u00e9s pr\u00e9sentes ont invit\u00e9 les uns et les autres au calme. \u00ab Je voudrais me tourner vers mes parents, pour parler aux jeunes, aux gardiens de la tradition, \u00e0 toutes les communaut\u00e9s vivant ici. Ce probl\u00e8me sera r\u00e9solu d\u00e9finitivement. Nous sommes des hommes de paix, des femmes de paix. Je vous demande pardon, calmez-vous. \u00c9vitez de faire couler le sang. Discutez. \u00bb, avait plaid\u00e9 l\u2019\u00e9missaire du Pr\u00e9sident de la R\u00e9publique, tout en saluant la pr\u00e9sence responsable et rassurante du Consul G\u00e9n\u00e9ral du Mali en C\u00f4te d\u2019Ivoire, M. Balla Bagayoko.<\/p>\n<p>\u00ab Merci de m\u2019accueillir ce soir. Je vous ai entendus, vous avez accept\u00e9 de pardonner. Je suis venu vous dire ce soir, pardon. Pardonnez-nous pour les erreurs.<\/p>\n<p>Je suis venu ce soir pour pleurer avec vous. Pour pleurer entre fr\u00e8res. L\u2019heure est au pardon, \u00e0 la concertation. \u00bb, indiquait \u00e0 son, le Consul G\u00e9n\u00e9ral, accompagn\u00e9 du Pr\u00e9sident des Maliens vivant en C\u00f4te d\u2019Ivoire.<\/p>\n<p>Mais aujourd\u2019hui, la tension serait toujours vive entre les deux communaut\u00e9s comme l\u2019atteste le chef du village de Petit-Guiglo, Mesmin Klao.<\/p>\n<p>\u00ab Tout se passe bien dans mon village entre nous les Gu\u00e9r\u00e9 et les \u00e9trangers qu\u2019on a accueillis chez nous. Le seul probl\u00e8me que j\u2019ai, c\u2019est du c\u00f4t\u00e9 des communaut\u00e9s Gu\u00e9r\u00e9 et Malienne\u00bb, a-t-il expliqu\u00e9 au media d\u2019Etat, AIP (Agence Ivoirienne de Presse).<\/p>\n<p>Pour rappel, ce conflit avait caus\u00e9 la mort d\u2019un jeune autochtone. Cinq ressortissants Maliens accus\u00e9s d\u2019\u00eatre les auteurs avaient \u00e9t\u00e9 mis aux arr\u00eats.<\/p>\n<p>Mais nous apprenons qu\u2019ils ont \u00e9t\u00e9 lib\u00e9r\u00e9s par la suite ce que ne t\u00f4lerait pas les W\u00ea qui ont perdu l\u2019un de leur parent.<\/p>\n<p>Malheureusement, depuis la lib\u00e9ration de prison des cinq Maliens accus\u00e9s d\u2019\u00eatre les auteurs de la mort du jeune autochtone Gu\u00e9r\u00e9, les vieux d\u00e9mons sont de retour, les Gu\u00e9r\u00e9s ne voulant plus voir ces derniers \u00e0 Petit Guiglo, pendant au moins un bon moment. Ce qui n\u2019est pas le cas actuellement\u00bb, a laiss\u00e9 entendre le chef du village, \u00e0 notre confr\u00e8re, et de plaider. \u00ab Pendant qu\u2019il est encore temps, aux autorit\u00e9s comp\u00e9tentes et \u00e0 toutes les bonnes volont\u00e9s qui le peuvent \u00e0 venir l\u2019aider \u00e0 r\u00e9gler la crise larv\u00e9e qui couve toujours entre les communaut\u00e9s Gu\u00e9r\u00e9 et Malienne de sa localit\u00e9, avant que le pire ne se reproduise \u00bb, plaide-t-il. Reste \u00e0 savoir si son cri de c\u0153ur sera entendu par qui de droit&#8230;<\/p>\n<p>Donatien Kautcha, Abidjan<\/p>\n<p><strong>Pour plus d&rsquo;informations et d&rsquo;analyses sur la <a href=\"https:\/\/www.africa-press.net\/cotedivoire\">C\u00f4te d&rsquo;Ivoire<\/a>, suivez <a href=\"https:\/\/www.africa-press.net\/\">Africa-Press<\/a><\/strong><\/p>\n","protected":false},"excerpt":{"rendered":"<p>Africa-Press &#8211; C\u00f4te d&rsquo;Ivoire. Anne Ouloto et les communaut\u00e9s en janvier 2021 \u00e0 Petit-Guiglo pour ramener le calme entre les communaut\u00e9s (Ph) Le conflit intercommunautaire survenu dans la localit\u00e9 de Petit-Guiglo, d\u00e9partement de Blol\u00e9quin, qui a oppos\u00e9 les autochtones W\u00ea et les ressortissants Maliens, jeudi, 07 janvier 2021, les deux communaut\u00e9s n\u2019auraient pas fait la [&hellip;]<\/p>\n","protected":false},"author":82,"featured_media":27255,"comment_status":"open","ping_status":"closed","sticky":false,"template":"","format":"standard","meta":{"footnotes":""},"categories":[21,11,10],"tags":[56,63,4288,4287,944,29,397],"class_list":["post-27256","post","type-post","status-publish","format-standard","has-post-thumbnail","hentry","category-communaute","category-homepage-french","category-toutes-les-actualites","tag-africa-press","tag-africa-press-cote-divoire","tag-allogenes","tag-communautaire","tag-conflit","tag-cote-divoire","tag-we"],"yoast_head":"<!-- This site is optimized with the Yoast SEO Premium plugin v26.1 (Yoast SEO v27.0) - https:\/\/yoast.com\/product\/yoast-seo-premium-wordpress\/ -->\n<title>Un an apr\u00e8s le conflit communautaire survenu \u00e0 Petit Guiglo, autochtones W\u00ea et allog\u00e8nes Maliens continueraient \u00e0 se regarder en chien de fa\u00efence - C\u00f4te d&#039;Ivoire<\/title>\n<meta name=\"description\" content=\"Anne Ouloto et les communaut\u00e9s en janvier 2021 \u00e0 Petit-Guiglo pour ramener le calme entre les communaut\u00e9s (Ph) L ...\" \/>\n<meta name=\"robots\" content=\"index, follow, max-snippet:-1, max-image-preview:large, max-video-preview:-1\" \/>\n<link rel=\"canonical\" href=\"https:\/\/www.africa-press.net\/cotedivoire\/toutes-les-actualites\/un-an-apres-le-conflit-communautaire-survenu-a-petit-guiglo-autochtones-we-et-allogenes-maliens-continueraient-a-se-regarder-en-chien-de-faience\" \/>\n<meta property=\"og:locale\" content=\"fr_FR\" \/>\n<meta property=\"og:type\" content=\"article\" \/>\n<meta property=\"og:title\" content=\"Un an apr\u00e8s le conflit communautaire survenu \u00e0 Petit Guiglo, autochtones W\u00ea et allog\u00e8nes Maliens continueraient \u00e0 se regarder en chien de fa\u00efence\" \/>\n<meta property=\"og:description\" content=\"Anne Ouloto et les communaut\u00e9s en janvier 2021 \u00e0 Petit-Guiglo pour ramener le calme entre les communaut\u00e9s (Ph) L ...\" \/>\n<meta property=\"og:url\" content=\"https:\/\/www.africa-press.net\/cotedivoire\/toutes-les-actualites\/un-an-apres-le-conflit-communautaire-survenu-a-petit-guiglo-autochtones-we-et-allogenes-maliens-continueraient-a-se-regarder-en-chien-de-faience\" \/>\n<meta property=\"og:site_name\" content=\"C\u00f4te d&#039;Ivoire\" \/>\n<meta property=\"article:published_time\" content=\"2022-02-06T17:44:55+00:00\" \/>\n<meta property=\"og:image\" content=\"https:\/\/static.africa-press.net\/cote\/sites\/43\/2022\/02\/img-6200048e128a5.jpg\" \/>\n\t<meta property=\"og:image:width\" content=\"720\" \/>\n\t<meta property=\"og:image:height\" content=\"418\" \/>\n\t<meta property=\"og:image:type\" content=\"image\/jpeg\" \/>\n<meta name=\"author\" content=\"cfeditorfr\" \/>\n<meta name=\"twitter:card\" content=\"summary_large_image\" \/>\n<meta name=\"twitter:label1\" content=\"\u00c9crit par\" \/>\n\t<meta name=\"twitter:data1\" content=\"cfeditorfr\" \/>\n\t<meta name=\"twitter:label2\" content=\"Dur\u00e9e de lecture estim\u00e9e\" \/>\n\t<meta name=\"twitter:data2\" content=\"3 minutes\" \/>\n<script type=\"application\/ld+json\" class=\"yoast-schema-graph\">{\"@context\":\"https:\/\/schema.org\",\"@graph\":[{\"@type\":\"Article\",\"@id\":\"https:\/\/www.africa-press.net\/cotedivoire\/toutes-les-actualites\/un-an-apres-le-conflit-communautaire-survenu-a-petit-guiglo-autochtones-we-et-allogenes-maliens-continueraient-a-se-regarder-en-chien-de-faience#article\",\"isPartOf\":{\"@id\":\"https:\/\/www.africa-press.net\/cotedivoire\/toutes-les-actualites\/un-an-apres-le-conflit-communautaire-survenu-a-petit-guiglo-autochtones-we-et-allogenes-maliens-continueraient-a-se-regarder-en-chien-de-faience\"},\"author\":{\"name\":\"cfeditorfr\",\"@id\":\"https:\/\/www.africa-press.net\/cotedivoire\/#\/schema\/person\/2b1cf3cd81a31e3cd26889ca66d677f1\"},\"headline\":\"Un an apr\u00e8s le conflit communautaire survenu \u00e0 Petit Guiglo, autochtones W\u00ea et allog\u00e8nes Maliens continueraient \u00e0 se regarder en chien de fa\u00efence\",\"datePublished\":\"2022-02-06T17:44:55+00:00\",\"mainEntityOfPage\":{\"@id\":\"https:\/\/www.africa-press.net\/cotedivoire\/toutes-les-actualites\/un-an-apres-le-conflit-communautaire-survenu-a-petit-guiglo-autochtones-we-et-allogenes-maliens-continueraient-a-se-regarder-en-chien-de-faience\"},\"wordCount\":598,\"commentCount\":0,\"image\":{\"@id\":\"https:\/\/www.africa-press.net\/cotedivoire\/toutes-les-actualites\/un-an-apres-le-conflit-communautaire-survenu-a-petit-guiglo-autochtones-we-et-allogenes-maliens-continueraient-a-se-regarder-en-chien-de-faience#primaryimage\"},\"thumbnailUrl\":\"https:\/\/static.africa-press.net\/cote\/sites\/43\/2022\/02\/img-6200048e128a5.jpg\",\"keywords\":[\"Africa Press\",\"Africa Press-C\u00f4te d'Ivoire\",\"allog\u00e8nes\",\"communautaire\",\"conflit\",\"C\u00d4TE D'IVOIRE\",\"w\u00ea\"],\"articleSection\":[\"Communaut\u00e9\",\"homepage-french\",\"Toutes les actualit\u00e9s\"],\"inLanguage\":\"fr-FR\",\"potentialAction\":[{\"@type\":\"CommentAction\",\"name\":\"Comment\",\"target\":[\"https:\/\/www.africa-press.net\/cotedivoire\/toutes-les-actualites\/un-an-apres-le-conflit-communautaire-survenu-a-petit-guiglo-autochtones-we-et-allogenes-maliens-continueraient-a-se-regarder-en-chien-de-faience#respond\"]}]},{\"@type\":\"WebPage\",\"@id\":\"https:\/\/www.africa-press.net\/cotedivoire\/toutes-les-actualites\/un-an-apres-le-conflit-communautaire-survenu-a-petit-guiglo-autochtones-we-et-allogenes-maliens-continueraient-a-se-regarder-en-chien-de-faience\",\"url\":\"https:\/\/www.africa-press.net\/cotedivoire\/toutes-les-actualites\/un-an-apres-le-conflit-communautaire-survenu-a-petit-guiglo-autochtones-we-et-allogenes-maliens-continueraient-a-se-regarder-en-chien-de-faience\",\"name\":\"Un an apr\u00e8s le conflit communautaire survenu \u00e0 Petit Guiglo, autochtones W\u00ea et allog\u00e8nes Maliens continueraient \u00e0 se regarder en chien de fa\u00efence - C\u00f4te d&#039;Ivoire\",\"isPartOf\":{\"@id\":\"https:\/\/www.africa-press.net\/cotedivoire\/#website\"},\"primaryImageOfPage\":{\"@id\":\"https:\/\/www.africa-press.net\/cotedivoire\/toutes-les-actualites\/un-an-apres-le-conflit-communautaire-survenu-a-petit-guiglo-autochtones-we-et-allogenes-maliens-continueraient-a-se-regarder-en-chien-de-faience#primaryimage\"},\"image\":{\"@id\":\"https:\/\/www.africa-press.net\/cotedivoire\/toutes-les-actualites\/un-an-apres-le-conflit-communautaire-survenu-a-petit-guiglo-autochtones-we-et-allogenes-maliens-continueraient-a-se-regarder-en-chien-de-faience#primaryimage\"},\"thumbnailUrl\":\"https:\/\/static.africa-press.net\/cote\/sites\/43\/2022\/02\/img-6200048e128a5.jpg\",\"datePublished\":\"2022-02-06T17:44:55+00:00\",\"author\":{\"@id\":\"https:\/\/www.africa-press.net\/cotedivoire\/#\/schema\/person\/2b1cf3cd81a31e3cd26889ca66d677f1\"},\"description\":\"Anne Ouloto et les communaut\u00e9s en janvier 2021 \u00e0 Petit-Guiglo pour ramener le calme entre les communaut\u00e9s (Ph) L ...\",\"breadcrumb\":{\"@id\":\"https:\/\/www.africa-press.net\/cotedivoire\/toutes-les-actualites\/un-an-apres-le-conflit-communautaire-survenu-a-petit-guiglo-autochtones-we-et-allogenes-maliens-continueraient-a-se-regarder-en-chien-de-faience#breadcrumb\"},\"inLanguage\":\"fr-FR\",\"potentialAction\":[{\"@type\":\"ReadAction\",\"target\":[\"https:\/\/www.africa-press.net\/cotedivoire\/toutes-les-actualites\/un-an-apres-le-conflit-communautaire-survenu-a-petit-guiglo-autochtones-we-et-allogenes-maliens-continueraient-a-se-regarder-en-chien-de-faience\"]}]},{\"@type\":\"ImageObject\",\"inLanguage\":\"fr-FR\",\"@id\":\"https:\/\/www.africa-press.net\/cotedivoire\/toutes-les-actualites\/un-an-apres-le-conflit-communautaire-survenu-a-petit-guiglo-autochtones-we-et-allogenes-maliens-continueraient-a-se-regarder-en-chien-de-faience#primaryimage\",\"url\":\"https:\/\/static.africa-press.net\/cote\/sites\/43\/2022\/02\/img-6200048e128a5.jpg\",\"contentUrl\":\"https:\/\/static.africa-press.net\/cote\/sites\/43\/2022\/02\/img-6200048e128a5.jpg\",\"width\":720,\"height\":418,\"caption\":\"Un an apr\u00e8s le conflit communautaire survenu \u00e0 Petit Guiglo, autochtones W\u00ea et allog\u00e8nes Maliens continueraient \u00e0 se regarder en chien de fa\u00efence\"},{\"@type\":\"BreadcrumbList\",\"@id\":\"https:\/\/www.africa-press.net\/cotedivoire\/toutes-les-actualites\/un-an-apres-le-conflit-communautaire-survenu-a-petit-guiglo-autochtones-we-et-allogenes-maliens-continueraient-a-se-regarder-en-chien-de-faience#breadcrumb\",\"itemListElement\":[{\"@type\":\"ListItem\",\"position\":1,\"name\":\"Accueil\",\"item\":\"https:\/\/www.africa-press.net\/cotedivoire\/\"},{\"@type\":\"ListItem\",\"position\":2,\"name\":\"Un an apr\u00e8s le conflit communautaire survenu \u00e0 Petit Guiglo, autochtones W\u00ea et allog\u00e8nes Maliens continueraient \u00e0 se regarder en chien de fa\u00efence\"}]},{\"@type\":\"WebSite\",\"@id\":\"https:\/\/www.africa-press.net\/cotedivoire\/#website\",\"url\":\"https:\/\/www.africa-press.net\/cotedivoire\/\",\"name\":\"C\u00f4te d&#039;Ivoire\",\"description\":\"Just another Africa News Agency Sites site\",\"potentialAction\":[{\"@type\":\"SearchAction\",\"target\":{\"@type\":\"EntryPoint\",\"urlTemplate\":\"https:\/\/www.africa-press.net\/cotedivoire\/?s={search_term_string}\"},\"query-input\":{\"@type\":\"PropertyValueSpecification\",\"valueRequired\":true,\"valueName\":\"search_term_string\"}}],\"inLanguage\":\"fr-FR\"},{\"@type\":\"Person\",\"@id\":\"https:\/\/www.africa-press.net\/cotedivoire\/#\/schema\/person\/2b1cf3cd81a31e3cd26889ca66d677f1\",\"name\":\"cfeditorfr\"}]}<\/script>\n<!-- \/ Yoast SEO Premium plugin. -->","yoast_head_json":{"title":"Un an apr\u00e8s le conflit communautaire survenu \u00e0 Petit Guiglo, autochtones W\u00ea et allog\u00e8nes Maliens continueraient \u00e0 se regarder en chien de fa\u00efence - C\u00f4te d&#039;Ivoire","description":"Anne Ouloto et les communaut\u00e9s en janvier 2021 \u00e0 Petit-Guiglo pour ramener le calme entre les communaut\u00e9s (Ph) L ...","robots":{"index":"index","follow":"follow","max-snippet":"max-snippet:-1","max-image-preview":"max-image-preview:large","max-video-preview":"max-video-preview:-1"},"canonical":"https:\/\/www.africa-press.net\/cotedivoire\/toutes-les-actualites\/un-an-apres-le-conflit-communautaire-survenu-a-petit-guiglo-autochtones-we-et-allogenes-maliens-continueraient-a-se-regarder-en-chien-de-faience","og_locale":"fr_FR","og_type":"article","og_title":"Un an apr\u00e8s le conflit communautaire survenu \u00e0 Petit Guiglo, autochtones W\u00ea et allog\u00e8nes Maliens continueraient \u00e0 se regarder en chien de fa\u00efence","og_description":"Anne Ouloto et les communaut\u00e9s en janvier 2021 \u00e0 Petit-Guiglo pour ramener le calme entre les communaut\u00e9s (Ph) L ...","og_url":"https:\/\/www.africa-press.net\/cotedivoire\/toutes-les-actualites\/un-an-apres-le-conflit-communautaire-survenu-a-petit-guiglo-autochtones-we-et-allogenes-maliens-continueraient-a-se-regarder-en-chien-de-faience","og_site_name":"C\u00f4te d&#039;Ivoire","article_published_time":"2022-02-06T17:44:55+00:00","og_image":[{"width":720,"height":418,"url":"https:\/\/static.africa-press.net\/cote\/sites\/43\/2022\/02\/img-6200048e128a5.jpg","type":"image\/jpeg"}],"author":"cfeditorfr","twitter_card":"summary_large_image","twitter_misc":{"\u00c9crit par":"cfeditorfr","Dur\u00e9e de lecture estim\u00e9e":"3 minutes"},"schema":{"@context":"https:\/\/schema.org","@graph":[{"@type":"Article","@id":"https:\/\/www.africa-press.net\/cotedivoire\/toutes-les-actualites\/un-an-apres-le-conflit-communautaire-survenu-a-petit-guiglo-autochtones-we-et-allogenes-maliens-continueraient-a-se-regarder-en-chien-de-faience#article","isPartOf":{"@id":"https:\/\/www.africa-press.net\/cotedivoire\/toutes-les-actualites\/un-an-apres-le-conflit-communautaire-survenu-a-petit-guiglo-autochtones-we-et-allogenes-maliens-continueraient-a-se-regarder-en-chien-de-faience"},"author":{"name":"cfeditorfr","@id":"https:\/\/www.africa-press.net\/cotedivoire\/#\/schema\/person\/2b1cf3cd81a31e3cd26889ca66d677f1"},"headline":"Un an apr\u00e8s le conflit communautaire survenu \u00e0 Petit Guiglo, autochtones W\u00ea et allog\u00e8nes Maliens continueraient \u00e0 se regarder en chien de fa\u00efence","datePublished":"2022-02-06T17:44:55+00:00","mainEntityOfPage":{"@id":"https:\/\/www.africa-press.net\/cotedivoire\/toutes-les-actualites\/un-an-apres-le-conflit-communautaire-survenu-a-petit-guiglo-autochtones-we-et-allogenes-maliens-continueraient-a-se-regarder-en-chien-de-faience"},"wordCount":598,"commentCount":0,"image":{"@id":"https:\/\/www.africa-press.net\/cotedivoire\/toutes-les-actualites\/un-an-apres-le-conflit-communautaire-survenu-a-petit-guiglo-autochtones-we-et-allogenes-maliens-continueraient-a-se-regarder-en-chien-de-faience#primaryimage"},"thumbnailUrl":"https:\/\/static.africa-press.net\/cote\/sites\/43\/2022\/02\/img-6200048e128a5.jpg","keywords":["Africa Press","Africa Press-C\u00f4te d'Ivoire","allog\u00e8nes","communautaire","conflit","C\u00d4TE D'IVOIRE","w\u00ea"],"articleSection":["Communaut\u00e9","homepage-french","Toutes les actualit\u00e9s"],"inLanguage":"fr-FR","potentialAction":[{"@type":"CommentAction","name":"Comment","target":["https:\/\/www.africa-press.net\/cotedivoire\/toutes-les-actualites\/un-an-apres-le-conflit-communautaire-survenu-a-petit-guiglo-autochtones-we-et-allogenes-maliens-continueraient-a-se-regarder-en-chien-de-faience#respond"]}]},{"@type":"WebPage","@id":"https:\/\/www.africa-press.net\/cotedivoire\/toutes-les-actualites\/un-an-apres-le-conflit-communautaire-survenu-a-petit-guiglo-autochtones-we-et-allogenes-maliens-continueraient-a-se-regarder-en-chien-de-faience","url":"https:\/\/www.africa-press.net\/cotedivoire\/toutes-les-actualites\/un-an-apres-le-conflit-communautaire-survenu-a-petit-guiglo-autochtones-we-et-allogenes-maliens-continueraient-a-se-regarder-en-chien-de-faience","name":"Un an apr\u00e8s le conflit communautaire survenu \u00e0 Petit Guiglo, autochtones W\u00ea et allog\u00e8nes Maliens continueraient \u00e0 se regarder en chien de fa\u00efence - C\u00f4te d&#039;Ivoire","isPartOf":{"@id":"https:\/\/www.africa-press.net\/cotedivoire\/#website"},"primaryImageOfPage":{"@id":"https:\/\/www.africa-press.net\/cotedivoire\/toutes-les-actualites\/un-an-apres-le-conflit-communautaire-survenu-a-petit-guiglo-autochtones-we-et-allogenes-maliens-continueraient-a-se-regarder-en-chien-de-faience#primaryimage"},"image":{"@id":"https:\/\/www.africa-press.net\/cotedivoire\/toutes-les-actualites\/un-an-apres-le-conflit-communautaire-survenu-a-petit-guiglo-autochtones-we-et-allogenes-maliens-continueraient-a-se-regarder-en-chien-de-faience#primaryimage"},"thumbnailUrl":"https:\/\/static.africa-press.net\/cote\/sites\/43\/2022\/02\/img-6200048e128a5.jpg","datePublished":"2022-02-06T17:44:55+00:00","author":{"@id":"https:\/\/www.africa-press.net\/cotedivoire\/#\/schema\/person\/2b1cf3cd81a31e3cd26889ca66d677f1"},"description":"Anne Ouloto et les communaut\u00e9s en janvier 2021 \u00e0 Petit-Guiglo pour ramener le calme entre les communaut\u00e9s (Ph) L ...","breadcrumb":{"@id":"https:\/\/www.africa-press.net\/cotedivoire\/toutes-les-actualites\/un-an-apres-le-conflit-communautaire-survenu-a-petit-guiglo-autochtones-we-et-allogenes-maliens-continueraient-a-se-regarder-en-chien-de-faience#breadcrumb"},"inLanguage":"fr-FR","potentialAction":[{"@type":"ReadAction","target":["https:\/\/www.africa-press.net\/cotedivoire\/toutes-les-actualites\/un-an-apres-le-conflit-communautaire-survenu-a-petit-guiglo-autochtones-we-et-allogenes-maliens-continueraient-a-se-regarder-en-chien-de-faience"]}]},{"@type":"ImageObject","inLanguage":"fr-FR","@id":"https:\/\/www.africa-press.net\/cotedivoire\/toutes-les-actualites\/un-an-apres-le-conflit-communautaire-survenu-a-petit-guiglo-autochtones-we-et-allogenes-maliens-continueraient-a-se-regarder-en-chien-de-faience#primaryimage","url":"https:\/\/static.africa-press.net\/cote\/sites\/43\/2022\/02\/img-6200048e128a5.jpg","contentUrl":"https:\/\/static.africa-press.net\/cote\/sites\/43\/2022\/02\/img-6200048e128a5.jpg","width":720,"height":418,"caption":"Un an apr\u00e8s le conflit communautaire survenu \u00e0 Petit Guiglo, autochtones W\u00ea et allog\u00e8nes Maliens continueraient \u00e0 se regarder en chien de fa\u00efence"},{"@type":"BreadcrumbList","@id":"https:\/\/www.africa-press.net\/cotedivoire\/toutes-les-actualites\/un-an-apres-le-conflit-communautaire-survenu-a-petit-guiglo-autochtones-we-et-allogenes-maliens-continueraient-a-se-regarder-en-chien-de-faience#breadcrumb","itemListElement":[{"@type":"ListItem","position":1,"name":"Accueil","item":"https:\/\/www.africa-press.net\/cotedivoire\/"},{"@type":"ListItem","position":2,"name":"Un an apr\u00e8s le conflit communautaire survenu \u00e0 Petit Guiglo, autochtones W\u00ea et allog\u00e8nes Maliens continueraient \u00e0 se regarder en chien de fa\u00efence"}]},{"@type":"WebSite","@id":"https:\/\/www.africa-press.net\/cotedivoire\/#website","url":"https:\/\/www.africa-press.net\/cotedivoire\/","name":"C\u00f4te d&#039;Ivoire","description":"Just another Africa News Agency Sites site","potentialAction":[{"@type":"SearchAction","target":{"@type":"EntryPoint","urlTemplate":"https:\/\/www.africa-press.net\/cotedivoire\/?s={search_term_string}"},"query-input":{"@type":"PropertyValueSpecification","valueRequired":true,"valueName":"search_term_string"}}],"inLanguage":"fr-FR"},{"@type":"Person","@id":"https:\/\/www.africa-press.net\/cotedivoire\/#\/schema\/person\/2b1cf3cd81a31e3cd26889ca66d677f1","name":"cfeditorfr"}]}},"_links":{"self":[{"href":"https:\/\/www.africa-press.net\/cotedivoire\/wp-json\/wp\/v2\/posts\/27256","targetHints":{"allow":["GET"]}}],"collection":[{"href":"https:\/\/www.africa-press.net\/cotedivoire\/wp-json\/wp\/v2\/posts"}],"about":[{"href":"https:\/\/www.africa-press.net\/cotedivoire\/wp-json\/wp\/v2\/types\/post"}],"author":[{"embeddable":true,"href":"https:\/\/www.africa-press.net\/cotedivoire\/wp-json\/wp\/v2\/users\/82"}],"replies":[{"embeddable":true,"href":"https:\/\/www.africa-press.net\/cotedivoire\/wp-json\/wp\/v2\/comments?post=27256"}],"version-history":[{"count":0,"href":"https:\/\/www.africa-press.net\/cotedivoire\/wp-json\/wp\/v2\/posts\/27256\/revisions"}],"wp:featuredmedia":[{"embeddable":true,"href":"https:\/\/www.africa-press.net\/cotedivoire\/wp-json\/wp\/v2\/media\/27255"}],"wp:attachment":[{"href":"https:\/\/www.africa-press.net\/cotedivoire\/wp-json\/wp\/v2\/media?parent=27256"}],"wp:term":[{"taxonomy":"category","embeddable":true,"href":"https:\/\/www.africa-press.net\/cotedivoire\/wp-json\/wp\/v2\/categories?post=27256"},{"taxonomy":"post_tag","embeddable":true,"href":"https:\/\/www.africa-press.net\/cotedivoire\/wp-json\/wp\/v2\/tags?post=27256"}],"curies":[{"name":"wp","href":"https:\/\/api.w.org\/{rel}","templated":true}]}}