{"id":27626,"date":"2022-02-11T17:29:11","date_gmt":"2022-02-11T17:29:11","guid":{"rendered":"https:\/\/www.africa-press.net\/cotedivoire\/?p=27626"},"modified":"2022-02-11T16:38:24","modified_gmt":"2022-02-11T16:38:24","slug":"face-a-kkb-le-peuple-aboure-se-dit-abandonne-et-mis-a-lecart-quant-aux-retombees-des-ressources-naturelles-de-bonoua","status":"publish","type":"post","link":"https:\/\/www.africa-press.net\/cotedivoire\/toutes-les-actualites\/face-a-kkb-le-peuple-aboure-se-dit-abandonne-et-mis-a-lecart-quant-aux-retombees-des-ressources-naturelles-de-bonoua","title":{"rendered":"Face \u00e0 KKB, le peuple Abour\u00e9 se dit abandonn\u00e9 et mis \u00e0 l&rsquo;\u00e9cart  quant aux retomb\u00e9es des ressources naturelles de Bonoua"},"content":{"rendered":"<p><span style=\"color: #ff6600\"><strong>Africa-Press &#8211; C\u00f4te d&rsquo;Ivoire. <\/strong><\/span><b>KKB jeudi \u00e0 Bonoua (DR)<\/b><\/p>\n<p>Le ministre de la r\u00e9conciliation et de la coh\u00e9sion nationale, Kouadio Konan Bertin dit KKB, s\u2019est rendu le jeudi 10 f\u00e9vrier 2022 \u00e0 Bonoua (Sud-Como\u00e9) pour rencontrer les diff\u00e9rentes couches sociales de la population, a-t-on appris aupr\u00e8s de ses services.<\/p>\n<p>Selon les sources, l\u2019objectif du d\u00e9placement de KKB \u00e9tait de recueillir les raisons de la mauvaise presse dont fait l&rsquo;objet Bonoua ces derni\u00e8res ann\u00e9es.<\/p>\n<p>\u00c0 en croire lesdites sources, la notabilit\u00e9 avec \u00e0 leur t\u00eate le roi Miessan Kakou Venance, a soutenu que les conflits et affrontements enregistr\u00e9s \u00e0 Bonoua sont des importations de conflits depuis Abidjan.<\/p>\n<p>Selon la communaut\u00e9 traditionnelle, le peuple Abour\u00e9 est organis\u00e9 et disciplin\u00e9. L&rsquo;incivisme enregistr\u00e9 ces ann\u00e9es-ci est le fait de manipulations de personnes ext\u00e9rieures se servant de ces jeunes pour assouvir leur besogne le peuple about\u00e9 est travailleur et le pr\u00e9sident Alassane Ouattara est travailleur. Abour\u00e9 et le chef de l&rsquo;Etat ne peuvent que marcher ensemble. Le peuple Abour\u00e9 a maintes fois r\u00e9it\u00e9r\u00e9 au cours de cette rencontre \u00eatre favorable au pr\u00e9sident Alassane Ouattara qu&rsquo;il souhaiterait rencontrer, rel\u00e8ve-t-on.<\/p>\n<p>Les pr\u00e9occupations du peuple Abour\u00e9 de Bonoua ont \u00e9t\u00e9 \u00e9voqu\u00e9es par les diff\u00e9rents intervenants de cette localit\u00e9 identifi\u00e9e comme sensible. Il s&rsquo;agit entre autres de la frustration n\u00e9e du sentiment d&rsquo;abandon de ce peuple par le gouvernement ivoirien, de la mise \u00e0 l&rsquo;\u00e9cart de Bonoua quant aux retomb\u00e9es des ressources naturelles de la localit\u00e9, le ch\u00f4mage des jeunes et la prolif\u00e9ration de fumoirs qui fait de Bonoua, la capitale de la drogue en C\u00f4te d&rsquo;Ivoire.<\/p>\n<p>Ce vendredi 11 f\u00e9vrier 2022 est destin\u00e9e au meeting de cl\u00f4ture permettra au ministre KKB de faire la synth\u00e8se de ces longues et riches rencontres du jeudi, indique-t-on.<\/p>\n<p>Donatien Kautcha, Abidjan<\/p>\n<p><strong>Pour plus d&rsquo;informations et d&rsquo;analyses sur la <a href=\"https:\/\/www.africa-press.net\/cotedivoire\">C\u00f4te d&rsquo;Ivoire<\/a>, suivez <a href=\"https:\/\/www.africa-press.net\/\">Africa-Press<\/a><\/strong><\/p>\n","protected":false},"excerpt":{"rendered":"<p>Africa-Press &#8211; C\u00f4te d&rsquo;Ivoire. KKB jeudi \u00e0 Bonoua (DR) Le ministre de la r\u00e9conciliation et de la coh\u00e9sion nationale, Kouadio Konan Bertin dit KKB, s\u2019est rendu le jeudi 10 f\u00e9vrier 2022 \u00e0 Bonoua (Sud-Como\u00e9) pour rencontrer les diff\u00e9rentes couches sociales de la population, a-t-on appris aupr\u00e8s de ses services. Selon les sources, l\u2019objectif du d\u00e9placement [&hellip;]<\/p>\n","protected":false},"author":82,"featured_media":27625,"comment_status":"open","ping_status":"closed","sticky":false,"template":"","format":"standard","meta":{"footnotes":""},"categories":[21,11,10],"tags":[4406,56,63,1004,29,958,4407,727],"class_list":["post-27626","post","type-post","status-publish","format-standard","has-post-thumbnail","hentry","category-communaute","category-homepage-french","category-toutes-les-actualites","tag-aboure","tag-africa-press","tag-africa-press-cote-divoire","tag-bonoua","tag-cote-divoire","tag-kkb","tag-miessan-kakou-venance","tag-ouattara"],"yoast_head":"<!-- This site is optimized with the Yoast SEO Premium plugin v26.1 (Yoast SEO v27.0) - https:\/\/yoast.com\/product\/yoast-seo-premium-wordpress\/ -->\n<title>Face \u00e0 KKB, le peuple Abour\u00e9 se dit abandonn\u00e9 et mis \u00e0 l&#039;\u00e9cart quant aux retomb\u00e9es des ressources naturelles de Bonoua - C\u00f4te d&#039;Ivoire<\/title>\n<meta name=\"description\" content=\"KKB jeudi \u00e0 Bonoua (DR) Le ministre de la r\u00e9conciliation et de la coh\u00e9sion nationale, Kouadio Konan Bertin dit K ...\" \/>\n<meta name=\"robots\" content=\"index, follow, max-snippet:-1, max-image-preview:large, max-video-preview:-1\" \/>\n<link rel=\"canonical\" href=\"https:\/\/www.africa-press.net\/cotedivoire\/toutes-les-actualites\/face-a-kkb-le-peuple-aboure-se-dit-abandonne-et-mis-a-lecart-quant-aux-retombees-des-ressources-naturelles-de-bonoua\" \/>\n<meta property=\"og:locale\" content=\"fr_FR\" \/>\n<meta property=\"og:type\" content=\"article\" \/>\n<meta property=\"og:title\" content=\"Face \u00e0 KKB, le peuple Abour\u00e9 se dit abandonn\u00e9 et mis \u00e0 l&#039;\u00e9cart quant aux retomb\u00e9es des ressources naturelles de Bonoua\" \/>\n<meta property=\"og:description\" content=\"KKB jeudi \u00e0 Bonoua (DR) Le ministre de la r\u00e9conciliation et de la coh\u00e9sion nationale, Kouadio Konan Bertin dit K ...\" \/>\n<meta property=\"og:url\" content=\"https:\/\/www.africa-press.net\/cotedivoire\/toutes-les-actualites\/face-a-kkb-le-peuple-aboure-se-dit-abandonne-et-mis-a-lecart-quant-aux-retombees-des-ressources-naturelles-de-bonoua\" \/>\n<meta property=\"og:site_name\" content=\"C\u00f4te d&#039;Ivoire\" \/>\n<meta property=\"article:published_time\" content=\"2022-02-11T17:29:11+00:00\" \/>\n<meta property=\"og:image\" content=\"https:\/\/static.africa-press.net\/cote\/sites\/43\/2022\/02\/img-620690df732ff.jpg\" \/>\n\t<meta property=\"og:image:width\" content=\"720\" \/>\n\t<meta property=\"og:image:height\" content=\"372\" \/>\n\t<meta property=\"og:image:type\" content=\"image\/jpeg\" \/>\n<meta name=\"author\" content=\"cfeditorfr\" \/>\n<meta name=\"twitter:card\" content=\"summary_large_image\" \/>\n<meta name=\"twitter:label1\" content=\"\u00c9crit par\" \/>\n\t<meta name=\"twitter:data1\" content=\"cfeditorfr\" \/>\n\t<meta name=\"twitter:label2\" content=\"Dur\u00e9e de lecture estim\u00e9e\" \/>\n\t<meta name=\"twitter:data2\" content=\"2 minutes\" \/>\n<script type=\"application\/ld+json\" class=\"yoast-schema-graph\">{\"@context\":\"https:\/\/schema.org\",\"@graph\":[{\"@type\":\"Article\",\"@id\":\"https:\/\/www.africa-press.net\/cotedivoire\/toutes-les-actualites\/face-a-kkb-le-peuple-aboure-se-dit-abandonne-et-mis-a-lecart-quant-aux-retombees-des-ressources-naturelles-de-bonoua#article\",\"isPartOf\":{\"@id\":\"https:\/\/www.africa-press.net\/cotedivoire\/toutes-les-actualites\/face-a-kkb-le-peuple-aboure-se-dit-abandonne-et-mis-a-lecart-quant-aux-retombees-des-ressources-naturelles-de-bonoua\"},\"author\":{\"name\":\"cfeditorfr\",\"@id\":\"https:\/\/www.africa-press.net\/cotedivoire\/#\/schema\/person\/2b1cf3cd81a31e3cd26889ca66d677f1\"},\"headline\":\"Face \u00e0 KKB, le peuple Abour\u00e9 se dit abandonn\u00e9 et mis \u00e0 l&rsquo;\u00e9cart quant aux retomb\u00e9es des ressources naturelles de Bonoua\",\"datePublished\":\"2022-02-11T17:29:11+00:00\",\"mainEntityOfPage\":{\"@id\":\"https:\/\/www.africa-press.net\/cotedivoire\/toutes-les-actualites\/face-a-kkb-le-peuple-aboure-se-dit-abandonne-et-mis-a-lecart-quant-aux-retombees-des-ressources-naturelles-de-bonoua\"},\"wordCount\":357,\"commentCount\":0,\"image\":{\"@id\":\"https:\/\/www.africa-press.net\/cotedivoire\/toutes-les-actualites\/face-a-kkb-le-peuple-aboure-se-dit-abandonne-et-mis-a-lecart-quant-aux-retombees-des-ressources-naturelles-de-bonoua#primaryimage\"},\"thumbnailUrl\":\"https:\/\/static.africa-press.net\/cote\/sites\/43\/2022\/02\/img-620690df732ff.jpg\",\"keywords\":[\"Abour\u00e9\",\"Africa Press\",\"Africa Press-C\u00f4te d'Ivoire\",\"Bonoua\",\"C\u00d4TE D'IVOIRE\",\"KKB\",\"Miessan Kakou Venance\",\"Ouattara\"],\"articleSection\":[\"Communaut\u00e9\",\"homepage-french\",\"Toutes les actualit\u00e9s\"],\"inLanguage\":\"fr-FR\",\"potentialAction\":[{\"@type\":\"CommentAction\",\"name\":\"Comment\",\"target\":[\"https:\/\/www.africa-press.net\/cotedivoire\/toutes-les-actualites\/face-a-kkb-le-peuple-aboure-se-dit-abandonne-et-mis-a-lecart-quant-aux-retombees-des-ressources-naturelles-de-bonoua#respond\"]}]},{\"@type\":\"WebPage\",\"@id\":\"https:\/\/www.africa-press.net\/cotedivoire\/toutes-les-actualites\/face-a-kkb-le-peuple-aboure-se-dit-abandonne-et-mis-a-lecart-quant-aux-retombees-des-ressources-naturelles-de-bonoua\",\"url\":\"https:\/\/www.africa-press.net\/cotedivoire\/toutes-les-actualites\/face-a-kkb-le-peuple-aboure-se-dit-abandonne-et-mis-a-lecart-quant-aux-retombees-des-ressources-naturelles-de-bonoua\",\"name\":\"Face \u00e0 KKB, le peuple Abour\u00e9 se dit abandonn\u00e9 et mis \u00e0 l'\u00e9cart quant aux retomb\u00e9es des ressources naturelles de Bonoua - C\u00f4te d&#039;Ivoire\",\"isPartOf\":{\"@id\":\"https:\/\/www.africa-press.net\/cotedivoire\/#website\"},\"primaryImageOfPage\":{\"@id\":\"https:\/\/www.africa-press.net\/cotedivoire\/toutes-les-actualites\/face-a-kkb-le-peuple-aboure-se-dit-abandonne-et-mis-a-lecart-quant-aux-retombees-des-ressources-naturelles-de-bonoua#primaryimage\"},\"image\":{\"@id\":\"https:\/\/www.africa-press.net\/cotedivoire\/toutes-les-actualites\/face-a-kkb-le-peuple-aboure-se-dit-abandonne-et-mis-a-lecart-quant-aux-retombees-des-ressources-naturelles-de-bonoua#primaryimage\"},\"thumbnailUrl\":\"https:\/\/static.africa-press.net\/cote\/sites\/43\/2022\/02\/img-620690df732ff.jpg\",\"datePublished\":\"2022-02-11T17:29:11+00:00\",\"author\":{\"@id\":\"https:\/\/www.africa-press.net\/cotedivoire\/#\/schema\/person\/2b1cf3cd81a31e3cd26889ca66d677f1\"},\"description\":\"KKB jeudi \u00e0 Bonoua (DR) Le ministre de la r\u00e9conciliation et de la coh\u00e9sion nationale, Kouadio Konan Bertin dit K ...\",\"breadcrumb\":{\"@id\":\"https:\/\/www.africa-press.net\/cotedivoire\/toutes-les-actualites\/face-a-kkb-le-peuple-aboure-se-dit-abandonne-et-mis-a-lecart-quant-aux-retombees-des-ressources-naturelles-de-bonoua#breadcrumb\"},\"inLanguage\":\"fr-FR\",\"potentialAction\":[{\"@type\":\"ReadAction\",\"target\":[\"https:\/\/www.africa-press.net\/cotedivoire\/toutes-les-actualites\/face-a-kkb-le-peuple-aboure-se-dit-abandonne-et-mis-a-lecart-quant-aux-retombees-des-ressources-naturelles-de-bonoua\"]}]},{\"@type\":\"ImageObject\",\"inLanguage\":\"fr-FR\",\"@id\":\"https:\/\/www.africa-press.net\/cotedivoire\/toutes-les-actualites\/face-a-kkb-le-peuple-aboure-se-dit-abandonne-et-mis-a-lecart-quant-aux-retombees-des-ressources-naturelles-de-bonoua#primaryimage\",\"url\":\"https:\/\/static.africa-press.net\/cote\/sites\/43\/2022\/02\/img-620690df732ff.jpg\",\"contentUrl\":\"https:\/\/static.africa-press.net\/cote\/sites\/43\/2022\/02\/img-620690df732ff.jpg\",\"width\":720,\"height\":372,\"caption\":\"Face \u00e0 KKB, le peuple Abour\u00e9 se dit abandonn\u00e9 et mis \u00e0 l'\u00e9cart quant aux retomb\u00e9es des ressources naturelles de Bonoua\"},{\"@type\":\"BreadcrumbList\",\"@id\":\"https:\/\/www.africa-press.net\/cotedivoire\/toutes-les-actualites\/face-a-kkb-le-peuple-aboure-se-dit-abandonne-et-mis-a-lecart-quant-aux-retombees-des-ressources-naturelles-de-bonoua#breadcrumb\",\"itemListElement\":[{\"@type\":\"ListItem\",\"position\":1,\"name\":\"Accueil\",\"item\":\"https:\/\/www.africa-press.net\/cotedivoire\/\"},{\"@type\":\"ListItem\",\"position\":2,\"name\":\"Face \u00e0 KKB, le peuple Abour\u00e9 se dit abandonn\u00e9 et mis \u00e0 l&#8217;\u00e9cart quant aux retomb\u00e9es des ressources naturelles de Bonoua\"}]},{\"@type\":\"WebSite\",\"@id\":\"https:\/\/www.africa-press.net\/cotedivoire\/#website\",\"url\":\"https:\/\/www.africa-press.net\/cotedivoire\/\",\"name\":\"C\u00f4te d&#039;Ivoire\",\"description\":\"Just another Africa News Agency Sites site\",\"potentialAction\":[{\"@type\":\"SearchAction\",\"target\":{\"@type\":\"EntryPoint\",\"urlTemplate\":\"https:\/\/www.africa-press.net\/cotedivoire\/?s={search_term_string}\"},\"query-input\":{\"@type\":\"PropertyValueSpecification\",\"valueRequired\":true,\"valueName\":\"search_term_string\"}}],\"inLanguage\":\"fr-FR\"},{\"@type\":\"Person\",\"@id\":\"https:\/\/www.africa-press.net\/cotedivoire\/#\/schema\/person\/2b1cf3cd81a31e3cd26889ca66d677f1\",\"name\":\"cfeditorfr\"}]}<\/script>\n<!-- \/ Yoast SEO Premium plugin. -->","yoast_head_json":{"title":"Face \u00e0 KKB, le peuple Abour\u00e9 se dit abandonn\u00e9 et mis \u00e0 l'\u00e9cart quant aux retomb\u00e9es des ressources naturelles de Bonoua - C\u00f4te d&#039;Ivoire","description":"KKB jeudi \u00e0 Bonoua (DR) Le ministre de la r\u00e9conciliation et de la coh\u00e9sion nationale, Kouadio Konan Bertin dit K ...","robots":{"index":"index","follow":"follow","max-snippet":"max-snippet:-1","max-image-preview":"max-image-preview:large","max-video-preview":"max-video-preview:-1"},"canonical":"https:\/\/www.africa-press.net\/cotedivoire\/toutes-les-actualites\/face-a-kkb-le-peuple-aboure-se-dit-abandonne-et-mis-a-lecart-quant-aux-retombees-des-ressources-naturelles-de-bonoua","og_locale":"fr_FR","og_type":"article","og_title":"Face \u00e0 KKB, le peuple Abour\u00e9 se dit abandonn\u00e9 et mis \u00e0 l'\u00e9cart quant aux retomb\u00e9es des ressources naturelles de Bonoua","og_description":"KKB jeudi \u00e0 Bonoua (DR) Le ministre de la r\u00e9conciliation et de la coh\u00e9sion nationale, Kouadio Konan Bertin dit K ...","og_url":"https:\/\/www.africa-press.net\/cotedivoire\/toutes-les-actualites\/face-a-kkb-le-peuple-aboure-se-dit-abandonne-et-mis-a-lecart-quant-aux-retombees-des-ressources-naturelles-de-bonoua","og_site_name":"C\u00f4te d&#039;Ivoire","article_published_time":"2022-02-11T17:29:11+00:00","og_image":[{"width":720,"height":372,"url":"https:\/\/static.africa-press.net\/cote\/sites\/43\/2022\/02\/img-620690df732ff.jpg","type":"image\/jpeg"}],"author":"cfeditorfr","twitter_card":"summary_large_image","twitter_misc":{"\u00c9crit par":"cfeditorfr","Dur\u00e9e de lecture estim\u00e9e":"2 minutes"},"schema":{"@context":"https:\/\/schema.org","@graph":[{"@type":"Article","@id":"https:\/\/www.africa-press.net\/cotedivoire\/toutes-les-actualites\/face-a-kkb-le-peuple-aboure-se-dit-abandonne-et-mis-a-lecart-quant-aux-retombees-des-ressources-naturelles-de-bonoua#article","isPartOf":{"@id":"https:\/\/www.africa-press.net\/cotedivoire\/toutes-les-actualites\/face-a-kkb-le-peuple-aboure-se-dit-abandonne-et-mis-a-lecart-quant-aux-retombees-des-ressources-naturelles-de-bonoua"},"author":{"name":"cfeditorfr","@id":"https:\/\/www.africa-press.net\/cotedivoire\/#\/schema\/person\/2b1cf3cd81a31e3cd26889ca66d677f1"},"headline":"Face \u00e0 KKB, le peuple Abour\u00e9 se dit abandonn\u00e9 et mis \u00e0 l&rsquo;\u00e9cart quant aux retomb\u00e9es des ressources naturelles de Bonoua","datePublished":"2022-02-11T17:29:11+00:00","mainEntityOfPage":{"@id":"https:\/\/www.africa-press.net\/cotedivoire\/toutes-les-actualites\/face-a-kkb-le-peuple-aboure-se-dit-abandonne-et-mis-a-lecart-quant-aux-retombees-des-ressources-naturelles-de-bonoua"},"wordCount":357,"commentCount":0,"image":{"@id":"https:\/\/www.africa-press.net\/cotedivoire\/toutes-les-actualites\/face-a-kkb-le-peuple-aboure-se-dit-abandonne-et-mis-a-lecart-quant-aux-retombees-des-ressources-naturelles-de-bonoua#primaryimage"},"thumbnailUrl":"https:\/\/static.africa-press.net\/cote\/sites\/43\/2022\/02\/img-620690df732ff.jpg","keywords":["Abour\u00e9","Africa Press","Africa Press-C\u00f4te d'Ivoire","Bonoua","C\u00d4TE D'IVOIRE","KKB","Miessan Kakou Venance","Ouattara"],"articleSection":["Communaut\u00e9","homepage-french","Toutes les actualit\u00e9s"],"inLanguage":"fr-FR","potentialAction":[{"@type":"CommentAction","name":"Comment","target":["https:\/\/www.africa-press.net\/cotedivoire\/toutes-les-actualites\/face-a-kkb-le-peuple-aboure-se-dit-abandonne-et-mis-a-lecart-quant-aux-retombees-des-ressources-naturelles-de-bonoua#respond"]}]},{"@type":"WebPage","@id":"https:\/\/www.africa-press.net\/cotedivoire\/toutes-les-actualites\/face-a-kkb-le-peuple-aboure-se-dit-abandonne-et-mis-a-lecart-quant-aux-retombees-des-ressources-naturelles-de-bonoua","url":"https:\/\/www.africa-press.net\/cotedivoire\/toutes-les-actualites\/face-a-kkb-le-peuple-aboure-se-dit-abandonne-et-mis-a-lecart-quant-aux-retombees-des-ressources-naturelles-de-bonoua","name":"Face \u00e0 KKB, le peuple Abour\u00e9 se dit abandonn\u00e9 et mis \u00e0 l'\u00e9cart quant aux retomb\u00e9es des ressources naturelles de Bonoua - C\u00f4te d&#039;Ivoire","isPartOf":{"@id":"https:\/\/www.africa-press.net\/cotedivoire\/#website"},"primaryImageOfPage":{"@id":"https:\/\/www.africa-press.net\/cotedivoire\/toutes-les-actualites\/face-a-kkb-le-peuple-aboure-se-dit-abandonne-et-mis-a-lecart-quant-aux-retombees-des-ressources-naturelles-de-bonoua#primaryimage"},"image":{"@id":"https:\/\/www.africa-press.net\/cotedivoire\/toutes-les-actualites\/face-a-kkb-le-peuple-aboure-se-dit-abandonne-et-mis-a-lecart-quant-aux-retombees-des-ressources-naturelles-de-bonoua#primaryimage"},"thumbnailUrl":"https:\/\/static.africa-press.net\/cote\/sites\/43\/2022\/02\/img-620690df732ff.jpg","datePublished":"2022-02-11T17:29:11+00:00","author":{"@id":"https:\/\/www.africa-press.net\/cotedivoire\/#\/schema\/person\/2b1cf3cd81a31e3cd26889ca66d677f1"},"description":"KKB jeudi \u00e0 Bonoua (DR) Le ministre de la r\u00e9conciliation et de la coh\u00e9sion nationale, Kouadio Konan Bertin dit K ...","breadcrumb":{"@id":"https:\/\/www.africa-press.net\/cotedivoire\/toutes-les-actualites\/face-a-kkb-le-peuple-aboure-se-dit-abandonne-et-mis-a-lecart-quant-aux-retombees-des-ressources-naturelles-de-bonoua#breadcrumb"},"inLanguage":"fr-FR","potentialAction":[{"@type":"ReadAction","target":["https:\/\/www.africa-press.net\/cotedivoire\/toutes-les-actualites\/face-a-kkb-le-peuple-aboure-se-dit-abandonne-et-mis-a-lecart-quant-aux-retombees-des-ressources-naturelles-de-bonoua"]}]},{"@type":"ImageObject","inLanguage":"fr-FR","@id":"https:\/\/www.africa-press.net\/cotedivoire\/toutes-les-actualites\/face-a-kkb-le-peuple-aboure-se-dit-abandonne-et-mis-a-lecart-quant-aux-retombees-des-ressources-naturelles-de-bonoua#primaryimage","url":"https:\/\/static.africa-press.net\/cote\/sites\/43\/2022\/02\/img-620690df732ff.jpg","contentUrl":"https:\/\/static.africa-press.net\/cote\/sites\/43\/2022\/02\/img-620690df732ff.jpg","width":720,"height":372,"caption":"Face \u00e0 KKB, le peuple Abour\u00e9 se dit abandonn\u00e9 et mis \u00e0 l'\u00e9cart quant aux retomb\u00e9es des ressources naturelles de Bonoua"},{"@type":"BreadcrumbList","@id":"https:\/\/www.africa-press.net\/cotedivoire\/toutes-les-actualites\/face-a-kkb-le-peuple-aboure-se-dit-abandonne-et-mis-a-lecart-quant-aux-retombees-des-ressources-naturelles-de-bonoua#breadcrumb","itemListElement":[{"@type":"ListItem","position":1,"name":"Accueil","item":"https:\/\/www.africa-press.net\/cotedivoire\/"},{"@type":"ListItem","position":2,"name":"Face \u00e0 KKB, le peuple Abour\u00e9 se dit abandonn\u00e9 et mis \u00e0 l&#8217;\u00e9cart quant aux retomb\u00e9es des ressources naturelles de Bonoua"}]},{"@type":"WebSite","@id":"https:\/\/www.africa-press.net\/cotedivoire\/#website","url":"https:\/\/www.africa-press.net\/cotedivoire\/","name":"C\u00f4te d&#039;Ivoire","description":"Just another Africa News Agency Sites site","potentialAction":[{"@type":"SearchAction","target":{"@type":"EntryPoint","urlTemplate":"https:\/\/www.africa-press.net\/cotedivoire\/?s={search_term_string}"},"query-input":{"@type":"PropertyValueSpecification","valueRequired":true,"valueName":"search_term_string"}}],"inLanguage":"fr-FR"},{"@type":"Person","@id":"https:\/\/www.africa-press.net\/cotedivoire\/#\/schema\/person\/2b1cf3cd81a31e3cd26889ca66d677f1","name":"cfeditorfr"}]}},"_links":{"self":[{"href":"https:\/\/www.africa-press.net\/cotedivoire\/wp-json\/wp\/v2\/posts\/27626","targetHints":{"allow":["GET"]}}],"collection":[{"href":"https:\/\/www.africa-press.net\/cotedivoire\/wp-json\/wp\/v2\/posts"}],"about":[{"href":"https:\/\/www.africa-press.net\/cotedivoire\/wp-json\/wp\/v2\/types\/post"}],"author":[{"embeddable":true,"href":"https:\/\/www.africa-press.net\/cotedivoire\/wp-json\/wp\/v2\/users\/82"}],"replies":[{"embeddable":true,"href":"https:\/\/www.africa-press.net\/cotedivoire\/wp-json\/wp\/v2\/comments?post=27626"}],"version-history":[{"count":0,"href":"https:\/\/www.africa-press.net\/cotedivoire\/wp-json\/wp\/v2\/posts\/27626\/revisions"}],"wp:featuredmedia":[{"embeddable":true,"href":"https:\/\/www.africa-press.net\/cotedivoire\/wp-json\/wp\/v2\/media\/27625"}],"wp:attachment":[{"href":"https:\/\/www.africa-press.net\/cotedivoire\/wp-json\/wp\/v2\/media?parent=27626"}],"wp:term":[{"taxonomy":"category","embeddable":true,"href":"https:\/\/www.africa-press.net\/cotedivoire\/wp-json\/wp\/v2\/categories?post=27626"},{"taxonomy":"post_tag","embeddable":true,"href":"https:\/\/www.africa-press.net\/cotedivoire\/wp-json\/wp\/v2\/tags?post=27626"}],"curies":[{"name":"wp","href":"https:\/\/api.w.org\/{rel}","templated":true}]}}