{"id":28379,"date":"2022-02-21T19:21:16","date_gmt":"2022-02-21T19:21:16","guid":{"rendered":"https:\/\/www.africa-press.net\/cotedivoire\/?p=28379"},"modified":"2022-02-21T17:08:19","modified_gmt":"2022-02-21T17:08:19","slug":"education-nationale-va-t-on-vers-une-greve-illimitee-dans-le-prive-laic-un-syndicat-denonce-un-chacalisme-financier","status":"publish","type":"post","link":"https:\/\/www.africa-press.net\/cotedivoire\/toutes-les-actualites\/education-nationale-va-t-on-vers-une-greve-illimitee-dans-le-prive-laic-un-syndicat-denonce-un-chacalisme-financier","title":{"rendered":"Education Nationale, va \u2013t-on vers une gr\u00e8ve illimit\u00e9e dans le Priv\u00e9 La\u00efc ? Un syndicat d\u00e9nonce un \u00ab chacalisme \u00bb financier"},"content":{"rendered":"<p><span style=\"color: #ff6600\"><strong>Africa-Press &#8211; C\u00f4te d&rsquo;Ivoire. <\/strong><\/span>Va-t-on vers des jours mouvement\u00e9s dans le milieu \u00e9ducatif \u00e0 travers son secteur priv\u00e9 la\u00efc ?<\/p>\n<p>A l\u2019issue d\u2019une assembl\u00e9e g\u00e9n\u00e9rale tenue le week-end dernier, le Syndicat national des enseignants du priv\u00e9 la\u00efc de C\u00f4te d\u2019Ivoire (SYNEPLACI) a menac\u00e9 de mener \u00ab une gr\u00e8ve illimit\u00e9e \u00e0 partir du mercredi 9 mars \u00bb mais aussi un rassemblement de protestation \u00e0 la Primature, le m\u00eame jour, un sit-in au cabinet du ministre de l\u2019Education nationale et de l\u2019Alphab\u00e9tisation, un autre \u00e0 celui de l\u2019Emploi et de la Protection sociale ponctu\u00e9s de marches \u00e9clat\u00e9es dans les directions r\u00e9gionales, inspections primaires, pr\u00e9fectures et sous-pr\u00e9fectures, a-t-on appris de sources concordantes.<\/p>\n<p>Les revendications du SYNEPLACI tourneraient autour de la solde d\u2019une \u00ab sp\u00e9ciale d\u00e9valuation \u00bb, du retour au profil de carri\u00e8re des enseignants du priv\u00e9 la\u00efc suite \u00e0 la suppression du deuxi\u00e8me bar\u00e8me des salaires minima cat\u00e9goriel conventionnel de 1994, lev\u00e9 depuis 2006, le paiement des arri\u00e9r\u00e9s des augmentations des salaires, leur d\u00fb des primes Covid 19.<\/p>\n<p>Le secr\u00e9taire g\u00e9n\u00e9ral national du SYNEPLACI, Camara Oumar, et ses militants, d\u00e9nonceraient ce qu\u2019ils comparent \u00e0 un \u00ab chacalisme \u00bb financier et exigent leur association \u00e0 la gestion de l\u2019enseignement priv\u00e9 la\u00efc et \u00e0 la formalisation de leur association, faisant remarquer qu\u2019ils ne sont pas associ\u00e9s aux actions en cours sur ce dernier point.<\/p>\n<p>Ils auraient une divergence de vue de son organisation avec la Direction des \u00e9tablissements priv\u00e9s (DEEP) qui ne traduirait pas fid\u00e8lement leurs revendications \u00e0 la tutelle, mais contrarierait plut\u00f4t la satisfaction de leurs diff\u00e9rentes requ\u00eates au profit de fonctionnaires de la tutelle qui en b\u00e9n\u00e9ficieraient \u00e0 leur place.<\/p>\n<p>\u00ab Nous avons d\u00e9sormais le texte qui nous permet de revendiquer nos droits mais \u00e0 cause de la Covid 19 nous ne nous sommes pas vus depuis deux ans. Nous ne sommes plus dans un d\u00e9bat de loi mais dans une \u00e9preuve de force. Allez dire \u00e0 vos fondateurs que nous sommes fatigu\u00e9s et qu\u2019ils doivent appliquer les textes, sinon le SYNEPLACI est pr\u00eat \u00e0 leur opposer la loi \u00bb, a galvanis\u00e9 Camara Oumar, les exhortant \u00e0 honorer et \u00e0 faire payer leurs cotisations dans leurs sections, rapporte un conf\u00e8re pr\u00e9sent \u00e0 la rencontre.<\/p>\n<p>Donatien Kautcha, Abidjan<\/p>\n<p><strong>Pour plus d&rsquo;informations et d&rsquo;analyses sur la <a href=\"https:\/\/www.africa-press.net\/cotedivoire\">C\u00f4te d&rsquo;Ivoire<\/a>, suivez <a href=\"https:\/\/www.africa-press.net\/\">Africa-Press<\/a><\/strong><\/p>\n","protected":false},"excerpt":{"rendered":"<p>Africa-Press &#8211; C\u00f4te d&rsquo;Ivoire. Va-t-on vers des jours mouvement\u00e9s dans le milieu \u00e9ducatif \u00e0 travers son secteur priv\u00e9 la\u00efc ? A l\u2019issue d\u2019une assembl\u00e9e g\u00e9n\u00e9rale tenue le week-end dernier, le Syndicat national des enseignants du priv\u00e9 la\u00efc de C\u00f4te d\u2019Ivoire (SYNEPLACI) a menac\u00e9 de mener \u00ab une gr\u00e8ve illimit\u00e9e \u00e0 partir du mercredi 9 mars [&hellip;]<\/p>\n","protected":false},"author":82,"featured_media":28378,"comment_status":"open","ping_status":"closed","sticky":false,"template":"","format":"standard","meta":{"footnotes":""},"categories":[21,11,10],"tags":[56,63,4585,29,4582,554,4584,844,4583],"class_list":["post-28379","post","type-post","status-publish","format-standard","has-post-thumbnail","hentry","category-communaute","category-homepage-french","category-toutes-les-actualites","tag-africa-press","tag-africa-press-cote-divoire","tag-chacalisme","tag-cote-divoire","tag-financier","tag-greve","tag-sit-in","tag-syndicat","tag-syneplaci"],"yoast_head":"<!-- This site is optimized with the Yoast SEO Premium plugin v26.1 (Yoast SEO v27.0) - https:\/\/yoast.com\/product\/yoast-seo-premium-wordpress\/ -->\n<title>Education Nationale, va \u2013t-on vers une gr\u00e8ve illimit\u00e9e dans le Priv\u00e9 La\u00efc ? Un syndicat d\u00e9nonce un \u00ab chacalisme \u00bb financier - C\u00f4te d&#039;Ivoire<\/title>\n<meta name=\"description\" content=\"Va-t-on vers des jours mouvement\u00e9s dans le milieu \u00e9ducatif \u00e0 travers son secteur priv\u00e9 la\u00efc ? A l\u2019issue d\u2019une assembl\u00e9e ...\" \/>\n<meta name=\"robots\" content=\"index, follow, max-snippet:-1, max-image-preview:large, max-video-preview:-1\" \/>\n<link rel=\"canonical\" href=\"https:\/\/www.africa-press.net\/cotedivoire\/toutes-les-actualites\/education-nationale-va-t-on-vers-une-greve-illimitee-dans-le-prive-laic-un-syndicat-denonce-un-chacalisme-financier\" \/>\n<meta property=\"og:locale\" content=\"fr_FR\" \/>\n<meta property=\"og:type\" content=\"article\" \/>\n<meta property=\"og:title\" content=\"Education Nationale, va \u2013t-on vers une gr\u00e8ve illimit\u00e9e dans le Priv\u00e9 La\u00efc ? Un syndicat d\u00e9nonce un \u00ab chacalisme \u00bb financier\" \/>\n<meta property=\"og:description\" content=\"Va-t-on vers des jours mouvement\u00e9s dans le milieu \u00e9ducatif \u00e0 travers son secteur priv\u00e9 la\u00efc ? A l\u2019issue d\u2019une assembl\u00e9e ...\" \/>\n<meta property=\"og:url\" content=\"https:\/\/www.africa-press.net\/cotedivoire\/toutes-les-actualites\/education-nationale-va-t-on-vers-une-greve-illimitee-dans-le-prive-laic-un-syndicat-denonce-un-chacalisme-financier\" \/>\n<meta property=\"og:site_name\" content=\"C\u00f4te d&#039;Ivoire\" \/>\n<meta property=\"article:published_time\" content=\"2022-02-21T19:21:16+00:00\" \/>\n<meta property=\"og:image\" content=\"https:\/\/static.africa-press.net\/cote\/sites\/43\/2022\/02\/img-6213c62561cd3.jpg\" \/>\n\t<meta property=\"og:image:width\" content=\"720\" \/>\n\t<meta property=\"og:image:height\" content=\"400\" \/>\n\t<meta property=\"og:image:type\" content=\"image\/jpeg\" \/>\n<meta name=\"author\" content=\"cfeditorfr\" \/>\n<meta name=\"twitter:card\" content=\"summary_large_image\" \/>\n<meta name=\"twitter:label1\" content=\"\u00c9crit par\" \/>\n\t<meta name=\"twitter:data1\" content=\"cfeditorfr\" \/>\n\t<meta name=\"twitter:label2\" content=\"Dur\u00e9e de lecture estim\u00e9e\" \/>\n\t<meta name=\"twitter:data2\" content=\"2 minutes\" \/>\n<script type=\"application\/ld+json\" class=\"yoast-schema-graph\">{\"@context\":\"https:\/\/schema.org\",\"@graph\":[{\"@type\":\"Article\",\"@id\":\"https:\/\/www.africa-press.net\/cotedivoire\/toutes-les-actualites\/education-nationale-va-t-on-vers-une-greve-illimitee-dans-le-prive-laic-un-syndicat-denonce-un-chacalisme-financier#article\",\"isPartOf\":{\"@id\":\"https:\/\/www.africa-press.net\/cotedivoire\/toutes-les-actualites\/education-nationale-va-t-on-vers-une-greve-illimitee-dans-le-prive-laic-un-syndicat-denonce-un-chacalisme-financier\"},\"author\":{\"name\":\"cfeditorfr\",\"@id\":\"https:\/\/www.africa-press.net\/cotedivoire\/#\/schema\/person\/2b1cf3cd81a31e3cd26889ca66d677f1\"},\"headline\":\"Education Nationale, va \u2013t-on vers une gr\u00e8ve illimit\u00e9e dans le Priv\u00e9 La\u00efc ? Un syndicat d\u00e9nonce un \u00ab chacalisme \u00bb financier\",\"datePublished\":\"2022-02-21T19:21:16+00:00\",\"mainEntityOfPage\":{\"@id\":\"https:\/\/www.africa-press.net\/cotedivoire\/toutes-les-actualites\/education-nationale-va-t-on-vers-une-greve-illimitee-dans-le-prive-laic-un-syndicat-denonce-un-chacalisme-financier\"},\"wordCount\":428,\"commentCount\":0,\"image\":{\"@id\":\"https:\/\/www.africa-press.net\/cotedivoire\/toutes-les-actualites\/education-nationale-va-t-on-vers-une-greve-illimitee-dans-le-prive-laic-un-syndicat-denonce-un-chacalisme-financier#primaryimage\"},\"thumbnailUrl\":\"https:\/\/static.africa-press.net\/cote\/sites\/43\/2022\/02\/img-6213c62561cd3.jpg\",\"keywords\":[\"Africa Press\",\"Africa Press-C\u00f4te d'Ivoire\",\"chacalisme\",\"C\u00d4TE D'IVOIRE\",\"financier\",\"gr\u00e8ve\",\"sit-in\",\"syndicat\",\"SYNEPLACI\"],\"articleSection\":[\"Communaut\u00e9\",\"homepage-french\",\"Toutes les actualit\u00e9s\"],\"inLanguage\":\"fr-FR\",\"potentialAction\":[{\"@type\":\"CommentAction\",\"name\":\"Comment\",\"target\":[\"https:\/\/www.africa-press.net\/cotedivoire\/toutes-les-actualites\/education-nationale-va-t-on-vers-une-greve-illimitee-dans-le-prive-laic-un-syndicat-denonce-un-chacalisme-financier#respond\"]}]},{\"@type\":\"WebPage\",\"@id\":\"https:\/\/www.africa-press.net\/cotedivoire\/toutes-les-actualites\/education-nationale-va-t-on-vers-une-greve-illimitee-dans-le-prive-laic-un-syndicat-denonce-un-chacalisme-financier\",\"url\":\"https:\/\/www.africa-press.net\/cotedivoire\/toutes-les-actualites\/education-nationale-va-t-on-vers-une-greve-illimitee-dans-le-prive-laic-un-syndicat-denonce-un-chacalisme-financier\",\"name\":\"Education Nationale, va \u2013t-on vers une gr\u00e8ve illimit\u00e9e dans le Priv\u00e9 La\u00efc ? Un syndicat d\u00e9nonce un \u00ab chacalisme \u00bb financier - C\u00f4te d&#039;Ivoire\",\"isPartOf\":{\"@id\":\"https:\/\/www.africa-press.net\/cotedivoire\/#website\"},\"primaryImageOfPage\":{\"@id\":\"https:\/\/www.africa-press.net\/cotedivoire\/toutes-les-actualites\/education-nationale-va-t-on-vers-une-greve-illimitee-dans-le-prive-laic-un-syndicat-denonce-un-chacalisme-financier#primaryimage\"},\"image\":{\"@id\":\"https:\/\/www.africa-press.net\/cotedivoire\/toutes-les-actualites\/education-nationale-va-t-on-vers-une-greve-illimitee-dans-le-prive-laic-un-syndicat-denonce-un-chacalisme-financier#primaryimage\"},\"thumbnailUrl\":\"https:\/\/static.africa-press.net\/cote\/sites\/43\/2022\/02\/img-6213c62561cd3.jpg\",\"datePublished\":\"2022-02-21T19:21:16+00:00\",\"author\":{\"@id\":\"https:\/\/www.africa-press.net\/cotedivoire\/#\/schema\/person\/2b1cf3cd81a31e3cd26889ca66d677f1\"},\"description\":\"Va-t-on vers des jours mouvement\u00e9s dans le milieu \u00e9ducatif \u00e0 travers son secteur priv\u00e9 la\u00efc ? A l\u2019issue d\u2019une assembl\u00e9e ...\",\"breadcrumb\":{\"@id\":\"https:\/\/www.africa-press.net\/cotedivoire\/toutes-les-actualites\/education-nationale-va-t-on-vers-une-greve-illimitee-dans-le-prive-laic-un-syndicat-denonce-un-chacalisme-financier#breadcrumb\"},\"inLanguage\":\"fr-FR\",\"potentialAction\":[{\"@type\":\"ReadAction\",\"target\":[\"https:\/\/www.africa-press.net\/cotedivoire\/toutes-les-actualites\/education-nationale-va-t-on-vers-une-greve-illimitee-dans-le-prive-laic-un-syndicat-denonce-un-chacalisme-financier\"]}]},{\"@type\":\"ImageObject\",\"inLanguage\":\"fr-FR\",\"@id\":\"https:\/\/www.africa-press.net\/cotedivoire\/toutes-les-actualites\/education-nationale-va-t-on-vers-une-greve-illimitee-dans-le-prive-laic-un-syndicat-denonce-un-chacalisme-financier#primaryimage\",\"url\":\"https:\/\/static.africa-press.net\/cote\/sites\/43\/2022\/02\/img-6213c62561cd3.jpg\",\"contentUrl\":\"https:\/\/static.africa-press.net\/cote\/sites\/43\/2022\/02\/img-6213c62561cd3.jpg\",\"width\":720,\"height\":400,\"caption\":\"Education Nationale, va \u2013t-on vers une gr\u00e8ve illimit\u00e9e dans le Priv\u00e9 La\u00efc ? Un syndicat d\u00e9nonce un \u00ab chacalisme \u00bb financier\"},{\"@type\":\"BreadcrumbList\",\"@id\":\"https:\/\/www.africa-press.net\/cotedivoire\/toutes-les-actualites\/education-nationale-va-t-on-vers-une-greve-illimitee-dans-le-prive-laic-un-syndicat-denonce-un-chacalisme-financier#breadcrumb\",\"itemListElement\":[{\"@type\":\"ListItem\",\"position\":1,\"name\":\"Accueil\",\"item\":\"https:\/\/www.africa-press.net\/cotedivoire\/\"},{\"@type\":\"ListItem\",\"position\":2,\"name\":\"Education Nationale, va \u2013t-on vers une gr\u00e8ve illimit\u00e9e dans le Priv\u00e9 La\u00efc ? Un syndicat d\u00e9nonce un \u00ab chacalisme \u00bb financier\"}]},{\"@type\":\"WebSite\",\"@id\":\"https:\/\/www.africa-press.net\/cotedivoire\/#website\",\"url\":\"https:\/\/www.africa-press.net\/cotedivoire\/\",\"name\":\"C\u00f4te d&#039;Ivoire\",\"description\":\"Just another Africa News Agency Sites site\",\"potentialAction\":[{\"@type\":\"SearchAction\",\"target\":{\"@type\":\"EntryPoint\",\"urlTemplate\":\"https:\/\/www.africa-press.net\/cotedivoire\/?s={search_term_string}\"},\"query-input\":{\"@type\":\"PropertyValueSpecification\",\"valueRequired\":true,\"valueName\":\"search_term_string\"}}],\"inLanguage\":\"fr-FR\"},{\"@type\":\"Person\",\"@id\":\"https:\/\/www.africa-press.net\/cotedivoire\/#\/schema\/person\/2b1cf3cd81a31e3cd26889ca66d677f1\",\"name\":\"cfeditorfr\"}]}<\/script>\n<!-- \/ Yoast SEO Premium plugin. -->","yoast_head_json":{"title":"Education Nationale, va \u2013t-on vers une gr\u00e8ve illimit\u00e9e dans le Priv\u00e9 La\u00efc ? Un syndicat d\u00e9nonce un \u00ab chacalisme \u00bb financier - C\u00f4te d&#039;Ivoire","description":"Va-t-on vers des jours mouvement\u00e9s dans le milieu \u00e9ducatif \u00e0 travers son secteur priv\u00e9 la\u00efc ? A l\u2019issue d\u2019une assembl\u00e9e ...","robots":{"index":"index","follow":"follow","max-snippet":"max-snippet:-1","max-image-preview":"max-image-preview:large","max-video-preview":"max-video-preview:-1"},"canonical":"https:\/\/www.africa-press.net\/cotedivoire\/toutes-les-actualites\/education-nationale-va-t-on-vers-une-greve-illimitee-dans-le-prive-laic-un-syndicat-denonce-un-chacalisme-financier","og_locale":"fr_FR","og_type":"article","og_title":"Education Nationale, va \u2013t-on vers une gr\u00e8ve illimit\u00e9e dans le Priv\u00e9 La\u00efc ? Un syndicat d\u00e9nonce un \u00ab chacalisme \u00bb financier","og_description":"Va-t-on vers des jours mouvement\u00e9s dans le milieu \u00e9ducatif \u00e0 travers son secteur priv\u00e9 la\u00efc ? A l\u2019issue d\u2019une assembl\u00e9e ...","og_url":"https:\/\/www.africa-press.net\/cotedivoire\/toutes-les-actualites\/education-nationale-va-t-on-vers-une-greve-illimitee-dans-le-prive-laic-un-syndicat-denonce-un-chacalisme-financier","og_site_name":"C\u00f4te d&#039;Ivoire","article_published_time":"2022-02-21T19:21:16+00:00","og_image":[{"width":720,"height":400,"url":"https:\/\/static.africa-press.net\/cote\/sites\/43\/2022\/02\/img-6213c62561cd3.jpg","type":"image\/jpeg"}],"author":"cfeditorfr","twitter_card":"summary_large_image","twitter_misc":{"\u00c9crit par":"cfeditorfr","Dur\u00e9e de lecture estim\u00e9e":"2 minutes"},"schema":{"@context":"https:\/\/schema.org","@graph":[{"@type":"Article","@id":"https:\/\/www.africa-press.net\/cotedivoire\/toutes-les-actualites\/education-nationale-va-t-on-vers-une-greve-illimitee-dans-le-prive-laic-un-syndicat-denonce-un-chacalisme-financier#article","isPartOf":{"@id":"https:\/\/www.africa-press.net\/cotedivoire\/toutes-les-actualites\/education-nationale-va-t-on-vers-une-greve-illimitee-dans-le-prive-laic-un-syndicat-denonce-un-chacalisme-financier"},"author":{"name":"cfeditorfr","@id":"https:\/\/www.africa-press.net\/cotedivoire\/#\/schema\/person\/2b1cf3cd81a31e3cd26889ca66d677f1"},"headline":"Education Nationale, va \u2013t-on vers une gr\u00e8ve illimit\u00e9e dans le Priv\u00e9 La\u00efc ? Un syndicat d\u00e9nonce un \u00ab chacalisme \u00bb financier","datePublished":"2022-02-21T19:21:16+00:00","mainEntityOfPage":{"@id":"https:\/\/www.africa-press.net\/cotedivoire\/toutes-les-actualites\/education-nationale-va-t-on-vers-une-greve-illimitee-dans-le-prive-laic-un-syndicat-denonce-un-chacalisme-financier"},"wordCount":428,"commentCount":0,"image":{"@id":"https:\/\/www.africa-press.net\/cotedivoire\/toutes-les-actualites\/education-nationale-va-t-on-vers-une-greve-illimitee-dans-le-prive-laic-un-syndicat-denonce-un-chacalisme-financier#primaryimage"},"thumbnailUrl":"https:\/\/static.africa-press.net\/cote\/sites\/43\/2022\/02\/img-6213c62561cd3.jpg","keywords":["Africa Press","Africa Press-C\u00f4te d'Ivoire","chacalisme","C\u00d4TE D'IVOIRE","financier","gr\u00e8ve","sit-in","syndicat","SYNEPLACI"],"articleSection":["Communaut\u00e9","homepage-french","Toutes les actualit\u00e9s"],"inLanguage":"fr-FR","potentialAction":[{"@type":"CommentAction","name":"Comment","target":["https:\/\/www.africa-press.net\/cotedivoire\/toutes-les-actualites\/education-nationale-va-t-on-vers-une-greve-illimitee-dans-le-prive-laic-un-syndicat-denonce-un-chacalisme-financier#respond"]}]},{"@type":"WebPage","@id":"https:\/\/www.africa-press.net\/cotedivoire\/toutes-les-actualites\/education-nationale-va-t-on-vers-une-greve-illimitee-dans-le-prive-laic-un-syndicat-denonce-un-chacalisme-financier","url":"https:\/\/www.africa-press.net\/cotedivoire\/toutes-les-actualites\/education-nationale-va-t-on-vers-une-greve-illimitee-dans-le-prive-laic-un-syndicat-denonce-un-chacalisme-financier","name":"Education Nationale, va \u2013t-on vers une gr\u00e8ve illimit\u00e9e dans le Priv\u00e9 La\u00efc ? Un syndicat d\u00e9nonce un \u00ab chacalisme \u00bb financier - C\u00f4te d&#039;Ivoire","isPartOf":{"@id":"https:\/\/www.africa-press.net\/cotedivoire\/#website"},"primaryImageOfPage":{"@id":"https:\/\/www.africa-press.net\/cotedivoire\/toutes-les-actualites\/education-nationale-va-t-on-vers-une-greve-illimitee-dans-le-prive-laic-un-syndicat-denonce-un-chacalisme-financier#primaryimage"},"image":{"@id":"https:\/\/www.africa-press.net\/cotedivoire\/toutes-les-actualites\/education-nationale-va-t-on-vers-une-greve-illimitee-dans-le-prive-laic-un-syndicat-denonce-un-chacalisme-financier#primaryimage"},"thumbnailUrl":"https:\/\/static.africa-press.net\/cote\/sites\/43\/2022\/02\/img-6213c62561cd3.jpg","datePublished":"2022-02-21T19:21:16+00:00","author":{"@id":"https:\/\/www.africa-press.net\/cotedivoire\/#\/schema\/person\/2b1cf3cd81a31e3cd26889ca66d677f1"},"description":"Va-t-on vers des jours mouvement\u00e9s dans le milieu \u00e9ducatif \u00e0 travers son secteur priv\u00e9 la\u00efc ? A l\u2019issue d\u2019une assembl\u00e9e ...","breadcrumb":{"@id":"https:\/\/www.africa-press.net\/cotedivoire\/toutes-les-actualites\/education-nationale-va-t-on-vers-une-greve-illimitee-dans-le-prive-laic-un-syndicat-denonce-un-chacalisme-financier#breadcrumb"},"inLanguage":"fr-FR","potentialAction":[{"@type":"ReadAction","target":["https:\/\/www.africa-press.net\/cotedivoire\/toutes-les-actualites\/education-nationale-va-t-on-vers-une-greve-illimitee-dans-le-prive-laic-un-syndicat-denonce-un-chacalisme-financier"]}]},{"@type":"ImageObject","inLanguage":"fr-FR","@id":"https:\/\/www.africa-press.net\/cotedivoire\/toutes-les-actualites\/education-nationale-va-t-on-vers-une-greve-illimitee-dans-le-prive-laic-un-syndicat-denonce-un-chacalisme-financier#primaryimage","url":"https:\/\/static.africa-press.net\/cote\/sites\/43\/2022\/02\/img-6213c62561cd3.jpg","contentUrl":"https:\/\/static.africa-press.net\/cote\/sites\/43\/2022\/02\/img-6213c62561cd3.jpg","width":720,"height":400,"caption":"Education Nationale, va \u2013t-on vers une gr\u00e8ve illimit\u00e9e dans le Priv\u00e9 La\u00efc ? Un syndicat d\u00e9nonce un \u00ab chacalisme \u00bb financier"},{"@type":"BreadcrumbList","@id":"https:\/\/www.africa-press.net\/cotedivoire\/toutes-les-actualites\/education-nationale-va-t-on-vers-une-greve-illimitee-dans-le-prive-laic-un-syndicat-denonce-un-chacalisme-financier#breadcrumb","itemListElement":[{"@type":"ListItem","position":1,"name":"Accueil","item":"https:\/\/www.africa-press.net\/cotedivoire\/"},{"@type":"ListItem","position":2,"name":"Education Nationale, va \u2013t-on vers une gr\u00e8ve illimit\u00e9e dans le Priv\u00e9 La\u00efc ? Un syndicat d\u00e9nonce un \u00ab chacalisme \u00bb financier"}]},{"@type":"WebSite","@id":"https:\/\/www.africa-press.net\/cotedivoire\/#website","url":"https:\/\/www.africa-press.net\/cotedivoire\/","name":"C\u00f4te d&#039;Ivoire","description":"Just another Africa News Agency Sites site","potentialAction":[{"@type":"SearchAction","target":{"@type":"EntryPoint","urlTemplate":"https:\/\/www.africa-press.net\/cotedivoire\/?s={search_term_string}"},"query-input":{"@type":"PropertyValueSpecification","valueRequired":true,"valueName":"search_term_string"}}],"inLanguage":"fr-FR"},{"@type":"Person","@id":"https:\/\/www.africa-press.net\/cotedivoire\/#\/schema\/person\/2b1cf3cd81a31e3cd26889ca66d677f1","name":"cfeditorfr"}]}},"_links":{"self":[{"href":"https:\/\/www.africa-press.net\/cotedivoire\/wp-json\/wp\/v2\/posts\/28379","targetHints":{"allow":["GET"]}}],"collection":[{"href":"https:\/\/www.africa-press.net\/cotedivoire\/wp-json\/wp\/v2\/posts"}],"about":[{"href":"https:\/\/www.africa-press.net\/cotedivoire\/wp-json\/wp\/v2\/types\/post"}],"author":[{"embeddable":true,"href":"https:\/\/www.africa-press.net\/cotedivoire\/wp-json\/wp\/v2\/users\/82"}],"replies":[{"embeddable":true,"href":"https:\/\/www.africa-press.net\/cotedivoire\/wp-json\/wp\/v2\/comments?post=28379"}],"version-history":[{"count":0,"href":"https:\/\/www.africa-press.net\/cotedivoire\/wp-json\/wp\/v2\/posts\/28379\/revisions"}],"wp:featuredmedia":[{"embeddable":true,"href":"https:\/\/www.africa-press.net\/cotedivoire\/wp-json\/wp\/v2\/media\/28378"}],"wp:attachment":[{"href":"https:\/\/www.africa-press.net\/cotedivoire\/wp-json\/wp\/v2\/media?parent=28379"}],"wp:term":[{"taxonomy":"category","embeddable":true,"href":"https:\/\/www.africa-press.net\/cotedivoire\/wp-json\/wp\/v2\/categories?post=28379"},{"taxonomy":"post_tag","embeddable":true,"href":"https:\/\/www.africa-press.net\/cotedivoire\/wp-json\/wp\/v2\/tags?post=28379"}],"curies":[{"name":"wp","href":"https:\/\/api.w.org\/{rel}","templated":true}]}}