{"id":28418,"date":"2022-02-22T17:55:45","date_gmt":"2022-02-22T17:55:45","guid":{"rendered":"https:\/\/www.africa-press.net\/cotedivoire\/?p=28418"},"modified":"2022-02-22T17:45:23","modified_gmt":"2022-02-22T17:45:23","slug":"en-attendant-lag-du-samedi-un-regisseur-installe-a-la-fif-pour-la-gestion-des-fonds-publics","status":"publish","type":"post","link":"https:\/\/www.africa-press.net\/cotedivoire\/sports\/en-attendant-lag-du-samedi-un-regisseur-installe-a-la-fif-pour-la-gestion-des-fonds-publics","title":{"rendered":"En attendant l&rsquo;AG du samedi, un R\u00e9gisseur install\u00e9 \u00e0 la FIF pour la gestion des fonds publics"},"content":{"rendered":"<p><span style=\"color: #ff6600\"><strong>Africa-Press &#8211; C\u00f4te d&rsquo;Ivoire. <\/strong><\/span>M. Amankou ici avec les membres du CONOR-FIF (Ph)<\/p>\n<p>En attendant l\u2019Assembl\u00e9e G\u00e9n\u00e9rale (AG) de l\u2019espoir de la F\u00e9d\u00e9ration Ivoirienne de Football (FIF), un R\u00e9gisseur vient d\u2019\u00eatre install\u00e9 par le comit\u00e9 de Normalisation pour la gestion des fonds publics.<\/p>\n<p>Ce fonctionnaire de l&rsquo;Etat de C\u00f4te d&rsquo;Ivoire aura pour r\u00f4le d&rsquo;assurer la collecte des fonds publics issus de la parafiscalit\u00e9 mis \u00e0 la disposition de la FIF, explique-t-on du c\u00f4t\u00e9 de la maison de verre de Treichville.<\/p>\n<p>M. Amankou Arnaud, nomm\u00e9 sur d\u00e9cision de la Direction G\u00e9n\u00e9rale du Tr\u00e9sor et de la Comptabilit\u00e9 Publique, a \u00e9t\u00e9 pr\u00e9sent\u00e9 au Comit\u00e9 de Normalisation de la F\u00e9d\u00e9ration Ivoirienne de Football (CN-FIF) par Mme Noel N\u00e9e Koffi, Receveur G\u00e9n\u00e9ral des Finances.<\/p>\n<p>A cette rencontre, Mme Noel N\u00e9e Koffi \u00e9tait en compagnie de quelques collaborateurs de la Direction G\u00e9n\u00e9rale du Tr\u00e9sor et de la Comptabilit\u00e9 publique, souligne-t-on.<\/p>\n<p>Donatien Kautcha, Abidjan<\/p>\n<p><strong>Pour plus d&rsquo;informations et d&rsquo;analyses sur la <a href=\"https:\/\/www.africa-press.net\/cotedivoire\">C\u00f4te d&rsquo;Ivoire<\/a>, suivez <a href=\"https:\/\/www.africa-press.net\/\">Africa-Press<\/a><\/strong><\/p>\n","protected":false},"excerpt":{"rendered":"<p>Africa-Press &#8211; C\u00f4te d&rsquo;Ivoire. M. Amankou ici avec les membres du CONOR-FIF (Ph) En attendant l\u2019Assembl\u00e9e G\u00e9n\u00e9rale (AG) de l\u2019espoir de la F\u00e9d\u00e9ration Ivoirienne de Football (FIF), un R\u00e9gisseur vient d\u2019\u00eatre install\u00e9 par le comit\u00e9 de Normalisation pour la gestion des fonds publics. Ce fonctionnaire de l&rsquo;Etat de C\u00f4te d&rsquo;Ivoire aura pour r\u00f4le d&rsquo;assurer la [&hellip;]<\/p>\n","protected":false},"author":82,"featured_media":28417,"comment_status":"open","ping_status":"closed","sticky":false,"template":"","format":"standard","meta":{"footnotes":""},"categories":[11,6,10],"tags":[56,63,4597,3560,29,859,2022,2617,4596],"class_list":["post-28418","post","type-post","status-publish","format-standard","has-post-thumbnail","hentry","category-homepage-french","category-sports","category-toutes-les-actualites","tag-africa-press","tag-africa-press-cote-divoire","tag-amankou-arnaud","tag-cn-fif","tag-cote-divoire","tag-fif","tag-fonds","tag-gestion","tag-publics"],"yoast_head":"<!-- This site is optimized with the Yoast SEO Premium plugin v26.1 (Yoast SEO v27.0) - https:\/\/yoast.com\/product\/yoast-seo-premium-wordpress\/ -->\n<title>En attendant l&#039;AG du samedi, un R\u00e9gisseur install\u00e9 \u00e0 la FIF pour la gestion des fonds publics - C\u00f4te d&#039;Ivoire<\/title>\n<meta name=\"description\" content=\"M. Amankou ici avec les membres du CONOR-FIF (Ph) En attendant l\u2019Assembl\u00e9e G\u00e9n\u00e9rale (AG) de l\u2019espoir de la F\u00e9d\u00e9ration I ...\" \/>\n<meta name=\"robots\" content=\"index, follow, max-snippet:-1, max-image-preview:large, max-video-preview:-1\" \/>\n<link rel=\"canonical\" href=\"https:\/\/www.africa-press.net\/cotedivoire\/sports\/en-attendant-lag-du-samedi-un-regisseur-installe-a-la-fif-pour-la-gestion-des-fonds-publics\" \/>\n<meta property=\"og:locale\" content=\"fr_FR\" \/>\n<meta property=\"og:type\" content=\"article\" \/>\n<meta property=\"og:title\" content=\"En attendant l&#039;AG du samedi, un R\u00e9gisseur install\u00e9 \u00e0 la FIF pour la gestion des fonds publics\" \/>\n<meta property=\"og:description\" content=\"M. Amankou ici avec les membres du CONOR-FIF (Ph) En attendant l\u2019Assembl\u00e9e G\u00e9n\u00e9rale (AG) de l\u2019espoir de la F\u00e9d\u00e9ration I ...\" \/>\n<meta property=\"og:url\" content=\"https:\/\/www.africa-press.net\/cotedivoire\/sports\/en-attendant-lag-du-samedi-un-regisseur-installe-a-la-fif-pour-la-gestion-des-fonds-publics\" \/>\n<meta property=\"og:site_name\" content=\"C\u00f4te d&#039;Ivoire\" \/>\n<meta property=\"article:published_time\" content=\"2022-02-22T17:55:45+00:00\" \/>\n<meta property=\"og:image\" content=\"https:\/\/static.africa-press.net\/cote\/sites\/43\/2022\/02\/img-621520f641d0a.jpg\" \/>\n\t<meta property=\"og:image:width\" content=\"720\" \/>\n\t<meta property=\"og:image:height\" content=\"406\" \/>\n\t<meta property=\"og:image:type\" content=\"image\/jpeg\" \/>\n<meta name=\"author\" content=\"cfeditorfr\" \/>\n<meta name=\"twitter:card\" content=\"summary_large_image\" \/>\n<meta name=\"twitter:label1\" content=\"\u00c9crit par\" \/>\n\t<meta name=\"twitter:data1\" content=\"cfeditorfr\" \/>\n\t<meta name=\"twitter:label2\" content=\"Dur\u00e9e de lecture estim\u00e9e\" \/>\n\t<meta name=\"twitter:data2\" content=\"1 minute\" \/>\n<script type=\"application\/ld+json\" class=\"yoast-schema-graph\">{\"@context\":\"https:\/\/schema.org\",\"@graph\":[{\"@type\":\"Article\",\"@id\":\"https:\/\/www.africa-press.net\/cotedivoire\/sports\/en-attendant-lag-du-samedi-un-regisseur-installe-a-la-fif-pour-la-gestion-des-fonds-publics#article\",\"isPartOf\":{\"@id\":\"https:\/\/www.africa-press.net\/cotedivoire\/sports\/en-attendant-lag-du-samedi-un-regisseur-installe-a-la-fif-pour-la-gestion-des-fonds-publics\"},\"author\":{\"name\":\"cfeditorfr\",\"@id\":\"https:\/\/www.africa-press.net\/cotedivoire\/#\/schema\/person\/2b1cf3cd81a31e3cd26889ca66d677f1\"},\"headline\":\"En attendant l&rsquo;AG du samedi, un R\u00e9gisseur install\u00e9 \u00e0 la FIF pour la gestion des fonds publics\",\"datePublished\":\"2022-02-22T17:55:45+00:00\",\"mainEntityOfPage\":{\"@id\":\"https:\/\/www.africa-press.net\/cotedivoire\/sports\/en-attendant-lag-du-samedi-un-regisseur-installe-a-la-fif-pour-la-gestion-des-fonds-publics\"},\"wordCount\":211,\"commentCount\":0,\"image\":{\"@id\":\"https:\/\/www.africa-press.net\/cotedivoire\/sports\/en-attendant-lag-du-samedi-un-regisseur-installe-a-la-fif-pour-la-gestion-des-fonds-publics#primaryimage\"},\"thumbnailUrl\":\"https:\/\/static.africa-press.net\/cote\/sites\/43\/2022\/02\/img-621520f641d0a.jpg\",\"keywords\":[\"Africa Press\",\"Africa Press-C\u00f4te d'Ivoire\",\"Amankou Arnaud\",\"CN-FIF\",\"C\u00d4TE D'IVOIRE\",\"FIF\",\"fonds\",\"Gestion\",\"publics\"],\"articleSection\":[\"homepage-french\",\"Sports\",\"Toutes les actualit\u00e9s\"],\"inLanguage\":\"fr-FR\",\"potentialAction\":[{\"@type\":\"CommentAction\",\"name\":\"Comment\",\"target\":[\"https:\/\/www.africa-press.net\/cotedivoire\/sports\/en-attendant-lag-du-samedi-un-regisseur-installe-a-la-fif-pour-la-gestion-des-fonds-publics#respond\"]}]},{\"@type\":\"WebPage\",\"@id\":\"https:\/\/www.africa-press.net\/cotedivoire\/sports\/en-attendant-lag-du-samedi-un-regisseur-installe-a-la-fif-pour-la-gestion-des-fonds-publics\",\"url\":\"https:\/\/www.africa-press.net\/cotedivoire\/sports\/en-attendant-lag-du-samedi-un-regisseur-installe-a-la-fif-pour-la-gestion-des-fonds-publics\",\"name\":\"En attendant l'AG du samedi, un R\u00e9gisseur install\u00e9 \u00e0 la FIF pour la gestion des fonds publics - C\u00f4te d&#039;Ivoire\",\"isPartOf\":{\"@id\":\"https:\/\/www.africa-press.net\/cotedivoire\/#website\"},\"primaryImageOfPage\":{\"@id\":\"https:\/\/www.africa-press.net\/cotedivoire\/sports\/en-attendant-lag-du-samedi-un-regisseur-installe-a-la-fif-pour-la-gestion-des-fonds-publics#primaryimage\"},\"image\":{\"@id\":\"https:\/\/www.africa-press.net\/cotedivoire\/sports\/en-attendant-lag-du-samedi-un-regisseur-installe-a-la-fif-pour-la-gestion-des-fonds-publics#primaryimage\"},\"thumbnailUrl\":\"https:\/\/static.africa-press.net\/cote\/sites\/43\/2022\/02\/img-621520f641d0a.jpg\",\"datePublished\":\"2022-02-22T17:55:45+00:00\",\"author\":{\"@id\":\"https:\/\/www.africa-press.net\/cotedivoire\/#\/schema\/person\/2b1cf3cd81a31e3cd26889ca66d677f1\"},\"description\":\"M. Amankou ici avec les membres du CONOR-FIF (Ph) En attendant l\u2019Assembl\u00e9e G\u00e9n\u00e9rale (AG) de l\u2019espoir de la F\u00e9d\u00e9ration I ...\",\"breadcrumb\":{\"@id\":\"https:\/\/www.africa-press.net\/cotedivoire\/sports\/en-attendant-lag-du-samedi-un-regisseur-installe-a-la-fif-pour-la-gestion-des-fonds-publics#breadcrumb\"},\"inLanguage\":\"fr-FR\",\"potentialAction\":[{\"@type\":\"ReadAction\",\"target\":[\"https:\/\/www.africa-press.net\/cotedivoire\/sports\/en-attendant-lag-du-samedi-un-regisseur-installe-a-la-fif-pour-la-gestion-des-fonds-publics\"]}]},{\"@type\":\"ImageObject\",\"inLanguage\":\"fr-FR\",\"@id\":\"https:\/\/www.africa-press.net\/cotedivoire\/sports\/en-attendant-lag-du-samedi-un-regisseur-installe-a-la-fif-pour-la-gestion-des-fonds-publics#primaryimage\",\"url\":\"https:\/\/static.africa-press.net\/cote\/sites\/43\/2022\/02\/img-621520f641d0a.jpg\",\"contentUrl\":\"https:\/\/static.africa-press.net\/cote\/sites\/43\/2022\/02\/img-621520f641d0a.jpg\",\"width\":720,\"height\":406,\"caption\":\"En attendant l'AG du samedi, un R\u00e9gisseur install\u00e9 \u00e0 la FIF pour la gestion des fonds publics\"},{\"@type\":\"BreadcrumbList\",\"@id\":\"https:\/\/www.africa-press.net\/cotedivoire\/sports\/en-attendant-lag-du-samedi-un-regisseur-installe-a-la-fif-pour-la-gestion-des-fonds-publics#breadcrumb\",\"itemListElement\":[{\"@type\":\"ListItem\",\"position\":1,\"name\":\"Accueil\",\"item\":\"https:\/\/www.africa-press.net\/cotedivoire\/\"},{\"@type\":\"ListItem\",\"position\":2,\"name\":\"En attendant l&#8217;AG du samedi, un R\u00e9gisseur install\u00e9 \u00e0 la FIF pour la gestion des fonds publics\"}]},{\"@type\":\"WebSite\",\"@id\":\"https:\/\/www.africa-press.net\/cotedivoire\/#website\",\"url\":\"https:\/\/www.africa-press.net\/cotedivoire\/\",\"name\":\"C\u00f4te d&#039;Ivoire\",\"description\":\"Just another Africa News Agency Sites site\",\"potentialAction\":[{\"@type\":\"SearchAction\",\"target\":{\"@type\":\"EntryPoint\",\"urlTemplate\":\"https:\/\/www.africa-press.net\/cotedivoire\/?s={search_term_string}\"},\"query-input\":{\"@type\":\"PropertyValueSpecification\",\"valueRequired\":true,\"valueName\":\"search_term_string\"}}],\"inLanguage\":\"fr-FR\"},{\"@type\":\"Person\",\"@id\":\"https:\/\/www.africa-press.net\/cotedivoire\/#\/schema\/person\/2b1cf3cd81a31e3cd26889ca66d677f1\",\"name\":\"cfeditorfr\"}]}<\/script>\n<!-- \/ Yoast SEO Premium plugin. -->","yoast_head_json":{"title":"En attendant l'AG du samedi, un R\u00e9gisseur install\u00e9 \u00e0 la FIF pour la gestion des fonds publics - C\u00f4te d&#039;Ivoire","description":"M. Amankou ici avec les membres du CONOR-FIF (Ph) En attendant l\u2019Assembl\u00e9e G\u00e9n\u00e9rale (AG) de l\u2019espoir de la F\u00e9d\u00e9ration I ...","robots":{"index":"index","follow":"follow","max-snippet":"max-snippet:-1","max-image-preview":"max-image-preview:large","max-video-preview":"max-video-preview:-1"},"canonical":"https:\/\/www.africa-press.net\/cotedivoire\/sports\/en-attendant-lag-du-samedi-un-regisseur-installe-a-la-fif-pour-la-gestion-des-fonds-publics","og_locale":"fr_FR","og_type":"article","og_title":"En attendant l'AG du samedi, un R\u00e9gisseur install\u00e9 \u00e0 la FIF pour la gestion des fonds publics","og_description":"M. Amankou ici avec les membres du CONOR-FIF (Ph) En attendant l\u2019Assembl\u00e9e G\u00e9n\u00e9rale (AG) de l\u2019espoir de la F\u00e9d\u00e9ration I ...","og_url":"https:\/\/www.africa-press.net\/cotedivoire\/sports\/en-attendant-lag-du-samedi-un-regisseur-installe-a-la-fif-pour-la-gestion-des-fonds-publics","og_site_name":"C\u00f4te d&#039;Ivoire","article_published_time":"2022-02-22T17:55:45+00:00","og_image":[{"width":720,"height":406,"url":"https:\/\/static.africa-press.net\/cote\/sites\/43\/2022\/02\/img-621520f641d0a.jpg","type":"image\/jpeg"}],"author":"cfeditorfr","twitter_card":"summary_large_image","twitter_misc":{"\u00c9crit par":"cfeditorfr","Dur\u00e9e de lecture estim\u00e9e":"1 minute"},"schema":{"@context":"https:\/\/schema.org","@graph":[{"@type":"Article","@id":"https:\/\/www.africa-press.net\/cotedivoire\/sports\/en-attendant-lag-du-samedi-un-regisseur-installe-a-la-fif-pour-la-gestion-des-fonds-publics#article","isPartOf":{"@id":"https:\/\/www.africa-press.net\/cotedivoire\/sports\/en-attendant-lag-du-samedi-un-regisseur-installe-a-la-fif-pour-la-gestion-des-fonds-publics"},"author":{"name":"cfeditorfr","@id":"https:\/\/www.africa-press.net\/cotedivoire\/#\/schema\/person\/2b1cf3cd81a31e3cd26889ca66d677f1"},"headline":"En attendant l&rsquo;AG du samedi, un R\u00e9gisseur install\u00e9 \u00e0 la FIF pour la gestion des fonds publics","datePublished":"2022-02-22T17:55:45+00:00","mainEntityOfPage":{"@id":"https:\/\/www.africa-press.net\/cotedivoire\/sports\/en-attendant-lag-du-samedi-un-regisseur-installe-a-la-fif-pour-la-gestion-des-fonds-publics"},"wordCount":211,"commentCount":0,"image":{"@id":"https:\/\/www.africa-press.net\/cotedivoire\/sports\/en-attendant-lag-du-samedi-un-regisseur-installe-a-la-fif-pour-la-gestion-des-fonds-publics#primaryimage"},"thumbnailUrl":"https:\/\/static.africa-press.net\/cote\/sites\/43\/2022\/02\/img-621520f641d0a.jpg","keywords":["Africa Press","Africa Press-C\u00f4te d'Ivoire","Amankou Arnaud","CN-FIF","C\u00d4TE D'IVOIRE","FIF","fonds","Gestion","publics"],"articleSection":["homepage-french","Sports","Toutes les actualit\u00e9s"],"inLanguage":"fr-FR","potentialAction":[{"@type":"CommentAction","name":"Comment","target":["https:\/\/www.africa-press.net\/cotedivoire\/sports\/en-attendant-lag-du-samedi-un-regisseur-installe-a-la-fif-pour-la-gestion-des-fonds-publics#respond"]}]},{"@type":"WebPage","@id":"https:\/\/www.africa-press.net\/cotedivoire\/sports\/en-attendant-lag-du-samedi-un-regisseur-installe-a-la-fif-pour-la-gestion-des-fonds-publics","url":"https:\/\/www.africa-press.net\/cotedivoire\/sports\/en-attendant-lag-du-samedi-un-regisseur-installe-a-la-fif-pour-la-gestion-des-fonds-publics","name":"En attendant l'AG du samedi, un R\u00e9gisseur install\u00e9 \u00e0 la FIF pour la gestion des fonds publics - C\u00f4te d&#039;Ivoire","isPartOf":{"@id":"https:\/\/www.africa-press.net\/cotedivoire\/#website"},"primaryImageOfPage":{"@id":"https:\/\/www.africa-press.net\/cotedivoire\/sports\/en-attendant-lag-du-samedi-un-regisseur-installe-a-la-fif-pour-la-gestion-des-fonds-publics#primaryimage"},"image":{"@id":"https:\/\/www.africa-press.net\/cotedivoire\/sports\/en-attendant-lag-du-samedi-un-regisseur-installe-a-la-fif-pour-la-gestion-des-fonds-publics#primaryimage"},"thumbnailUrl":"https:\/\/static.africa-press.net\/cote\/sites\/43\/2022\/02\/img-621520f641d0a.jpg","datePublished":"2022-02-22T17:55:45+00:00","author":{"@id":"https:\/\/www.africa-press.net\/cotedivoire\/#\/schema\/person\/2b1cf3cd81a31e3cd26889ca66d677f1"},"description":"M. Amankou ici avec les membres du CONOR-FIF (Ph) En attendant l\u2019Assembl\u00e9e G\u00e9n\u00e9rale (AG) de l\u2019espoir de la F\u00e9d\u00e9ration I ...","breadcrumb":{"@id":"https:\/\/www.africa-press.net\/cotedivoire\/sports\/en-attendant-lag-du-samedi-un-regisseur-installe-a-la-fif-pour-la-gestion-des-fonds-publics#breadcrumb"},"inLanguage":"fr-FR","potentialAction":[{"@type":"ReadAction","target":["https:\/\/www.africa-press.net\/cotedivoire\/sports\/en-attendant-lag-du-samedi-un-regisseur-installe-a-la-fif-pour-la-gestion-des-fonds-publics"]}]},{"@type":"ImageObject","inLanguage":"fr-FR","@id":"https:\/\/www.africa-press.net\/cotedivoire\/sports\/en-attendant-lag-du-samedi-un-regisseur-installe-a-la-fif-pour-la-gestion-des-fonds-publics#primaryimage","url":"https:\/\/static.africa-press.net\/cote\/sites\/43\/2022\/02\/img-621520f641d0a.jpg","contentUrl":"https:\/\/static.africa-press.net\/cote\/sites\/43\/2022\/02\/img-621520f641d0a.jpg","width":720,"height":406,"caption":"En attendant l'AG du samedi, un R\u00e9gisseur install\u00e9 \u00e0 la FIF pour la gestion des fonds publics"},{"@type":"BreadcrumbList","@id":"https:\/\/www.africa-press.net\/cotedivoire\/sports\/en-attendant-lag-du-samedi-un-regisseur-installe-a-la-fif-pour-la-gestion-des-fonds-publics#breadcrumb","itemListElement":[{"@type":"ListItem","position":1,"name":"Accueil","item":"https:\/\/www.africa-press.net\/cotedivoire\/"},{"@type":"ListItem","position":2,"name":"En attendant l&#8217;AG du samedi, un R\u00e9gisseur install\u00e9 \u00e0 la FIF pour la gestion des fonds publics"}]},{"@type":"WebSite","@id":"https:\/\/www.africa-press.net\/cotedivoire\/#website","url":"https:\/\/www.africa-press.net\/cotedivoire\/","name":"C\u00f4te d&#039;Ivoire","description":"Just another Africa News Agency Sites site","potentialAction":[{"@type":"SearchAction","target":{"@type":"EntryPoint","urlTemplate":"https:\/\/www.africa-press.net\/cotedivoire\/?s={search_term_string}"},"query-input":{"@type":"PropertyValueSpecification","valueRequired":true,"valueName":"search_term_string"}}],"inLanguage":"fr-FR"},{"@type":"Person","@id":"https:\/\/www.africa-press.net\/cotedivoire\/#\/schema\/person\/2b1cf3cd81a31e3cd26889ca66d677f1","name":"cfeditorfr"}]}},"_links":{"self":[{"href":"https:\/\/www.africa-press.net\/cotedivoire\/wp-json\/wp\/v2\/posts\/28418","targetHints":{"allow":["GET"]}}],"collection":[{"href":"https:\/\/www.africa-press.net\/cotedivoire\/wp-json\/wp\/v2\/posts"}],"about":[{"href":"https:\/\/www.africa-press.net\/cotedivoire\/wp-json\/wp\/v2\/types\/post"}],"author":[{"embeddable":true,"href":"https:\/\/www.africa-press.net\/cotedivoire\/wp-json\/wp\/v2\/users\/82"}],"replies":[{"embeddable":true,"href":"https:\/\/www.africa-press.net\/cotedivoire\/wp-json\/wp\/v2\/comments?post=28418"}],"version-history":[{"count":0,"href":"https:\/\/www.africa-press.net\/cotedivoire\/wp-json\/wp\/v2\/posts\/28418\/revisions"}],"wp:featuredmedia":[{"embeddable":true,"href":"https:\/\/www.africa-press.net\/cotedivoire\/wp-json\/wp\/v2\/media\/28417"}],"wp:attachment":[{"href":"https:\/\/www.africa-press.net\/cotedivoire\/wp-json\/wp\/v2\/media?parent=28418"}],"wp:term":[{"taxonomy":"category","embeddable":true,"href":"https:\/\/www.africa-press.net\/cotedivoire\/wp-json\/wp\/v2\/categories?post=28418"},{"taxonomy":"post_tag","embeddable":true,"href":"https:\/\/www.africa-press.net\/cotedivoire\/wp-json\/wp\/v2\/tags?post=28418"}],"curies":[{"name":"wp","href":"https:\/\/api.w.org\/{rel}","templated":true}]}}