{"id":28490,"date":"2022-02-23T17:11:26","date_gmt":"2022-02-23T17:11:26","guid":{"rendered":"https:\/\/www.africa-press.net\/cotedivoire\/?p=28490"},"modified":"2022-02-23T17:00:42","modified_gmt":"2022-02-23T17:00:42","slug":"agrobusiness-ouverture-du-proces-des-dirigeants-sociaux-des-entreprises-respidia-world-group-sarl-et-agribiznet-le-10-mars-2022","status":"publish","type":"post","link":"https:\/\/www.africa-press.net\/cotedivoire\/economie\/agrobusiness-ouverture-du-proces-des-dirigeants-sociaux-des-entreprises-respidia-world-group-sarl-et-agribiznet-le-10-mars-2022","title":{"rendered":"Agrobusiness, ouverture du proc\u00e8s des dirigeants sociaux des entreprises Respidia World Group Sarl et Agribiznet le 10 mars 2022"},"content":{"rendered":"<p><span style=\"color: #ff6600\"><strong>Africa-Press &#8211; C\u00f4te d&rsquo;Ivoire. <\/strong><\/span><b>Adou Richard<\/b><\/p>\n<p>La fin du ph\u00e9nom\u00e8ne de l&rsquo;agrobusiness n&rsquo;est pas pour aujourd&rsquo;hui. En d\u00e9pit des mesures prises par les autorit\u00e9s ivoiriennes des entreprises continuent de s\u00e9vir.<\/p>\n<p>Dans un communiqu\u00e9, le Procureur de la R\u00e9publique porte \u00e0 la connaissance des victimes de RESPIDIA WORLD Group Sarl et AGRIBIZNET que l\u2019information judiciaire ouverte contre les dirigeants sociaux de ces entreprises, op\u00e9rant dans le domaine de l&rsquo;agrobusiness a abouti \u00e0 leur renvoi par le juge d\u2019Instruction, devant le Tribunal correctionnel du Tribunal de Premi\u00e8re Instance d\u2019Abidjan pour y \u00eatre jug\u00e9s.<\/p>\n<p>Il invite par cons\u00e9quent toutes les personnes tant physiques que morales ayant personnellement souffert d\u2019un pr\u00e9judice caus\u00e9 par cette vaste escroquerie et d\u00e9sirant se constituer partie civile \u00e0 le faire le 10 mars 2022 \u00e0 partir de 14 heures dans la salle d\u2019audience du Palais de Justice d\u2019Abidjan-Plateau.<\/p>\n<p>Wassimagnon<\/p>\n<p><strong>Pour plus d&rsquo;informations et d&rsquo;analyses sur la <a href=\"https:\/\/www.africa-press.net\/cotedivoire\">C\u00f4te d&rsquo;Ivoire<\/a>, suivez <a href=\"https:\/\/www.africa-press.net\/\">Africa-Press<\/a><\/strong><\/p>\n","protected":false},"excerpt":{"rendered":"<p>Africa-Press &#8211; C\u00f4te d&rsquo;Ivoire. Adou Richard La fin du ph\u00e9nom\u00e8ne de l&rsquo;agrobusiness n&rsquo;est pas pour aujourd&rsquo;hui. En d\u00e9pit des mesures prises par les autorit\u00e9s ivoiriennes des entreprises continuent de s\u00e9vir. Dans un communiqu\u00e9, le Procureur de la R\u00e9publique porte \u00e0 la connaissance des victimes de RESPIDIA WORLD Group Sarl et AGRIBIZNET que l\u2019information judiciaire ouverte [&hellip;]<\/p>\n","protected":false},"author":82,"featured_media":28489,"comment_status":"open","ping_status":"closed","sticky":false,"template":"","format":"standard","meta":{"footnotes":""},"categories":[3,11,10],"tags":[56,63,4619,4621,29,4620,1968],"class_list":["post-28490","post","type-post","status-publish","format-standard","has-post-thumbnail","hentry","category-economie","category-homepage-french","category-toutes-les-actualites","tag-africa-press","tag-africa-press-cote-divoire","tag-agribiznet","tag-agro-business","tag-cote-divoire","tag-respidia-world-group-sarl","tag-victimes"],"yoast_head":"<!-- This site is optimized with the Yoast SEO Premium plugin v26.1 (Yoast SEO v27.0) - https:\/\/yoast.com\/product\/yoast-seo-premium-wordpress\/ -->\n<title>Agrobusiness, ouverture du proc\u00e8s des dirigeants sociaux des entreprises Respidia World Group Sarl et Agribiznet le 10 mars 2022 - C\u00f4te d&#039;Ivoire<\/title>\n<meta name=\"description\" content=\"Adou Richard La fin du ph\u00e9nom\u00e8ne de l&#039;agrobusiness n&#039;est pas pour aujourd&#039;hui. En d\u00e9pit des mesures prises par l ...\" \/>\n<meta name=\"robots\" content=\"index, follow, max-snippet:-1, max-image-preview:large, max-video-preview:-1\" \/>\n<link rel=\"canonical\" href=\"https:\/\/www.africa-press.net\/cotedivoire\/economie\/agrobusiness-ouverture-du-proces-des-dirigeants-sociaux-des-entreprises-respidia-world-group-sarl-et-agribiznet-le-10-mars-2022\" \/>\n<meta property=\"og:locale\" content=\"fr_FR\" \/>\n<meta property=\"og:type\" content=\"article\" \/>\n<meta property=\"og:title\" content=\"Agrobusiness, ouverture du proc\u00e8s des dirigeants sociaux des entreprises Respidia World Group Sarl et Agribiznet le 10 mars 2022\" \/>\n<meta property=\"og:description\" content=\"Adou Richard La fin du ph\u00e9nom\u00e8ne de l&#039;agrobusiness n&#039;est pas pour aujourd&#039;hui. En d\u00e9pit des mesures prises par l ...\" \/>\n<meta property=\"og:url\" content=\"https:\/\/www.africa-press.net\/cotedivoire\/economie\/agrobusiness-ouverture-du-proces-des-dirigeants-sociaux-des-entreprises-respidia-world-group-sarl-et-agribiznet-le-10-mars-2022\" \/>\n<meta property=\"og:site_name\" content=\"C\u00f4te d&#039;Ivoire\" \/>\n<meta property=\"article:published_time\" content=\"2022-02-23T17:11:26+00:00\" \/>\n<meta property=\"og:image\" content=\"https:\/\/static.africa-press.net\/cote\/sites\/43\/2022\/02\/img-6216681906780.jpg\" \/>\n\t<meta property=\"og:image:width\" content=\"720\" \/>\n\t<meta property=\"og:image:height\" content=\"396\" \/>\n\t<meta property=\"og:image:type\" content=\"image\/jpeg\" \/>\n<meta name=\"author\" content=\"cfeditorfr\" \/>\n<meta name=\"twitter:card\" content=\"summary_large_image\" \/>\n<meta name=\"twitter:label1\" content=\"\u00c9crit par\" \/>\n\t<meta name=\"twitter:data1\" content=\"cfeditorfr\" \/>\n\t<meta name=\"twitter:label2\" content=\"Dur\u00e9e de lecture estim\u00e9e\" \/>\n\t<meta name=\"twitter:data2\" content=\"1 minute\" \/>\n<script type=\"application\/ld+json\" class=\"yoast-schema-graph\">{\"@context\":\"https:\/\/schema.org\",\"@graph\":[{\"@type\":\"Article\",\"@id\":\"https:\/\/www.africa-press.net\/cotedivoire\/economie\/agrobusiness-ouverture-du-proces-des-dirigeants-sociaux-des-entreprises-respidia-world-group-sarl-et-agribiznet-le-10-mars-2022#article\",\"isPartOf\":{\"@id\":\"https:\/\/www.africa-press.net\/cotedivoire\/economie\/agrobusiness-ouverture-du-proces-des-dirigeants-sociaux-des-entreprises-respidia-world-group-sarl-et-agribiznet-le-10-mars-2022\"},\"author\":{\"name\":\"cfeditorfr\",\"@id\":\"https:\/\/www.africa-press.net\/cotedivoire\/#\/schema\/person\/2b1cf3cd81a31e3cd26889ca66d677f1\"},\"headline\":\"Agrobusiness, ouverture du proc\u00e8s des dirigeants sociaux des entreprises Respidia World Group Sarl et Agribiznet le 10 mars 2022\",\"datePublished\":\"2022-02-23T17:11:26+00:00\",\"mainEntityOfPage\":{\"@id\":\"https:\/\/www.africa-press.net\/cotedivoire\/economie\/agrobusiness-ouverture-du-proces-des-dirigeants-sociaux-des-entreprises-respidia-world-group-sarl-et-agribiznet-le-10-mars-2022\"},\"wordCount\":190,\"commentCount\":0,\"image\":{\"@id\":\"https:\/\/www.africa-press.net\/cotedivoire\/economie\/agrobusiness-ouverture-du-proces-des-dirigeants-sociaux-des-entreprises-respidia-world-group-sarl-et-agribiznet-le-10-mars-2022#primaryimage\"},\"thumbnailUrl\":\"https:\/\/static.africa-press.net\/cote\/sites\/43\/2022\/02\/img-6216681906780.jpg\",\"keywords\":[\"Africa Press\",\"Africa Press-C\u00f4te d'Ivoire\",\"AGRIBIZNET\",\"agro-business\",\"C\u00d4TE D'IVOIRE\",\"RESPIDIA WORLD Group Sarl\",\"victimes\"],\"articleSection\":[\"\u00c9conomie\",\"homepage-french\",\"Toutes les actualit\u00e9s\"],\"inLanguage\":\"fr-FR\",\"potentialAction\":[{\"@type\":\"CommentAction\",\"name\":\"Comment\",\"target\":[\"https:\/\/www.africa-press.net\/cotedivoire\/economie\/agrobusiness-ouverture-du-proces-des-dirigeants-sociaux-des-entreprises-respidia-world-group-sarl-et-agribiznet-le-10-mars-2022#respond\"]}]},{\"@type\":\"WebPage\",\"@id\":\"https:\/\/www.africa-press.net\/cotedivoire\/economie\/agrobusiness-ouverture-du-proces-des-dirigeants-sociaux-des-entreprises-respidia-world-group-sarl-et-agribiznet-le-10-mars-2022\",\"url\":\"https:\/\/www.africa-press.net\/cotedivoire\/economie\/agrobusiness-ouverture-du-proces-des-dirigeants-sociaux-des-entreprises-respidia-world-group-sarl-et-agribiznet-le-10-mars-2022\",\"name\":\"Agrobusiness, ouverture du proc\u00e8s des dirigeants sociaux des entreprises Respidia World Group Sarl et Agribiznet le 10 mars 2022 - C\u00f4te d&#039;Ivoire\",\"isPartOf\":{\"@id\":\"https:\/\/www.africa-press.net\/cotedivoire\/#website\"},\"primaryImageOfPage\":{\"@id\":\"https:\/\/www.africa-press.net\/cotedivoire\/economie\/agrobusiness-ouverture-du-proces-des-dirigeants-sociaux-des-entreprises-respidia-world-group-sarl-et-agribiznet-le-10-mars-2022#primaryimage\"},\"image\":{\"@id\":\"https:\/\/www.africa-press.net\/cotedivoire\/economie\/agrobusiness-ouverture-du-proces-des-dirigeants-sociaux-des-entreprises-respidia-world-group-sarl-et-agribiznet-le-10-mars-2022#primaryimage\"},\"thumbnailUrl\":\"https:\/\/static.africa-press.net\/cote\/sites\/43\/2022\/02\/img-6216681906780.jpg\",\"datePublished\":\"2022-02-23T17:11:26+00:00\",\"author\":{\"@id\":\"https:\/\/www.africa-press.net\/cotedivoire\/#\/schema\/person\/2b1cf3cd81a31e3cd26889ca66d677f1\"},\"description\":\"Adou Richard La fin du ph\u00e9nom\u00e8ne de l'agrobusiness n'est pas pour aujourd'hui. En d\u00e9pit des mesures prises par l ...\",\"breadcrumb\":{\"@id\":\"https:\/\/www.africa-press.net\/cotedivoire\/economie\/agrobusiness-ouverture-du-proces-des-dirigeants-sociaux-des-entreprises-respidia-world-group-sarl-et-agribiznet-le-10-mars-2022#breadcrumb\"},\"inLanguage\":\"fr-FR\",\"potentialAction\":[{\"@type\":\"ReadAction\",\"target\":[\"https:\/\/www.africa-press.net\/cotedivoire\/economie\/agrobusiness-ouverture-du-proces-des-dirigeants-sociaux-des-entreprises-respidia-world-group-sarl-et-agribiznet-le-10-mars-2022\"]}]},{\"@type\":\"ImageObject\",\"inLanguage\":\"fr-FR\",\"@id\":\"https:\/\/www.africa-press.net\/cotedivoire\/economie\/agrobusiness-ouverture-du-proces-des-dirigeants-sociaux-des-entreprises-respidia-world-group-sarl-et-agribiznet-le-10-mars-2022#primaryimage\",\"url\":\"https:\/\/static.africa-press.net\/cote\/sites\/43\/2022\/02\/img-6216681906780.jpg\",\"contentUrl\":\"https:\/\/static.africa-press.net\/cote\/sites\/43\/2022\/02\/img-6216681906780.jpg\",\"width\":720,\"height\":396,\"caption\":\"Agrobusiness, ouverture du proc\u00e8s des dirigeants sociaux des entreprises Respidia World Group Sarl et Agribiznet le 10 mars 2022\"},{\"@type\":\"BreadcrumbList\",\"@id\":\"https:\/\/www.africa-press.net\/cotedivoire\/economie\/agrobusiness-ouverture-du-proces-des-dirigeants-sociaux-des-entreprises-respidia-world-group-sarl-et-agribiznet-le-10-mars-2022#breadcrumb\",\"itemListElement\":[{\"@type\":\"ListItem\",\"position\":1,\"name\":\"Accueil\",\"item\":\"https:\/\/www.africa-press.net\/cotedivoire\/\"},{\"@type\":\"ListItem\",\"position\":2,\"name\":\"Agrobusiness, ouverture du proc\u00e8s des dirigeants sociaux des entreprises Respidia World Group Sarl et Agribiznet le 10 mars 2022\"}]},{\"@type\":\"WebSite\",\"@id\":\"https:\/\/www.africa-press.net\/cotedivoire\/#website\",\"url\":\"https:\/\/www.africa-press.net\/cotedivoire\/\",\"name\":\"C\u00f4te d&#039;Ivoire\",\"description\":\"Just another Africa News Agency Sites site\",\"potentialAction\":[{\"@type\":\"SearchAction\",\"target\":{\"@type\":\"EntryPoint\",\"urlTemplate\":\"https:\/\/www.africa-press.net\/cotedivoire\/?s={search_term_string}\"},\"query-input\":{\"@type\":\"PropertyValueSpecification\",\"valueRequired\":true,\"valueName\":\"search_term_string\"}}],\"inLanguage\":\"fr-FR\"},{\"@type\":\"Person\",\"@id\":\"https:\/\/www.africa-press.net\/cotedivoire\/#\/schema\/person\/2b1cf3cd81a31e3cd26889ca66d677f1\",\"name\":\"cfeditorfr\"}]}<\/script>\n<!-- \/ Yoast SEO Premium plugin. -->","yoast_head_json":{"title":"Agrobusiness, ouverture du proc\u00e8s des dirigeants sociaux des entreprises Respidia World Group Sarl et Agribiznet le 10 mars 2022 - C\u00f4te d&#039;Ivoire","description":"Adou Richard La fin du ph\u00e9nom\u00e8ne de l'agrobusiness n'est pas pour aujourd'hui. En d\u00e9pit des mesures prises par l ...","robots":{"index":"index","follow":"follow","max-snippet":"max-snippet:-1","max-image-preview":"max-image-preview:large","max-video-preview":"max-video-preview:-1"},"canonical":"https:\/\/www.africa-press.net\/cotedivoire\/economie\/agrobusiness-ouverture-du-proces-des-dirigeants-sociaux-des-entreprises-respidia-world-group-sarl-et-agribiznet-le-10-mars-2022","og_locale":"fr_FR","og_type":"article","og_title":"Agrobusiness, ouverture du proc\u00e8s des dirigeants sociaux des entreprises Respidia World Group Sarl et Agribiznet le 10 mars 2022","og_description":"Adou Richard La fin du ph\u00e9nom\u00e8ne de l'agrobusiness n'est pas pour aujourd'hui. En d\u00e9pit des mesures prises par l ...","og_url":"https:\/\/www.africa-press.net\/cotedivoire\/economie\/agrobusiness-ouverture-du-proces-des-dirigeants-sociaux-des-entreprises-respidia-world-group-sarl-et-agribiznet-le-10-mars-2022","og_site_name":"C\u00f4te d&#039;Ivoire","article_published_time":"2022-02-23T17:11:26+00:00","og_image":[{"width":720,"height":396,"url":"https:\/\/static.africa-press.net\/cote\/sites\/43\/2022\/02\/img-6216681906780.jpg","type":"image\/jpeg"}],"author":"cfeditorfr","twitter_card":"summary_large_image","twitter_misc":{"\u00c9crit par":"cfeditorfr","Dur\u00e9e de lecture estim\u00e9e":"1 minute"},"schema":{"@context":"https:\/\/schema.org","@graph":[{"@type":"Article","@id":"https:\/\/www.africa-press.net\/cotedivoire\/economie\/agrobusiness-ouverture-du-proces-des-dirigeants-sociaux-des-entreprises-respidia-world-group-sarl-et-agribiznet-le-10-mars-2022#article","isPartOf":{"@id":"https:\/\/www.africa-press.net\/cotedivoire\/economie\/agrobusiness-ouverture-du-proces-des-dirigeants-sociaux-des-entreprises-respidia-world-group-sarl-et-agribiznet-le-10-mars-2022"},"author":{"name":"cfeditorfr","@id":"https:\/\/www.africa-press.net\/cotedivoire\/#\/schema\/person\/2b1cf3cd81a31e3cd26889ca66d677f1"},"headline":"Agrobusiness, ouverture du proc\u00e8s des dirigeants sociaux des entreprises Respidia World Group Sarl et Agribiznet le 10 mars 2022","datePublished":"2022-02-23T17:11:26+00:00","mainEntityOfPage":{"@id":"https:\/\/www.africa-press.net\/cotedivoire\/economie\/agrobusiness-ouverture-du-proces-des-dirigeants-sociaux-des-entreprises-respidia-world-group-sarl-et-agribiznet-le-10-mars-2022"},"wordCount":190,"commentCount":0,"image":{"@id":"https:\/\/www.africa-press.net\/cotedivoire\/economie\/agrobusiness-ouverture-du-proces-des-dirigeants-sociaux-des-entreprises-respidia-world-group-sarl-et-agribiznet-le-10-mars-2022#primaryimage"},"thumbnailUrl":"https:\/\/static.africa-press.net\/cote\/sites\/43\/2022\/02\/img-6216681906780.jpg","keywords":["Africa Press","Africa Press-C\u00f4te d'Ivoire","AGRIBIZNET","agro-business","C\u00d4TE D'IVOIRE","RESPIDIA WORLD Group Sarl","victimes"],"articleSection":["\u00c9conomie","homepage-french","Toutes les actualit\u00e9s"],"inLanguage":"fr-FR","potentialAction":[{"@type":"CommentAction","name":"Comment","target":["https:\/\/www.africa-press.net\/cotedivoire\/economie\/agrobusiness-ouverture-du-proces-des-dirigeants-sociaux-des-entreprises-respidia-world-group-sarl-et-agribiznet-le-10-mars-2022#respond"]}]},{"@type":"WebPage","@id":"https:\/\/www.africa-press.net\/cotedivoire\/economie\/agrobusiness-ouverture-du-proces-des-dirigeants-sociaux-des-entreprises-respidia-world-group-sarl-et-agribiznet-le-10-mars-2022","url":"https:\/\/www.africa-press.net\/cotedivoire\/economie\/agrobusiness-ouverture-du-proces-des-dirigeants-sociaux-des-entreprises-respidia-world-group-sarl-et-agribiznet-le-10-mars-2022","name":"Agrobusiness, ouverture du proc\u00e8s des dirigeants sociaux des entreprises Respidia World Group Sarl et Agribiznet le 10 mars 2022 - C\u00f4te d&#039;Ivoire","isPartOf":{"@id":"https:\/\/www.africa-press.net\/cotedivoire\/#website"},"primaryImageOfPage":{"@id":"https:\/\/www.africa-press.net\/cotedivoire\/economie\/agrobusiness-ouverture-du-proces-des-dirigeants-sociaux-des-entreprises-respidia-world-group-sarl-et-agribiznet-le-10-mars-2022#primaryimage"},"image":{"@id":"https:\/\/www.africa-press.net\/cotedivoire\/economie\/agrobusiness-ouverture-du-proces-des-dirigeants-sociaux-des-entreprises-respidia-world-group-sarl-et-agribiznet-le-10-mars-2022#primaryimage"},"thumbnailUrl":"https:\/\/static.africa-press.net\/cote\/sites\/43\/2022\/02\/img-6216681906780.jpg","datePublished":"2022-02-23T17:11:26+00:00","author":{"@id":"https:\/\/www.africa-press.net\/cotedivoire\/#\/schema\/person\/2b1cf3cd81a31e3cd26889ca66d677f1"},"description":"Adou Richard La fin du ph\u00e9nom\u00e8ne de l'agrobusiness n'est pas pour aujourd'hui. En d\u00e9pit des mesures prises par l ...","breadcrumb":{"@id":"https:\/\/www.africa-press.net\/cotedivoire\/economie\/agrobusiness-ouverture-du-proces-des-dirigeants-sociaux-des-entreprises-respidia-world-group-sarl-et-agribiznet-le-10-mars-2022#breadcrumb"},"inLanguage":"fr-FR","potentialAction":[{"@type":"ReadAction","target":["https:\/\/www.africa-press.net\/cotedivoire\/economie\/agrobusiness-ouverture-du-proces-des-dirigeants-sociaux-des-entreprises-respidia-world-group-sarl-et-agribiznet-le-10-mars-2022"]}]},{"@type":"ImageObject","inLanguage":"fr-FR","@id":"https:\/\/www.africa-press.net\/cotedivoire\/economie\/agrobusiness-ouverture-du-proces-des-dirigeants-sociaux-des-entreprises-respidia-world-group-sarl-et-agribiznet-le-10-mars-2022#primaryimage","url":"https:\/\/static.africa-press.net\/cote\/sites\/43\/2022\/02\/img-6216681906780.jpg","contentUrl":"https:\/\/static.africa-press.net\/cote\/sites\/43\/2022\/02\/img-6216681906780.jpg","width":720,"height":396,"caption":"Agrobusiness, ouverture du proc\u00e8s des dirigeants sociaux des entreprises Respidia World Group Sarl et Agribiznet le 10 mars 2022"},{"@type":"BreadcrumbList","@id":"https:\/\/www.africa-press.net\/cotedivoire\/economie\/agrobusiness-ouverture-du-proces-des-dirigeants-sociaux-des-entreprises-respidia-world-group-sarl-et-agribiznet-le-10-mars-2022#breadcrumb","itemListElement":[{"@type":"ListItem","position":1,"name":"Accueil","item":"https:\/\/www.africa-press.net\/cotedivoire\/"},{"@type":"ListItem","position":2,"name":"Agrobusiness, ouverture du proc\u00e8s des dirigeants sociaux des entreprises Respidia World Group Sarl et Agribiznet le 10 mars 2022"}]},{"@type":"WebSite","@id":"https:\/\/www.africa-press.net\/cotedivoire\/#website","url":"https:\/\/www.africa-press.net\/cotedivoire\/","name":"C\u00f4te d&#039;Ivoire","description":"Just another Africa News Agency Sites site","potentialAction":[{"@type":"SearchAction","target":{"@type":"EntryPoint","urlTemplate":"https:\/\/www.africa-press.net\/cotedivoire\/?s={search_term_string}"},"query-input":{"@type":"PropertyValueSpecification","valueRequired":true,"valueName":"search_term_string"}}],"inLanguage":"fr-FR"},{"@type":"Person","@id":"https:\/\/www.africa-press.net\/cotedivoire\/#\/schema\/person\/2b1cf3cd81a31e3cd26889ca66d677f1","name":"cfeditorfr"}]}},"_links":{"self":[{"href":"https:\/\/www.africa-press.net\/cotedivoire\/wp-json\/wp\/v2\/posts\/28490","targetHints":{"allow":["GET"]}}],"collection":[{"href":"https:\/\/www.africa-press.net\/cotedivoire\/wp-json\/wp\/v2\/posts"}],"about":[{"href":"https:\/\/www.africa-press.net\/cotedivoire\/wp-json\/wp\/v2\/types\/post"}],"author":[{"embeddable":true,"href":"https:\/\/www.africa-press.net\/cotedivoire\/wp-json\/wp\/v2\/users\/82"}],"replies":[{"embeddable":true,"href":"https:\/\/www.africa-press.net\/cotedivoire\/wp-json\/wp\/v2\/comments?post=28490"}],"version-history":[{"count":0,"href":"https:\/\/www.africa-press.net\/cotedivoire\/wp-json\/wp\/v2\/posts\/28490\/revisions"}],"wp:featuredmedia":[{"embeddable":true,"href":"https:\/\/www.africa-press.net\/cotedivoire\/wp-json\/wp\/v2\/media\/28489"}],"wp:attachment":[{"href":"https:\/\/www.africa-press.net\/cotedivoire\/wp-json\/wp\/v2\/media?parent=28490"}],"wp:term":[{"taxonomy":"category","embeddable":true,"href":"https:\/\/www.africa-press.net\/cotedivoire\/wp-json\/wp\/v2\/categories?post=28490"},{"taxonomy":"post_tag","embeddable":true,"href":"https:\/\/www.africa-press.net\/cotedivoire\/wp-json\/wp\/v2\/tags?post=28490"}],"curies":[{"name":"wp","href":"https:\/\/api.w.org\/{rel}","templated":true}]}}