{"id":28835,"date":"2022-02-28T18:08:58","date_gmt":"2022-02-28T18:08:58","guid":{"rendered":"https:\/\/www.africa-press.net\/cotedivoire\/?p=28835"},"modified":"2022-02-28T16:26:09","modified_gmt":"2022-02-28T16:26:09","slug":"la-gouvernance-du-pouvoir-actuel-facilite-limplantation-du-ppa-ci-selon-stephane-kipre","status":"publish","type":"post","link":"https:\/\/www.africa-press.net\/cotedivoire\/dossiers\/la-gouvernance-du-pouvoir-actuel-facilite-limplantation-du-ppa-ci-selon-stephane-kipre","title":{"rendered":"\u00ab La gouvernance du pouvoir actuel facilite l&rsquo;implantation du PPA-CI \u00bb, selon St\u00e9phane Kipr\u00e9"},"content":{"rendered":"<p><span style=\"color: #ff6600\"><strong>Africa-Press &#8211; C\u00f4te d&rsquo;Ivoire. <\/strong><\/span>St\u00e9phane Kipr\u00e9 \u00e0 Bouak\u00e9 \u00bb (Ph)<\/p>\n<p>Kipr\u00e9 St\u00e9phane, vice-pr\u00e9sident ex\u00e9cutif du PPA-CI en charge de l&rsquo;implantation du Parti sur le territoire national, a s\u00e9journ\u00e9 ce week-end dans la r\u00e9gion du Gb\u00eak\u00ea, \u00e0 l&rsquo;initiative des militants responsables du parti de ladite r\u00e9gion.<\/p>\n<p>Il a tenu un discours fort de remobilisation des troupes.<\/p>\n<p>Il a indiqu\u00e9 en substance que la ville de Bouak\u00e9, \u00e9tant une zone tr\u00e8s difficile pour le PPA-CI, devra d\u00e9sormais bouger, et ce, par une pr\u00e9sence continue et tr\u00e8s remarqu\u00e9e des responsables locaux sur le terrain. Pour lui, nous avons des arguments solides et concrets pour faire de Bouak\u00e9, une zone favorable au PPA-CI et au Pr\u00e9sident Laurent Gbagbo. Il a donc exhort\u00e9 les camarades responsables du parti dans le Gb\u00eak\u00ea \u00e0 utiliser l&rsquo;arme de la parole convaincante pour aller chercher nos amis d&rsquo;en face.<\/p>\n<p>\u00ab (&#8230;) Bouak\u00e9 est toujours dans l&rsquo;esprit des Ivoiriens synonyme de la partition du pays, depuis la crise de 2002. Mais au PPA-CI, Bouak\u00e9 doit \u00eatre synonyme de l&rsquo;Union du Parti. Quand on parle de la r\u00e9conciliation et de l&rsquo;histoire des crises en C\u00f4te d&rsquo;Ivoire, on \u00e9voquera toujours Bouak\u00e9. Mais au PPA-CI, si nous devons parler de Bouak\u00e9, nous devons le faire comme la zone qui a permis de rassembler. Quand il y a eu la crise, beaucoup de nos responsables, ici \u00e0 Bouak\u00e9, ont eu \u00e0 perdre leurs maisons, leurs activit\u00e9s. Vous avez \u00e9t\u00e9 victimes de l&rsquo;engagement aux cotes du Pr\u00e9sident Laurent et pour cela nous devons vous dire Yako.<\/p>\n<p>Bouak\u00e9 et nous avons des arguments solides pour le faire. Les Ivoiriens commencent \u00e0 comprendre aujourd&rsquo;hui les interpellations, a l&rsquo;\u00e9poque du Pr\u00e9sident Laurent Gbagbo. La chert\u00e9 de la vie, ce n&rsquo;est pas Gbagbo, la cause. Avec Laurent Gbagbo, on payait sans difficult\u00e9s la bouteille d&rsquo;huile, mais sous ce gouvernement, m\u00eame se procurer le sachet d&rsquo;huile est difficile. La chert\u00e9 de la vie ne concerne pas sp\u00e9cialement les militants du PPA-CI, mais tous.<\/p>\n<p>Je pense et j&rsquo;en suis convaincu que toutes les personnes \u00e0 Bouak\u00e9 qui pensaient que se battre contre la C\u00f4te d&rsquo;Ivoire, pour l&rsquo;av\u00e8nement de ce r\u00e9gime au pouvoir, sont pris aujourd&rsquo;hui de d\u00e9couragement. Aujourd&rsquo;hui, ils constatent et comprennent que rien n&rsquo;a chang\u00e9 dans leurs vies et \u00e7a ne le sera pas. Il est temps d&rsquo;aller les chercher. Pardonnons, retournons vers eux et ouvrons-leur nos bras.<\/p>\n<p>Allons-y les chercher parce que Laurent Gbagbo a eu raison trop t\u00f4t. Allons-y les chercher parce que la route est bloqu\u00e9e \u00e0 Abidjan et n&rsquo;arrive pas \u00e0 Bouak\u00e9. Allons-y les chercher et leur dire que c&rsquo;est de \u00e7a que Gbagbo nous parlait. Il n\u2019y a rien de plus facile que d&rsquo;aller implanter dans une zone hostile \u00e0 notre organisation. Il suffit juste de poser des questions pertinentes. En 10 ans de gouvernance, qu&rsquo;elle est leur condition de vie qui a chang\u00e9 ? Est-ce que l&rsquo;appartenance au RHDP leur garantit la r\u00e9duction particuli\u00e8re des prix des denr\u00e9es ? Est-ce que l&rsquo;\u00e9cole est gratuite pour leurs enfants ?<\/p>\n<p>Est-ce qu&rsquo;ils ont eu des emplois ? Allons-y les chercher parce qu&rsquo;ils commencent \u00e0 comprendre la v\u00e9rit\u00e9. Allons-y les chercher. Il nous faut aller demander aux habitants de Dar es Salam (Bouak\u00e9), le Kilogramme de riz est \u00e0 combien. Et c&rsquo;est la n\u00f4tre argument de l&rsquo;implantation. L\u00e0 o\u00f9 il y a le d\u00e9fi c&rsquo;est o\u00f9 nous devons aller \u00e9carquiller les yeux pour leur montrer. Allons-y les chercher. N&rsquo;ayons pas peur. Nous sommes d\u00e9j\u00e0 couches, nous n&rsquo;avons plus rien \u00e0 perdre.<\/p>\n<p>Le Chef a d\u00e9j\u00e0 combattu pour nous, n&rsquo;ayons pas peur. Beaucoup de gens voulaient que nous restions derri\u00e8re pour pleurer, que nous restions dans les sujets politiques. Nous devons dialoguer, mais nous devons toucher les questions de la chert\u00e9 de la vie et de v\u00e9ritables sujets. Moi, j&rsquo;ai promis aller dans toutes les zones o\u00f9 ils ont promis des Universit\u00e9s et les CHU. J&rsquo;irai voir. On veut nous condenser dans les d\u00e9bats pendant que nos populations souffrent.<\/p>\n<p>Nous, nous faisons la politique pour une meilleure situation de la vie des Ivoiriens. Le Pr\u00e9sident Laurent Gbagbo pr\u00e9f\u00e8re que les Ivoiriens mangent que la question du d\u00e9gel de ses comptes. Il ne sera pas tant heureux si ses comptes sont d\u00e9gel\u00e9s et que le peuple souffre. Gbagbo c&rsquo;est le peuple.<\/p>\n<p>En 2023, le PPA-CI aura des candidats aux \u00e9lections dans toutes les circonscriptions de la C\u00f4te d&rsquo;Ivoire. En 2025, le PPA-CI sera derri\u00e8re son Chef, le Pr\u00e9sident Laurent Gbagbo. Nous ferons tous bloc derri\u00e8re lui et il gagnera. Que chacun s&rsquo;occupe de son chef. Ce sont toujours eux qui s&rsquo;occupent de notre chef. A chaque fois, ils parlent de notre Chef, mais je ne les comprends pas. Si vous aimez tant notre Chef, laissez votre chef et rejoignez-nous. Mais \u00e0 la r\u00e9alit\u00e9, c&rsquo;est parce que Laurent Gbagbo est le vrai Chef du Pays. Pendant 10 ans d\u2019absence, il n\u2019y a pas un jour ou un journal ne parle pas de lui. Quand ils parlent de lui, a midi, c&rsquo;est la rupture des stocks. Mais quand ils ne parlent pas de lui, le soir, il y a des restes. Laurent Gbagbo est le vrai Chef de la C\u00f4te d&rsquo;Ivoire.<\/p>\n<p>Faisons vivre nos f\u00e9d\u00e9rations. Organisons les r\u00e9unions, utilisons l&rsquo;arme de la parole convaincante que nous avons et faisons vivre nos sections. Oui, il y a des difficult\u00e9s financi\u00e8res, il y a des probl\u00e8mes, mais c&rsquo;est l\u00e0 que nous les cadres devront agir. Je voudrais dire Merci au Ministre Amani Michel, pour le si\u00e8ge qu&rsquo;il a donn\u00e9 \u00e0 la f\u00e9d\u00e9ration. C&rsquo;est ensemble que nous ferons \u00e9quiper ce si\u00e8ge. Le Pr\u00e9sident Ousmane Sy Savane vous aidera avec la fourniture de gadgets et les visuels. J&rsquo;en suis convaincu. L&rsquo;heure est \u00e0 l&rsquo;implantation du Parti. Le temps est arriv\u00e9. 2022, dans le Gb\u00e8k\u00e8, allons-y les chercher. \u00bb, a d\u00e9clar\u00e9 Kipr\u00e9.<\/p>\n<p>Donatien Kautcha, Abidjan<\/p>\n<p><strong>Pour plus d&rsquo;informations et d&rsquo;analyses sur la <a href=\"https:\/\/www.africa-press.net\/cotedivoire\">C\u00f4te d&rsquo;Ivoire<\/a>, suivez <a href=\"https:\/\/www.africa-press.net\/\">Africa-Press<\/a><\/strong><\/p>\n","protected":false},"excerpt":{"rendered":"<p>Africa-Press &#8211; C\u00f4te d&rsquo;Ivoire. St\u00e9phane Kipr\u00e9 \u00e0 Bouak\u00e9 \u00bb (Ph) Kipr\u00e9 St\u00e9phane, vice-pr\u00e9sident ex\u00e9cutif du PPA-CI en charge de l&rsquo;implantation du Parti sur le territoire national, a s\u00e9journ\u00e9 ce week-end dans la r\u00e9gion du Gb\u00eak\u00ea, \u00e0 l&rsquo;initiative des militants responsables du parti de ladite r\u00e9gion. Il a tenu un discours fort de remobilisation des troupes. [&hellip;]<\/p>\n","protected":false},"author":82,"featured_media":28834,"comment_status":"open","ping_status":"closed","sticky":false,"template":"","format":"standard","meta":{"footnotes":""},"categories":[7,11,10],"tags":[56,63,366,29,741,1952,356],"class_list":["post-28835","post","type-post","status-publish","format-standard","has-post-thumbnail","hentry","category-dossiers","category-homepage-french","category-toutes-les-actualites","tag-africa-press","tag-africa-press-cote-divoire","tag-bouake","tag-cote-divoire","tag-gbeke","tag-ppa-ci","tag-stephane-kipre"],"yoast_head":"<!-- This site is optimized with the Yoast SEO Premium plugin v26.1 (Yoast SEO v27.0) - https:\/\/yoast.com\/product\/yoast-seo-premium-wordpress\/ -->\n<title>\u00ab La gouvernance du pouvoir actuel facilite l&#039;implantation du PPA-CI \u00bb, selon St\u00e9phane Kipr\u00e9 - C\u00f4te d&#039;Ivoire<\/title>\n<meta name=\"description\" content=\"St\u00e9phane Kipr\u00e9 \u00e0 Bouak\u00e9 \u00bb (Ph) Kipr\u00e9 St\u00e9phane, vice-pr\u00e9sident ex\u00e9cutif du PPA-CI en charge de l&#039;implantation du Parti s ...\" \/>\n<meta name=\"robots\" content=\"index, follow, max-snippet:-1, max-image-preview:large, max-video-preview:-1\" \/>\n<link rel=\"canonical\" href=\"https:\/\/www.africa-press.net\/cotedivoire\/dossiers\/la-gouvernance-du-pouvoir-actuel-facilite-limplantation-du-ppa-ci-selon-stephane-kipre\" \/>\n<meta property=\"og:locale\" content=\"fr_FR\" \/>\n<meta property=\"og:type\" content=\"article\" \/>\n<meta property=\"og:title\" content=\"\u00ab La gouvernance du pouvoir actuel facilite l&#039;implantation du PPA-CI \u00bb, selon St\u00e9phane Kipr\u00e9\" \/>\n<meta property=\"og:description\" content=\"St\u00e9phane Kipr\u00e9 \u00e0 Bouak\u00e9 \u00bb (Ph) Kipr\u00e9 St\u00e9phane, vice-pr\u00e9sident ex\u00e9cutif du PPA-CI en charge de l&#039;implantation du Parti s ...\" \/>\n<meta property=\"og:url\" content=\"https:\/\/www.africa-press.net\/cotedivoire\/dossiers\/la-gouvernance-du-pouvoir-actuel-facilite-limplantation-du-ppa-ci-selon-stephane-kipre\" \/>\n<meta property=\"og:site_name\" content=\"C\u00f4te d&#039;Ivoire\" \/>\n<meta property=\"article:published_time\" content=\"2022-02-28T18:08:58+00:00\" \/>\n<meta property=\"og:image\" content=\"https:\/\/static.africa-press.net\/cote\/sites\/43\/2022\/02\/img-621cf786d20ee.jpg\" \/>\n\t<meta property=\"og:image:width\" content=\"720\" \/>\n\t<meta property=\"og:image:height\" content=\"480\" \/>\n\t<meta property=\"og:image:type\" content=\"image\/jpeg\" \/>\n<meta name=\"author\" content=\"cfeditorfr\" \/>\n<meta name=\"twitter:card\" content=\"summary_large_image\" \/>\n<meta name=\"twitter:label1\" content=\"\u00c9crit par\" \/>\n\t<meta name=\"twitter:data1\" content=\"cfeditorfr\" \/>\n\t<meta name=\"twitter:label2\" content=\"Dur\u00e9e de lecture estim\u00e9e\" \/>\n\t<meta name=\"twitter:data2\" content=\"5 minutes\" \/>\n<script type=\"application\/ld+json\" class=\"yoast-schema-graph\">{\"@context\":\"https:\/\/schema.org\",\"@graph\":[{\"@type\":\"Article\",\"@id\":\"https:\/\/www.africa-press.net\/cotedivoire\/dossiers\/la-gouvernance-du-pouvoir-actuel-facilite-limplantation-du-ppa-ci-selon-stephane-kipre#article\",\"isPartOf\":{\"@id\":\"https:\/\/www.africa-press.net\/cotedivoire\/dossiers\/la-gouvernance-du-pouvoir-actuel-facilite-limplantation-du-ppa-ci-selon-stephane-kipre\"},\"author\":{\"name\":\"cfeditorfr\",\"@id\":\"https:\/\/www.africa-press.net\/cotedivoire\/#\/schema\/person\/2b1cf3cd81a31e3cd26889ca66d677f1\"},\"headline\":\"\u00ab La gouvernance du pouvoir actuel facilite l&rsquo;implantation du PPA-CI \u00bb, selon St\u00e9phane Kipr\u00e9\",\"datePublished\":\"2022-02-28T18:08:58+00:00\",\"mainEntityOfPage\":{\"@id\":\"https:\/\/www.africa-press.net\/cotedivoire\/dossiers\/la-gouvernance-du-pouvoir-actuel-facilite-limplantation-du-ppa-ci-selon-stephane-kipre\"},\"wordCount\":1080,\"commentCount\":0,\"image\":{\"@id\":\"https:\/\/www.africa-press.net\/cotedivoire\/dossiers\/la-gouvernance-du-pouvoir-actuel-facilite-limplantation-du-ppa-ci-selon-stephane-kipre#primaryimage\"},\"thumbnailUrl\":\"https:\/\/static.africa-press.net\/cote\/sites\/43\/2022\/02\/img-621cf786d20ee.jpg\",\"keywords\":[\"Africa Press\",\"Africa Press-C\u00f4te d'Ivoire\",\"Bouak\u00e9\",\"C\u00d4TE D'IVOIRE\",\"Gb\u00eak\u00ea\",\"PPA-CI\",\"St\u00e9phane Kipr\u00e9\"],\"articleSection\":[\"Dossiers\",\"homepage-french\",\"Toutes les actualit\u00e9s\"],\"inLanguage\":\"fr-FR\",\"potentialAction\":[{\"@type\":\"CommentAction\",\"name\":\"Comment\",\"target\":[\"https:\/\/www.africa-press.net\/cotedivoire\/dossiers\/la-gouvernance-du-pouvoir-actuel-facilite-limplantation-du-ppa-ci-selon-stephane-kipre#respond\"]}]},{\"@type\":\"WebPage\",\"@id\":\"https:\/\/www.africa-press.net\/cotedivoire\/dossiers\/la-gouvernance-du-pouvoir-actuel-facilite-limplantation-du-ppa-ci-selon-stephane-kipre\",\"url\":\"https:\/\/www.africa-press.net\/cotedivoire\/dossiers\/la-gouvernance-du-pouvoir-actuel-facilite-limplantation-du-ppa-ci-selon-stephane-kipre\",\"name\":\"\u00ab La gouvernance du pouvoir actuel facilite l'implantation du PPA-CI \u00bb, selon St\u00e9phane Kipr\u00e9 - C\u00f4te d&#039;Ivoire\",\"isPartOf\":{\"@id\":\"https:\/\/www.africa-press.net\/cotedivoire\/#website\"},\"primaryImageOfPage\":{\"@id\":\"https:\/\/www.africa-press.net\/cotedivoire\/dossiers\/la-gouvernance-du-pouvoir-actuel-facilite-limplantation-du-ppa-ci-selon-stephane-kipre#primaryimage\"},\"image\":{\"@id\":\"https:\/\/www.africa-press.net\/cotedivoire\/dossiers\/la-gouvernance-du-pouvoir-actuel-facilite-limplantation-du-ppa-ci-selon-stephane-kipre#primaryimage\"},\"thumbnailUrl\":\"https:\/\/static.africa-press.net\/cote\/sites\/43\/2022\/02\/img-621cf786d20ee.jpg\",\"datePublished\":\"2022-02-28T18:08:58+00:00\",\"author\":{\"@id\":\"https:\/\/www.africa-press.net\/cotedivoire\/#\/schema\/person\/2b1cf3cd81a31e3cd26889ca66d677f1\"},\"description\":\"St\u00e9phane Kipr\u00e9 \u00e0 Bouak\u00e9 \u00bb (Ph) Kipr\u00e9 St\u00e9phane, vice-pr\u00e9sident ex\u00e9cutif du PPA-CI en charge de l'implantation du Parti s ...\",\"breadcrumb\":{\"@id\":\"https:\/\/www.africa-press.net\/cotedivoire\/dossiers\/la-gouvernance-du-pouvoir-actuel-facilite-limplantation-du-ppa-ci-selon-stephane-kipre#breadcrumb\"},\"inLanguage\":\"fr-FR\",\"potentialAction\":[{\"@type\":\"ReadAction\",\"target\":[\"https:\/\/www.africa-press.net\/cotedivoire\/dossiers\/la-gouvernance-du-pouvoir-actuel-facilite-limplantation-du-ppa-ci-selon-stephane-kipre\"]}]},{\"@type\":\"ImageObject\",\"inLanguage\":\"fr-FR\",\"@id\":\"https:\/\/www.africa-press.net\/cotedivoire\/dossiers\/la-gouvernance-du-pouvoir-actuel-facilite-limplantation-du-ppa-ci-selon-stephane-kipre#primaryimage\",\"url\":\"https:\/\/static.africa-press.net\/cote\/sites\/43\/2022\/02\/img-621cf786d20ee.jpg\",\"contentUrl\":\"https:\/\/static.africa-press.net\/cote\/sites\/43\/2022\/02\/img-621cf786d20ee.jpg\",\"width\":720,\"height\":480,\"caption\":\"\u00ab La gouvernance du pouvoir actuel facilite l'implantation du PPA-CI \u00bb, selon St\u00e9phane Kipr\u00e9\"},{\"@type\":\"BreadcrumbList\",\"@id\":\"https:\/\/www.africa-press.net\/cotedivoire\/dossiers\/la-gouvernance-du-pouvoir-actuel-facilite-limplantation-du-ppa-ci-selon-stephane-kipre#breadcrumb\",\"itemListElement\":[{\"@type\":\"ListItem\",\"position\":1,\"name\":\"Accueil\",\"item\":\"https:\/\/www.africa-press.net\/cotedivoire\/\"},{\"@type\":\"ListItem\",\"position\":2,\"name\":\"\u00ab La gouvernance du pouvoir actuel facilite l&#8217;implantation du PPA-CI \u00bb, selon St\u00e9phane Kipr\u00e9\"}]},{\"@type\":\"WebSite\",\"@id\":\"https:\/\/www.africa-press.net\/cotedivoire\/#website\",\"url\":\"https:\/\/www.africa-press.net\/cotedivoire\/\",\"name\":\"C\u00f4te d&#039;Ivoire\",\"description\":\"Just another Africa News Agency Sites site\",\"potentialAction\":[{\"@type\":\"SearchAction\",\"target\":{\"@type\":\"EntryPoint\",\"urlTemplate\":\"https:\/\/www.africa-press.net\/cotedivoire\/?s={search_term_string}\"},\"query-input\":{\"@type\":\"PropertyValueSpecification\",\"valueRequired\":true,\"valueName\":\"search_term_string\"}}],\"inLanguage\":\"fr-FR\"},{\"@type\":\"Person\",\"@id\":\"https:\/\/www.africa-press.net\/cotedivoire\/#\/schema\/person\/2b1cf3cd81a31e3cd26889ca66d677f1\",\"name\":\"cfeditorfr\"}]}<\/script>\n<!-- \/ Yoast SEO Premium plugin. -->","yoast_head_json":{"title":"\u00ab La gouvernance du pouvoir actuel facilite l'implantation du PPA-CI \u00bb, selon St\u00e9phane Kipr\u00e9 - C\u00f4te d&#039;Ivoire","description":"St\u00e9phane Kipr\u00e9 \u00e0 Bouak\u00e9 \u00bb (Ph) Kipr\u00e9 St\u00e9phane, vice-pr\u00e9sident ex\u00e9cutif du PPA-CI en charge de l'implantation du Parti s ...","robots":{"index":"index","follow":"follow","max-snippet":"max-snippet:-1","max-image-preview":"max-image-preview:large","max-video-preview":"max-video-preview:-1"},"canonical":"https:\/\/www.africa-press.net\/cotedivoire\/dossiers\/la-gouvernance-du-pouvoir-actuel-facilite-limplantation-du-ppa-ci-selon-stephane-kipre","og_locale":"fr_FR","og_type":"article","og_title":"\u00ab La gouvernance du pouvoir actuel facilite l'implantation du PPA-CI \u00bb, selon St\u00e9phane Kipr\u00e9","og_description":"St\u00e9phane Kipr\u00e9 \u00e0 Bouak\u00e9 \u00bb (Ph) Kipr\u00e9 St\u00e9phane, vice-pr\u00e9sident ex\u00e9cutif du PPA-CI en charge de l'implantation du Parti s ...","og_url":"https:\/\/www.africa-press.net\/cotedivoire\/dossiers\/la-gouvernance-du-pouvoir-actuel-facilite-limplantation-du-ppa-ci-selon-stephane-kipre","og_site_name":"C\u00f4te d&#039;Ivoire","article_published_time":"2022-02-28T18:08:58+00:00","og_image":[{"width":720,"height":480,"url":"https:\/\/static.africa-press.net\/cote\/sites\/43\/2022\/02\/img-621cf786d20ee.jpg","type":"image\/jpeg"}],"author":"cfeditorfr","twitter_card":"summary_large_image","twitter_misc":{"\u00c9crit par":"cfeditorfr","Dur\u00e9e de lecture estim\u00e9e":"5 minutes"},"schema":{"@context":"https:\/\/schema.org","@graph":[{"@type":"Article","@id":"https:\/\/www.africa-press.net\/cotedivoire\/dossiers\/la-gouvernance-du-pouvoir-actuel-facilite-limplantation-du-ppa-ci-selon-stephane-kipre#article","isPartOf":{"@id":"https:\/\/www.africa-press.net\/cotedivoire\/dossiers\/la-gouvernance-du-pouvoir-actuel-facilite-limplantation-du-ppa-ci-selon-stephane-kipre"},"author":{"name":"cfeditorfr","@id":"https:\/\/www.africa-press.net\/cotedivoire\/#\/schema\/person\/2b1cf3cd81a31e3cd26889ca66d677f1"},"headline":"\u00ab La gouvernance du pouvoir actuel facilite l&rsquo;implantation du PPA-CI \u00bb, selon St\u00e9phane Kipr\u00e9","datePublished":"2022-02-28T18:08:58+00:00","mainEntityOfPage":{"@id":"https:\/\/www.africa-press.net\/cotedivoire\/dossiers\/la-gouvernance-du-pouvoir-actuel-facilite-limplantation-du-ppa-ci-selon-stephane-kipre"},"wordCount":1080,"commentCount":0,"image":{"@id":"https:\/\/www.africa-press.net\/cotedivoire\/dossiers\/la-gouvernance-du-pouvoir-actuel-facilite-limplantation-du-ppa-ci-selon-stephane-kipre#primaryimage"},"thumbnailUrl":"https:\/\/static.africa-press.net\/cote\/sites\/43\/2022\/02\/img-621cf786d20ee.jpg","keywords":["Africa Press","Africa Press-C\u00f4te d'Ivoire","Bouak\u00e9","C\u00d4TE D'IVOIRE","Gb\u00eak\u00ea","PPA-CI","St\u00e9phane Kipr\u00e9"],"articleSection":["Dossiers","homepage-french","Toutes les actualit\u00e9s"],"inLanguage":"fr-FR","potentialAction":[{"@type":"CommentAction","name":"Comment","target":["https:\/\/www.africa-press.net\/cotedivoire\/dossiers\/la-gouvernance-du-pouvoir-actuel-facilite-limplantation-du-ppa-ci-selon-stephane-kipre#respond"]}]},{"@type":"WebPage","@id":"https:\/\/www.africa-press.net\/cotedivoire\/dossiers\/la-gouvernance-du-pouvoir-actuel-facilite-limplantation-du-ppa-ci-selon-stephane-kipre","url":"https:\/\/www.africa-press.net\/cotedivoire\/dossiers\/la-gouvernance-du-pouvoir-actuel-facilite-limplantation-du-ppa-ci-selon-stephane-kipre","name":"\u00ab La gouvernance du pouvoir actuel facilite l'implantation du PPA-CI \u00bb, selon St\u00e9phane Kipr\u00e9 - C\u00f4te d&#039;Ivoire","isPartOf":{"@id":"https:\/\/www.africa-press.net\/cotedivoire\/#website"},"primaryImageOfPage":{"@id":"https:\/\/www.africa-press.net\/cotedivoire\/dossiers\/la-gouvernance-du-pouvoir-actuel-facilite-limplantation-du-ppa-ci-selon-stephane-kipre#primaryimage"},"image":{"@id":"https:\/\/www.africa-press.net\/cotedivoire\/dossiers\/la-gouvernance-du-pouvoir-actuel-facilite-limplantation-du-ppa-ci-selon-stephane-kipre#primaryimage"},"thumbnailUrl":"https:\/\/static.africa-press.net\/cote\/sites\/43\/2022\/02\/img-621cf786d20ee.jpg","datePublished":"2022-02-28T18:08:58+00:00","author":{"@id":"https:\/\/www.africa-press.net\/cotedivoire\/#\/schema\/person\/2b1cf3cd81a31e3cd26889ca66d677f1"},"description":"St\u00e9phane Kipr\u00e9 \u00e0 Bouak\u00e9 \u00bb (Ph) Kipr\u00e9 St\u00e9phane, vice-pr\u00e9sident ex\u00e9cutif du PPA-CI en charge de l'implantation du Parti s ...","breadcrumb":{"@id":"https:\/\/www.africa-press.net\/cotedivoire\/dossiers\/la-gouvernance-du-pouvoir-actuel-facilite-limplantation-du-ppa-ci-selon-stephane-kipre#breadcrumb"},"inLanguage":"fr-FR","potentialAction":[{"@type":"ReadAction","target":["https:\/\/www.africa-press.net\/cotedivoire\/dossiers\/la-gouvernance-du-pouvoir-actuel-facilite-limplantation-du-ppa-ci-selon-stephane-kipre"]}]},{"@type":"ImageObject","inLanguage":"fr-FR","@id":"https:\/\/www.africa-press.net\/cotedivoire\/dossiers\/la-gouvernance-du-pouvoir-actuel-facilite-limplantation-du-ppa-ci-selon-stephane-kipre#primaryimage","url":"https:\/\/static.africa-press.net\/cote\/sites\/43\/2022\/02\/img-621cf786d20ee.jpg","contentUrl":"https:\/\/static.africa-press.net\/cote\/sites\/43\/2022\/02\/img-621cf786d20ee.jpg","width":720,"height":480,"caption":"\u00ab La gouvernance du pouvoir actuel facilite l'implantation du PPA-CI \u00bb, selon St\u00e9phane Kipr\u00e9"},{"@type":"BreadcrumbList","@id":"https:\/\/www.africa-press.net\/cotedivoire\/dossiers\/la-gouvernance-du-pouvoir-actuel-facilite-limplantation-du-ppa-ci-selon-stephane-kipre#breadcrumb","itemListElement":[{"@type":"ListItem","position":1,"name":"Accueil","item":"https:\/\/www.africa-press.net\/cotedivoire\/"},{"@type":"ListItem","position":2,"name":"\u00ab La gouvernance du pouvoir actuel facilite l&#8217;implantation du PPA-CI \u00bb, selon St\u00e9phane Kipr\u00e9"}]},{"@type":"WebSite","@id":"https:\/\/www.africa-press.net\/cotedivoire\/#website","url":"https:\/\/www.africa-press.net\/cotedivoire\/","name":"C\u00f4te d&#039;Ivoire","description":"Just another Africa News Agency Sites site","potentialAction":[{"@type":"SearchAction","target":{"@type":"EntryPoint","urlTemplate":"https:\/\/www.africa-press.net\/cotedivoire\/?s={search_term_string}"},"query-input":{"@type":"PropertyValueSpecification","valueRequired":true,"valueName":"search_term_string"}}],"inLanguage":"fr-FR"},{"@type":"Person","@id":"https:\/\/www.africa-press.net\/cotedivoire\/#\/schema\/person\/2b1cf3cd81a31e3cd26889ca66d677f1","name":"cfeditorfr"}]}},"_links":{"self":[{"href":"https:\/\/www.africa-press.net\/cotedivoire\/wp-json\/wp\/v2\/posts\/28835","targetHints":{"allow":["GET"]}}],"collection":[{"href":"https:\/\/www.africa-press.net\/cotedivoire\/wp-json\/wp\/v2\/posts"}],"about":[{"href":"https:\/\/www.africa-press.net\/cotedivoire\/wp-json\/wp\/v2\/types\/post"}],"author":[{"embeddable":true,"href":"https:\/\/www.africa-press.net\/cotedivoire\/wp-json\/wp\/v2\/users\/82"}],"replies":[{"embeddable":true,"href":"https:\/\/www.africa-press.net\/cotedivoire\/wp-json\/wp\/v2\/comments?post=28835"}],"version-history":[{"count":0,"href":"https:\/\/www.africa-press.net\/cotedivoire\/wp-json\/wp\/v2\/posts\/28835\/revisions"}],"wp:featuredmedia":[{"embeddable":true,"href":"https:\/\/www.africa-press.net\/cotedivoire\/wp-json\/wp\/v2\/media\/28834"}],"wp:attachment":[{"href":"https:\/\/www.africa-press.net\/cotedivoire\/wp-json\/wp\/v2\/media?parent=28835"}],"wp:term":[{"taxonomy":"category","embeddable":true,"href":"https:\/\/www.africa-press.net\/cotedivoire\/wp-json\/wp\/v2\/categories?post=28835"},{"taxonomy":"post_tag","embeddable":true,"href":"https:\/\/www.africa-press.net\/cotedivoire\/wp-json\/wp\/v2\/tags?post=28835"}],"curies":[{"name":"wp","href":"https:\/\/api.w.org\/{rel}","templated":true}]}}