{"id":28841,"date":"2022-02-28T18:23:05","date_gmt":"2022-02-28T18:23:05","guid":{"rendered":"https:\/\/www.africa-press.net\/cotedivoire\/?p=28841"},"modified":"2022-02-28T16:27:16","modified_gmt":"2022-02-28T16:27:16","slug":"lakota-abdoulaye-kouyate-cede-enfin-son-siege-de-depute-a-lhemicycle-a-amidou-kone","status":"publish","type":"post","link":"https:\/\/www.africa-press.net\/cotedivoire\/politique\/lakota-abdoulaye-kouyate-cede-enfin-son-siege-de-depute-a-lhemicycle-a-amidou-kone","title":{"rendered":"Lakota, Abdoulaye Kouyat\u00e9 c\u00e8de enfin son si\u00e8ge de d\u00e9put\u00e9 \u00e0 l&rsquo;h\u00e9micycle \u00e0 Amidou Kon\u00e9"},"content":{"rendered":"<p><span style=\"color: #ff6600\"><strong>Africa-Press &#8211; C\u00f4te d&rsquo;Ivoire. <\/strong><\/span>Abdoulaye Kouyat\u00e9 pr\u00e9sentant Amidou Kon\u00e9 \u00e0 la population comme nouveau d\u00e9put\u00e9 de Lakota (ph KOACI)<\/p>\n<p>Longtemps cit\u00e9 par le Pr\u00e9sident par int\u00e9rim de l&rsquo;Assembl\u00e9e nationale de la C\u00f4te d&rsquo;Ivoire Adama Bictogo pour cumul de poste, Abdoulaye Kouyat\u00e9 l&rsquo;\u00e9lu de Lakota commune a finalement rendu le samedi 26 f\u00e9vrier 2022, tous ses attributs de d\u00e9put\u00e9 \u00e0 son suppl\u00e9ant Amidou Kon\u00e9 qui si\u00e9gera d\u00e9sormais \u00e0 l&rsquo;h\u00e9micycle de notre pays. Ce dernier repr\u00e9sentera dor\u00e9navant la localit\u00e9 de Lakota \u00e0 l&rsquo;h\u00e9micycle.<\/p>\n<p>Selon la loi fondamentale ivoirienne, il y a une incompatibilit\u00e9 \u00e0 \u00eatre \u00e0 la fois de l&rsquo;ex\u00e9cutif et du l\u00e9gislatif. C&rsquo;est donc sous le coup de cette loi que le directeur de cabinet adjoint au minist\u00e8re des affaires \u00e9trang\u00e8res c\u00e8de officiellement son si\u00e8ge \u00e0 l&rsquo;h\u00e9micycle \u00e0 Monsieur Amidou Kon\u00e9. \u00ab Je voudrais dire \u00e0 la population de Lakota qui m&rsquo;a fait confiance \u00e0 un moment donn\u00e9, qu&rsquo;il y a ici dans ce coffret, tout le dispositif du d\u00e9put\u00e9 que je voudrais remettre solennellement \u00e0 mon suppl\u00e9ant. C&rsquo;est lui le d\u00e9put\u00e9 \u00e0 Lakota et moi je suis l&rsquo;honorable d\u00e9put\u00e9 \u00bb a fait savoir Abdoulaye Kouyat\u00e9.<\/p>\n<p>La population elle, n&rsquo;arrive pas encore \u00e0 comprendre cette disposition de la loi sur le bic\u00e9phalisme des pouvoirs ex\u00e9cutifs et l\u00e9gislatifs. Le d\u00e9put\u00e9 en plus des projets de loi qu&rsquo;il vote et des propositions de loi qu&rsquo;il fait, a un droit de contr\u00f4ler la gestion des actions gouvernementales. C&rsquo;est donc pour ne pas \u00eatre juge et partie que pour une bonne gouvernance, il a \u00e9t\u00e9 mentionn\u00e9 dans la loi fondamentale ivoirienne la norme d&rsquo;incompatibilit\u00e9 de l&rsquo;ex\u00e9cutif et du l\u00e9gislatif.<\/p>\n<p>T.K.Emile, Bouak\u00e9<\/p>\n<p>tkemile@koaci.com<\/p>\n<p><strong>Pour plus d&rsquo;informations et d&rsquo;analyses sur la <a href=\"https:\/\/www.africa-press.net\/cotedivoire\">C\u00f4te d&rsquo;Ivoire<\/a>, suivez <a href=\"https:\/\/www.africa-press.net\/\">Africa-Press<\/a><\/strong><\/p>\n","protected":false},"excerpt":{"rendered":"<p>Africa-Press &#8211; C\u00f4te d&rsquo;Ivoire. Abdoulaye Kouyat\u00e9 pr\u00e9sentant Amidou Kon\u00e9 \u00e0 la population comme nouveau d\u00e9put\u00e9 de Lakota (ph KOACI) Longtemps cit\u00e9 par le Pr\u00e9sident par int\u00e9rim de l&rsquo;Assembl\u00e9e nationale de la C\u00f4te d&rsquo;Ivoire Adama Bictogo pour cumul de poste, Abdoulaye Kouyat\u00e9 l&rsquo;\u00e9lu de Lakota commune a finalement rendu le samedi 26 f\u00e9vrier 2022, tous ses [&hellip;]<\/p>\n","protected":false},"author":82,"featured_media":28840,"comment_status":"open","ping_status":"closed","sticky":false,"template":"","format":"standard","meta":{"footnotes":""},"categories":[11,2,10],"tags":[4711,56,63,4713,29,4712,980],"class_list":["post-28841","post","type-post","status-publish","format-standard","has-post-thumbnail","hentry","category-homepage-french","category-politique","category-toutes-les-actualites","tag-abdoulaye-kouyate","tag-africa-press","tag-africa-press-cote-divoire","tag-amidou-kone","tag-cote-divoire","tag-hemicycle","tag-lakota"],"yoast_head":"<!-- This site is optimized with the Yoast SEO Premium plugin v26.1 (Yoast SEO v27.0) - https:\/\/yoast.com\/product\/yoast-seo-premium-wordpress\/ -->\n<title>Lakota, Abdoulaye Kouyat\u00e9 c\u00e8de enfin son si\u00e8ge de d\u00e9put\u00e9 \u00e0 l&#039;h\u00e9micycle \u00e0 Amidou Kon\u00e9 - C\u00f4te d&#039;Ivoire<\/title>\n<meta name=\"description\" content=\"Abdoulaye Kouyat\u00e9 pr\u00e9sentant Amidou Kon\u00e9 \u00e0 la population comme nouveau d\u00e9put\u00e9 de Lakota (ph KOACI) Longtemps cit\u00e9 par l ...\" \/>\n<meta name=\"robots\" content=\"index, follow, max-snippet:-1, max-image-preview:large, max-video-preview:-1\" \/>\n<link rel=\"canonical\" href=\"https:\/\/www.africa-press.net\/cotedivoire\/politique\/lakota-abdoulaye-kouyate-cede-enfin-son-siege-de-depute-a-lhemicycle-a-amidou-kone\" \/>\n<meta property=\"og:locale\" content=\"fr_FR\" \/>\n<meta property=\"og:type\" content=\"article\" \/>\n<meta property=\"og:title\" content=\"Lakota, Abdoulaye Kouyat\u00e9 c\u00e8de enfin son si\u00e8ge de d\u00e9put\u00e9 \u00e0 l&#039;h\u00e9micycle \u00e0 Amidou Kon\u00e9\" \/>\n<meta property=\"og:description\" content=\"Abdoulaye Kouyat\u00e9 pr\u00e9sentant Amidou Kon\u00e9 \u00e0 la population comme nouveau d\u00e9put\u00e9 de Lakota (ph KOACI) Longtemps cit\u00e9 par l ...\" \/>\n<meta property=\"og:url\" content=\"https:\/\/www.africa-press.net\/cotedivoire\/politique\/lakota-abdoulaye-kouyate-cede-enfin-son-siege-de-depute-a-lhemicycle-a-amidou-kone\" \/>\n<meta property=\"og:site_name\" content=\"C\u00f4te d&#039;Ivoire\" \/>\n<meta property=\"article:published_time\" content=\"2022-02-28T18:23:05+00:00\" \/>\n<meta property=\"og:image\" content=\"https:\/\/static.africa-press.net\/cote\/sites\/43\/2022\/02\/img-621cf7ca04ff7.jpg\" \/>\n\t<meta property=\"og:image:width\" content=\"720\" \/>\n\t<meta property=\"og:image:height\" content=\"478\" \/>\n\t<meta property=\"og:image:type\" content=\"image\/jpeg\" \/>\n<meta name=\"author\" content=\"cfeditorfr\" \/>\n<meta name=\"twitter:card\" content=\"summary_large_image\" \/>\n<meta name=\"twitter:label1\" content=\"\u00c9crit par\" \/>\n\t<meta name=\"twitter:data1\" content=\"cfeditorfr\" \/>\n\t<meta name=\"twitter:label2\" content=\"Dur\u00e9e de lecture estim\u00e9e\" \/>\n\t<meta name=\"twitter:data2\" content=\"2 minutes\" \/>\n<script type=\"application\/ld+json\" class=\"yoast-schema-graph\">{\"@context\":\"https:\/\/schema.org\",\"@graph\":[{\"@type\":\"Article\",\"@id\":\"https:\/\/www.africa-press.net\/cotedivoire\/politique\/lakota-abdoulaye-kouyate-cede-enfin-son-siege-de-depute-a-lhemicycle-a-amidou-kone#article\",\"isPartOf\":{\"@id\":\"https:\/\/www.africa-press.net\/cotedivoire\/politique\/lakota-abdoulaye-kouyate-cede-enfin-son-siege-de-depute-a-lhemicycle-a-amidou-kone\"},\"author\":{\"name\":\"cfeditorfr\",\"@id\":\"https:\/\/www.africa-press.net\/cotedivoire\/#\/schema\/person\/2b1cf3cd81a31e3cd26889ca66d677f1\"},\"headline\":\"Lakota, Abdoulaye Kouyat\u00e9 c\u00e8de enfin son si\u00e8ge de d\u00e9put\u00e9 \u00e0 l&rsquo;h\u00e9micycle \u00e0 Amidou Kon\u00e9\",\"datePublished\":\"2022-02-28T18:23:05+00:00\",\"mainEntityOfPage\":{\"@id\":\"https:\/\/www.africa-press.net\/cotedivoire\/politique\/lakota-abdoulaye-kouyate-cede-enfin-son-siege-de-depute-a-lhemicycle-a-amidou-kone\"},\"wordCount\":339,\"commentCount\":0,\"image\":{\"@id\":\"https:\/\/www.africa-press.net\/cotedivoire\/politique\/lakota-abdoulaye-kouyate-cede-enfin-son-siege-de-depute-a-lhemicycle-a-amidou-kone#primaryimage\"},\"thumbnailUrl\":\"https:\/\/static.africa-press.net\/cote\/sites\/43\/2022\/02\/img-621cf7ca04ff7.jpg\",\"keywords\":[\"Abdoulaye Kouyat\u00e9\",\"Africa Press\",\"Africa Press-C\u00f4te d'Ivoire\",\"Amidou Kon\u00e9\",\"C\u00d4TE D'IVOIRE\",\"h\u00e9micycle\",\"Lakota\"],\"articleSection\":[\"homepage-french\",\"Politique\",\"Toutes les actualit\u00e9s\"],\"inLanguage\":\"fr-FR\",\"potentialAction\":[{\"@type\":\"CommentAction\",\"name\":\"Comment\",\"target\":[\"https:\/\/www.africa-press.net\/cotedivoire\/politique\/lakota-abdoulaye-kouyate-cede-enfin-son-siege-de-depute-a-lhemicycle-a-amidou-kone#respond\"]}]},{\"@type\":\"WebPage\",\"@id\":\"https:\/\/www.africa-press.net\/cotedivoire\/politique\/lakota-abdoulaye-kouyate-cede-enfin-son-siege-de-depute-a-lhemicycle-a-amidou-kone\",\"url\":\"https:\/\/www.africa-press.net\/cotedivoire\/politique\/lakota-abdoulaye-kouyate-cede-enfin-son-siege-de-depute-a-lhemicycle-a-amidou-kone\",\"name\":\"Lakota, Abdoulaye Kouyat\u00e9 c\u00e8de enfin son si\u00e8ge de d\u00e9put\u00e9 \u00e0 l'h\u00e9micycle \u00e0 Amidou Kon\u00e9 - C\u00f4te d&#039;Ivoire\",\"isPartOf\":{\"@id\":\"https:\/\/www.africa-press.net\/cotedivoire\/#website\"},\"primaryImageOfPage\":{\"@id\":\"https:\/\/www.africa-press.net\/cotedivoire\/politique\/lakota-abdoulaye-kouyate-cede-enfin-son-siege-de-depute-a-lhemicycle-a-amidou-kone#primaryimage\"},\"image\":{\"@id\":\"https:\/\/www.africa-press.net\/cotedivoire\/politique\/lakota-abdoulaye-kouyate-cede-enfin-son-siege-de-depute-a-lhemicycle-a-amidou-kone#primaryimage\"},\"thumbnailUrl\":\"https:\/\/static.africa-press.net\/cote\/sites\/43\/2022\/02\/img-621cf7ca04ff7.jpg\",\"datePublished\":\"2022-02-28T18:23:05+00:00\",\"author\":{\"@id\":\"https:\/\/www.africa-press.net\/cotedivoire\/#\/schema\/person\/2b1cf3cd81a31e3cd26889ca66d677f1\"},\"description\":\"Abdoulaye Kouyat\u00e9 pr\u00e9sentant Amidou Kon\u00e9 \u00e0 la population comme nouveau d\u00e9put\u00e9 de Lakota (ph KOACI) Longtemps cit\u00e9 par l ...\",\"breadcrumb\":{\"@id\":\"https:\/\/www.africa-press.net\/cotedivoire\/politique\/lakota-abdoulaye-kouyate-cede-enfin-son-siege-de-depute-a-lhemicycle-a-amidou-kone#breadcrumb\"},\"inLanguage\":\"fr-FR\",\"potentialAction\":[{\"@type\":\"ReadAction\",\"target\":[\"https:\/\/www.africa-press.net\/cotedivoire\/politique\/lakota-abdoulaye-kouyate-cede-enfin-son-siege-de-depute-a-lhemicycle-a-amidou-kone\"]}]},{\"@type\":\"ImageObject\",\"inLanguage\":\"fr-FR\",\"@id\":\"https:\/\/www.africa-press.net\/cotedivoire\/politique\/lakota-abdoulaye-kouyate-cede-enfin-son-siege-de-depute-a-lhemicycle-a-amidou-kone#primaryimage\",\"url\":\"https:\/\/static.africa-press.net\/cote\/sites\/43\/2022\/02\/img-621cf7ca04ff7.jpg\",\"contentUrl\":\"https:\/\/static.africa-press.net\/cote\/sites\/43\/2022\/02\/img-621cf7ca04ff7.jpg\",\"width\":720,\"height\":478,\"caption\":\"Lakota, Abdoulaye Kouyat\u00e9 c\u00e8de enfin son si\u00e8ge de d\u00e9put\u00e9 \u00e0 l'h\u00e9micycle \u00e0 Amidou Kon\u00e9\"},{\"@type\":\"BreadcrumbList\",\"@id\":\"https:\/\/www.africa-press.net\/cotedivoire\/politique\/lakota-abdoulaye-kouyate-cede-enfin-son-siege-de-depute-a-lhemicycle-a-amidou-kone#breadcrumb\",\"itemListElement\":[{\"@type\":\"ListItem\",\"position\":1,\"name\":\"Accueil\",\"item\":\"https:\/\/www.africa-press.net\/cotedivoire\/\"},{\"@type\":\"ListItem\",\"position\":2,\"name\":\"Lakota, Abdoulaye Kouyat\u00e9 c\u00e8de enfin son si\u00e8ge de d\u00e9put\u00e9 \u00e0 l&#8217;h\u00e9micycle \u00e0 Amidou Kon\u00e9\"}]},{\"@type\":\"WebSite\",\"@id\":\"https:\/\/www.africa-press.net\/cotedivoire\/#website\",\"url\":\"https:\/\/www.africa-press.net\/cotedivoire\/\",\"name\":\"C\u00f4te d&#039;Ivoire\",\"description\":\"Just another Africa News Agency Sites site\",\"potentialAction\":[{\"@type\":\"SearchAction\",\"target\":{\"@type\":\"EntryPoint\",\"urlTemplate\":\"https:\/\/www.africa-press.net\/cotedivoire\/?s={search_term_string}\"},\"query-input\":{\"@type\":\"PropertyValueSpecification\",\"valueRequired\":true,\"valueName\":\"search_term_string\"}}],\"inLanguage\":\"fr-FR\"},{\"@type\":\"Person\",\"@id\":\"https:\/\/www.africa-press.net\/cotedivoire\/#\/schema\/person\/2b1cf3cd81a31e3cd26889ca66d677f1\",\"name\":\"cfeditorfr\"}]}<\/script>\n<!-- \/ Yoast SEO Premium plugin. -->","yoast_head_json":{"title":"Lakota, Abdoulaye Kouyat\u00e9 c\u00e8de enfin son si\u00e8ge de d\u00e9put\u00e9 \u00e0 l'h\u00e9micycle \u00e0 Amidou Kon\u00e9 - C\u00f4te d&#039;Ivoire","description":"Abdoulaye Kouyat\u00e9 pr\u00e9sentant Amidou Kon\u00e9 \u00e0 la population comme nouveau d\u00e9put\u00e9 de Lakota (ph KOACI) Longtemps cit\u00e9 par l ...","robots":{"index":"index","follow":"follow","max-snippet":"max-snippet:-1","max-image-preview":"max-image-preview:large","max-video-preview":"max-video-preview:-1"},"canonical":"https:\/\/www.africa-press.net\/cotedivoire\/politique\/lakota-abdoulaye-kouyate-cede-enfin-son-siege-de-depute-a-lhemicycle-a-amidou-kone","og_locale":"fr_FR","og_type":"article","og_title":"Lakota, Abdoulaye Kouyat\u00e9 c\u00e8de enfin son si\u00e8ge de d\u00e9put\u00e9 \u00e0 l'h\u00e9micycle \u00e0 Amidou Kon\u00e9","og_description":"Abdoulaye Kouyat\u00e9 pr\u00e9sentant Amidou Kon\u00e9 \u00e0 la population comme nouveau d\u00e9put\u00e9 de Lakota (ph KOACI) Longtemps cit\u00e9 par l ...","og_url":"https:\/\/www.africa-press.net\/cotedivoire\/politique\/lakota-abdoulaye-kouyate-cede-enfin-son-siege-de-depute-a-lhemicycle-a-amidou-kone","og_site_name":"C\u00f4te d&#039;Ivoire","article_published_time":"2022-02-28T18:23:05+00:00","og_image":[{"width":720,"height":478,"url":"https:\/\/static.africa-press.net\/cote\/sites\/43\/2022\/02\/img-621cf7ca04ff7.jpg","type":"image\/jpeg"}],"author":"cfeditorfr","twitter_card":"summary_large_image","twitter_misc":{"\u00c9crit par":"cfeditorfr","Dur\u00e9e de lecture estim\u00e9e":"2 minutes"},"schema":{"@context":"https:\/\/schema.org","@graph":[{"@type":"Article","@id":"https:\/\/www.africa-press.net\/cotedivoire\/politique\/lakota-abdoulaye-kouyate-cede-enfin-son-siege-de-depute-a-lhemicycle-a-amidou-kone#article","isPartOf":{"@id":"https:\/\/www.africa-press.net\/cotedivoire\/politique\/lakota-abdoulaye-kouyate-cede-enfin-son-siege-de-depute-a-lhemicycle-a-amidou-kone"},"author":{"name":"cfeditorfr","@id":"https:\/\/www.africa-press.net\/cotedivoire\/#\/schema\/person\/2b1cf3cd81a31e3cd26889ca66d677f1"},"headline":"Lakota, Abdoulaye Kouyat\u00e9 c\u00e8de enfin son si\u00e8ge de d\u00e9put\u00e9 \u00e0 l&rsquo;h\u00e9micycle \u00e0 Amidou Kon\u00e9","datePublished":"2022-02-28T18:23:05+00:00","mainEntityOfPage":{"@id":"https:\/\/www.africa-press.net\/cotedivoire\/politique\/lakota-abdoulaye-kouyate-cede-enfin-son-siege-de-depute-a-lhemicycle-a-amidou-kone"},"wordCount":339,"commentCount":0,"image":{"@id":"https:\/\/www.africa-press.net\/cotedivoire\/politique\/lakota-abdoulaye-kouyate-cede-enfin-son-siege-de-depute-a-lhemicycle-a-amidou-kone#primaryimage"},"thumbnailUrl":"https:\/\/static.africa-press.net\/cote\/sites\/43\/2022\/02\/img-621cf7ca04ff7.jpg","keywords":["Abdoulaye Kouyat\u00e9","Africa Press","Africa Press-C\u00f4te d'Ivoire","Amidou Kon\u00e9","C\u00d4TE D'IVOIRE","h\u00e9micycle","Lakota"],"articleSection":["homepage-french","Politique","Toutes les actualit\u00e9s"],"inLanguage":"fr-FR","potentialAction":[{"@type":"CommentAction","name":"Comment","target":["https:\/\/www.africa-press.net\/cotedivoire\/politique\/lakota-abdoulaye-kouyate-cede-enfin-son-siege-de-depute-a-lhemicycle-a-amidou-kone#respond"]}]},{"@type":"WebPage","@id":"https:\/\/www.africa-press.net\/cotedivoire\/politique\/lakota-abdoulaye-kouyate-cede-enfin-son-siege-de-depute-a-lhemicycle-a-amidou-kone","url":"https:\/\/www.africa-press.net\/cotedivoire\/politique\/lakota-abdoulaye-kouyate-cede-enfin-son-siege-de-depute-a-lhemicycle-a-amidou-kone","name":"Lakota, Abdoulaye Kouyat\u00e9 c\u00e8de enfin son si\u00e8ge de d\u00e9put\u00e9 \u00e0 l'h\u00e9micycle \u00e0 Amidou Kon\u00e9 - C\u00f4te d&#039;Ivoire","isPartOf":{"@id":"https:\/\/www.africa-press.net\/cotedivoire\/#website"},"primaryImageOfPage":{"@id":"https:\/\/www.africa-press.net\/cotedivoire\/politique\/lakota-abdoulaye-kouyate-cede-enfin-son-siege-de-depute-a-lhemicycle-a-amidou-kone#primaryimage"},"image":{"@id":"https:\/\/www.africa-press.net\/cotedivoire\/politique\/lakota-abdoulaye-kouyate-cede-enfin-son-siege-de-depute-a-lhemicycle-a-amidou-kone#primaryimage"},"thumbnailUrl":"https:\/\/static.africa-press.net\/cote\/sites\/43\/2022\/02\/img-621cf7ca04ff7.jpg","datePublished":"2022-02-28T18:23:05+00:00","author":{"@id":"https:\/\/www.africa-press.net\/cotedivoire\/#\/schema\/person\/2b1cf3cd81a31e3cd26889ca66d677f1"},"description":"Abdoulaye Kouyat\u00e9 pr\u00e9sentant Amidou Kon\u00e9 \u00e0 la population comme nouveau d\u00e9put\u00e9 de Lakota (ph KOACI) Longtemps cit\u00e9 par l ...","breadcrumb":{"@id":"https:\/\/www.africa-press.net\/cotedivoire\/politique\/lakota-abdoulaye-kouyate-cede-enfin-son-siege-de-depute-a-lhemicycle-a-amidou-kone#breadcrumb"},"inLanguage":"fr-FR","potentialAction":[{"@type":"ReadAction","target":["https:\/\/www.africa-press.net\/cotedivoire\/politique\/lakota-abdoulaye-kouyate-cede-enfin-son-siege-de-depute-a-lhemicycle-a-amidou-kone"]}]},{"@type":"ImageObject","inLanguage":"fr-FR","@id":"https:\/\/www.africa-press.net\/cotedivoire\/politique\/lakota-abdoulaye-kouyate-cede-enfin-son-siege-de-depute-a-lhemicycle-a-amidou-kone#primaryimage","url":"https:\/\/static.africa-press.net\/cote\/sites\/43\/2022\/02\/img-621cf7ca04ff7.jpg","contentUrl":"https:\/\/static.africa-press.net\/cote\/sites\/43\/2022\/02\/img-621cf7ca04ff7.jpg","width":720,"height":478,"caption":"Lakota, Abdoulaye Kouyat\u00e9 c\u00e8de enfin son si\u00e8ge de d\u00e9put\u00e9 \u00e0 l'h\u00e9micycle \u00e0 Amidou Kon\u00e9"},{"@type":"BreadcrumbList","@id":"https:\/\/www.africa-press.net\/cotedivoire\/politique\/lakota-abdoulaye-kouyate-cede-enfin-son-siege-de-depute-a-lhemicycle-a-amidou-kone#breadcrumb","itemListElement":[{"@type":"ListItem","position":1,"name":"Accueil","item":"https:\/\/www.africa-press.net\/cotedivoire\/"},{"@type":"ListItem","position":2,"name":"Lakota, Abdoulaye Kouyat\u00e9 c\u00e8de enfin son si\u00e8ge de d\u00e9put\u00e9 \u00e0 l&#8217;h\u00e9micycle \u00e0 Amidou Kon\u00e9"}]},{"@type":"WebSite","@id":"https:\/\/www.africa-press.net\/cotedivoire\/#website","url":"https:\/\/www.africa-press.net\/cotedivoire\/","name":"C\u00f4te d&#039;Ivoire","description":"Just another Africa News Agency Sites site","potentialAction":[{"@type":"SearchAction","target":{"@type":"EntryPoint","urlTemplate":"https:\/\/www.africa-press.net\/cotedivoire\/?s={search_term_string}"},"query-input":{"@type":"PropertyValueSpecification","valueRequired":true,"valueName":"search_term_string"}}],"inLanguage":"fr-FR"},{"@type":"Person","@id":"https:\/\/www.africa-press.net\/cotedivoire\/#\/schema\/person\/2b1cf3cd81a31e3cd26889ca66d677f1","name":"cfeditorfr"}]}},"_links":{"self":[{"href":"https:\/\/www.africa-press.net\/cotedivoire\/wp-json\/wp\/v2\/posts\/28841","targetHints":{"allow":["GET"]}}],"collection":[{"href":"https:\/\/www.africa-press.net\/cotedivoire\/wp-json\/wp\/v2\/posts"}],"about":[{"href":"https:\/\/www.africa-press.net\/cotedivoire\/wp-json\/wp\/v2\/types\/post"}],"author":[{"embeddable":true,"href":"https:\/\/www.africa-press.net\/cotedivoire\/wp-json\/wp\/v2\/users\/82"}],"replies":[{"embeddable":true,"href":"https:\/\/www.africa-press.net\/cotedivoire\/wp-json\/wp\/v2\/comments?post=28841"}],"version-history":[{"count":0,"href":"https:\/\/www.africa-press.net\/cotedivoire\/wp-json\/wp\/v2\/posts\/28841\/revisions"}],"wp:featuredmedia":[{"embeddable":true,"href":"https:\/\/www.africa-press.net\/cotedivoire\/wp-json\/wp\/v2\/media\/28840"}],"wp:attachment":[{"href":"https:\/\/www.africa-press.net\/cotedivoire\/wp-json\/wp\/v2\/media?parent=28841"}],"wp:term":[{"taxonomy":"category","embeddable":true,"href":"https:\/\/www.africa-press.net\/cotedivoire\/wp-json\/wp\/v2\/categories?post=28841"},{"taxonomy":"post_tag","embeddable":true,"href":"https:\/\/www.africa-press.net\/cotedivoire\/wp-json\/wp\/v2\/tags?post=28841"}],"curies":[{"name":"wp","href":"https:\/\/api.w.org\/{rel}","templated":true}]}}