{"id":29845,"date":"2022-03-10T18:55:06","date_gmt":"2022-03-10T18:55:06","guid":{"rendered":"https:\/\/www.africa-press.net\/cotedivoire\/?p=29845"},"modified":"2022-03-10T17:01:27","modified_gmt":"2022-03-10T17:01:27","slug":"diplomatie-parlementaire-la-possibilite-de-creation-dun-groupe-damitie-ivoire-algerien-annoncee","status":"publish","type":"post","link":"https:\/\/www.africa-press.net\/cotedivoire\/politique\/diplomatie-parlementaire-la-possibilite-de-creation-dun-groupe-damitie-ivoire-algerien-annoncee","title":{"rendered":"Diplomatie parlementaire, la \u00ab possibilit\u00e9 de cr\u00e9ation d&rsquo;un groupe d&rsquo;amiti\u00e9 Ivoire-alg\u00e9rien \u00bb  annonc\u00e9e"},"content":{"rendered":"<p><span style=\"color: #ff6600\"><strong>Africa-Press &#8211; C\u00f4te d&rsquo;Ivoire. <\/strong><\/span><b>Jeannot Ahoussou-Kouadio et Abdelaziz Bouguetala<\/b><\/p>\n<p>Jeannot Ahoussou-Kouadio, Pr\u00e9sident du S\u00e9nat a \u00e9chang\u00e9 aujourd&rsquo;hui avec l\u2019Ambassadeur de la R\u00e9publique alg\u00e9rienne d\u00e9mocratique et populaire en C\u00f4te d\u2019Ivoire, SE, Abdelaziz Bouguetala \u00e0 sa permanence sise \u00e0 Cocody Attoban. Les deux personnalit\u00e9s ont, au cours de leurs \u00e9changes \u00e9voqu\u00e9, la \u00ab\u00a0possibilit\u00e9 de cr\u00e9er un groupe d\u2019amiti\u00e9 Ivoire-alg\u00e9rien\u00a0\u00bb. En sommes, ils ont abord\u00e9 les questions de diplomatie parlementaire.<\/p>\n<p>\u00ab Comme vous savez, les parlements jouent un r\u00f4le de plus en plus accru dans l\u2019action ext\u00e9rieur des Etats. Dans ce cadre, nous avons \u00e9voqu\u00e9 la possibilit\u00e9 de cr\u00e9er un groupe d\u2019amiti\u00e9 ivoiro-alg\u00e9rien et de s\u2019appuyer sur des \u00e9changes d\u2019exp\u00e9riences, notamment dans les domaines de la formation, du travail l\u00e9gislatif. Nous avons \u00e9galement la possibilit\u00e9 de visite d\u2019amiti\u00e9 et de travail entre les deux pr\u00e9sidents du S\u00e9nat ivoirien et du S\u00e9nat alg\u00e9rien \u00bb, a d\u00e9clar\u00e9, le diplomate alg\u00e9rien en C\u00f4te d\u2019Ivoire.<\/p>\n<p>Cliquez pour agrandir l&rsquo;image<\/p>\n<p>A l&rsquo;occasion de cette rencontre, l&rsquo;Ambassadeur a remis \u00e0 son h\u00f4te ivoirien, une invitation du pr\u00e9sident de l\u2019Assembl\u00e9e nationale et du pr\u00e9sident du S\u00e9nat alg\u00e9rien pour d\u00e9signer des membres de son auguste assembl\u00e9e en vue de participer \u00e0 la 47\u00e8 comit\u00e9 ex\u00e9cutif des pays membres de l\u2019organisation de la coop\u00e9ration islamique.<\/p>\n<p>Le pr\u00e9sident du S\u00e9nat a rassur\u00e9 son h\u00f4te que son institution participera \u00e0 cette conf\u00e9rence internationale pour permettre \u00e0 la C\u00f4te d\u2019Ivoire de prendre toute sa place dans le concert des nations.<\/p>\n<p>Des liens solides existent entre la C\u00f4te d\u2019Ivoire et l&rsquo;Alg\u00e9rie. Selon le pr\u00e9sident Ahousou-Kouadio, dans le cadre du dialogue parlementaire les deux pays devront contribuer au renforcement de leur coop\u00e9ration.<\/p>\n<p>Cliquez pour agrandir l&rsquo;image<\/p>\n<p>\u00abL\u2019Alg\u00e9rie est un grand pays qui est tr\u00e8s avanc\u00e9 au niveau scientifique. Dans le cadre du dialogue parlementaire, nous devrons contribuer \u00e0 renforcer la coop\u00e9ration entre la C\u00f4te d\u2019Ivoire et l\u2019Alg\u00e9rie \u00bb, a-t-il conclu.<\/p>\n<p>Wassimagnon,<\/p>\n<p><strong>Pour plus d&rsquo;informations et d&rsquo;analyses sur la <a href=\"https:\/\/www.africa-press.net\/cotedivoire\">C\u00f4te d&rsquo;Ivoire<\/a>, suivez <a href=\"https:\/\/www.africa-press.net\/\">Africa-Press<\/a><\/strong><\/p>\n","protected":false},"excerpt":{"rendered":"<p>Africa-Press &#8211; C\u00f4te d&rsquo;Ivoire. Jeannot Ahoussou-Kouadio et Abdelaziz Bouguetala Jeannot Ahoussou-Kouadio, Pr\u00e9sident du S\u00e9nat a \u00e9chang\u00e9 aujourd&rsquo;hui avec l\u2019Ambassadeur de la R\u00e9publique alg\u00e9rienne d\u00e9mocratique et populaire en C\u00f4te d\u2019Ivoire, SE, Abdelaziz Bouguetala \u00e0 sa permanence sise \u00e0 Cocody Attoban. Les deux personnalit\u00e9s ont, au cours de leurs \u00e9changes \u00e9voqu\u00e9, la \u00ab\u00a0possibilit\u00e9 de cr\u00e9er un groupe [&hellip;]<\/p>\n","protected":false},"author":82,"featured_media":29844,"comment_status":"open","ping_status":"closed","sticky":false,"template":"","format":"standard","meta":{"footnotes":""},"categories":[11,2,20,10],"tags":[4909,56,63,29,276,871,1348],"class_list":["post-29845","post","type-post","status-publish","format-standard","has-post-thumbnail","hentry","category-homepage-french","category-politique","category-top-nouvelles","category-toutes-les-actualites","tag-abdelaziz-bouguetala","tag-africa-press","tag-africa-press-cote-divoire","tag-cote-divoire","tag-diplomatie","tag-jeannot-ahoussou-kouadio","tag-parlementaire"],"yoast_head":"<!-- This site is optimized with the Yoast SEO Premium plugin v26.1 (Yoast SEO v27.0) - https:\/\/yoast.com\/product\/yoast-seo-premium-wordpress\/ -->\n<title>Diplomatie parlementaire, la \u00ab possibilit\u00e9 de cr\u00e9ation d&#039;un groupe d&#039;amiti\u00e9 Ivoire-alg\u00e9rien \u00bb annonc\u00e9e - C\u00f4te d&#039;Ivoire<\/title>\n<meta name=\"description\" content=\"Jeannot Ahoussou-Kouadio et Abdelaziz Bouguetala Jeannot Ahoussou-Kouadio, Pr\u00e9sident du S\u00e9nat a \u00e9chang\u00e9 aujourd&#039; ...\" \/>\n<meta name=\"robots\" content=\"index, follow, max-snippet:-1, max-image-preview:large, max-video-preview:-1\" \/>\n<link rel=\"canonical\" href=\"https:\/\/www.africa-press.net\/cotedivoire\/politique\/diplomatie-parlementaire-la-possibilite-de-creation-dun-groupe-damitie-ivoire-algerien-annoncee\" \/>\n<meta property=\"og:locale\" content=\"fr_FR\" \/>\n<meta property=\"og:type\" content=\"article\" \/>\n<meta property=\"og:title\" content=\"Diplomatie parlementaire, la \u00ab possibilit\u00e9 de cr\u00e9ation d&#039;un groupe d&#039;amiti\u00e9 Ivoire-alg\u00e9rien \u00bb annonc\u00e9e\" \/>\n<meta property=\"og:description\" content=\"Jeannot Ahoussou-Kouadio et Abdelaziz Bouguetala Jeannot Ahoussou-Kouadio, Pr\u00e9sident du S\u00e9nat a \u00e9chang\u00e9 aujourd&#039; ...\" \/>\n<meta property=\"og:url\" content=\"https:\/\/www.africa-press.net\/cotedivoire\/politique\/diplomatie-parlementaire-la-possibilite-de-creation-dun-groupe-damitie-ivoire-algerien-annoncee\" \/>\n<meta property=\"og:site_name\" content=\"C\u00f4te d&#039;Ivoire\" \/>\n<meta property=\"article:published_time\" content=\"2022-03-10T18:55:06+00:00\" \/>\n<meta property=\"og:image\" content=\"https:\/\/static.africa-press.net\/cote\/sites\/43\/2022\/03\/img-622a2ebfc8421.jpg\" \/>\n\t<meta property=\"og:image:width\" content=\"720\" \/>\n\t<meta property=\"og:image:height\" content=\"427\" \/>\n\t<meta property=\"og:image:type\" content=\"image\/jpeg\" \/>\n<meta name=\"author\" content=\"cfeditorfr\" \/>\n<meta name=\"twitter:card\" content=\"summary_large_image\" \/>\n<meta name=\"twitter:label1\" content=\"\u00c9crit par\" \/>\n\t<meta name=\"twitter:data1\" content=\"cfeditorfr\" \/>\n\t<meta name=\"twitter:label2\" content=\"Dur\u00e9e de lecture estim\u00e9e\" \/>\n\t<meta name=\"twitter:data2\" content=\"2 minutes\" \/>\n<script type=\"application\/ld+json\" class=\"yoast-schema-graph\">{\"@context\":\"https:\/\/schema.org\",\"@graph\":[{\"@type\":\"Article\",\"@id\":\"https:\/\/www.africa-press.net\/cotedivoire\/politique\/diplomatie-parlementaire-la-possibilite-de-creation-dun-groupe-damitie-ivoire-algerien-annoncee#article\",\"isPartOf\":{\"@id\":\"https:\/\/www.africa-press.net\/cotedivoire\/politique\/diplomatie-parlementaire-la-possibilite-de-creation-dun-groupe-damitie-ivoire-algerien-annoncee\"},\"author\":{\"name\":\"cfeditorfr\",\"@id\":\"https:\/\/www.africa-press.net\/cotedivoire\/#\/schema\/person\/2b1cf3cd81a31e3cd26889ca66d677f1\"},\"headline\":\"Diplomatie parlementaire, la \u00ab possibilit\u00e9 de cr\u00e9ation d&rsquo;un groupe d&rsquo;amiti\u00e9 Ivoire-alg\u00e9rien \u00bb annonc\u00e9e\",\"datePublished\":\"2022-03-10T18:55:06+00:00\",\"mainEntityOfPage\":{\"@id\":\"https:\/\/www.africa-press.net\/cotedivoire\/politique\/diplomatie-parlementaire-la-possibilite-de-creation-dun-groupe-damitie-ivoire-algerien-annoncee\"},\"wordCount\":394,\"commentCount\":0,\"image\":{\"@id\":\"https:\/\/www.africa-press.net\/cotedivoire\/politique\/diplomatie-parlementaire-la-possibilite-de-creation-dun-groupe-damitie-ivoire-algerien-annoncee#primaryimage\"},\"thumbnailUrl\":\"https:\/\/static.africa-press.net\/cote\/sites\/43\/2022\/03\/img-622a2ebfc8421.jpg\",\"keywords\":[\"Abdelaziz Bouguetala\",\"Africa Press\",\"Africa Press-C\u00f4te d'Ivoire\",\"C\u00d4TE D'IVOIRE\",\"DIPLOMATIE\",\"Jeannot Ahoussou-Kouadio\",\"parlementaire\"],\"articleSection\":[\"homepage-french\",\"Politique\",\"Top Nouvelles\",\"Toutes les actualit\u00e9s\"],\"inLanguage\":\"fr-FR\",\"potentialAction\":[{\"@type\":\"CommentAction\",\"name\":\"Comment\",\"target\":[\"https:\/\/www.africa-press.net\/cotedivoire\/politique\/diplomatie-parlementaire-la-possibilite-de-creation-dun-groupe-damitie-ivoire-algerien-annoncee#respond\"]}]},{\"@type\":\"WebPage\",\"@id\":\"https:\/\/www.africa-press.net\/cotedivoire\/politique\/diplomatie-parlementaire-la-possibilite-de-creation-dun-groupe-damitie-ivoire-algerien-annoncee\",\"url\":\"https:\/\/www.africa-press.net\/cotedivoire\/politique\/diplomatie-parlementaire-la-possibilite-de-creation-dun-groupe-damitie-ivoire-algerien-annoncee\",\"name\":\"Diplomatie parlementaire, la \u00ab possibilit\u00e9 de cr\u00e9ation d'un groupe d'amiti\u00e9 Ivoire-alg\u00e9rien \u00bb annonc\u00e9e - C\u00f4te d&#039;Ivoire\",\"isPartOf\":{\"@id\":\"https:\/\/www.africa-press.net\/cotedivoire\/#website\"},\"primaryImageOfPage\":{\"@id\":\"https:\/\/www.africa-press.net\/cotedivoire\/politique\/diplomatie-parlementaire-la-possibilite-de-creation-dun-groupe-damitie-ivoire-algerien-annoncee#primaryimage\"},\"image\":{\"@id\":\"https:\/\/www.africa-press.net\/cotedivoire\/politique\/diplomatie-parlementaire-la-possibilite-de-creation-dun-groupe-damitie-ivoire-algerien-annoncee#primaryimage\"},\"thumbnailUrl\":\"https:\/\/static.africa-press.net\/cote\/sites\/43\/2022\/03\/img-622a2ebfc8421.jpg\",\"datePublished\":\"2022-03-10T18:55:06+00:00\",\"author\":{\"@id\":\"https:\/\/www.africa-press.net\/cotedivoire\/#\/schema\/person\/2b1cf3cd81a31e3cd26889ca66d677f1\"},\"description\":\"Jeannot Ahoussou-Kouadio et Abdelaziz Bouguetala Jeannot Ahoussou-Kouadio, Pr\u00e9sident du S\u00e9nat a \u00e9chang\u00e9 aujourd' ...\",\"breadcrumb\":{\"@id\":\"https:\/\/www.africa-press.net\/cotedivoire\/politique\/diplomatie-parlementaire-la-possibilite-de-creation-dun-groupe-damitie-ivoire-algerien-annoncee#breadcrumb\"},\"inLanguage\":\"fr-FR\",\"potentialAction\":[{\"@type\":\"ReadAction\",\"target\":[\"https:\/\/www.africa-press.net\/cotedivoire\/politique\/diplomatie-parlementaire-la-possibilite-de-creation-dun-groupe-damitie-ivoire-algerien-annoncee\"]}]},{\"@type\":\"ImageObject\",\"inLanguage\":\"fr-FR\",\"@id\":\"https:\/\/www.africa-press.net\/cotedivoire\/politique\/diplomatie-parlementaire-la-possibilite-de-creation-dun-groupe-damitie-ivoire-algerien-annoncee#primaryimage\",\"url\":\"https:\/\/static.africa-press.net\/cote\/sites\/43\/2022\/03\/img-622a2ebfc8421.jpg\",\"contentUrl\":\"https:\/\/static.africa-press.net\/cote\/sites\/43\/2022\/03\/img-622a2ebfc8421.jpg\",\"width\":720,\"height\":427,\"caption\":\"Diplomatie parlementaire, la \u00ab possibilit\u00e9 de cr\u00e9ation d'un groupe d'amiti\u00e9 Ivoire-alg\u00e9rien \u00bb annonc\u00e9e\"},{\"@type\":\"BreadcrumbList\",\"@id\":\"https:\/\/www.africa-press.net\/cotedivoire\/politique\/diplomatie-parlementaire-la-possibilite-de-creation-dun-groupe-damitie-ivoire-algerien-annoncee#breadcrumb\",\"itemListElement\":[{\"@type\":\"ListItem\",\"position\":1,\"name\":\"Accueil\",\"item\":\"https:\/\/www.africa-press.net\/cotedivoire\/\"},{\"@type\":\"ListItem\",\"position\":2,\"name\":\"Diplomatie parlementaire, la \u00ab possibilit\u00e9 de cr\u00e9ation d&#8217;un groupe d&#8217;amiti\u00e9 Ivoire-alg\u00e9rien \u00bb annonc\u00e9e\"}]},{\"@type\":\"WebSite\",\"@id\":\"https:\/\/www.africa-press.net\/cotedivoire\/#website\",\"url\":\"https:\/\/www.africa-press.net\/cotedivoire\/\",\"name\":\"C\u00f4te d&#039;Ivoire\",\"description\":\"Just another Africa News Agency Sites site\",\"potentialAction\":[{\"@type\":\"SearchAction\",\"target\":{\"@type\":\"EntryPoint\",\"urlTemplate\":\"https:\/\/www.africa-press.net\/cotedivoire\/?s={search_term_string}\"},\"query-input\":{\"@type\":\"PropertyValueSpecification\",\"valueRequired\":true,\"valueName\":\"search_term_string\"}}],\"inLanguage\":\"fr-FR\"},{\"@type\":\"Person\",\"@id\":\"https:\/\/www.africa-press.net\/cotedivoire\/#\/schema\/person\/2b1cf3cd81a31e3cd26889ca66d677f1\",\"name\":\"cfeditorfr\"}]}<\/script>\n<!-- \/ Yoast SEO Premium plugin. -->","yoast_head_json":{"title":"Diplomatie parlementaire, la \u00ab possibilit\u00e9 de cr\u00e9ation d'un groupe d'amiti\u00e9 Ivoire-alg\u00e9rien \u00bb annonc\u00e9e - C\u00f4te d&#039;Ivoire","description":"Jeannot Ahoussou-Kouadio et Abdelaziz Bouguetala Jeannot Ahoussou-Kouadio, Pr\u00e9sident du S\u00e9nat a \u00e9chang\u00e9 aujourd' ...","robots":{"index":"index","follow":"follow","max-snippet":"max-snippet:-1","max-image-preview":"max-image-preview:large","max-video-preview":"max-video-preview:-1"},"canonical":"https:\/\/www.africa-press.net\/cotedivoire\/politique\/diplomatie-parlementaire-la-possibilite-de-creation-dun-groupe-damitie-ivoire-algerien-annoncee","og_locale":"fr_FR","og_type":"article","og_title":"Diplomatie parlementaire, la \u00ab possibilit\u00e9 de cr\u00e9ation d'un groupe d'amiti\u00e9 Ivoire-alg\u00e9rien \u00bb annonc\u00e9e","og_description":"Jeannot Ahoussou-Kouadio et Abdelaziz Bouguetala Jeannot Ahoussou-Kouadio, Pr\u00e9sident du S\u00e9nat a \u00e9chang\u00e9 aujourd' ...","og_url":"https:\/\/www.africa-press.net\/cotedivoire\/politique\/diplomatie-parlementaire-la-possibilite-de-creation-dun-groupe-damitie-ivoire-algerien-annoncee","og_site_name":"C\u00f4te d&#039;Ivoire","article_published_time":"2022-03-10T18:55:06+00:00","og_image":[{"width":720,"height":427,"url":"https:\/\/static.africa-press.net\/cote\/sites\/43\/2022\/03\/img-622a2ebfc8421.jpg","type":"image\/jpeg"}],"author":"cfeditorfr","twitter_card":"summary_large_image","twitter_misc":{"\u00c9crit par":"cfeditorfr","Dur\u00e9e de lecture estim\u00e9e":"2 minutes"},"schema":{"@context":"https:\/\/schema.org","@graph":[{"@type":"Article","@id":"https:\/\/www.africa-press.net\/cotedivoire\/politique\/diplomatie-parlementaire-la-possibilite-de-creation-dun-groupe-damitie-ivoire-algerien-annoncee#article","isPartOf":{"@id":"https:\/\/www.africa-press.net\/cotedivoire\/politique\/diplomatie-parlementaire-la-possibilite-de-creation-dun-groupe-damitie-ivoire-algerien-annoncee"},"author":{"name":"cfeditorfr","@id":"https:\/\/www.africa-press.net\/cotedivoire\/#\/schema\/person\/2b1cf3cd81a31e3cd26889ca66d677f1"},"headline":"Diplomatie parlementaire, la \u00ab possibilit\u00e9 de cr\u00e9ation d&rsquo;un groupe d&rsquo;amiti\u00e9 Ivoire-alg\u00e9rien \u00bb annonc\u00e9e","datePublished":"2022-03-10T18:55:06+00:00","mainEntityOfPage":{"@id":"https:\/\/www.africa-press.net\/cotedivoire\/politique\/diplomatie-parlementaire-la-possibilite-de-creation-dun-groupe-damitie-ivoire-algerien-annoncee"},"wordCount":394,"commentCount":0,"image":{"@id":"https:\/\/www.africa-press.net\/cotedivoire\/politique\/diplomatie-parlementaire-la-possibilite-de-creation-dun-groupe-damitie-ivoire-algerien-annoncee#primaryimage"},"thumbnailUrl":"https:\/\/static.africa-press.net\/cote\/sites\/43\/2022\/03\/img-622a2ebfc8421.jpg","keywords":["Abdelaziz Bouguetala","Africa Press","Africa Press-C\u00f4te d'Ivoire","C\u00d4TE D'IVOIRE","DIPLOMATIE","Jeannot Ahoussou-Kouadio","parlementaire"],"articleSection":["homepage-french","Politique","Top Nouvelles","Toutes les actualit\u00e9s"],"inLanguage":"fr-FR","potentialAction":[{"@type":"CommentAction","name":"Comment","target":["https:\/\/www.africa-press.net\/cotedivoire\/politique\/diplomatie-parlementaire-la-possibilite-de-creation-dun-groupe-damitie-ivoire-algerien-annoncee#respond"]}]},{"@type":"WebPage","@id":"https:\/\/www.africa-press.net\/cotedivoire\/politique\/diplomatie-parlementaire-la-possibilite-de-creation-dun-groupe-damitie-ivoire-algerien-annoncee","url":"https:\/\/www.africa-press.net\/cotedivoire\/politique\/diplomatie-parlementaire-la-possibilite-de-creation-dun-groupe-damitie-ivoire-algerien-annoncee","name":"Diplomatie parlementaire, la \u00ab possibilit\u00e9 de cr\u00e9ation d'un groupe d'amiti\u00e9 Ivoire-alg\u00e9rien \u00bb annonc\u00e9e - C\u00f4te d&#039;Ivoire","isPartOf":{"@id":"https:\/\/www.africa-press.net\/cotedivoire\/#website"},"primaryImageOfPage":{"@id":"https:\/\/www.africa-press.net\/cotedivoire\/politique\/diplomatie-parlementaire-la-possibilite-de-creation-dun-groupe-damitie-ivoire-algerien-annoncee#primaryimage"},"image":{"@id":"https:\/\/www.africa-press.net\/cotedivoire\/politique\/diplomatie-parlementaire-la-possibilite-de-creation-dun-groupe-damitie-ivoire-algerien-annoncee#primaryimage"},"thumbnailUrl":"https:\/\/static.africa-press.net\/cote\/sites\/43\/2022\/03\/img-622a2ebfc8421.jpg","datePublished":"2022-03-10T18:55:06+00:00","author":{"@id":"https:\/\/www.africa-press.net\/cotedivoire\/#\/schema\/person\/2b1cf3cd81a31e3cd26889ca66d677f1"},"description":"Jeannot Ahoussou-Kouadio et Abdelaziz Bouguetala Jeannot Ahoussou-Kouadio, Pr\u00e9sident du S\u00e9nat a \u00e9chang\u00e9 aujourd' ...","breadcrumb":{"@id":"https:\/\/www.africa-press.net\/cotedivoire\/politique\/diplomatie-parlementaire-la-possibilite-de-creation-dun-groupe-damitie-ivoire-algerien-annoncee#breadcrumb"},"inLanguage":"fr-FR","potentialAction":[{"@type":"ReadAction","target":["https:\/\/www.africa-press.net\/cotedivoire\/politique\/diplomatie-parlementaire-la-possibilite-de-creation-dun-groupe-damitie-ivoire-algerien-annoncee"]}]},{"@type":"ImageObject","inLanguage":"fr-FR","@id":"https:\/\/www.africa-press.net\/cotedivoire\/politique\/diplomatie-parlementaire-la-possibilite-de-creation-dun-groupe-damitie-ivoire-algerien-annoncee#primaryimage","url":"https:\/\/static.africa-press.net\/cote\/sites\/43\/2022\/03\/img-622a2ebfc8421.jpg","contentUrl":"https:\/\/static.africa-press.net\/cote\/sites\/43\/2022\/03\/img-622a2ebfc8421.jpg","width":720,"height":427,"caption":"Diplomatie parlementaire, la \u00ab possibilit\u00e9 de cr\u00e9ation d'un groupe d'amiti\u00e9 Ivoire-alg\u00e9rien \u00bb annonc\u00e9e"},{"@type":"BreadcrumbList","@id":"https:\/\/www.africa-press.net\/cotedivoire\/politique\/diplomatie-parlementaire-la-possibilite-de-creation-dun-groupe-damitie-ivoire-algerien-annoncee#breadcrumb","itemListElement":[{"@type":"ListItem","position":1,"name":"Accueil","item":"https:\/\/www.africa-press.net\/cotedivoire\/"},{"@type":"ListItem","position":2,"name":"Diplomatie parlementaire, la \u00ab possibilit\u00e9 de cr\u00e9ation d&#8217;un groupe d&#8217;amiti\u00e9 Ivoire-alg\u00e9rien \u00bb annonc\u00e9e"}]},{"@type":"WebSite","@id":"https:\/\/www.africa-press.net\/cotedivoire\/#website","url":"https:\/\/www.africa-press.net\/cotedivoire\/","name":"C\u00f4te d&#039;Ivoire","description":"Just another Africa News Agency Sites site","potentialAction":[{"@type":"SearchAction","target":{"@type":"EntryPoint","urlTemplate":"https:\/\/www.africa-press.net\/cotedivoire\/?s={search_term_string}"},"query-input":{"@type":"PropertyValueSpecification","valueRequired":true,"valueName":"search_term_string"}}],"inLanguage":"fr-FR"},{"@type":"Person","@id":"https:\/\/www.africa-press.net\/cotedivoire\/#\/schema\/person\/2b1cf3cd81a31e3cd26889ca66d677f1","name":"cfeditorfr"}]}},"_links":{"self":[{"href":"https:\/\/www.africa-press.net\/cotedivoire\/wp-json\/wp\/v2\/posts\/29845","targetHints":{"allow":["GET"]}}],"collection":[{"href":"https:\/\/www.africa-press.net\/cotedivoire\/wp-json\/wp\/v2\/posts"}],"about":[{"href":"https:\/\/www.africa-press.net\/cotedivoire\/wp-json\/wp\/v2\/types\/post"}],"author":[{"embeddable":true,"href":"https:\/\/www.africa-press.net\/cotedivoire\/wp-json\/wp\/v2\/users\/82"}],"replies":[{"embeddable":true,"href":"https:\/\/www.africa-press.net\/cotedivoire\/wp-json\/wp\/v2\/comments?post=29845"}],"version-history":[{"count":0,"href":"https:\/\/www.africa-press.net\/cotedivoire\/wp-json\/wp\/v2\/posts\/29845\/revisions"}],"wp:featuredmedia":[{"embeddable":true,"href":"https:\/\/www.africa-press.net\/cotedivoire\/wp-json\/wp\/v2\/media\/29844"}],"wp:attachment":[{"href":"https:\/\/www.africa-press.net\/cotedivoire\/wp-json\/wp\/v2\/media?parent=29845"}],"wp:term":[{"taxonomy":"category","embeddable":true,"href":"https:\/\/www.africa-press.net\/cotedivoire\/wp-json\/wp\/v2\/categories?post=29845"},{"taxonomy":"post_tag","embeddable":true,"href":"https:\/\/www.africa-press.net\/cotedivoire\/wp-json\/wp\/v2\/tags?post=29845"}],"curies":[{"name":"wp","href":"https:\/\/api.w.org\/{rel}","templated":true}]}}