{"id":30010,"date":"2022-03-13T16:27:44","date_gmt":"2022-03-13T16:27:44","guid":{"rendered":"https:\/\/www.africa-press.net\/cotedivoire\/?p=30010"},"modified":"2022-03-13T15:28:58","modified_gmt":"2022-03-13T15:28:58","slug":"a-quelques-mois-de-lelection-regionale-le-pdci-rda-confiant-de-sa-victoire-dans-lindenie-djuablin","status":"publish","type":"post","link":"https:\/\/www.africa-press.net\/cotedivoire\/parties\/a-quelques-mois-de-lelection-regionale-le-pdci-rda-confiant-de-sa-victoire-dans-lindenie-djuablin","title":{"rendered":"A quelques mois de l&rsquo;\u00e9lection r\u00e9gionale, le PDCI-RDA confiant de sa victoire dans l&rsquo;Indeni\u00e9-Djuablin"},"content":{"rendered":"<p><span style=\"color: #ff6600\"><strong>Africa-Press &#8211; C\u00f4te d&rsquo;Ivoire. <\/strong><\/span>Amoakon Banga et Bassy Koffi<\/p>\n<p>Les prochaines \u00e9lections r\u00e9gionales initialement pr\u00e9vues en 2023 seront \u00e2prement disput\u00e9es dans l&rsquo;Indeni\u00e9-Djuablin.<\/p>\n<p>Cependant, \u00e0 quelques mois du scrutin, le PDCI-RDA est s\u00fbr de remporter d\u00e9mocratiquement le vote. Le S\u00e9nateur Amoakon Banga, Vice-pr\u00e9sident du plus vieux parti ivoirien a rassur\u00e9 aujourd&rsquo;hui, les missions de la Direction du PDCI-RDA sur la victoire du parti pr\u00e9sid\u00e9 par Aim\u00e9-Henri Konan B\u00e9di\u00e9 dans cette r\u00e9gion.<\/p>\n<p>\u00ab Aux prochaines \u00e9lections r\u00e9gionales, le Pdci-Rda va r\u00e9cup\u00e9rer d\u00e9mocratiquement la r\u00e9gion \u00bb, a d\u00e9clar\u00e9, le Vice-pr\u00e9sident Amoakon Banga, \u00e0 la d\u00e9l\u00e9gation de la Haute direction du parti en mission \u00e0 Abengourou.<\/p>\n<p>D\u00e9l\u00e9gu\u00e9 d\u2019Abengourou commune, Amoakon Banga a pr\u00e9cis\u00e9 que la r\u00e9gion de l\u2019Ind\u00e9ni\u00e9-Djuablin, au regard des \u00e9lections ant\u00e9rieures, demeure un bastion du PDCI-RDA.<\/p>\n<p>Il a affirm\u00e9 que la vitalit\u00e9 de son parti dans la r\u00e9gion est un fait indiscutable.<\/p>\n<p>\u00ab Des gens ont voulu secouer le PDCI-RDA, mais nous sommes rest\u00e9s debout et solides. Certains sont partis au \u2018\u2019restaurant\u2019\u2019, mais le parti est plus fort. La prochaine bataille consistera \u00e0 la prise de la commune de B\u00e9tti\u00e9 aux municipales \u00bb, a-t-il mentionn\u00e9.<\/p>\n<p>Cliquez pour agrandir l&rsquo;image<\/p>\n<p>Satisfait de la mobilisation et de la pr\u00e9sence du personnel politique, le chef de mission, Bassy Koffi a au cours de la s\u00e9ance de travail expliqu\u00e9 le sens des r\u00e9formes entreprises par le Pr\u00e9sident du parti septuag\u00e9naire aux d\u00e9l\u00e9gu\u00e9s.<\/p>\n<p>Selon lui, ces r\u00e9formes \u00e9pondent \u00e0 un besoin de remobilisation des militants afin de se projeter avec assurance vers l\u2019avenir.<\/p>\n<p>Cette visite de travail avec la d\u00e9l\u00e9gation avait pour objectif de faire l\u2019\u00e9tat des lieux du personnel politique au niveau communal.<\/p>\n<p>Bassy Koffi a dit compter sur Abengourou, parce que, pour lui, cette commune reste un terrain fertile.<\/p>\n<p>Notons que les missions de la Haute direction du PDCI-RDA dans ses d\u00e9l\u00e9gations d\u00e9partementales et communales ont d\u00e9marr\u00e9 les 05 et 06 mars 2022 et se sont poursuivies, ce samedi 12 mars 2022.<\/p>\n<p>Wassimagnon<\/p>\n<p><strong>Pour plus d&rsquo;informations et d&rsquo;analyses sur la <a href=\"https:\/\/www.africa-press.net\/cotedivoire\">C\u00f4te d&rsquo;Ivoire<\/a>, suivez <a href=\"https:\/\/www.africa-press.net\/\">Africa-Press<\/a><\/strong><\/p>\n","protected":false},"excerpt":{"rendered":"<p>Africa-Press &#8211; C\u00f4te d&rsquo;Ivoire. Amoakon Banga et Bassy Koffi Les prochaines \u00e9lections r\u00e9gionales initialement pr\u00e9vues en 2023 seront \u00e2prement disput\u00e9es dans l&rsquo;Indeni\u00e9-Djuablin. Cependant, \u00e0 quelques mois du scrutin, le PDCI-RDA est s\u00fbr de remporter d\u00e9mocratiquement le vote. Le S\u00e9nateur Amoakon Banga, Vice-pr\u00e9sident du plus vieux parti ivoirien a rassur\u00e9 aujourd&rsquo;hui, les missions de la Direction [&hellip;]<\/p>\n","protected":false},"author":82,"featured_media":30009,"comment_status":"open","ping_status":"closed","sticky":false,"template":"","format":"standard","meta":{"footnotes":""},"categories":[11,4,10],"tags":[56,63,4951,4952,29,739,960],"class_list":["post-30010","post","type-post","status-publish","format-standard","has-post-thumbnail","hentry","category-homepage-french","category-parties","category-toutes-les-actualites","tag-africa-press","tag-africa-press-cote-divoire","tag-amoakon-banga","tag-bassy-koffi","tag-cote-divoire","tag-pdci-rda","tag-senateur"],"yoast_head":"<!-- This site is optimized with the Yoast SEO Premium plugin v26.1 (Yoast SEO v27.0) - https:\/\/yoast.com\/product\/yoast-seo-premium-wordpress\/ -->\n<title>A quelques mois de l&#039;\u00e9lection r\u00e9gionale, le PDCI-RDA confiant de sa victoire dans l&#039;Indeni\u00e9-Djuablin - C\u00f4te d&#039;Ivoire<\/title>\n<meta name=\"description\" content=\"Amoakon Banga et Bassy Koffi Les prochaines \u00e9lections r\u00e9gionales initialement pr\u00e9vues en 2023 seront \u00e2prement disput\u00e9es ...\" \/>\n<meta name=\"robots\" content=\"index, follow, max-snippet:-1, max-image-preview:large, max-video-preview:-1\" \/>\n<link rel=\"canonical\" href=\"https:\/\/www.africa-press.net\/cotedivoire\/parties\/a-quelques-mois-de-lelection-regionale-le-pdci-rda-confiant-de-sa-victoire-dans-lindenie-djuablin\" \/>\n<meta property=\"og:locale\" content=\"fr_FR\" \/>\n<meta property=\"og:type\" content=\"article\" \/>\n<meta property=\"og:title\" content=\"A quelques mois de l&#039;\u00e9lection r\u00e9gionale, le PDCI-RDA confiant de sa victoire dans l&#039;Indeni\u00e9-Djuablin\" \/>\n<meta property=\"og:description\" content=\"Amoakon Banga et Bassy Koffi Les prochaines \u00e9lections r\u00e9gionales initialement pr\u00e9vues en 2023 seront \u00e2prement disput\u00e9es ...\" \/>\n<meta property=\"og:url\" content=\"https:\/\/www.africa-press.net\/cotedivoire\/parties\/a-quelques-mois-de-lelection-regionale-le-pdci-rda-confiant-de-sa-victoire-dans-lindenie-djuablin\" \/>\n<meta property=\"og:site_name\" content=\"C\u00f4te d&#039;Ivoire\" \/>\n<meta property=\"article:published_time\" content=\"2022-03-13T16:27:44+00:00\" \/>\n<meta property=\"og:image\" content=\"https:\/\/static.africa-press.net\/cote\/sites\/43\/2022\/03\/img-622e0d9c64a79.jpg\" \/>\n\t<meta property=\"og:image:width\" content=\"720\" \/>\n\t<meta property=\"og:image:height\" content=\"441\" \/>\n\t<meta property=\"og:image:type\" content=\"image\/jpeg\" \/>\n<meta name=\"author\" content=\"cfeditorfr\" \/>\n<meta name=\"twitter:card\" content=\"summary_large_image\" \/>\n<meta name=\"twitter:label1\" content=\"\u00c9crit par\" \/>\n\t<meta name=\"twitter:data1\" content=\"cfeditorfr\" \/>\n\t<meta name=\"twitter:label2\" content=\"Dur\u00e9e de lecture estim\u00e9e\" \/>\n\t<meta name=\"twitter:data2\" content=\"2 minutes\" \/>\n<script type=\"application\/ld+json\" class=\"yoast-schema-graph\">{\"@context\":\"https:\/\/schema.org\",\"@graph\":[{\"@type\":\"Article\",\"@id\":\"https:\/\/www.africa-press.net\/cotedivoire\/parties\/a-quelques-mois-de-lelection-regionale-le-pdci-rda-confiant-de-sa-victoire-dans-lindenie-djuablin#article\",\"isPartOf\":{\"@id\":\"https:\/\/www.africa-press.net\/cotedivoire\/parties\/a-quelques-mois-de-lelection-regionale-le-pdci-rda-confiant-de-sa-victoire-dans-lindenie-djuablin\"},\"author\":{\"name\":\"cfeditorfr\",\"@id\":\"https:\/\/www.africa-press.net\/cotedivoire\/#\/schema\/person\/2b1cf3cd81a31e3cd26889ca66d677f1\"},\"headline\":\"A quelques mois de l&rsquo;\u00e9lection r\u00e9gionale, le PDCI-RDA confiant de sa victoire dans l&rsquo;Indeni\u00e9-Djuablin\",\"datePublished\":\"2022-03-13T16:27:44+00:00\",\"mainEntityOfPage\":{\"@id\":\"https:\/\/www.africa-press.net\/cotedivoire\/parties\/a-quelques-mois-de-lelection-regionale-le-pdci-rda-confiant-de-sa-victoire-dans-lindenie-djuablin\"},\"wordCount\":391,\"commentCount\":0,\"image\":{\"@id\":\"https:\/\/www.africa-press.net\/cotedivoire\/parties\/a-quelques-mois-de-lelection-regionale-le-pdci-rda-confiant-de-sa-victoire-dans-lindenie-djuablin#primaryimage\"},\"thumbnailUrl\":\"https:\/\/static.africa-press.net\/cote\/sites\/43\/2022\/03\/img-622e0d9c64a79.jpg\",\"keywords\":[\"Africa Press\",\"Africa Press-C\u00f4te d'Ivoire\",\"Amoakon Banga\",\"Bassy Koffi\",\"C\u00d4TE D'IVOIRE\",\"PDCI-RDA\",\"s\u00e9nateur\"],\"articleSection\":[\"homepage-french\",\"Parties\",\"Toutes les actualit\u00e9s\"],\"inLanguage\":\"fr-FR\",\"potentialAction\":[{\"@type\":\"CommentAction\",\"name\":\"Comment\",\"target\":[\"https:\/\/www.africa-press.net\/cotedivoire\/parties\/a-quelques-mois-de-lelection-regionale-le-pdci-rda-confiant-de-sa-victoire-dans-lindenie-djuablin#respond\"]}]},{\"@type\":\"WebPage\",\"@id\":\"https:\/\/www.africa-press.net\/cotedivoire\/parties\/a-quelques-mois-de-lelection-regionale-le-pdci-rda-confiant-de-sa-victoire-dans-lindenie-djuablin\",\"url\":\"https:\/\/www.africa-press.net\/cotedivoire\/parties\/a-quelques-mois-de-lelection-regionale-le-pdci-rda-confiant-de-sa-victoire-dans-lindenie-djuablin\",\"name\":\"A quelques mois de l'\u00e9lection r\u00e9gionale, le PDCI-RDA confiant de sa victoire dans l'Indeni\u00e9-Djuablin - C\u00f4te d&#039;Ivoire\",\"isPartOf\":{\"@id\":\"https:\/\/www.africa-press.net\/cotedivoire\/#website\"},\"primaryImageOfPage\":{\"@id\":\"https:\/\/www.africa-press.net\/cotedivoire\/parties\/a-quelques-mois-de-lelection-regionale-le-pdci-rda-confiant-de-sa-victoire-dans-lindenie-djuablin#primaryimage\"},\"image\":{\"@id\":\"https:\/\/www.africa-press.net\/cotedivoire\/parties\/a-quelques-mois-de-lelection-regionale-le-pdci-rda-confiant-de-sa-victoire-dans-lindenie-djuablin#primaryimage\"},\"thumbnailUrl\":\"https:\/\/static.africa-press.net\/cote\/sites\/43\/2022\/03\/img-622e0d9c64a79.jpg\",\"datePublished\":\"2022-03-13T16:27:44+00:00\",\"author\":{\"@id\":\"https:\/\/www.africa-press.net\/cotedivoire\/#\/schema\/person\/2b1cf3cd81a31e3cd26889ca66d677f1\"},\"description\":\"Amoakon Banga et Bassy Koffi Les prochaines \u00e9lections r\u00e9gionales initialement pr\u00e9vues en 2023 seront \u00e2prement disput\u00e9es ...\",\"breadcrumb\":{\"@id\":\"https:\/\/www.africa-press.net\/cotedivoire\/parties\/a-quelques-mois-de-lelection-regionale-le-pdci-rda-confiant-de-sa-victoire-dans-lindenie-djuablin#breadcrumb\"},\"inLanguage\":\"fr-FR\",\"potentialAction\":[{\"@type\":\"ReadAction\",\"target\":[\"https:\/\/www.africa-press.net\/cotedivoire\/parties\/a-quelques-mois-de-lelection-regionale-le-pdci-rda-confiant-de-sa-victoire-dans-lindenie-djuablin\"]}]},{\"@type\":\"ImageObject\",\"inLanguage\":\"fr-FR\",\"@id\":\"https:\/\/www.africa-press.net\/cotedivoire\/parties\/a-quelques-mois-de-lelection-regionale-le-pdci-rda-confiant-de-sa-victoire-dans-lindenie-djuablin#primaryimage\",\"url\":\"https:\/\/static.africa-press.net\/cote\/sites\/43\/2022\/03\/img-622e0d9c64a79.jpg\",\"contentUrl\":\"https:\/\/static.africa-press.net\/cote\/sites\/43\/2022\/03\/img-622e0d9c64a79.jpg\",\"width\":720,\"height\":441,\"caption\":\"A quelques mois de l'\u00e9lection r\u00e9gionale, le PDCI-RDA confiant de sa victoire dans l'Indeni\u00e9-Djuablin\"},{\"@type\":\"BreadcrumbList\",\"@id\":\"https:\/\/www.africa-press.net\/cotedivoire\/parties\/a-quelques-mois-de-lelection-regionale-le-pdci-rda-confiant-de-sa-victoire-dans-lindenie-djuablin#breadcrumb\",\"itemListElement\":[{\"@type\":\"ListItem\",\"position\":1,\"name\":\"Accueil\",\"item\":\"https:\/\/www.africa-press.net\/cotedivoire\/\"},{\"@type\":\"ListItem\",\"position\":2,\"name\":\"A quelques mois de l&#8217;\u00e9lection r\u00e9gionale, le PDCI-RDA confiant de sa victoire dans l&#8217;Indeni\u00e9-Djuablin\"}]},{\"@type\":\"WebSite\",\"@id\":\"https:\/\/www.africa-press.net\/cotedivoire\/#website\",\"url\":\"https:\/\/www.africa-press.net\/cotedivoire\/\",\"name\":\"C\u00f4te d&#039;Ivoire\",\"description\":\"Just another Africa News Agency Sites site\",\"potentialAction\":[{\"@type\":\"SearchAction\",\"target\":{\"@type\":\"EntryPoint\",\"urlTemplate\":\"https:\/\/www.africa-press.net\/cotedivoire\/?s={search_term_string}\"},\"query-input\":{\"@type\":\"PropertyValueSpecification\",\"valueRequired\":true,\"valueName\":\"search_term_string\"}}],\"inLanguage\":\"fr-FR\"},{\"@type\":\"Person\",\"@id\":\"https:\/\/www.africa-press.net\/cotedivoire\/#\/schema\/person\/2b1cf3cd81a31e3cd26889ca66d677f1\",\"name\":\"cfeditorfr\"}]}<\/script>\n<!-- \/ Yoast SEO Premium plugin. -->","yoast_head_json":{"title":"A quelques mois de l'\u00e9lection r\u00e9gionale, le PDCI-RDA confiant de sa victoire dans l'Indeni\u00e9-Djuablin - C\u00f4te d&#039;Ivoire","description":"Amoakon Banga et Bassy Koffi Les prochaines \u00e9lections r\u00e9gionales initialement pr\u00e9vues en 2023 seront \u00e2prement disput\u00e9es ...","robots":{"index":"index","follow":"follow","max-snippet":"max-snippet:-1","max-image-preview":"max-image-preview:large","max-video-preview":"max-video-preview:-1"},"canonical":"https:\/\/www.africa-press.net\/cotedivoire\/parties\/a-quelques-mois-de-lelection-regionale-le-pdci-rda-confiant-de-sa-victoire-dans-lindenie-djuablin","og_locale":"fr_FR","og_type":"article","og_title":"A quelques mois de l'\u00e9lection r\u00e9gionale, le PDCI-RDA confiant de sa victoire dans l'Indeni\u00e9-Djuablin","og_description":"Amoakon Banga et Bassy Koffi Les prochaines \u00e9lections r\u00e9gionales initialement pr\u00e9vues en 2023 seront \u00e2prement disput\u00e9es ...","og_url":"https:\/\/www.africa-press.net\/cotedivoire\/parties\/a-quelques-mois-de-lelection-regionale-le-pdci-rda-confiant-de-sa-victoire-dans-lindenie-djuablin","og_site_name":"C\u00f4te d&#039;Ivoire","article_published_time":"2022-03-13T16:27:44+00:00","og_image":[{"width":720,"height":441,"url":"https:\/\/static.africa-press.net\/cote\/sites\/43\/2022\/03\/img-622e0d9c64a79.jpg","type":"image\/jpeg"}],"author":"cfeditorfr","twitter_card":"summary_large_image","twitter_misc":{"\u00c9crit par":"cfeditorfr","Dur\u00e9e de lecture estim\u00e9e":"2 minutes"},"schema":{"@context":"https:\/\/schema.org","@graph":[{"@type":"Article","@id":"https:\/\/www.africa-press.net\/cotedivoire\/parties\/a-quelques-mois-de-lelection-regionale-le-pdci-rda-confiant-de-sa-victoire-dans-lindenie-djuablin#article","isPartOf":{"@id":"https:\/\/www.africa-press.net\/cotedivoire\/parties\/a-quelques-mois-de-lelection-regionale-le-pdci-rda-confiant-de-sa-victoire-dans-lindenie-djuablin"},"author":{"name":"cfeditorfr","@id":"https:\/\/www.africa-press.net\/cotedivoire\/#\/schema\/person\/2b1cf3cd81a31e3cd26889ca66d677f1"},"headline":"A quelques mois de l&rsquo;\u00e9lection r\u00e9gionale, le PDCI-RDA confiant de sa victoire dans l&rsquo;Indeni\u00e9-Djuablin","datePublished":"2022-03-13T16:27:44+00:00","mainEntityOfPage":{"@id":"https:\/\/www.africa-press.net\/cotedivoire\/parties\/a-quelques-mois-de-lelection-regionale-le-pdci-rda-confiant-de-sa-victoire-dans-lindenie-djuablin"},"wordCount":391,"commentCount":0,"image":{"@id":"https:\/\/www.africa-press.net\/cotedivoire\/parties\/a-quelques-mois-de-lelection-regionale-le-pdci-rda-confiant-de-sa-victoire-dans-lindenie-djuablin#primaryimage"},"thumbnailUrl":"https:\/\/static.africa-press.net\/cote\/sites\/43\/2022\/03\/img-622e0d9c64a79.jpg","keywords":["Africa Press","Africa Press-C\u00f4te d'Ivoire","Amoakon Banga","Bassy Koffi","C\u00d4TE D'IVOIRE","PDCI-RDA","s\u00e9nateur"],"articleSection":["homepage-french","Parties","Toutes les actualit\u00e9s"],"inLanguage":"fr-FR","potentialAction":[{"@type":"CommentAction","name":"Comment","target":["https:\/\/www.africa-press.net\/cotedivoire\/parties\/a-quelques-mois-de-lelection-regionale-le-pdci-rda-confiant-de-sa-victoire-dans-lindenie-djuablin#respond"]}]},{"@type":"WebPage","@id":"https:\/\/www.africa-press.net\/cotedivoire\/parties\/a-quelques-mois-de-lelection-regionale-le-pdci-rda-confiant-de-sa-victoire-dans-lindenie-djuablin","url":"https:\/\/www.africa-press.net\/cotedivoire\/parties\/a-quelques-mois-de-lelection-regionale-le-pdci-rda-confiant-de-sa-victoire-dans-lindenie-djuablin","name":"A quelques mois de l'\u00e9lection r\u00e9gionale, le PDCI-RDA confiant de sa victoire dans l'Indeni\u00e9-Djuablin - C\u00f4te d&#039;Ivoire","isPartOf":{"@id":"https:\/\/www.africa-press.net\/cotedivoire\/#website"},"primaryImageOfPage":{"@id":"https:\/\/www.africa-press.net\/cotedivoire\/parties\/a-quelques-mois-de-lelection-regionale-le-pdci-rda-confiant-de-sa-victoire-dans-lindenie-djuablin#primaryimage"},"image":{"@id":"https:\/\/www.africa-press.net\/cotedivoire\/parties\/a-quelques-mois-de-lelection-regionale-le-pdci-rda-confiant-de-sa-victoire-dans-lindenie-djuablin#primaryimage"},"thumbnailUrl":"https:\/\/static.africa-press.net\/cote\/sites\/43\/2022\/03\/img-622e0d9c64a79.jpg","datePublished":"2022-03-13T16:27:44+00:00","author":{"@id":"https:\/\/www.africa-press.net\/cotedivoire\/#\/schema\/person\/2b1cf3cd81a31e3cd26889ca66d677f1"},"description":"Amoakon Banga et Bassy Koffi Les prochaines \u00e9lections r\u00e9gionales initialement pr\u00e9vues en 2023 seront \u00e2prement disput\u00e9es ...","breadcrumb":{"@id":"https:\/\/www.africa-press.net\/cotedivoire\/parties\/a-quelques-mois-de-lelection-regionale-le-pdci-rda-confiant-de-sa-victoire-dans-lindenie-djuablin#breadcrumb"},"inLanguage":"fr-FR","potentialAction":[{"@type":"ReadAction","target":["https:\/\/www.africa-press.net\/cotedivoire\/parties\/a-quelques-mois-de-lelection-regionale-le-pdci-rda-confiant-de-sa-victoire-dans-lindenie-djuablin"]}]},{"@type":"ImageObject","inLanguage":"fr-FR","@id":"https:\/\/www.africa-press.net\/cotedivoire\/parties\/a-quelques-mois-de-lelection-regionale-le-pdci-rda-confiant-de-sa-victoire-dans-lindenie-djuablin#primaryimage","url":"https:\/\/static.africa-press.net\/cote\/sites\/43\/2022\/03\/img-622e0d9c64a79.jpg","contentUrl":"https:\/\/static.africa-press.net\/cote\/sites\/43\/2022\/03\/img-622e0d9c64a79.jpg","width":720,"height":441,"caption":"A quelques mois de l'\u00e9lection r\u00e9gionale, le PDCI-RDA confiant de sa victoire dans l'Indeni\u00e9-Djuablin"},{"@type":"BreadcrumbList","@id":"https:\/\/www.africa-press.net\/cotedivoire\/parties\/a-quelques-mois-de-lelection-regionale-le-pdci-rda-confiant-de-sa-victoire-dans-lindenie-djuablin#breadcrumb","itemListElement":[{"@type":"ListItem","position":1,"name":"Accueil","item":"https:\/\/www.africa-press.net\/cotedivoire\/"},{"@type":"ListItem","position":2,"name":"A quelques mois de l&#8217;\u00e9lection r\u00e9gionale, le PDCI-RDA confiant de sa victoire dans l&#8217;Indeni\u00e9-Djuablin"}]},{"@type":"WebSite","@id":"https:\/\/www.africa-press.net\/cotedivoire\/#website","url":"https:\/\/www.africa-press.net\/cotedivoire\/","name":"C\u00f4te d&#039;Ivoire","description":"Just another Africa News Agency Sites site","potentialAction":[{"@type":"SearchAction","target":{"@type":"EntryPoint","urlTemplate":"https:\/\/www.africa-press.net\/cotedivoire\/?s={search_term_string}"},"query-input":{"@type":"PropertyValueSpecification","valueRequired":true,"valueName":"search_term_string"}}],"inLanguage":"fr-FR"},{"@type":"Person","@id":"https:\/\/www.africa-press.net\/cotedivoire\/#\/schema\/person\/2b1cf3cd81a31e3cd26889ca66d677f1","name":"cfeditorfr"}]}},"_links":{"self":[{"href":"https:\/\/www.africa-press.net\/cotedivoire\/wp-json\/wp\/v2\/posts\/30010","targetHints":{"allow":["GET"]}}],"collection":[{"href":"https:\/\/www.africa-press.net\/cotedivoire\/wp-json\/wp\/v2\/posts"}],"about":[{"href":"https:\/\/www.africa-press.net\/cotedivoire\/wp-json\/wp\/v2\/types\/post"}],"author":[{"embeddable":true,"href":"https:\/\/www.africa-press.net\/cotedivoire\/wp-json\/wp\/v2\/users\/82"}],"replies":[{"embeddable":true,"href":"https:\/\/www.africa-press.net\/cotedivoire\/wp-json\/wp\/v2\/comments?post=30010"}],"version-history":[{"count":0,"href":"https:\/\/www.africa-press.net\/cotedivoire\/wp-json\/wp\/v2\/posts\/30010\/revisions"}],"wp:featuredmedia":[{"embeddable":true,"href":"https:\/\/www.africa-press.net\/cotedivoire\/wp-json\/wp\/v2\/media\/30009"}],"wp:attachment":[{"href":"https:\/\/www.africa-press.net\/cotedivoire\/wp-json\/wp\/v2\/media?parent=30010"}],"wp:term":[{"taxonomy":"category","embeddable":true,"href":"https:\/\/www.africa-press.net\/cotedivoire\/wp-json\/wp\/v2\/categories?post=30010"},{"taxonomy":"post_tag","embeddable":true,"href":"https:\/\/www.africa-press.net\/cotedivoire\/wp-json\/wp\/v2\/tags?post=30010"}],"curies":[{"name":"wp","href":"https:\/\/api.w.org\/{rel}","templated":true}]}}