{"id":30161,"date":"2022-03-14T18:41:19","date_gmt":"2022-03-14T18:41:19","guid":{"rendered":"https:\/\/www.africa-press.net\/cotedivoire\/?p=30161"},"modified":"2022-03-14T16:20:32","modified_gmt":"2022-03-14T16:20:32","slug":"stephane-kipre-face-aux-femmes-de-sa-region-quand-je-viens-a-daloa-ce-nest-pas-pour-faire-de-la-politique","status":"publish","type":"post","link":"https:\/\/www.africa-press.net\/cotedivoire\/politique\/stephane-kipre-face-aux-femmes-de-sa-region-quand-je-viens-a-daloa-ce-nest-pas-pour-faire-de-la-politique","title":{"rendered":"St\u00e9phane  Kipr\u00e9 face aux femmes de sa r\u00e9gion : \u00ab Quand je viens \u00e0 Daloa, ce n&rsquo;est pas pour faire de la politique \u00bb"},"content":{"rendered":"<p><span style=\"color: #ff6600\"><strong>Africa-Press &#8211; C\u00f4te d&rsquo;Ivoire. <\/strong><\/span>St\u00e9phane Kipr\u00e9 et les femmes \u00e0 Daloa samedi (Ph)<\/p>\n<p>Le samedi 12 mars 2022, 45 associations de femmes constitu\u00e9es en faiti\u00e8res se sont retrouv\u00e9es \u00e0 Daloa pour comm\u00e9morer la journ\u00e9e internationale du droit des femmes avec comme invit\u00e9 sp\u00e9cial, St\u00e9phane Kipr\u00e9, pr\u00e9sident de SK Global Investment et fils de la r\u00e9gion.<\/p>\n<p>Bien avant de rentrer dans le vif du sujet, le cadre du PPA-CI a tenu \u00e0 faire cette pr\u00e9cision de taille. \u00ab Je l\u2019ai r\u00e9p\u00e9t\u00e9 \u00e0 plusieurs reprises d\u00e9j\u00e0 : quand je viens \u00e0 Daloa ou dans le Haut-Sassandra, ce n\u2019est pas pour faire de la politique. C\u2019est pour \u00eatre un acteur de d\u00e9veloppement \u00e0 mon humble niveau. \u00bb<\/p>\n<p>Il a relev\u00e9 que les associations pr\u00e9sentes \u00e9taient issues de toutes les ethnies, des associations issues de toutes les communaut\u00e9s religieuses avant de les f\u00e9liciter.<\/p>\n<p>\u00ab (\u2026) Ce n\u2019est pas partout qu\u2019on pense l\u2019int\u00e9r\u00eat politique. Quand j\u2019ai \u00e9cout\u00e9 les femmes, j\u2019ai r\u00e9alis\u00e9 qu\u2019elles ont toutes les m\u00eames probl\u00e8mes. Alors pourquoi venir faire la politique avec ces mamans sachant que lorsqu\u2019elles vont au march\u00e9, on ne leur demande pas leur carte de parti politique afin d\u2019\u00eatre servies ? Le riz est cher pour toutes nos mamans \u00bb, a-t-il soutenu.<\/p>\n<p>Pour St\u00e9phane Kipr\u00e9, quand on est face \u00e0 ses femmes, ce ne doit pas \u00eatre la politique uniquement, mais aussi r\u00e9fl\u00e9chir \u00e0 comment les aider.<\/p>\n<p>\u00ab (\u2026) Nous devons r\u00e9fl\u00e9chir ensemble aux financements des activit\u00e9s rurales. Nous devons aider une femme qui a un hectare de vivriers \u00e0 passer \u00e0 10 hectares de vivriers. Nous devons aider les femmes \u00e0 m\u00e9caniser leurs activit\u00e9s. Nous devons aider les femmes \u00e0 industrialiser les activit\u00e9s. Nous devons participer \u00e0 la formation de nos mamans. Nous devons apprendre \u00e0 lire et \u00e0 \u00e9crire \u00e0 nos mamans. En tant que cadre, voil\u00e0 votre responsabilit\u00e9 \u00bb, a-t-il poursuivi puis d\u2019ajouter. \u00ab Je suis venu reprendre avec vous notre marche vers le d\u00e9veloppement l\u00e0 o\u00f9 nous nous \u00e9tions arr\u00eat\u00e9s. \u00bb<\/p>\n<p>Il faut noter que, au terme de la c\u00e9r\u00e9monie, St\u00e9phane Kipr\u00e9 a fait des dons \u00e0 hauteur de 12 millions de FCFA \u00e0 la faiti\u00e8re. Ces dons sont compos\u00e9s entre autres de chaises, de bouteilles de gaz, d\u2019ustensiles de cuisine etc&#8230;<\/p>\n<p>Donatien Kautcha, Abidjan<\/p>\n<p><strong>Pour plus d&rsquo;informations et d&rsquo;analyses sur la <a href=\"https:\/\/www.africa-press.net\/cotedivoire\">C\u00f4te d&rsquo;Ivoire<\/a>, suivez <a href=\"https:\/\/www.africa-press.net\/\">Africa-Press<\/a><\/strong><\/p>\n","protected":false},"excerpt":{"rendered":"<p>Africa-Press &#8211; C\u00f4te d&rsquo;Ivoire. St\u00e9phane Kipr\u00e9 et les femmes \u00e0 Daloa samedi (Ph) Le samedi 12 mars 2022, 45 associations de femmes constitu\u00e9es en faiti\u00e8res se sont retrouv\u00e9es \u00e0 Daloa pour comm\u00e9morer la journ\u00e9e internationale du droit des femmes avec comme invit\u00e9 sp\u00e9cial, St\u00e9phane Kipr\u00e9, pr\u00e9sident de SK Global Investment et fils de la r\u00e9gion. [&hellip;]<\/p>\n","protected":false},"author":82,"featured_media":30160,"comment_status":"open","ping_status":"closed","sticky":false,"template":"","format":"standard","meta":{"footnotes":""},"categories":[11,2,10],"tags":[56,63,29,1074,1583,2288,4961,60,1952,356],"class_list":["post-30161","post","type-post","status-publish","format-standard","has-post-thumbnail","hentry","category-homepage-french","category-politique","category-toutes-les-actualites","tag-africa-press","tag-africa-press-cote-divoire","tag-cote-divoire","tag-daloa","tag-developpement","tag-femmes","tag-haut-sassandra","tag-politique","tag-ppa-ci","tag-stephane-kipre"],"yoast_head":"<!-- This site is optimized with the Yoast SEO Premium plugin v26.1 (Yoast SEO v27.0) - https:\/\/yoast.com\/product\/yoast-seo-premium-wordpress\/ -->\n<title>St\u00e9phane Kipr\u00e9 face aux femmes de sa r\u00e9gion : \u00ab Quand je viens \u00e0 Daloa, ce n&#039;est pas pour faire de la politique \u00bb - C\u00f4te d&#039;Ivoire<\/title>\n<meta name=\"description\" content=\"St\u00e9phane Kipr\u00e9 et les femmes \u00e0 Daloa samedi (Ph) Le samedi 12 mars 2022, 45 associations de femmes constitu\u00e9es en faiti ...\" \/>\n<meta name=\"robots\" content=\"index, follow, max-snippet:-1, max-image-preview:large, max-video-preview:-1\" \/>\n<link rel=\"canonical\" href=\"https:\/\/www.africa-press.net\/cotedivoire\/politique\/stephane-kipre-face-aux-femmes-de-sa-region-quand-je-viens-a-daloa-ce-nest-pas-pour-faire-de-la-politique\" \/>\n<meta property=\"og:locale\" content=\"fr_FR\" \/>\n<meta property=\"og:type\" content=\"article\" \/>\n<meta property=\"og:title\" content=\"St\u00e9phane Kipr\u00e9 face aux femmes de sa r\u00e9gion : \u00ab Quand je viens \u00e0 Daloa, ce n&#039;est pas pour faire de la politique \u00bb\" \/>\n<meta property=\"og:description\" content=\"St\u00e9phane Kipr\u00e9 et les femmes \u00e0 Daloa samedi (Ph) Le samedi 12 mars 2022, 45 associations de femmes constitu\u00e9es en faiti ...\" \/>\n<meta property=\"og:url\" content=\"https:\/\/www.africa-press.net\/cotedivoire\/politique\/stephane-kipre-face-aux-femmes-de-sa-region-quand-je-viens-a-daloa-ce-nest-pas-pour-faire-de-la-politique\" \/>\n<meta property=\"og:site_name\" content=\"C\u00f4te d&#039;Ivoire\" \/>\n<meta property=\"article:published_time\" content=\"2022-03-14T18:41:19+00:00\" \/>\n<meta property=\"og:image\" content=\"https:\/\/static.africa-press.net\/cote\/sites\/43\/2022\/03\/img-622f6b2d70df3.jpg\" \/>\n\t<meta property=\"og:image:width\" content=\"720\" \/>\n\t<meta property=\"og:image:height\" content=\"480\" \/>\n\t<meta property=\"og:image:type\" content=\"image\/jpeg\" \/>\n<meta name=\"author\" content=\"cfeditorfr\" \/>\n<meta name=\"twitter:card\" content=\"summary_large_image\" \/>\n<meta name=\"twitter:label1\" content=\"\u00c9crit par\" \/>\n\t<meta name=\"twitter:data1\" content=\"cfeditorfr\" \/>\n\t<meta name=\"twitter:label2\" content=\"Dur\u00e9e de lecture estim\u00e9e\" \/>\n\t<meta name=\"twitter:data2\" content=\"2 minutes\" \/>\n<script type=\"application\/ld+json\" class=\"yoast-schema-graph\">{\"@context\":\"https:\/\/schema.org\",\"@graph\":[{\"@type\":\"Article\",\"@id\":\"https:\/\/www.africa-press.net\/cotedivoire\/politique\/stephane-kipre-face-aux-femmes-de-sa-region-quand-je-viens-a-daloa-ce-nest-pas-pour-faire-de-la-politique#article\",\"isPartOf\":{\"@id\":\"https:\/\/www.africa-press.net\/cotedivoire\/politique\/stephane-kipre-face-aux-femmes-de-sa-region-quand-je-viens-a-daloa-ce-nest-pas-pour-faire-de-la-politique\"},\"author\":{\"name\":\"cfeditorfr\",\"@id\":\"https:\/\/www.africa-press.net\/cotedivoire\/#\/schema\/person\/2b1cf3cd81a31e3cd26889ca66d677f1\"},\"headline\":\"St\u00e9phane Kipr\u00e9 face aux femmes de sa r\u00e9gion : \u00ab Quand je viens \u00e0 Daloa, ce n&rsquo;est pas pour faire de la politique \u00bb\",\"datePublished\":\"2022-03-14T18:41:19+00:00\",\"mainEntityOfPage\":{\"@id\":\"https:\/\/www.africa-press.net\/cotedivoire\/politique\/stephane-kipre-face-aux-femmes-de-sa-region-quand-je-viens-a-daloa-ce-nest-pas-pour-faire-de-la-politique\"},\"wordCount\":427,\"commentCount\":0,\"image\":{\"@id\":\"https:\/\/www.africa-press.net\/cotedivoire\/politique\/stephane-kipre-face-aux-femmes-de-sa-region-quand-je-viens-a-daloa-ce-nest-pas-pour-faire-de-la-politique#primaryimage\"},\"thumbnailUrl\":\"https:\/\/static.africa-press.net\/cote\/sites\/43\/2022\/03\/img-622f6b2d70df3.jpg\",\"keywords\":[\"Africa Press\",\"Africa Press-C\u00f4te d'Ivoire\",\"C\u00d4TE D'IVOIRE\",\"Daloa\",\"d\u00e9veloppement\",\"femmes\",\"Haut-Sassandra\",\"Politique\",\"PPA-CI\",\"St\u00e9phane Kipr\u00e9\"],\"articleSection\":[\"homepage-french\",\"Politique\",\"Toutes les actualit\u00e9s\"],\"inLanguage\":\"fr-FR\",\"potentialAction\":[{\"@type\":\"CommentAction\",\"name\":\"Comment\",\"target\":[\"https:\/\/www.africa-press.net\/cotedivoire\/politique\/stephane-kipre-face-aux-femmes-de-sa-region-quand-je-viens-a-daloa-ce-nest-pas-pour-faire-de-la-politique#respond\"]}]},{\"@type\":\"WebPage\",\"@id\":\"https:\/\/www.africa-press.net\/cotedivoire\/politique\/stephane-kipre-face-aux-femmes-de-sa-region-quand-je-viens-a-daloa-ce-nest-pas-pour-faire-de-la-politique\",\"url\":\"https:\/\/www.africa-press.net\/cotedivoire\/politique\/stephane-kipre-face-aux-femmes-de-sa-region-quand-je-viens-a-daloa-ce-nest-pas-pour-faire-de-la-politique\",\"name\":\"St\u00e9phane Kipr\u00e9 face aux femmes de sa r\u00e9gion : \u00ab Quand je viens \u00e0 Daloa, ce n'est pas pour faire de la politique \u00bb - C\u00f4te d&#039;Ivoire\",\"isPartOf\":{\"@id\":\"https:\/\/www.africa-press.net\/cotedivoire\/#website\"},\"primaryImageOfPage\":{\"@id\":\"https:\/\/www.africa-press.net\/cotedivoire\/politique\/stephane-kipre-face-aux-femmes-de-sa-region-quand-je-viens-a-daloa-ce-nest-pas-pour-faire-de-la-politique#primaryimage\"},\"image\":{\"@id\":\"https:\/\/www.africa-press.net\/cotedivoire\/politique\/stephane-kipre-face-aux-femmes-de-sa-region-quand-je-viens-a-daloa-ce-nest-pas-pour-faire-de-la-politique#primaryimage\"},\"thumbnailUrl\":\"https:\/\/static.africa-press.net\/cote\/sites\/43\/2022\/03\/img-622f6b2d70df3.jpg\",\"datePublished\":\"2022-03-14T18:41:19+00:00\",\"author\":{\"@id\":\"https:\/\/www.africa-press.net\/cotedivoire\/#\/schema\/person\/2b1cf3cd81a31e3cd26889ca66d677f1\"},\"description\":\"St\u00e9phane Kipr\u00e9 et les femmes \u00e0 Daloa samedi (Ph) Le samedi 12 mars 2022, 45 associations de femmes constitu\u00e9es en faiti ...\",\"breadcrumb\":{\"@id\":\"https:\/\/www.africa-press.net\/cotedivoire\/politique\/stephane-kipre-face-aux-femmes-de-sa-region-quand-je-viens-a-daloa-ce-nest-pas-pour-faire-de-la-politique#breadcrumb\"},\"inLanguage\":\"fr-FR\",\"potentialAction\":[{\"@type\":\"ReadAction\",\"target\":[\"https:\/\/www.africa-press.net\/cotedivoire\/politique\/stephane-kipre-face-aux-femmes-de-sa-region-quand-je-viens-a-daloa-ce-nest-pas-pour-faire-de-la-politique\"]}]},{\"@type\":\"ImageObject\",\"inLanguage\":\"fr-FR\",\"@id\":\"https:\/\/www.africa-press.net\/cotedivoire\/politique\/stephane-kipre-face-aux-femmes-de-sa-region-quand-je-viens-a-daloa-ce-nest-pas-pour-faire-de-la-politique#primaryimage\",\"url\":\"https:\/\/static.africa-press.net\/cote\/sites\/43\/2022\/03\/img-622f6b2d70df3.jpg\",\"contentUrl\":\"https:\/\/static.africa-press.net\/cote\/sites\/43\/2022\/03\/img-622f6b2d70df3.jpg\",\"width\":720,\"height\":480,\"caption\":\"St\u00e9phane Kipr\u00e9 face aux femmes de sa r\u00e9gion : \u00ab Quand je viens \u00e0 Daloa, ce n'est pas pour faire de la politique \u00bb\"},{\"@type\":\"BreadcrumbList\",\"@id\":\"https:\/\/www.africa-press.net\/cotedivoire\/politique\/stephane-kipre-face-aux-femmes-de-sa-region-quand-je-viens-a-daloa-ce-nest-pas-pour-faire-de-la-politique#breadcrumb\",\"itemListElement\":[{\"@type\":\"ListItem\",\"position\":1,\"name\":\"Accueil\",\"item\":\"https:\/\/www.africa-press.net\/cotedivoire\/\"},{\"@type\":\"ListItem\",\"position\":2,\"name\":\"St\u00e9phane Kipr\u00e9 face aux femmes de sa r\u00e9gion : \u00ab Quand je viens \u00e0 Daloa, ce n&#8217;est pas pour faire de la politique \u00bb\"}]},{\"@type\":\"WebSite\",\"@id\":\"https:\/\/www.africa-press.net\/cotedivoire\/#website\",\"url\":\"https:\/\/www.africa-press.net\/cotedivoire\/\",\"name\":\"C\u00f4te d&#039;Ivoire\",\"description\":\"Just another Africa News Agency Sites site\",\"potentialAction\":[{\"@type\":\"SearchAction\",\"target\":{\"@type\":\"EntryPoint\",\"urlTemplate\":\"https:\/\/www.africa-press.net\/cotedivoire\/?s={search_term_string}\"},\"query-input\":{\"@type\":\"PropertyValueSpecification\",\"valueRequired\":true,\"valueName\":\"search_term_string\"}}],\"inLanguage\":\"fr-FR\"},{\"@type\":\"Person\",\"@id\":\"https:\/\/www.africa-press.net\/cotedivoire\/#\/schema\/person\/2b1cf3cd81a31e3cd26889ca66d677f1\",\"name\":\"cfeditorfr\"}]}<\/script>\n<!-- \/ Yoast SEO Premium plugin. -->","yoast_head_json":{"title":"St\u00e9phane Kipr\u00e9 face aux femmes de sa r\u00e9gion : \u00ab Quand je viens \u00e0 Daloa, ce n'est pas pour faire de la politique \u00bb - C\u00f4te d&#039;Ivoire","description":"St\u00e9phane Kipr\u00e9 et les femmes \u00e0 Daloa samedi (Ph) Le samedi 12 mars 2022, 45 associations de femmes constitu\u00e9es en faiti ...","robots":{"index":"index","follow":"follow","max-snippet":"max-snippet:-1","max-image-preview":"max-image-preview:large","max-video-preview":"max-video-preview:-1"},"canonical":"https:\/\/www.africa-press.net\/cotedivoire\/politique\/stephane-kipre-face-aux-femmes-de-sa-region-quand-je-viens-a-daloa-ce-nest-pas-pour-faire-de-la-politique","og_locale":"fr_FR","og_type":"article","og_title":"St\u00e9phane Kipr\u00e9 face aux femmes de sa r\u00e9gion : \u00ab Quand je viens \u00e0 Daloa, ce n'est pas pour faire de la politique \u00bb","og_description":"St\u00e9phane Kipr\u00e9 et les femmes \u00e0 Daloa samedi (Ph) Le samedi 12 mars 2022, 45 associations de femmes constitu\u00e9es en faiti ...","og_url":"https:\/\/www.africa-press.net\/cotedivoire\/politique\/stephane-kipre-face-aux-femmes-de-sa-region-quand-je-viens-a-daloa-ce-nest-pas-pour-faire-de-la-politique","og_site_name":"C\u00f4te d&#039;Ivoire","article_published_time":"2022-03-14T18:41:19+00:00","og_image":[{"width":720,"height":480,"url":"https:\/\/static.africa-press.net\/cote\/sites\/43\/2022\/03\/img-622f6b2d70df3.jpg","type":"image\/jpeg"}],"author":"cfeditorfr","twitter_card":"summary_large_image","twitter_misc":{"\u00c9crit par":"cfeditorfr","Dur\u00e9e de lecture estim\u00e9e":"2 minutes"},"schema":{"@context":"https:\/\/schema.org","@graph":[{"@type":"Article","@id":"https:\/\/www.africa-press.net\/cotedivoire\/politique\/stephane-kipre-face-aux-femmes-de-sa-region-quand-je-viens-a-daloa-ce-nest-pas-pour-faire-de-la-politique#article","isPartOf":{"@id":"https:\/\/www.africa-press.net\/cotedivoire\/politique\/stephane-kipre-face-aux-femmes-de-sa-region-quand-je-viens-a-daloa-ce-nest-pas-pour-faire-de-la-politique"},"author":{"name":"cfeditorfr","@id":"https:\/\/www.africa-press.net\/cotedivoire\/#\/schema\/person\/2b1cf3cd81a31e3cd26889ca66d677f1"},"headline":"St\u00e9phane Kipr\u00e9 face aux femmes de sa r\u00e9gion : \u00ab Quand je viens \u00e0 Daloa, ce n&rsquo;est pas pour faire de la politique \u00bb","datePublished":"2022-03-14T18:41:19+00:00","mainEntityOfPage":{"@id":"https:\/\/www.africa-press.net\/cotedivoire\/politique\/stephane-kipre-face-aux-femmes-de-sa-region-quand-je-viens-a-daloa-ce-nest-pas-pour-faire-de-la-politique"},"wordCount":427,"commentCount":0,"image":{"@id":"https:\/\/www.africa-press.net\/cotedivoire\/politique\/stephane-kipre-face-aux-femmes-de-sa-region-quand-je-viens-a-daloa-ce-nest-pas-pour-faire-de-la-politique#primaryimage"},"thumbnailUrl":"https:\/\/static.africa-press.net\/cote\/sites\/43\/2022\/03\/img-622f6b2d70df3.jpg","keywords":["Africa Press","Africa Press-C\u00f4te d'Ivoire","C\u00d4TE D'IVOIRE","Daloa","d\u00e9veloppement","femmes","Haut-Sassandra","Politique","PPA-CI","St\u00e9phane Kipr\u00e9"],"articleSection":["homepage-french","Politique","Toutes les actualit\u00e9s"],"inLanguage":"fr-FR","potentialAction":[{"@type":"CommentAction","name":"Comment","target":["https:\/\/www.africa-press.net\/cotedivoire\/politique\/stephane-kipre-face-aux-femmes-de-sa-region-quand-je-viens-a-daloa-ce-nest-pas-pour-faire-de-la-politique#respond"]}]},{"@type":"WebPage","@id":"https:\/\/www.africa-press.net\/cotedivoire\/politique\/stephane-kipre-face-aux-femmes-de-sa-region-quand-je-viens-a-daloa-ce-nest-pas-pour-faire-de-la-politique","url":"https:\/\/www.africa-press.net\/cotedivoire\/politique\/stephane-kipre-face-aux-femmes-de-sa-region-quand-je-viens-a-daloa-ce-nest-pas-pour-faire-de-la-politique","name":"St\u00e9phane Kipr\u00e9 face aux femmes de sa r\u00e9gion : \u00ab Quand je viens \u00e0 Daloa, ce n'est pas pour faire de la politique \u00bb - C\u00f4te d&#039;Ivoire","isPartOf":{"@id":"https:\/\/www.africa-press.net\/cotedivoire\/#website"},"primaryImageOfPage":{"@id":"https:\/\/www.africa-press.net\/cotedivoire\/politique\/stephane-kipre-face-aux-femmes-de-sa-region-quand-je-viens-a-daloa-ce-nest-pas-pour-faire-de-la-politique#primaryimage"},"image":{"@id":"https:\/\/www.africa-press.net\/cotedivoire\/politique\/stephane-kipre-face-aux-femmes-de-sa-region-quand-je-viens-a-daloa-ce-nest-pas-pour-faire-de-la-politique#primaryimage"},"thumbnailUrl":"https:\/\/static.africa-press.net\/cote\/sites\/43\/2022\/03\/img-622f6b2d70df3.jpg","datePublished":"2022-03-14T18:41:19+00:00","author":{"@id":"https:\/\/www.africa-press.net\/cotedivoire\/#\/schema\/person\/2b1cf3cd81a31e3cd26889ca66d677f1"},"description":"St\u00e9phane Kipr\u00e9 et les femmes \u00e0 Daloa samedi (Ph) Le samedi 12 mars 2022, 45 associations de femmes constitu\u00e9es en faiti ...","breadcrumb":{"@id":"https:\/\/www.africa-press.net\/cotedivoire\/politique\/stephane-kipre-face-aux-femmes-de-sa-region-quand-je-viens-a-daloa-ce-nest-pas-pour-faire-de-la-politique#breadcrumb"},"inLanguage":"fr-FR","potentialAction":[{"@type":"ReadAction","target":["https:\/\/www.africa-press.net\/cotedivoire\/politique\/stephane-kipre-face-aux-femmes-de-sa-region-quand-je-viens-a-daloa-ce-nest-pas-pour-faire-de-la-politique"]}]},{"@type":"ImageObject","inLanguage":"fr-FR","@id":"https:\/\/www.africa-press.net\/cotedivoire\/politique\/stephane-kipre-face-aux-femmes-de-sa-region-quand-je-viens-a-daloa-ce-nest-pas-pour-faire-de-la-politique#primaryimage","url":"https:\/\/static.africa-press.net\/cote\/sites\/43\/2022\/03\/img-622f6b2d70df3.jpg","contentUrl":"https:\/\/static.africa-press.net\/cote\/sites\/43\/2022\/03\/img-622f6b2d70df3.jpg","width":720,"height":480,"caption":"St\u00e9phane Kipr\u00e9 face aux femmes de sa r\u00e9gion : \u00ab Quand je viens \u00e0 Daloa, ce n'est pas pour faire de la politique \u00bb"},{"@type":"BreadcrumbList","@id":"https:\/\/www.africa-press.net\/cotedivoire\/politique\/stephane-kipre-face-aux-femmes-de-sa-region-quand-je-viens-a-daloa-ce-nest-pas-pour-faire-de-la-politique#breadcrumb","itemListElement":[{"@type":"ListItem","position":1,"name":"Accueil","item":"https:\/\/www.africa-press.net\/cotedivoire\/"},{"@type":"ListItem","position":2,"name":"St\u00e9phane Kipr\u00e9 face aux femmes de sa r\u00e9gion : \u00ab Quand je viens \u00e0 Daloa, ce n&#8217;est pas pour faire de la politique \u00bb"}]},{"@type":"WebSite","@id":"https:\/\/www.africa-press.net\/cotedivoire\/#website","url":"https:\/\/www.africa-press.net\/cotedivoire\/","name":"C\u00f4te d&#039;Ivoire","description":"Just another Africa News Agency Sites site","potentialAction":[{"@type":"SearchAction","target":{"@type":"EntryPoint","urlTemplate":"https:\/\/www.africa-press.net\/cotedivoire\/?s={search_term_string}"},"query-input":{"@type":"PropertyValueSpecification","valueRequired":true,"valueName":"search_term_string"}}],"inLanguage":"fr-FR"},{"@type":"Person","@id":"https:\/\/www.africa-press.net\/cotedivoire\/#\/schema\/person\/2b1cf3cd81a31e3cd26889ca66d677f1","name":"cfeditorfr"}]}},"_links":{"self":[{"href":"https:\/\/www.africa-press.net\/cotedivoire\/wp-json\/wp\/v2\/posts\/30161","targetHints":{"allow":["GET"]}}],"collection":[{"href":"https:\/\/www.africa-press.net\/cotedivoire\/wp-json\/wp\/v2\/posts"}],"about":[{"href":"https:\/\/www.africa-press.net\/cotedivoire\/wp-json\/wp\/v2\/types\/post"}],"author":[{"embeddable":true,"href":"https:\/\/www.africa-press.net\/cotedivoire\/wp-json\/wp\/v2\/users\/82"}],"replies":[{"embeddable":true,"href":"https:\/\/www.africa-press.net\/cotedivoire\/wp-json\/wp\/v2\/comments?post=30161"}],"version-history":[{"count":0,"href":"https:\/\/www.africa-press.net\/cotedivoire\/wp-json\/wp\/v2\/posts\/30161\/revisions"}],"wp:featuredmedia":[{"embeddable":true,"href":"https:\/\/www.africa-press.net\/cotedivoire\/wp-json\/wp\/v2\/media\/30160"}],"wp:attachment":[{"href":"https:\/\/www.africa-press.net\/cotedivoire\/wp-json\/wp\/v2\/media?parent=30161"}],"wp:term":[{"taxonomy":"category","embeddable":true,"href":"https:\/\/www.africa-press.net\/cotedivoire\/wp-json\/wp\/v2\/categories?post=30161"},{"taxonomy":"post_tag","embeddable":true,"href":"https:\/\/www.africa-press.net\/cotedivoire\/wp-json\/wp\/v2\/tags?post=30161"}],"curies":[{"name":"wp","href":"https:\/\/api.w.org\/{rel}","templated":true}]}}