{"id":30224,"date":"2022-03-15T16:53:16","date_gmt":"2022-03-15T16:53:16","guid":{"rendered":"https:\/\/www.africa-press.net\/cotedivoire\/?p=30224"},"modified":"2022-03-15T16:08:38","modified_gmt":"2022-03-15T16:08:38","slug":"ppa-ci-gbagbo-convoque-son-csp-pour-examiner-les-questions-de-gouvernance-interne","status":"publish","type":"post","link":"https:\/\/www.africa-press.net\/cotedivoire\/politique\/ppa-ci-gbagbo-convoque-son-csp-pour-examiner-les-questions-de-gouvernance-interne","title":{"rendered":"PPA-CI, Gbagbo convoque son CSP pour examiner les questions de Gouvernance interne"},"content":{"rendered":"<p><span style=\"color: #ff6600\"><strong>Africa-Press &#8211; C\u00f4te d&rsquo;Ivoire. <\/strong><\/span>Assoa Adou, pr\u00e9sident du CSP du PPA-CI (Ph)<\/p>\n<p>Le Pr\u00e9sident du Parti des Peuples Africains de C\u00f4te d\u2019Ivoire (PPA-CI), Laurent Gbagbo, convoque \u00e0 une r\u00e9union sui se tiendra le mercredi 16 mars 2022 \u00e0 son cabinet sis \u00e0 Cocody-Attoban, tous les membres du Conseil Strat\u00e9gique Politique (CSP), a-t-on appris aupr\u00e8s d\u2019une note sign\u00e9e de sa porte-parole, Me Habiba Tour\u00e9.<\/p>\n<p>Selon l\u2019avocate, il s\u2019agira de pr\u00e9senter le CSP aux nouveaux membres du CSP et d\u2019examiner les questions de \u00ab Gouvernance interne et Nationale. \u00bb<\/p>\n<p>Le Conseil Strat\u00e9gique Politique (CSP) du Parti des Peuples Africains de C\u00f4te d\u2019Ivoire (PPA-CI) est compos\u00e9 de 21 membres, pr\u00e9sid\u00e9 par Assoa Adou, avec pour vice-pr\u00e9sidents, Dano Dj\u00e9dj\u00e9 et Katinan Kon\u00e9.<\/p>\n<p>Donatien Kautcha, Abidjan<\/p>\n<p><strong>Pour plus d&rsquo;informations et d&rsquo;analyses sur la <a href=\"https:\/\/www.africa-press.net\/cotedivoire\">C\u00f4te d&rsquo;Ivoire<\/a>, suivez <a href=\"https:\/\/www.africa-press.net\/\">Africa-Press<\/a><\/strong><\/p>\n","protected":false},"excerpt":{"rendered":"<p>Africa-Press &#8211; C\u00f4te d&rsquo;Ivoire. Assoa Adou, pr\u00e9sident du CSP du PPA-CI (Ph) Le Pr\u00e9sident du Parti des Peuples Africains de C\u00f4te d\u2019Ivoire (PPA-CI), Laurent Gbagbo, convoque \u00e0 une r\u00e9union sui se tiendra le mercredi 16 mars 2022 \u00e0 son cabinet sis \u00e0 Cocody-Attoban, tous les membres du Conseil Strat\u00e9gique Politique (CSP), a-t-on appris aupr\u00e8s d\u2019une [&hellip;]<\/p>\n","protected":false},"author":82,"featured_media":30223,"comment_status":"open","ping_status":"closed","sticky":false,"template":"","format":"standard","meta":{"footnotes":""},"categories":[11,2,20],"tags":[56,63,818,29,2232,2099,50,1952],"class_list":["post-30224","post","type-post","status-publish","format-standard","has-post-thumbnail","hentry","category-homepage-french","category-politique","category-top-nouvelles","tag-africa-press","tag-africa-press-cote-divoire","tag-assoa-adou","tag-cote-divoire","tag-csp","tag-habiba-toure","tag-laurent-gbagbo","tag-ppa-ci"],"yoast_head":"<!-- This site is optimized with the Yoast SEO Premium plugin v26.1 (Yoast SEO v27.0) - https:\/\/yoast.com\/product\/yoast-seo-premium-wordpress\/ -->\n<title>PPA-CI, Gbagbo convoque son CSP pour examiner les questions de Gouvernance interne - C\u00f4te d&#039;Ivoire<\/title>\n<meta name=\"description\" content=\"Assoa Adou, pr\u00e9sident du CSP du PPA-CI (Ph) Le Pr\u00e9sident du Parti des Peuples Africains de C\u00f4te d\u2019Ivoire (PPA-CI), Laur ...\" \/>\n<meta name=\"robots\" content=\"index, follow, max-snippet:-1, max-image-preview:large, max-video-preview:-1\" \/>\n<link rel=\"canonical\" href=\"https:\/\/www.africa-press.net\/cotedivoire\/politique\/ppa-ci-gbagbo-convoque-son-csp-pour-examiner-les-questions-de-gouvernance-interne\" \/>\n<meta property=\"og:locale\" content=\"fr_FR\" \/>\n<meta property=\"og:type\" content=\"article\" \/>\n<meta property=\"og:title\" content=\"PPA-CI, Gbagbo convoque son CSP pour examiner les questions de Gouvernance interne\" \/>\n<meta property=\"og:description\" content=\"Assoa Adou, pr\u00e9sident du CSP du PPA-CI (Ph) Le Pr\u00e9sident du Parti des Peuples Africains de C\u00f4te d\u2019Ivoire (PPA-CI), Laur ...\" \/>\n<meta property=\"og:url\" content=\"https:\/\/www.africa-press.net\/cotedivoire\/politique\/ppa-ci-gbagbo-convoque-son-csp-pour-examiner-les-questions-de-gouvernance-interne\" \/>\n<meta property=\"og:site_name\" content=\"C\u00f4te d&#039;Ivoire\" \/>\n<meta property=\"article:published_time\" content=\"2022-03-15T16:53:16+00:00\" \/>\n<meta property=\"og:image\" content=\"https:\/\/static.africa-press.net\/cote\/sites\/43\/2022\/03\/img-6230b9dc2f83e.jpg\" \/>\n\t<meta property=\"og:image:width\" content=\"720\" \/>\n\t<meta property=\"og:image:height\" content=\"355\" \/>\n\t<meta property=\"og:image:type\" content=\"image\/jpeg\" \/>\n<meta name=\"author\" content=\"cfeditorfr\" \/>\n<meta name=\"twitter:card\" content=\"summary_large_image\" \/>\n<meta name=\"twitter:label1\" content=\"\u00c9crit par\" \/>\n\t<meta name=\"twitter:data1\" content=\"cfeditorfr\" \/>\n\t<meta name=\"twitter:label2\" content=\"Dur\u00e9e de lecture estim\u00e9e\" \/>\n\t<meta name=\"twitter:data2\" content=\"1 minute\" \/>\n<script type=\"application\/ld+json\" class=\"yoast-schema-graph\">{\"@context\":\"https:\/\/schema.org\",\"@graph\":[{\"@type\":\"Article\",\"@id\":\"https:\/\/www.africa-press.net\/cotedivoire\/politique\/ppa-ci-gbagbo-convoque-son-csp-pour-examiner-les-questions-de-gouvernance-interne#article\",\"isPartOf\":{\"@id\":\"https:\/\/www.africa-press.net\/cotedivoire\/politique\/ppa-ci-gbagbo-convoque-son-csp-pour-examiner-les-questions-de-gouvernance-interne\"},\"author\":{\"name\":\"cfeditorfr\",\"@id\":\"https:\/\/www.africa-press.net\/cotedivoire\/#\/schema\/person\/2b1cf3cd81a31e3cd26889ca66d677f1\"},\"headline\":\"PPA-CI, Gbagbo convoque son CSP pour examiner les questions de Gouvernance interne\",\"datePublished\":\"2022-03-15T16:53:16+00:00\",\"mainEntityOfPage\":{\"@id\":\"https:\/\/www.africa-press.net\/cotedivoire\/politique\/ppa-ci-gbagbo-convoque-son-csp-pour-examiner-les-questions-de-gouvernance-interne\"},\"wordCount\":161,\"commentCount\":0,\"image\":{\"@id\":\"https:\/\/www.africa-press.net\/cotedivoire\/politique\/ppa-ci-gbagbo-convoque-son-csp-pour-examiner-les-questions-de-gouvernance-interne#primaryimage\"},\"thumbnailUrl\":\"https:\/\/static.africa-press.net\/cote\/sites\/43\/2022\/03\/img-6230b9dc2f83e.jpg\",\"keywords\":[\"Africa Press\",\"Africa Press-C\u00f4te d'Ivoire\",\"Assoa Adou\",\"C\u00d4TE D'IVOIRE\",\"CSP\",\"Habiba Tour\u00e9\",\"Laurent Gbagbo\",\"PPA-CI\"],\"articleSection\":[\"homepage-french\",\"Politique\",\"Top Nouvelles\"],\"inLanguage\":\"fr-FR\",\"potentialAction\":[{\"@type\":\"CommentAction\",\"name\":\"Comment\",\"target\":[\"https:\/\/www.africa-press.net\/cotedivoire\/politique\/ppa-ci-gbagbo-convoque-son-csp-pour-examiner-les-questions-de-gouvernance-interne#respond\"]}]},{\"@type\":\"WebPage\",\"@id\":\"https:\/\/www.africa-press.net\/cotedivoire\/politique\/ppa-ci-gbagbo-convoque-son-csp-pour-examiner-les-questions-de-gouvernance-interne\",\"url\":\"https:\/\/www.africa-press.net\/cotedivoire\/politique\/ppa-ci-gbagbo-convoque-son-csp-pour-examiner-les-questions-de-gouvernance-interne\",\"name\":\"PPA-CI, Gbagbo convoque son CSP pour examiner les questions de Gouvernance interne - C\u00f4te d&#039;Ivoire\",\"isPartOf\":{\"@id\":\"https:\/\/www.africa-press.net\/cotedivoire\/#website\"},\"primaryImageOfPage\":{\"@id\":\"https:\/\/www.africa-press.net\/cotedivoire\/politique\/ppa-ci-gbagbo-convoque-son-csp-pour-examiner-les-questions-de-gouvernance-interne#primaryimage\"},\"image\":{\"@id\":\"https:\/\/www.africa-press.net\/cotedivoire\/politique\/ppa-ci-gbagbo-convoque-son-csp-pour-examiner-les-questions-de-gouvernance-interne#primaryimage\"},\"thumbnailUrl\":\"https:\/\/static.africa-press.net\/cote\/sites\/43\/2022\/03\/img-6230b9dc2f83e.jpg\",\"datePublished\":\"2022-03-15T16:53:16+00:00\",\"author\":{\"@id\":\"https:\/\/www.africa-press.net\/cotedivoire\/#\/schema\/person\/2b1cf3cd81a31e3cd26889ca66d677f1\"},\"description\":\"Assoa Adou, pr\u00e9sident du CSP du PPA-CI (Ph) Le Pr\u00e9sident du Parti des Peuples Africains de C\u00f4te d\u2019Ivoire (PPA-CI), Laur ...\",\"breadcrumb\":{\"@id\":\"https:\/\/www.africa-press.net\/cotedivoire\/politique\/ppa-ci-gbagbo-convoque-son-csp-pour-examiner-les-questions-de-gouvernance-interne#breadcrumb\"},\"inLanguage\":\"fr-FR\",\"potentialAction\":[{\"@type\":\"ReadAction\",\"target\":[\"https:\/\/www.africa-press.net\/cotedivoire\/politique\/ppa-ci-gbagbo-convoque-son-csp-pour-examiner-les-questions-de-gouvernance-interne\"]}]},{\"@type\":\"ImageObject\",\"inLanguage\":\"fr-FR\",\"@id\":\"https:\/\/www.africa-press.net\/cotedivoire\/politique\/ppa-ci-gbagbo-convoque-son-csp-pour-examiner-les-questions-de-gouvernance-interne#primaryimage\",\"url\":\"https:\/\/static.africa-press.net\/cote\/sites\/43\/2022\/03\/img-6230b9dc2f83e.jpg\",\"contentUrl\":\"https:\/\/static.africa-press.net\/cote\/sites\/43\/2022\/03\/img-6230b9dc2f83e.jpg\",\"width\":720,\"height\":355,\"caption\":\"PPA-CI, Gbagbo convoque son CSP pour examiner les questions de Gouvernance interne\"},{\"@type\":\"BreadcrumbList\",\"@id\":\"https:\/\/www.africa-press.net\/cotedivoire\/politique\/ppa-ci-gbagbo-convoque-son-csp-pour-examiner-les-questions-de-gouvernance-interne#breadcrumb\",\"itemListElement\":[{\"@type\":\"ListItem\",\"position\":1,\"name\":\"Accueil\",\"item\":\"https:\/\/www.africa-press.net\/cotedivoire\/\"},{\"@type\":\"ListItem\",\"position\":2,\"name\":\"PPA-CI, Gbagbo convoque son CSP pour examiner les questions de Gouvernance interne\"}]},{\"@type\":\"WebSite\",\"@id\":\"https:\/\/www.africa-press.net\/cotedivoire\/#website\",\"url\":\"https:\/\/www.africa-press.net\/cotedivoire\/\",\"name\":\"C\u00f4te d&#039;Ivoire\",\"description\":\"Just another Africa News Agency Sites site\",\"potentialAction\":[{\"@type\":\"SearchAction\",\"target\":{\"@type\":\"EntryPoint\",\"urlTemplate\":\"https:\/\/www.africa-press.net\/cotedivoire\/?s={search_term_string}\"},\"query-input\":{\"@type\":\"PropertyValueSpecification\",\"valueRequired\":true,\"valueName\":\"search_term_string\"}}],\"inLanguage\":\"fr-FR\"},{\"@type\":\"Person\",\"@id\":\"https:\/\/www.africa-press.net\/cotedivoire\/#\/schema\/person\/2b1cf3cd81a31e3cd26889ca66d677f1\",\"name\":\"cfeditorfr\"}]}<\/script>\n<!-- \/ Yoast SEO Premium plugin. -->","yoast_head_json":{"title":"PPA-CI, Gbagbo convoque son CSP pour examiner les questions de Gouvernance interne - C\u00f4te d&#039;Ivoire","description":"Assoa Adou, pr\u00e9sident du CSP du PPA-CI (Ph) Le Pr\u00e9sident du Parti des Peuples Africains de C\u00f4te d\u2019Ivoire (PPA-CI), Laur ...","robots":{"index":"index","follow":"follow","max-snippet":"max-snippet:-1","max-image-preview":"max-image-preview:large","max-video-preview":"max-video-preview:-1"},"canonical":"https:\/\/www.africa-press.net\/cotedivoire\/politique\/ppa-ci-gbagbo-convoque-son-csp-pour-examiner-les-questions-de-gouvernance-interne","og_locale":"fr_FR","og_type":"article","og_title":"PPA-CI, Gbagbo convoque son CSP pour examiner les questions de Gouvernance interne","og_description":"Assoa Adou, pr\u00e9sident du CSP du PPA-CI (Ph) Le Pr\u00e9sident du Parti des Peuples Africains de C\u00f4te d\u2019Ivoire (PPA-CI), Laur ...","og_url":"https:\/\/www.africa-press.net\/cotedivoire\/politique\/ppa-ci-gbagbo-convoque-son-csp-pour-examiner-les-questions-de-gouvernance-interne","og_site_name":"C\u00f4te d&#039;Ivoire","article_published_time":"2022-03-15T16:53:16+00:00","og_image":[{"width":720,"height":355,"url":"https:\/\/static.africa-press.net\/cote\/sites\/43\/2022\/03\/img-6230b9dc2f83e.jpg","type":"image\/jpeg"}],"author":"cfeditorfr","twitter_card":"summary_large_image","twitter_misc":{"\u00c9crit par":"cfeditorfr","Dur\u00e9e de lecture estim\u00e9e":"1 minute"},"schema":{"@context":"https:\/\/schema.org","@graph":[{"@type":"Article","@id":"https:\/\/www.africa-press.net\/cotedivoire\/politique\/ppa-ci-gbagbo-convoque-son-csp-pour-examiner-les-questions-de-gouvernance-interne#article","isPartOf":{"@id":"https:\/\/www.africa-press.net\/cotedivoire\/politique\/ppa-ci-gbagbo-convoque-son-csp-pour-examiner-les-questions-de-gouvernance-interne"},"author":{"name":"cfeditorfr","@id":"https:\/\/www.africa-press.net\/cotedivoire\/#\/schema\/person\/2b1cf3cd81a31e3cd26889ca66d677f1"},"headline":"PPA-CI, Gbagbo convoque son CSP pour examiner les questions de Gouvernance interne","datePublished":"2022-03-15T16:53:16+00:00","mainEntityOfPage":{"@id":"https:\/\/www.africa-press.net\/cotedivoire\/politique\/ppa-ci-gbagbo-convoque-son-csp-pour-examiner-les-questions-de-gouvernance-interne"},"wordCount":161,"commentCount":0,"image":{"@id":"https:\/\/www.africa-press.net\/cotedivoire\/politique\/ppa-ci-gbagbo-convoque-son-csp-pour-examiner-les-questions-de-gouvernance-interne#primaryimage"},"thumbnailUrl":"https:\/\/static.africa-press.net\/cote\/sites\/43\/2022\/03\/img-6230b9dc2f83e.jpg","keywords":["Africa Press","Africa Press-C\u00f4te d'Ivoire","Assoa Adou","C\u00d4TE D'IVOIRE","CSP","Habiba Tour\u00e9","Laurent Gbagbo","PPA-CI"],"articleSection":["homepage-french","Politique","Top Nouvelles"],"inLanguage":"fr-FR","potentialAction":[{"@type":"CommentAction","name":"Comment","target":["https:\/\/www.africa-press.net\/cotedivoire\/politique\/ppa-ci-gbagbo-convoque-son-csp-pour-examiner-les-questions-de-gouvernance-interne#respond"]}]},{"@type":"WebPage","@id":"https:\/\/www.africa-press.net\/cotedivoire\/politique\/ppa-ci-gbagbo-convoque-son-csp-pour-examiner-les-questions-de-gouvernance-interne","url":"https:\/\/www.africa-press.net\/cotedivoire\/politique\/ppa-ci-gbagbo-convoque-son-csp-pour-examiner-les-questions-de-gouvernance-interne","name":"PPA-CI, Gbagbo convoque son CSP pour examiner les questions de Gouvernance interne - C\u00f4te d&#039;Ivoire","isPartOf":{"@id":"https:\/\/www.africa-press.net\/cotedivoire\/#website"},"primaryImageOfPage":{"@id":"https:\/\/www.africa-press.net\/cotedivoire\/politique\/ppa-ci-gbagbo-convoque-son-csp-pour-examiner-les-questions-de-gouvernance-interne#primaryimage"},"image":{"@id":"https:\/\/www.africa-press.net\/cotedivoire\/politique\/ppa-ci-gbagbo-convoque-son-csp-pour-examiner-les-questions-de-gouvernance-interne#primaryimage"},"thumbnailUrl":"https:\/\/static.africa-press.net\/cote\/sites\/43\/2022\/03\/img-6230b9dc2f83e.jpg","datePublished":"2022-03-15T16:53:16+00:00","author":{"@id":"https:\/\/www.africa-press.net\/cotedivoire\/#\/schema\/person\/2b1cf3cd81a31e3cd26889ca66d677f1"},"description":"Assoa Adou, pr\u00e9sident du CSP du PPA-CI (Ph) Le Pr\u00e9sident du Parti des Peuples Africains de C\u00f4te d\u2019Ivoire (PPA-CI), Laur ...","breadcrumb":{"@id":"https:\/\/www.africa-press.net\/cotedivoire\/politique\/ppa-ci-gbagbo-convoque-son-csp-pour-examiner-les-questions-de-gouvernance-interne#breadcrumb"},"inLanguage":"fr-FR","potentialAction":[{"@type":"ReadAction","target":["https:\/\/www.africa-press.net\/cotedivoire\/politique\/ppa-ci-gbagbo-convoque-son-csp-pour-examiner-les-questions-de-gouvernance-interne"]}]},{"@type":"ImageObject","inLanguage":"fr-FR","@id":"https:\/\/www.africa-press.net\/cotedivoire\/politique\/ppa-ci-gbagbo-convoque-son-csp-pour-examiner-les-questions-de-gouvernance-interne#primaryimage","url":"https:\/\/static.africa-press.net\/cote\/sites\/43\/2022\/03\/img-6230b9dc2f83e.jpg","contentUrl":"https:\/\/static.africa-press.net\/cote\/sites\/43\/2022\/03\/img-6230b9dc2f83e.jpg","width":720,"height":355,"caption":"PPA-CI, Gbagbo convoque son CSP pour examiner les questions de Gouvernance interne"},{"@type":"BreadcrumbList","@id":"https:\/\/www.africa-press.net\/cotedivoire\/politique\/ppa-ci-gbagbo-convoque-son-csp-pour-examiner-les-questions-de-gouvernance-interne#breadcrumb","itemListElement":[{"@type":"ListItem","position":1,"name":"Accueil","item":"https:\/\/www.africa-press.net\/cotedivoire\/"},{"@type":"ListItem","position":2,"name":"PPA-CI, Gbagbo convoque son CSP pour examiner les questions de Gouvernance interne"}]},{"@type":"WebSite","@id":"https:\/\/www.africa-press.net\/cotedivoire\/#website","url":"https:\/\/www.africa-press.net\/cotedivoire\/","name":"C\u00f4te d&#039;Ivoire","description":"Just another Africa News Agency Sites site","potentialAction":[{"@type":"SearchAction","target":{"@type":"EntryPoint","urlTemplate":"https:\/\/www.africa-press.net\/cotedivoire\/?s={search_term_string}"},"query-input":{"@type":"PropertyValueSpecification","valueRequired":true,"valueName":"search_term_string"}}],"inLanguage":"fr-FR"},{"@type":"Person","@id":"https:\/\/www.africa-press.net\/cotedivoire\/#\/schema\/person\/2b1cf3cd81a31e3cd26889ca66d677f1","name":"cfeditorfr"}]}},"_links":{"self":[{"href":"https:\/\/www.africa-press.net\/cotedivoire\/wp-json\/wp\/v2\/posts\/30224","targetHints":{"allow":["GET"]}}],"collection":[{"href":"https:\/\/www.africa-press.net\/cotedivoire\/wp-json\/wp\/v2\/posts"}],"about":[{"href":"https:\/\/www.africa-press.net\/cotedivoire\/wp-json\/wp\/v2\/types\/post"}],"author":[{"embeddable":true,"href":"https:\/\/www.africa-press.net\/cotedivoire\/wp-json\/wp\/v2\/users\/82"}],"replies":[{"embeddable":true,"href":"https:\/\/www.africa-press.net\/cotedivoire\/wp-json\/wp\/v2\/comments?post=30224"}],"version-history":[{"count":0,"href":"https:\/\/www.africa-press.net\/cotedivoire\/wp-json\/wp\/v2\/posts\/30224\/revisions"}],"wp:featuredmedia":[{"embeddable":true,"href":"https:\/\/www.africa-press.net\/cotedivoire\/wp-json\/wp\/v2\/media\/30223"}],"wp:attachment":[{"href":"https:\/\/www.africa-press.net\/cotedivoire\/wp-json\/wp\/v2\/media?parent=30224"}],"wp:term":[{"taxonomy":"category","embeddable":true,"href":"https:\/\/www.africa-press.net\/cotedivoire\/wp-json\/wp\/v2\/categories?post=30224"},{"taxonomy":"post_tag","embeddable":true,"href":"https:\/\/www.africa-press.net\/cotedivoire\/wp-json\/wp\/v2\/tags?post=30224"}],"curies":[{"name":"wp","href":"https:\/\/api.w.org\/{rel}","templated":true}]}}