{"id":30342,"date":"2022-03-16T18:32:37","date_gmt":"2022-03-16T18:32:37","guid":{"rendered":"https:\/\/www.africa-press.net\/cotedivoire\/?p=30342"},"modified":"2022-03-16T17:14:59","modified_gmt":"2022-03-16T17:14:59","slug":"gagnoa-les-professionnels-de-medias-du-goh-desormais-dotes-dune-maison-de-la-presse","status":"publish","type":"post","link":"https:\/\/www.africa-press.net\/cotedivoire\/toutes-les-actualites\/gagnoa-les-professionnels-de-medias-du-goh-desormais-dotes-dune-maison-de-la-presse","title":{"rendered":"Gagnoa, les professionnels de m\u00e9dias du G\u00f4h d\u00e9sormais dot\u00e9s d&rsquo;une maison de la presse"},"content":{"rendered":"<p><span style=\"color: #ff6600\"><strong>Africa-Press &#8211; C\u00f4te d&rsquo;Ivoire. <\/strong><\/span><b>La maison de la presse du G\u00f4h (ph KOACI)<\/b><\/p>\n<p>\u00c9lue \u00e0 la t\u00eate de l&rsquo;union des journalistes et professionnels des m\u00e9dias du G\u00f4h depuis le 1er septembre 2021, c&rsquo;est finalement le samedi 12 mars 2022 que Boniking Madouce Ra\u00efssa et son bureau ex\u00e9cutif, ont \u00e9t\u00e9 investis par le sous-pr\u00e9fet de Dahiepa-Kehi, Essis Lasme et Ladji Abou Sanogo pr\u00e9sident de l&rsquo;Union Nationale des Journalistes et Correspondants de Presse de C\u00f4te d&rsquo;Ivoire (UNAJCOPCI), repr\u00e9sentant pour l&rsquo;occasion le pr\u00e9sident de l&rsquo;Union Nationale des Journalistes de C\u00f4te d&rsquo;Ivoire (UNJCI).<\/p>\n<p>Apr\u00e8s cette c\u00e9r\u00e9monie qui a enregistr\u00e9 la pr\u00e9sence effective du pr\u00e9sident Serm\u00e9 Lassina du R\u00e9seau des Professionnels de la Presse en Ligne de C\u00f4te d&rsquo;Ivoire (REPPRELCI) et du pr\u00e9mier vice-pr\u00e9sident de l&rsquo;Union des Radios de Proximit\u00e9 de C\u00f4te d&rsquo;Ivoire (URPCI) Kamagat\u00e9 Elhadji Ali, du PCA de l&rsquo;URPCI Bamba Karamoko et de son excellence Ambroise Kessi\u00e9 ambassadeur de la paix\u202f; la nouvelle pr\u00e9sidente de l&rsquo;union des journalistes et professionnels des m\u00e9dias du G\u00f4h, a convi\u00e9 ces diff\u00e9rentes autorit\u00e9s \u00e0 l&rsquo;inauguration de la toute premi\u00e8re maison de la presse de cette r\u00e9gion du centre ouest de la C\u00f4te d&rsquo;Ivoire. Cette maison servira de cadre ad\u00e9quat aux diff\u00e9rents acteurs de la presse, pour la production de leurs papiers, de leurs \u00e9l\u00e9ments de radio et t\u00e9l\u00e9vision. Elle servira \u00e9galement, de lieu de rencontre et d&rsquo;\u00e9change \u00e0 propos de l&rsquo;am\u00e9lioration de leur condition de travail.<\/p>\n<p>Au-del\u00e0 de tout ceci, la maison de la presse de la r\u00e9gion du G\u00f4h, est un aval consid\u00e9rable qui permet \u00e0 la pr\u00e9sidente Boniking Madouce Ra\u00efssa et \u00e0 son bureau ex\u00e9cutif, de courir vers des structures de l&rsquo;\u00c9tat et les structures internationales afin d&rsquo;obtenir d&rsquo;elles, des appuis financiers, des formations et des collaborations ext\u00e9rieures.<\/p>\n<p>T.K.Emile, Bouak\u00e9<\/p>\n<p>tkemile@koaci.com<\/p>\n<p><strong>Pour plus d&rsquo;informations et d&rsquo;analyses sur la <a href=\"https:\/\/www.africa-press.net\/cotedivoire\">C\u00f4te d&rsquo;Ivoire<\/a>, suivez <a href=\"https:\/\/www.africa-press.net\/\">Africa-Press<\/a><\/strong><\/p>\n","protected":false},"excerpt":{"rendered":"<p>Africa-Press &#8211; C\u00f4te d&rsquo;Ivoire. La maison de la presse du G\u00f4h (ph KOACI) \u00c9lue \u00e0 la t\u00eate de l&rsquo;union des journalistes et professionnels des m\u00e9dias du G\u00f4h depuis le 1er septembre 2021, c&rsquo;est finalement le samedi 12 mars 2022 que Boniking Madouce Ra\u00efssa et son bureau ex\u00e9cutif, ont \u00e9t\u00e9 investis par le sous-pr\u00e9fet de Dahiepa-Kehi, [&hellip;]<\/p>\n","protected":false},"author":82,"featured_media":30341,"comment_status":"open","ping_status":"closed","sticky":false,"template":"","format":"standard","meta":{"footnotes":""},"categories":[21,11,10],"tags":[56,63,5016,29,3656,4958,2012],"class_list":["post-30342","post","type-post","status-publish","format-standard","has-post-thumbnail","hentry","category-communaute","category-homepage-french","category-toutes-les-actualites","tag-africa-press","tag-africa-press-cote-divoire","tag-boniking-madouce-raissa","tag-cote-divoire","tag-goh","tag-maison","tag-presse"],"yoast_head":"<!-- This site is optimized with the Yoast SEO Premium plugin v26.1 (Yoast SEO v27.0) - https:\/\/yoast.com\/product\/yoast-seo-premium-wordpress\/ -->\n<title>Gagnoa, les professionnels de m\u00e9dias du G\u00f4h d\u00e9sormais dot\u00e9s d&#039;une maison de la presse - C\u00f4te d&#039;Ivoire<\/title>\n<meta name=\"description\" content=\"La maison de la presse du G\u00f4h (ph KOACI) \u00c9lue \u00e0 la t\u00eate de l&#039;union des journalistes et professionnels des m\u00e9dias ...\" \/>\n<meta name=\"robots\" content=\"index, follow, max-snippet:-1, max-image-preview:large, max-video-preview:-1\" \/>\n<link rel=\"canonical\" href=\"https:\/\/www.africa-press.net\/cotedivoire\/toutes-les-actualites\/gagnoa-les-professionnels-de-medias-du-goh-desormais-dotes-dune-maison-de-la-presse\" \/>\n<meta property=\"og:locale\" content=\"fr_FR\" \/>\n<meta property=\"og:type\" content=\"article\" \/>\n<meta property=\"og:title\" content=\"Gagnoa, les professionnels de m\u00e9dias du G\u00f4h d\u00e9sormais dot\u00e9s d&#039;une maison de la presse\" \/>\n<meta property=\"og:description\" content=\"La maison de la presse du G\u00f4h (ph KOACI) \u00c9lue \u00e0 la t\u00eate de l&#039;union des journalistes et professionnels des m\u00e9dias ...\" \/>\n<meta property=\"og:url\" content=\"https:\/\/www.africa-press.net\/cotedivoire\/toutes-les-actualites\/gagnoa-les-professionnels-de-medias-du-goh-desormais-dotes-dune-maison-de-la-presse\" \/>\n<meta property=\"og:site_name\" content=\"C\u00f4te d&#039;Ivoire\" \/>\n<meta property=\"article:published_time\" content=\"2022-03-16T18:32:37+00:00\" \/>\n<meta property=\"og:image\" content=\"https:\/\/static.africa-press.net\/cote\/sites\/43\/2022\/03\/img-62321aee72820.jpg\" \/>\n\t<meta property=\"og:image:width\" content=\"720\" \/>\n\t<meta property=\"og:image:height\" content=\"400\" \/>\n\t<meta property=\"og:image:type\" content=\"image\/jpeg\" \/>\n<meta name=\"author\" content=\"cfeditorfr\" \/>\n<meta name=\"twitter:card\" content=\"summary_large_image\" \/>\n<meta name=\"twitter:label1\" content=\"\u00c9crit par\" \/>\n\t<meta name=\"twitter:data1\" content=\"cfeditorfr\" \/>\n\t<meta name=\"twitter:label2\" content=\"Dur\u00e9e de lecture estim\u00e9e\" \/>\n\t<meta name=\"twitter:data2\" content=\"2 minutes\" \/>\n<script type=\"application\/ld+json\" class=\"yoast-schema-graph\">{\"@context\":\"https:\/\/schema.org\",\"@graph\":[{\"@type\":\"Article\",\"@id\":\"https:\/\/www.africa-press.net\/cotedivoire\/toutes-les-actualites\/gagnoa-les-professionnels-de-medias-du-goh-desormais-dotes-dune-maison-de-la-presse#article\",\"isPartOf\":{\"@id\":\"https:\/\/www.africa-press.net\/cotedivoire\/toutes-les-actualites\/gagnoa-les-professionnels-de-medias-du-goh-desormais-dotes-dune-maison-de-la-presse\"},\"author\":{\"name\":\"cfeditorfr\",\"@id\":\"https:\/\/www.africa-press.net\/cotedivoire\/#\/schema\/person\/2b1cf3cd81a31e3cd26889ca66d677f1\"},\"headline\":\"Gagnoa, les professionnels de m\u00e9dias du G\u00f4h d\u00e9sormais dot\u00e9s d&rsquo;une maison de la presse\",\"datePublished\":\"2022-03-16T18:32:37+00:00\",\"mainEntityOfPage\":{\"@id\":\"https:\/\/www.africa-press.net\/cotedivoire\/toutes-les-actualites\/gagnoa-les-professionnels-de-medias-du-goh-desormais-dotes-dune-maison-de-la-presse\"},\"wordCount\":380,\"commentCount\":0,\"image\":{\"@id\":\"https:\/\/www.africa-press.net\/cotedivoire\/toutes-les-actualites\/gagnoa-les-professionnels-de-medias-du-goh-desormais-dotes-dune-maison-de-la-presse#primaryimage\"},\"thumbnailUrl\":\"https:\/\/static.africa-press.net\/cote\/sites\/43\/2022\/03\/img-62321aee72820.jpg\",\"keywords\":[\"Africa Press\",\"Africa Press-C\u00f4te d'Ivoire\",\"Boniking Madouce Ra\u00efssa\",\"C\u00d4TE D'IVOIRE\",\"G\u00f4h\",\"maison\",\"Presse\"],\"articleSection\":[\"Communaut\u00e9\",\"homepage-french\",\"Toutes les actualit\u00e9s\"],\"inLanguage\":\"fr-FR\",\"potentialAction\":[{\"@type\":\"CommentAction\",\"name\":\"Comment\",\"target\":[\"https:\/\/www.africa-press.net\/cotedivoire\/toutes-les-actualites\/gagnoa-les-professionnels-de-medias-du-goh-desormais-dotes-dune-maison-de-la-presse#respond\"]}]},{\"@type\":\"WebPage\",\"@id\":\"https:\/\/www.africa-press.net\/cotedivoire\/toutes-les-actualites\/gagnoa-les-professionnels-de-medias-du-goh-desormais-dotes-dune-maison-de-la-presse\",\"url\":\"https:\/\/www.africa-press.net\/cotedivoire\/toutes-les-actualites\/gagnoa-les-professionnels-de-medias-du-goh-desormais-dotes-dune-maison-de-la-presse\",\"name\":\"Gagnoa, les professionnels de m\u00e9dias du G\u00f4h d\u00e9sormais dot\u00e9s d'une maison de la presse - C\u00f4te d&#039;Ivoire\",\"isPartOf\":{\"@id\":\"https:\/\/www.africa-press.net\/cotedivoire\/#website\"},\"primaryImageOfPage\":{\"@id\":\"https:\/\/www.africa-press.net\/cotedivoire\/toutes-les-actualites\/gagnoa-les-professionnels-de-medias-du-goh-desormais-dotes-dune-maison-de-la-presse#primaryimage\"},\"image\":{\"@id\":\"https:\/\/www.africa-press.net\/cotedivoire\/toutes-les-actualites\/gagnoa-les-professionnels-de-medias-du-goh-desormais-dotes-dune-maison-de-la-presse#primaryimage\"},\"thumbnailUrl\":\"https:\/\/static.africa-press.net\/cote\/sites\/43\/2022\/03\/img-62321aee72820.jpg\",\"datePublished\":\"2022-03-16T18:32:37+00:00\",\"author\":{\"@id\":\"https:\/\/www.africa-press.net\/cotedivoire\/#\/schema\/person\/2b1cf3cd81a31e3cd26889ca66d677f1\"},\"description\":\"La maison de la presse du G\u00f4h (ph KOACI) \u00c9lue \u00e0 la t\u00eate de l'union des journalistes et professionnels des m\u00e9dias ...\",\"breadcrumb\":{\"@id\":\"https:\/\/www.africa-press.net\/cotedivoire\/toutes-les-actualites\/gagnoa-les-professionnels-de-medias-du-goh-desormais-dotes-dune-maison-de-la-presse#breadcrumb\"},\"inLanguage\":\"fr-FR\",\"potentialAction\":[{\"@type\":\"ReadAction\",\"target\":[\"https:\/\/www.africa-press.net\/cotedivoire\/toutes-les-actualites\/gagnoa-les-professionnels-de-medias-du-goh-desormais-dotes-dune-maison-de-la-presse\"]}]},{\"@type\":\"ImageObject\",\"inLanguage\":\"fr-FR\",\"@id\":\"https:\/\/www.africa-press.net\/cotedivoire\/toutes-les-actualites\/gagnoa-les-professionnels-de-medias-du-goh-desormais-dotes-dune-maison-de-la-presse#primaryimage\",\"url\":\"https:\/\/static.africa-press.net\/cote\/sites\/43\/2022\/03\/img-62321aee72820.jpg\",\"contentUrl\":\"https:\/\/static.africa-press.net\/cote\/sites\/43\/2022\/03\/img-62321aee72820.jpg\",\"width\":720,\"height\":400,\"caption\":\"Gagnoa, les professionnels de m\u00e9dias du G\u00f4h d\u00e9sormais dot\u00e9s d'une maison de la presse\"},{\"@type\":\"BreadcrumbList\",\"@id\":\"https:\/\/www.africa-press.net\/cotedivoire\/toutes-les-actualites\/gagnoa-les-professionnels-de-medias-du-goh-desormais-dotes-dune-maison-de-la-presse#breadcrumb\",\"itemListElement\":[{\"@type\":\"ListItem\",\"position\":1,\"name\":\"Accueil\",\"item\":\"https:\/\/www.africa-press.net\/cotedivoire\/\"},{\"@type\":\"ListItem\",\"position\":2,\"name\":\"Gagnoa, les professionnels de m\u00e9dias du G\u00f4h d\u00e9sormais dot\u00e9s d&#8217;une maison de la presse\"}]},{\"@type\":\"WebSite\",\"@id\":\"https:\/\/www.africa-press.net\/cotedivoire\/#website\",\"url\":\"https:\/\/www.africa-press.net\/cotedivoire\/\",\"name\":\"C\u00f4te d&#039;Ivoire\",\"description\":\"Just another Africa News Agency Sites site\",\"potentialAction\":[{\"@type\":\"SearchAction\",\"target\":{\"@type\":\"EntryPoint\",\"urlTemplate\":\"https:\/\/www.africa-press.net\/cotedivoire\/?s={search_term_string}\"},\"query-input\":{\"@type\":\"PropertyValueSpecification\",\"valueRequired\":true,\"valueName\":\"search_term_string\"}}],\"inLanguage\":\"fr-FR\"},{\"@type\":\"Person\",\"@id\":\"https:\/\/www.africa-press.net\/cotedivoire\/#\/schema\/person\/2b1cf3cd81a31e3cd26889ca66d677f1\",\"name\":\"cfeditorfr\"}]}<\/script>\n<!-- \/ Yoast SEO Premium plugin. -->","yoast_head_json":{"title":"Gagnoa, les professionnels de m\u00e9dias du G\u00f4h d\u00e9sormais dot\u00e9s d'une maison de la presse - C\u00f4te d&#039;Ivoire","description":"La maison de la presse du G\u00f4h (ph KOACI) \u00c9lue \u00e0 la t\u00eate de l'union des journalistes et professionnels des m\u00e9dias ...","robots":{"index":"index","follow":"follow","max-snippet":"max-snippet:-1","max-image-preview":"max-image-preview:large","max-video-preview":"max-video-preview:-1"},"canonical":"https:\/\/www.africa-press.net\/cotedivoire\/toutes-les-actualites\/gagnoa-les-professionnels-de-medias-du-goh-desormais-dotes-dune-maison-de-la-presse","og_locale":"fr_FR","og_type":"article","og_title":"Gagnoa, les professionnels de m\u00e9dias du G\u00f4h d\u00e9sormais dot\u00e9s d'une maison de la presse","og_description":"La maison de la presse du G\u00f4h (ph KOACI) \u00c9lue \u00e0 la t\u00eate de l'union des journalistes et professionnels des m\u00e9dias ...","og_url":"https:\/\/www.africa-press.net\/cotedivoire\/toutes-les-actualites\/gagnoa-les-professionnels-de-medias-du-goh-desormais-dotes-dune-maison-de-la-presse","og_site_name":"C\u00f4te d&#039;Ivoire","article_published_time":"2022-03-16T18:32:37+00:00","og_image":[{"width":720,"height":400,"url":"https:\/\/static.africa-press.net\/cote\/sites\/43\/2022\/03\/img-62321aee72820.jpg","type":"image\/jpeg"}],"author":"cfeditorfr","twitter_card":"summary_large_image","twitter_misc":{"\u00c9crit par":"cfeditorfr","Dur\u00e9e de lecture estim\u00e9e":"2 minutes"},"schema":{"@context":"https:\/\/schema.org","@graph":[{"@type":"Article","@id":"https:\/\/www.africa-press.net\/cotedivoire\/toutes-les-actualites\/gagnoa-les-professionnels-de-medias-du-goh-desormais-dotes-dune-maison-de-la-presse#article","isPartOf":{"@id":"https:\/\/www.africa-press.net\/cotedivoire\/toutes-les-actualites\/gagnoa-les-professionnels-de-medias-du-goh-desormais-dotes-dune-maison-de-la-presse"},"author":{"name":"cfeditorfr","@id":"https:\/\/www.africa-press.net\/cotedivoire\/#\/schema\/person\/2b1cf3cd81a31e3cd26889ca66d677f1"},"headline":"Gagnoa, les professionnels de m\u00e9dias du G\u00f4h d\u00e9sormais dot\u00e9s d&rsquo;une maison de la presse","datePublished":"2022-03-16T18:32:37+00:00","mainEntityOfPage":{"@id":"https:\/\/www.africa-press.net\/cotedivoire\/toutes-les-actualites\/gagnoa-les-professionnels-de-medias-du-goh-desormais-dotes-dune-maison-de-la-presse"},"wordCount":380,"commentCount":0,"image":{"@id":"https:\/\/www.africa-press.net\/cotedivoire\/toutes-les-actualites\/gagnoa-les-professionnels-de-medias-du-goh-desormais-dotes-dune-maison-de-la-presse#primaryimage"},"thumbnailUrl":"https:\/\/static.africa-press.net\/cote\/sites\/43\/2022\/03\/img-62321aee72820.jpg","keywords":["Africa Press","Africa Press-C\u00f4te d'Ivoire","Boniking Madouce Ra\u00efssa","C\u00d4TE D'IVOIRE","G\u00f4h","maison","Presse"],"articleSection":["Communaut\u00e9","homepage-french","Toutes les actualit\u00e9s"],"inLanguage":"fr-FR","potentialAction":[{"@type":"CommentAction","name":"Comment","target":["https:\/\/www.africa-press.net\/cotedivoire\/toutes-les-actualites\/gagnoa-les-professionnels-de-medias-du-goh-desormais-dotes-dune-maison-de-la-presse#respond"]}]},{"@type":"WebPage","@id":"https:\/\/www.africa-press.net\/cotedivoire\/toutes-les-actualites\/gagnoa-les-professionnels-de-medias-du-goh-desormais-dotes-dune-maison-de-la-presse","url":"https:\/\/www.africa-press.net\/cotedivoire\/toutes-les-actualites\/gagnoa-les-professionnels-de-medias-du-goh-desormais-dotes-dune-maison-de-la-presse","name":"Gagnoa, les professionnels de m\u00e9dias du G\u00f4h d\u00e9sormais dot\u00e9s d'une maison de la presse - C\u00f4te d&#039;Ivoire","isPartOf":{"@id":"https:\/\/www.africa-press.net\/cotedivoire\/#website"},"primaryImageOfPage":{"@id":"https:\/\/www.africa-press.net\/cotedivoire\/toutes-les-actualites\/gagnoa-les-professionnels-de-medias-du-goh-desormais-dotes-dune-maison-de-la-presse#primaryimage"},"image":{"@id":"https:\/\/www.africa-press.net\/cotedivoire\/toutes-les-actualites\/gagnoa-les-professionnels-de-medias-du-goh-desormais-dotes-dune-maison-de-la-presse#primaryimage"},"thumbnailUrl":"https:\/\/static.africa-press.net\/cote\/sites\/43\/2022\/03\/img-62321aee72820.jpg","datePublished":"2022-03-16T18:32:37+00:00","author":{"@id":"https:\/\/www.africa-press.net\/cotedivoire\/#\/schema\/person\/2b1cf3cd81a31e3cd26889ca66d677f1"},"description":"La maison de la presse du G\u00f4h (ph KOACI) \u00c9lue \u00e0 la t\u00eate de l'union des journalistes et professionnels des m\u00e9dias ...","breadcrumb":{"@id":"https:\/\/www.africa-press.net\/cotedivoire\/toutes-les-actualites\/gagnoa-les-professionnels-de-medias-du-goh-desormais-dotes-dune-maison-de-la-presse#breadcrumb"},"inLanguage":"fr-FR","potentialAction":[{"@type":"ReadAction","target":["https:\/\/www.africa-press.net\/cotedivoire\/toutes-les-actualites\/gagnoa-les-professionnels-de-medias-du-goh-desormais-dotes-dune-maison-de-la-presse"]}]},{"@type":"ImageObject","inLanguage":"fr-FR","@id":"https:\/\/www.africa-press.net\/cotedivoire\/toutes-les-actualites\/gagnoa-les-professionnels-de-medias-du-goh-desormais-dotes-dune-maison-de-la-presse#primaryimage","url":"https:\/\/static.africa-press.net\/cote\/sites\/43\/2022\/03\/img-62321aee72820.jpg","contentUrl":"https:\/\/static.africa-press.net\/cote\/sites\/43\/2022\/03\/img-62321aee72820.jpg","width":720,"height":400,"caption":"Gagnoa, les professionnels de m\u00e9dias du G\u00f4h d\u00e9sormais dot\u00e9s d'une maison de la presse"},{"@type":"BreadcrumbList","@id":"https:\/\/www.africa-press.net\/cotedivoire\/toutes-les-actualites\/gagnoa-les-professionnels-de-medias-du-goh-desormais-dotes-dune-maison-de-la-presse#breadcrumb","itemListElement":[{"@type":"ListItem","position":1,"name":"Accueil","item":"https:\/\/www.africa-press.net\/cotedivoire\/"},{"@type":"ListItem","position":2,"name":"Gagnoa, les professionnels de m\u00e9dias du G\u00f4h d\u00e9sormais dot\u00e9s d&#8217;une maison de la presse"}]},{"@type":"WebSite","@id":"https:\/\/www.africa-press.net\/cotedivoire\/#website","url":"https:\/\/www.africa-press.net\/cotedivoire\/","name":"C\u00f4te d&#039;Ivoire","description":"Just another Africa News Agency Sites site","potentialAction":[{"@type":"SearchAction","target":{"@type":"EntryPoint","urlTemplate":"https:\/\/www.africa-press.net\/cotedivoire\/?s={search_term_string}"},"query-input":{"@type":"PropertyValueSpecification","valueRequired":true,"valueName":"search_term_string"}}],"inLanguage":"fr-FR"},{"@type":"Person","@id":"https:\/\/www.africa-press.net\/cotedivoire\/#\/schema\/person\/2b1cf3cd81a31e3cd26889ca66d677f1","name":"cfeditorfr"}]}},"_links":{"self":[{"href":"https:\/\/www.africa-press.net\/cotedivoire\/wp-json\/wp\/v2\/posts\/30342","targetHints":{"allow":["GET"]}}],"collection":[{"href":"https:\/\/www.africa-press.net\/cotedivoire\/wp-json\/wp\/v2\/posts"}],"about":[{"href":"https:\/\/www.africa-press.net\/cotedivoire\/wp-json\/wp\/v2\/types\/post"}],"author":[{"embeddable":true,"href":"https:\/\/www.africa-press.net\/cotedivoire\/wp-json\/wp\/v2\/users\/82"}],"replies":[{"embeddable":true,"href":"https:\/\/www.africa-press.net\/cotedivoire\/wp-json\/wp\/v2\/comments?post=30342"}],"version-history":[{"count":0,"href":"https:\/\/www.africa-press.net\/cotedivoire\/wp-json\/wp\/v2\/posts\/30342\/revisions"}],"wp:featuredmedia":[{"embeddable":true,"href":"https:\/\/www.africa-press.net\/cotedivoire\/wp-json\/wp\/v2\/media\/30341"}],"wp:attachment":[{"href":"https:\/\/www.africa-press.net\/cotedivoire\/wp-json\/wp\/v2\/media?parent=30342"}],"wp:term":[{"taxonomy":"category","embeddable":true,"href":"https:\/\/www.africa-press.net\/cotedivoire\/wp-json\/wp\/v2\/categories?post=30342"},{"taxonomy":"post_tag","embeddable":true,"href":"https:\/\/www.africa-press.net\/cotedivoire\/wp-json\/wp\/v2\/tags?post=30342"}],"curies":[{"name":"wp","href":"https:\/\/api.w.org\/{rel}","templated":true}]}}