{"id":30393,"date":"2022-03-17T11:46:31","date_gmt":"2022-03-17T11:46:31","guid":{"rendered":"https:\/\/www.africa-press.net\/cotedivoire\/?p=30393"},"modified":"2022-03-17T10:40:40","modified_gmt":"2022-03-17T10:40:40","slug":"carena-un-bateau-coule-dans-la-lagune-avec-ses-grues-aucune-perte-en-vie-humaine-nest-a-deplorer","status":"publish","type":"post","link":"https:\/\/www.africa-press.net\/cotedivoire\/homepage-french\/carena-un-bateau-coule-dans-la-lagune-avec-ses-grues-aucune-perte-en-vie-humaine-nest-a-deplorer","title":{"rendered":"Carena, un bateau coule dans la lagune avec ses grues, aucune perte en vie humaine n&rsquo;est \u00e0 d\u00e9plorer"},"content":{"rendered":"<p><span style=\"color: #ff6600\"><strong>Africa-Press &#8211; C\u00f4te d&rsquo;Ivoire. <\/strong><\/span>Un incident est survenu le mercredi 16 mars 2022 aux environs de 15h \u00e0 la CARENA (Compagnie Abidjanaise de R\u00e9paration Navale et de maintenance industrielle).<\/p>\n<p>Selon les services du Port Autonome d\u2019Abidjan (PAA), pendant une op\u00e9ration de retrait d\u2019un bateau sur un dock (engin) , il a subi un dommage et a coul\u00e9 dans la lagune avec ses deux grues, entrainant une suspension des activit\u00e9s de car\u00e9nage.<\/p>\n<p>Heureusement, aucune perte en vie humaine n\u2019est \u00e0 d\u00e9plorer. D\u00e8s la survenance de l\u2019incident, la Capitainerie du PAA s\u2019est rapidement d\u00e9ploy\u00e9e sur les lieux en compagnie d\u2019une \u00e9quipe des sapeurs-pompiers militaires et de la police sp\u00e9ciale du port.<\/p>\n<p>Le bateau a pu \u00eatre retir\u00e9 du dock et mis en s\u00e9curit\u00e9. Les op\u00e9rations de relevage du dock et des deux grues \u00e9taient toujours en cours, en vue d\u2019une reprise des activit\u00e9s de car\u00e9nage.<\/p>\n<p>Le PAA souligne que, cet incident n\u2019a pas eu d\u2019impact sur ses autres activit\u00e9s qui se d\u00e9roulent normalement.<\/p>\n<p>Donatien Kautcha, Abidjan<\/p>\n<p><strong>Pour plus d&rsquo;informations et d&rsquo;analyses sur la <a href=\"https:\/\/www.africa-press.net\/cotedivoire\">C\u00f4te d&rsquo;Ivoire<\/a>, suivez <a href=\"https:\/\/www.africa-press.net\/\">Africa-Press<\/a><\/strong><\/p>\n","protected":false},"excerpt":{"rendered":"<p>Africa-Press &#8211; C\u00f4te d&rsquo;Ivoire. Un incident est survenu le mercredi 16 mars 2022 aux environs de 15h \u00e0 la CARENA (Compagnie Abidjanaise de R\u00e9paration Navale et de maintenance industrielle). Selon les services du Port Autonome d\u2019Abidjan (PAA), pendant une op\u00e9ration de retrait d\u2019un bateau sur un dock (engin) , il a subi un dommage et [&hellip;]<\/p>\n","protected":false},"author":82,"featured_media":30392,"comment_status":"open","ping_status":"closed","sticky":false,"template":"","format":"standard","meta":{"footnotes":""},"categories":[21,11],"tags":[30,56,63,651,5043,29,5044,5041,5042,3814],"class_list":["post-30393","post","type-post","status-publish","format-standard","has-post-thumbnail","hentry","category-communaute","category-homepage-french","tag-abidjan","tag-africa-press","tag-africa-press-cote-divoire","tag-bateau","tag-carena","tag-cote-divoire","tag-dock","tag-grues","tag-incident","tag-port"],"yoast_head":"<!-- This site is optimized with the Yoast SEO Premium plugin v26.1 (Yoast SEO v27.0) - https:\/\/yoast.com\/product\/yoast-seo-premium-wordpress\/ -->\n<title>Carena, un bateau coule dans la lagune avec ses grues, aucune perte en vie humaine n&#039;est \u00e0 d\u00e9plorer - C\u00f4te d&#039;Ivoire<\/title>\n<meta name=\"description\" content=\"Un incident est survenu le mercredi 16 mars 2022 aux environs de 15h \u00e0 la CARENA (Compagnie Abidjanaise de R\u00e9paration Na ...\" \/>\n<meta name=\"robots\" content=\"index, follow, max-snippet:-1, max-image-preview:large, max-video-preview:-1\" \/>\n<link rel=\"canonical\" href=\"https:\/\/www.africa-press.net\/cotedivoire\/homepage-french\/carena-un-bateau-coule-dans-la-lagune-avec-ses-grues-aucune-perte-en-vie-humaine-nest-a-deplorer\" \/>\n<meta property=\"og:locale\" content=\"fr_FR\" \/>\n<meta property=\"og:type\" content=\"article\" \/>\n<meta property=\"og:title\" content=\"Carena, un bateau coule dans la lagune avec ses grues, aucune perte en vie humaine n&#039;est \u00e0 d\u00e9plorer\" \/>\n<meta property=\"og:description\" content=\"Un incident est survenu le mercredi 16 mars 2022 aux environs de 15h \u00e0 la CARENA (Compagnie Abidjanaise de R\u00e9paration Na ...\" \/>\n<meta property=\"og:url\" content=\"https:\/\/www.africa-press.net\/cotedivoire\/homepage-french\/carena-un-bateau-coule-dans-la-lagune-avec-ses-grues-aucune-perte-en-vie-humaine-nest-a-deplorer\" \/>\n<meta property=\"og:site_name\" content=\"C\u00f4te d&#039;Ivoire\" \/>\n<meta property=\"article:published_time\" content=\"2022-03-17T11:46:31+00:00\" \/>\n<meta property=\"og:image\" content=\"https:\/\/static.africa-press.net\/cote\/sites\/43\/2022\/03\/img-6233100b15f17.jpg\" \/>\n\t<meta property=\"og:image:width\" content=\"720\" \/>\n\t<meta property=\"og:image:height\" content=\"352\" \/>\n\t<meta property=\"og:image:type\" content=\"image\/jpeg\" \/>\n<meta name=\"author\" content=\"cfeditorfr\" \/>\n<meta name=\"twitter:card\" content=\"summary_large_image\" \/>\n<meta name=\"twitter:label1\" content=\"\u00c9crit par\" \/>\n\t<meta name=\"twitter:data1\" content=\"cfeditorfr\" \/>\n\t<meta name=\"twitter:label2\" content=\"Dur\u00e9e de lecture estim\u00e9e\" \/>\n\t<meta name=\"twitter:data2\" content=\"1 minute\" \/>\n<script type=\"application\/ld+json\" class=\"yoast-schema-graph\">{\"@context\":\"https:\/\/schema.org\",\"@graph\":[{\"@type\":\"Article\",\"@id\":\"https:\/\/www.africa-press.net\/cotedivoire\/homepage-french\/carena-un-bateau-coule-dans-la-lagune-avec-ses-grues-aucune-perte-en-vie-humaine-nest-a-deplorer#article\",\"isPartOf\":{\"@id\":\"https:\/\/www.africa-press.net\/cotedivoire\/homepage-french\/carena-un-bateau-coule-dans-la-lagune-avec-ses-grues-aucune-perte-en-vie-humaine-nest-a-deplorer\"},\"author\":{\"name\":\"cfeditorfr\",\"@id\":\"https:\/\/www.africa-press.net\/cotedivoire\/#\/schema\/person\/2b1cf3cd81a31e3cd26889ca66d677f1\"},\"headline\":\"Carena, un bateau coule dans la lagune avec ses grues, aucune perte en vie humaine n&rsquo;est \u00e0 d\u00e9plorer\",\"datePublished\":\"2022-03-17T11:46:31+00:00\",\"mainEntityOfPage\":{\"@id\":\"https:\/\/www.africa-press.net\/cotedivoire\/homepage-french\/carena-un-bateau-coule-dans-la-lagune-avec-ses-grues-aucune-perte-en-vie-humaine-nest-a-deplorer\"},\"wordCount\":219,\"commentCount\":0,\"image\":{\"@id\":\"https:\/\/www.africa-press.net\/cotedivoire\/homepage-french\/carena-un-bateau-coule-dans-la-lagune-avec-ses-grues-aucune-perte-en-vie-humaine-nest-a-deplorer#primaryimage\"},\"thumbnailUrl\":\"https:\/\/static.africa-press.net\/cote\/sites\/43\/2022\/03\/img-6233100b15f17.jpg\",\"keywords\":[\"Abidjan\",\"Africa Press\",\"Africa Press-C\u00f4te d'Ivoire\",\"bateau\",\"CARENA\",\"C\u00d4TE D'IVOIRE\",\"dock\",\"grues\",\"incident\",\"Port\"],\"articleSection\":[\"Communaut\u00e9\",\"homepage-french\"],\"inLanguage\":\"fr-FR\",\"potentialAction\":[{\"@type\":\"CommentAction\",\"name\":\"Comment\",\"target\":[\"https:\/\/www.africa-press.net\/cotedivoire\/homepage-french\/carena-un-bateau-coule-dans-la-lagune-avec-ses-grues-aucune-perte-en-vie-humaine-nest-a-deplorer#respond\"]}]},{\"@type\":\"WebPage\",\"@id\":\"https:\/\/www.africa-press.net\/cotedivoire\/homepage-french\/carena-un-bateau-coule-dans-la-lagune-avec-ses-grues-aucune-perte-en-vie-humaine-nest-a-deplorer\",\"url\":\"https:\/\/www.africa-press.net\/cotedivoire\/homepage-french\/carena-un-bateau-coule-dans-la-lagune-avec-ses-grues-aucune-perte-en-vie-humaine-nest-a-deplorer\",\"name\":\"Carena, un bateau coule dans la lagune avec ses grues, aucune perte en vie humaine n'est \u00e0 d\u00e9plorer - C\u00f4te d&#039;Ivoire\",\"isPartOf\":{\"@id\":\"https:\/\/www.africa-press.net\/cotedivoire\/#website\"},\"primaryImageOfPage\":{\"@id\":\"https:\/\/www.africa-press.net\/cotedivoire\/homepage-french\/carena-un-bateau-coule-dans-la-lagune-avec-ses-grues-aucune-perte-en-vie-humaine-nest-a-deplorer#primaryimage\"},\"image\":{\"@id\":\"https:\/\/www.africa-press.net\/cotedivoire\/homepage-french\/carena-un-bateau-coule-dans-la-lagune-avec-ses-grues-aucune-perte-en-vie-humaine-nest-a-deplorer#primaryimage\"},\"thumbnailUrl\":\"https:\/\/static.africa-press.net\/cote\/sites\/43\/2022\/03\/img-6233100b15f17.jpg\",\"datePublished\":\"2022-03-17T11:46:31+00:00\",\"author\":{\"@id\":\"https:\/\/www.africa-press.net\/cotedivoire\/#\/schema\/person\/2b1cf3cd81a31e3cd26889ca66d677f1\"},\"description\":\"Un incident est survenu le mercredi 16 mars 2022 aux environs de 15h \u00e0 la CARENA (Compagnie Abidjanaise de R\u00e9paration Na ...\",\"breadcrumb\":{\"@id\":\"https:\/\/www.africa-press.net\/cotedivoire\/homepage-french\/carena-un-bateau-coule-dans-la-lagune-avec-ses-grues-aucune-perte-en-vie-humaine-nest-a-deplorer#breadcrumb\"},\"inLanguage\":\"fr-FR\",\"potentialAction\":[{\"@type\":\"ReadAction\",\"target\":[\"https:\/\/www.africa-press.net\/cotedivoire\/homepage-french\/carena-un-bateau-coule-dans-la-lagune-avec-ses-grues-aucune-perte-en-vie-humaine-nest-a-deplorer\"]}]},{\"@type\":\"ImageObject\",\"inLanguage\":\"fr-FR\",\"@id\":\"https:\/\/www.africa-press.net\/cotedivoire\/homepage-french\/carena-un-bateau-coule-dans-la-lagune-avec-ses-grues-aucune-perte-en-vie-humaine-nest-a-deplorer#primaryimage\",\"url\":\"https:\/\/static.africa-press.net\/cote\/sites\/43\/2022\/03\/img-6233100b15f17.jpg\",\"contentUrl\":\"https:\/\/static.africa-press.net\/cote\/sites\/43\/2022\/03\/img-6233100b15f17.jpg\",\"width\":720,\"height\":352,\"caption\":\"Carena, un bateau coule dans la lagune avec ses grues, aucune perte en vie humaine n'est \u00e0 d\u00e9plorer\"},{\"@type\":\"BreadcrumbList\",\"@id\":\"https:\/\/www.africa-press.net\/cotedivoire\/homepage-french\/carena-un-bateau-coule-dans-la-lagune-avec-ses-grues-aucune-perte-en-vie-humaine-nest-a-deplorer#breadcrumb\",\"itemListElement\":[{\"@type\":\"ListItem\",\"position\":1,\"name\":\"Accueil\",\"item\":\"https:\/\/www.africa-press.net\/cotedivoire\/\"},{\"@type\":\"ListItem\",\"position\":2,\"name\":\"Carena, un bateau coule dans la lagune avec ses grues, aucune perte en vie humaine n&#8217;est \u00e0 d\u00e9plorer\"}]},{\"@type\":\"WebSite\",\"@id\":\"https:\/\/www.africa-press.net\/cotedivoire\/#website\",\"url\":\"https:\/\/www.africa-press.net\/cotedivoire\/\",\"name\":\"C\u00f4te d&#039;Ivoire\",\"description\":\"Just another Africa News Agency Sites site\",\"potentialAction\":[{\"@type\":\"SearchAction\",\"target\":{\"@type\":\"EntryPoint\",\"urlTemplate\":\"https:\/\/www.africa-press.net\/cotedivoire\/?s={search_term_string}\"},\"query-input\":{\"@type\":\"PropertyValueSpecification\",\"valueRequired\":true,\"valueName\":\"search_term_string\"}}],\"inLanguage\":\"fr-FR\"},{\"@type\":\"Person\",\"@id\":\"https:\/\/www.africa-press.net\/cotedivoire\/#\/schema\/person\/2b1cf3cd81a31e3cd26889ca66d677f1\",\"name\":\"cfeditorfr\"}]}<\/script>\n<!-- \/ Yoast SEO Premium plugin. -->","yoast_head_json":{"title":"Carena, un bateau coule dans la lagune avec ses grues, aucune perte en vie humaine n'est \u00e0 d\u00e9plorer - C\u00f4te d&#039;Ivoire","description":"Un incident est survenu le mercredi 16 mars 2022 aux environs de 15h \u00e0 la CARENA (Compagnie Abidjanaise de R\u00e9paration Na ...","robots":{"index":"index","follow":"follow","max-snippet":"max-snippet:-1","max-image-preview":"max-image-preview:large","max-video-preview":"max-video-preview:-1"},"canonical":"https:\/\/www.africa-press.net\/cotedivoire\/homepage-french\/carena-un-bateau-coule-dans-la-lagune-avec-ses-grues-aucune-perte-en-vie-humaine-nest-a-deplorer","og_locale":"fr_FR","og_type":"article","og_title":"Carena, un bateau coule dans la lagune avec ses grues, aucune perte en vie humaine n'est \u00e0 d\u00e9plorer","og_description":"Un incident est survenu le mercredi 16 mars 2022 aux environs de 15h \u00e0 la CARENA (Compagnie Abidjanaise de R\u00e9paration Na ...","og_url":"https:\/\/www.africa-press.net\/cotedivoire\/homepage-french\/carena-un-bateau-coule-dans-la-lagune-avec-ses-grues-aucune-perte-en-vie-humaine-nest-a-deplorer","og_site_name":"C\u00f4te d&#039;Ivoire","article_published_time":"2022-03-17T11:46:31+00:00","og_image":[{"width":720,"height":352,"url":"https:\/\/static.africa-press.net\/cote\/sites\/43\/2022\/03\/img-6233100b15f17.jpg","type":"image\/jpeg"}],"author":"cfeditorfr","twitter_card":"summary_large_image","twitter_misc":{"\u00c9crit par":"cfeditorfr","Dur\u00e9e de lecture estim\u00e9e":"1 minute"},"schema":{"@context":"https:\/\/schema.org","@graph":[{"@type":"Article","@id":"https:\/\/www.africa-press.net\/cotedivoire\/homepage-french\/carena-un-bateau-coule-dans-la-lagune-avec-ses-grues-aucune-perte-en-vie-humaine-nest-a-deplorer#article","isPartOf":{"@id":"https:\/\/www.africa-press.net\/cotedivoire\/homepage-french\/carena-un-bateau-coule-dans-la-lagune-avec-ses-grues-aucune-perte-en-vie-humaine-nest-a-deplorer"},"author":{"name":"cfeditorfr","@id":"https:\/\/www.africa-press.net\/cotedivoire\/#\/schema\/person\/2b1cf3cd81a31e3cd26889ca66d677f1"},"headline":"Carena, un bateau coule dans la lagune avec ses grues, aucune perte en vie humaine n&rsquo;est \u00e0 d\u00e9plorer","datePublished":"2022-03-17T11:46:31+00:00","mainEntityOfPage":{"@id":"https:\/\/www.africa-press.net\/cotedivoire\/homepage-french\/carena-un-bateau-coule-dans-la-lagune-avec-ses-grues-aucune-perte-en-vie-humaine-nest-a-deplorer"},"wordCount":219,"commentCount":0,"image":{"@id":"https:\/\/www.africa-press.net\/cotedivoire\/homepage-french\/carena-un-bateau-coule-dans-la-lagune-avec-ses-grues-aucune-perte-en-vie-humaine-nest-a-deplorer#primaryimage"},"thumbnailUrl":"https:\/\/static.africa-press.net\/cote\/sites\/43\/2022\/03\/img-6233100b15f17.jpg","keywords":["Abidjan","Africa Press","Africa Press-C\u00f4te d'Ivoire","bateau","CARENA","C\u00d4TE D'IVOIRE","dock","grues","incident","Port"],"articleSection":["Communaut\u00e9","homepage-french"],"inLanguage":"fr-FR","potentialAction":[{"@type":"CommentAction","name":"Comment","target":["https:\/\/www.africa-press.net\/cotedivoire\/homepage-french\/carena-un-bateau-coule-dans-la-lagune-avec-ses-grues-aucune-perte-en-vie-humaine-nest-a-deplorer#respond"]}]},{"@type":"WebPage","@id":"https:\/\/www.africa-press.net\/cotedivoire\/homepage-french\/carena-un-bateau-coule-dans-la-lagune-avec-ses-grues-aucune-perte-en-vie-humaine-nest-a-deplorer","url":"https:\/\/www.africa-press.net\/cotedivoire\/homepage-french\/carena-un-bateau-coule-dans-la-lagune-avec-ses-grues-aucune-perte-en-vie-humaine-nest-a-deplorer","name":"Carena, un bateau coule dans la lagune avec ses grues, aucune perte en vie humaine n'est \u00e0 d\u00e9plorer - C\u00f4te d&#039;Ivoire","isPartOf":{"@id":"https:\/\/www.africa-press.net\/cotedivoire\/#website"},"primaryImageOfPage":{"@id":"https:\/\/www.africa-press.net\/cotedivoire\/homepage-french\/carena-un-bateau-coule-dans-la-lagune-avec-ses-grues-aucune-perte-en-vie-humaine-nest-a-deplorer#primaryimage"},"image":{"@id":"https:\/\/www.africa-press.net\/cotedivoire\/homepage-french\/carena-un-bateau-coule-dans-la-lagune-avec-ses-grues-aucune-perte-en-vie-humaine-nest-a-deplorer#primaryimage"},"thumbnailUrl":"https:\/\/static.africa-press.net\/cote\/sites\/43\/2022\/03\/img-6233100b15f17.jpg","datePublished":"2022-03-17T11:46:31+00:00","author":{"@id":"https:\/\/www.africa-press.net\/cotedivoire\/#\/schema\/person\/2b1cf3cd81a31e3cd26889ca66d677f1"},"description":"Un incident est survenu le mercredi 16 mars 2022 aux environs de 15h \u00e0 la CARENA (Compagnie Abidjanaise de R\u00e9paration Na ...","breadcrumb":{"@id":"https:\/\/www.africa-press.net\/cotedivoire\/homepage-french\/carena-un-bateau-coule-dans-la-lagune-avec-ses-grues-aucune-perte-en-vie-humaine-nest-a-deplorer#breadcrumb"},"inLanguage":"fr-FR","potentialAction":[{"@type":"ReadAction","target":["https:\/\/www.africa-press.net\/cotedivoire\/homepage-french\/carena-un-bateau-coule-dans-la-lagune-avec-ses-grues-aucune-perte-en-vie-humaine-nest-a-deplorer"]}]},{"@type":"ImageObject","inLanguage":"fr-FR","@id":"https:\/\/www.africa-press.net\/cotedivoire\/homepage-french\/carena-un-bateau-coule-dans-la-lagune-avec-ses-grues-aucune-perte-en-vie-humaine-nest-a-deplorer#primaryimage","url":"https:\/\/static.africa-press.net\/cote\/sites\/43\/2022\/03\/img-6233100b15f17.jpg","contentUrl":"https:\/\/static.africa-press.net\/cote\/sites\/43\/2022\/03\/img-6233100b15f17.jpg","width":720,"height":352,"caption":"Carena, un bateau coule dans la lagune avec ses grues, aucune perte en vie humaine n'est \u00e0 d\u00e9plorer"},{"@type":"BreadcrumbList","@id":"https:\/\/www.africa-press.net\/cotedivoire\/homepage-french\/carena-un-bateau-coule-dans-la-lagune-avec-ses-grues-aucune-perte-en-vie-humaine-nest-a-deplorer#breadcrumb","itemListElement":[{"@type":"ListItem","position":1,"name":"Accueil","item":"https:\/\/www.africa-press.net\/cotedivoire\/"},{"@type":"ListItem","position":2,"name":"Carena, un bateau coule dans la lagune avec ses grues, aucune perte en vie humaine n&#8217;est \u00e0 d\u00e9plorer"}]},{"@type":"WebSite","@id":"https:\/\/www.africa-press.net\/cotedivoire\/#website","url":"https:\/\/www.africa-press.net\/cotedivoire\/","name":"C\u00f4te d&#039;Ivoire","description":"Just another Africa News Agency Sites site","potentialAction":[{"@type":"SearchAction","target":{"@type":"EntryPoint","urlTemplate":"https:\/\/www.africa-press.net\/cotedivoire\/?s={search_term_string}"},"query-input":{"@type":"PropertyValueSpecification","valueRequired":true,"valueName":"search_term_string"}}],"inLanguage":"fr-FR"},{"@type":"Person","@id":"https:\/\/www.africa-press.net\/cotedivoire\/#\/schema\/person\/2b1cf3cd81a31e3cd26889ca66d677f1","name":"cfeditorfr"}]}},"_links":{"self":[{"href":"https:\/\/www.africa-press.net\/cotedivoire\/wp-json\/wp\/v2\/posts\/30393","targetHints":{"allow":["GET"]}}],"collection":[{"href":"https:\/\/www.africa-press.net\/cotedivoire\/wp-json\/wp\/v2\/posts"}],"about":[{"href":"https:\/\/www.africa-press.net\/cotedivoire\/wp-json\/wp\/v2\/types\/post"}],"author":[{"embeddable":true,"href":"https:\/\/www.africa-press.net\/cotedivoire\/wp-json\/wp\/v2\/users\/82"}],"replies":[{"embeddable":true,"href":"https:\/\/www.africa-press.net\/cotedivoire\/wp-json\/wp\/v2\/comments?post=30393"}],"version-history":[{"count":0,"href":"https:\/\/www.africa-press.net\/cotedivoire\/wp-json\/wp\/v2\/posts\/30393\/revisions"}],"wp:featuredmedia":[{"embeddable":true,"href":"https:\/\/www.africa-press.net\/cotedivoire\/wp-json\/wp\/v2\/media\/30392"}],"wp:attachment":[{"href":"https:\/\/www.africa-press.net\/cotedivoire\/wp-json\/wp\/v2\/media?parent=30393"}],"wp:term":[{"taxonomy":"category","embeddable":true,"href":"https:\/\/www.africa-press.net\/cotedivoire\/wp-json\/wp\/v2\/categories?post=30393"},{"taxonomy":"post_tag","embeddable":true,"href":"https:\/\/www.africa-press.net\/cotedivoire\/wp-json\/wp\/v2\/tags?post=30393"}],"curies":[{"name":"wp","href":"https:\/\/api.w.org\/{rel}","templated":true}]}}