{"id":30485,"date":"2022-03-18T18:21:12","date_gmt":"2022-03-18T18:21:12","guid":{"rendered":"https:\/\/www.africa-press.net\/cotedivoire\/?p=30485"},"modified":"2022-03-18T16:42:28","modified_gmt":"2022-03-18T16:42:28","slug":"achi-de-retour-des-etats-unis-passe-par-la-france-et-echange-avec-jean-castex-sur-la-vision-2030-de-ouattara","status":"publish","type":"post","link":"https:\/\/www.africa-press.net\/cotedivoire\/politique\/achi-de-retour-des-etats-unis-passe-par-la-france-et-echange-avec-jean-castex-sur-la-vision-2030-de-ouattara","title":{"rendered":"Achi de retour des Etats-Unis passe par la France et \u00e9change avec Jean Castex sur la vision 2030 de Ouattara"},"content":{"rendered":"<p><span style=\"color: #ff6600\"><strong>Africa-Press &#8211; C\u00f4te d&rsquo;Ivoire. <\/strong><\/span><b>Patrick Achi et Jean Castex ce vendredi \u00e0 Paris (Ph)<\/b><\/p>\n<p>En fin de mission aux Etats-Unis o\u00f9 il a pris part \u00e0 Washington D.C aux R\u00e9unions de Printemps du FMI et de la Banque Mondiale, le Premier Ministre, Patrick Achi, est pass\u00e9 par la France, o\u00f9 il a \u00e9chang\u00e9 avec son homologue Fran\u00e7ais, Jean Castex.<\/p>\n<p>Selon le chef du Gouvernement ; les deux hommes ont parl\u00e9 de la \u00ab vision 2030 d&rsquo;Alassane Ouattara pour le d\u00e9veloppement solidaire de la C\u00f4te d\u2019Ivoire. \u00bb<\/p>\n<p>\u00ab (&#8230;) bien s\u00fbr, le renforcement de notre fructueuse coop\u00e9ration, notamment dans l&rsquo;\u00e9ducation, les infrastructures avec les avanc\u00e9es du m\u00e9tro d\u2019Abidjan ou l&rsquo;acc\u00e9l\u00e9ration de notre industrie, gr\u00e2ce aux appuis de l\u2019AFD, du C2D et des investissements du secteur priv\u00e9 fran\u00e7ais. \u00bb<\/p>\n<p>Patrick Achi n\u2019a pas pour l\u2019heure communiqu\u00e9 sur la date de son retour au pays.<\/p>\n<p>Donatien Kautcha, Abidjan<\/p>\n<p><strong>Pour plus d&rsquo;informations et d&rsquo;analyses sur la <a href=\"https:\/\/www.africa-press.net\/cotedivoire\">C\u00f4te d&rsquo;Ivoire<\/a>, suivez <a href=\"https:\/\/www.africa-press.net\/\">Africa-Press<\/a><\/strong><\/p>\n","protected":false},"excerpt":{"rendered":"<p>Africa-Press &#8211; C\u00f4te d&rsquo;Ivoire. Patrick Achi et Jean Castex ce vendredi \u00e0 Paris (Ph) En fin de mission aux Etats-Unis o\u00f9 il a pris part \u00e0 Washington D.C aux R\u00e9unions de Printemps du FMI et de la Banque Mondiale, le Premier Ministre, Patrick Achi, est pass\u00e9 par la France, o\u00f9 il a \u00e9chang\u00e9 avec son [&hellip;]<\/p>\n","protected":false},"author":82,"featured_media":30484,"comment_status":"open","ping_status":"closed","sticky":false,"template":"","format":"standard","meta":{"footnotes":""},"categories":[11,2,20,10],"tags":[56,63,29,5063,727,1448,402,5062],"class_list":["post-30485","post","type-post","status-publish","format-standard","has-post-thumbnail","hentry","category-homepage-french","category-politique","category-top-nouvelles","category-toutes-les-actualites","tag-africa-press","tag-africa-press-cote-divoire","tag-cote-divoire","tag-jean-castex","tag-ouattara","tag-paris","tag-patrick-achi","tag-vision-2030"],"yoast_head":"<!-- This site is optimized with the Yoast SEO Premium plugin v26.1 (Yoast SEO v27.0) - https:\/\/yoast.com\/product\/yoast-seo-premium-wordpress\/ -->\n<title>Achi de retour des Etats-Unis passe par la France et \u00e9change avec Jean Castex sur la vision 2030 de Ouattara - C\u00f4te d&#039;Ivoire<\/title>\n<meta name=\"description\" content=\"Patrick Achi et Jean Castex ce vendredi \u00e0 Paris (Ph) En fin de mission aux Etats-Unis o\u00f9 il a pris part \u00e0 Washin ...\" \/>\n<meta name=\"robots\" content=\"index, follow, max-snippet:-1, max-image-preview:large, max-video-preview:-1\" \/>\n<link rel=\"canonical\" href=\"https:\/\/www.africa-press.net\/cotedivoire\/politique\/achi-de-retour-des-etats-unis-passe-par-la-france-et-echange-avec-jean-castex-sur-la-vision-2030-de-ouattara\" \/>\n<meta property=\"og:locale\" content=\"fr_FR\" \/>\n<meta property=\"og:type\" content=\"article\" \/>\n<meta property=\"og:title\" content=\"Achi de retour des Etats-Unis passe par la France et \u00e9change avec Jean Castex sur la vision 2030 de Ouattara\" \/>\n<meta property=\"og:description\" content=\"Patrick Achi et Jean Castex ce vendredi \u00e0 Paris (Ph) En fin de mission aux Etats-Unis o\u00f9 il a pris part \u00e0 Washin ...\" \/>\n<meta property=\"og:url\" content=\"https:\/\/www.africa-press.net\/cotedivoire\/politique\/achi-de-retour-des-etats-unis-passe-par-la-france-et-echange-avec-jean-castex-sur-la-vision-2030-de-ouattara\" \/>\n<meta property=\"og:site_name\" content=\"C\u00f4te d&#039;Ivoire\" \/>\n<meta property=\"article:published_time\" content=\"2022-03-18T18:21:12+00:00\" \/>\n<meta property=\"og:image\" content=\"https:\/\/static.africa-press.net\/cote\/sites\/43\/2022\/03\/img-6234b64feac89.jpg\" \/>\n\t<meta property=\"og:image:width\" content=\"720\" \/>\n\t<meta property=\"og:image:height\" content=\"480\" \/>\n\t<meta property=\"og:image:type\" content=\"image\/jpeg\" \/>\n<meta name=\"author\" content=\"cfeditorfr\" \/>\n<meta name=\"twitter:card\" content=\"summary_large_image\" \/>\n<meta name=\"twitter:label1\" content=\"\u00c9crit par\" \/>\n\t<meta name=\"twitter:data1\" content=\"cfeditorfr\" \/>\n\t<meta name=\"twitter:label2\" content=\"Dur\u00e9e de lecture estim\u00e9e\" \/>\n\t<meta name=\"twitter:data2\" content=\"1 minute\" \/>\n<script type=\"application\/ld+json\" class=\"yoast-schema-graph\">{\"@context\":\"https:\/\/schema.org\",\"@graph\":[{\"@type\":\"Article\",\"@id\":\"https:\/\/www.africa-press.net\/cotedivoire\/politique\/achi-de-retour-des-etats-unis-passe-par-la-france-et-echange-avec-jean-castex-sur-la-vision-2030-de-ouattara#article\",\"isPartOf\":{\"@id\":\"https:\/\/www.africa-press.net\/cotedivoire\/politique\/achi-de-retour-des-etats-unis-passe-par-la-france-et-echange-avec-jean-castex-sur-la-vision-2030-de-ouattara\"},\"author\":{\"name\":\"cfeditorfr\",\"@id\":\"https:\/\/www.africa-press.net\/cotedivoire\/#\/schema\/person\/2b1cf3cd81a31e3cd26889ca66d677f1\"},\"headline\":\"Achi de retour des Etats-Unis passe par la France et \u00e9change avec Jean Castex sur la vision 2030 de Ouattara\",\"datePublished\":\"2022-03-18T18:21:12+00:00\",\"mainEntityOfPage\":{\"@id\":\"https:\/\/www.africa-press.net\/cotedivoire\/politique\/achi-de-retour-des-etats-unis-passe-par-la-france-et-echange-avec-jean-castex-sur-la-vision-2030-de-ouattara\"},\"wordCount\":194,\"commentCount\":0,\"image\":{\"@id\":\"https:\/\/www.africa-press.net\/cotedivoire\/politique\/achi-de-retour-des-etats-unis-passe-par-la-france-et-echange-avec-jean-castex-sur-la-vision-2030-de-ouattara#primaryimage\"},\"thumbnailUrl\":\"https:\/\/static.africa-press.net\/cote\/sites\/43\/2022\/03\/img-6234b64feac89.jpg\",\"keywords\":[\"Africa Press\",\"Africa Press-C\u00f4te d'Ivoire\",\"C\u00d4TE D'IVOIRE\",\"Jean Castex\",\"Ouattara\",\"Paris\",\"Patrick Achi\",\"vision 2030\"],\"articleSection\":[\"homepage-french\",\"Politique\",\"Top Nouvelles\",\"Toutes les actualit\u00e9s\"],\"inLanguage\":\"fr-FR\",\"potentialAction\":[{\"@type\":\"CommentAction\",\"name\":\"Comment\",\"target\":[\"https:\/\/www.africa-press.net\/cotedivoire\/politique\/achi-de-retour-des-etats-unis-passe-par-la-france-et-echange-avec-jean-castex-sur-la-vision-2030-de-ouattara#respond\"]}]},{\"@type\":\"WebPage\",\"@id\":\"https:\/\/www.africa-press.net\/cotedivoire\/politique\/achi-de-retour-des-etats-unis-passe-par-la-france-et-echange-avec-jean-castex-sur-la-vision-2030-de-ouattara\",\"url\":\"https:\/\/www.africa-press.net\/cotedivoire\/politique\/achi-de-retour-des-etats-unis-passe-par-la-france-et-echange-avec-jean-castex-sur-la-vision-2030-de-ouattara\",\"name\":\"Achi de retour des Etats-Unis passe par la France et \u00e9change avec Jean Castex sur la vision 2030 de Ouattara - C\u00f4te d&#039;Ivoire\",\"isPartOf\":{\"@id\":\"https:\/\/www.africa-press.net\/cotedivoire\/#website\"},\"primaryImageOfPage\":{\"@id\":\"https:\/\/www.africa-press.net\/cotedivoire\/politique\/achi-de-retour-des-etats-unis-passe-par-la-france-et-echange-avec-jean-castex-sur-la-vision-2030-de-ouattara#primaryimage\"},\"image\":{\"@id\":\"https:\/\/www.africa-press.net\/cotedivoire\/politique\/achi-de-retour-des-etats-unis-passe-par-la-france-et-echange-avec-jean-castex-sur-la-vision-2030-de-ouattara#primaryimage\"},\"thumbnailUrl\":\"https:\/\/static.africa-press.net\/cote\/sites\/43\/2022\/03\/img-6234b64feac89.jpg\",\"datePublished\":\"2022-03-18T18:21:12+00:00\",\"author\":{\"@id\":\"https:\/\/www.africa-press.net\/cotedivoire\/#\/schema\/person\/2b1cf3cd81a31e3cd26889ca66d677f1\"},\"description\":\"Patrick Achi et Jean Castex ce vendredi \u00e0 Paris (Ph) En fin de mission aux Etats-Unis o\u00f9 il a pris part \u00e0 Washin ...\",\"breadcrumb\":{\"@id\":\"https:\/\/www.africa-press.net\/cotedivoire\/politique\/achi-de-retour-des-etats-unis-passe-par-la-france-et-echange-avec-jean-castex-sur-la-vision-2030-de-ouattara#breadcrumb\"},\"inLanguage\":\"fr-FR\",\"potentialAction\":[{\"@type\":\"ReadAction\",\"target\":[\"https:\/\/www.africa-press.net\/cotedivoire\/politique\/achi-de-retour-des-etats-unis-passe-par-la-france-et-echange-avec-jean-castex-sur-la-vision-2030-de-ouattara\"]}]},{\"@type\":\"ImageObject\",\"inLanguage\":\"fr-FR\",\"@id\":\"https:\/\/www.africa-press.net\/cotedivoire\/politique\/achi-de-retour-des-etats-unis-passe-par-la-france-et-echange-avec-jean-castex-sur-la-vision-2030-de-ouattara#primaryimage\",\"url\":\"https:\/\/static.africa-press.net\/cote\/sites\/43\/2022\/03\/img-6234b64feac89.jpg\",\"contentUrl\":\"https:\/\/static.africa-press.net\/cote\/sites\/43\/2022\/03\/img-6234b64feac89.jpg\",\"width\":720,\"height\":480,\"caption\":\"Achi de retour des Etats-Unis passe par la France et \u00e9change avec Jean Castex sur la vision 2030 de Ouattara\"},{\"@type\":\"BreadcrumbList\",\"@id\":\"https:\/\/www.africa-press.net\/cotedivoire\/politique\/achi-de-retour-des-etats-unis-passe-par-la-france-et-echange-avec-jean-castex-sur-la-vision-2030-de-ouattara#breadcrumb\",\"itemListElement\":[{\"@type\":\"ListItem\",\"position\":1,\"name\":\"Accueil\",\"item\":\"https:\/\/www.africa-press.net\/cotedivoire\/\"},{\"@type\":\"ListItem\",\"position\":2,\"name\":\"Achi de retour des Etats-Unis passe par la France et \u00e9change avec Jean Castex sur la vision 2030 de Ouattara\"}]},{\"@type\":\"WebSite\",\"@id\":\"https:\/\/www.africa-press.net\/cotedivoire\/#website\",\"url\":\"https:\/\/www.africa-press.net\/cotedivoire\/\",\"name\":\"C\u00f4te d&#039;Ivoire\",\"description\":\"Just another Africa News Agency Sites site\",\"potentialAction\":[{\"@type\":\"SearchAction\",\"target\":{\"@type\":\"EntryPoint\",\"urlTemplate\":\"https:\/\/www.africa-press.net\/cotedivoire\/?s={search_term_string}\"},\"query-input\":{\"@type\":\"PropertyValueSpecification\",\"valueRequired\":true,\"valueName\":\"search_term_string\"}}],\"inLanguage\":\"fr-FR\"},{\"@type\":\"Person\",\"@id\":\"https:\/\/www.africa-press.net\/cotedivoire\/#\/schema\/person\/2b1cf3cd81a31e3cd26889ca66d677f1\",\"name\":\"cfeditorfr\"}]}<\/script>\n<!-- \/ Yoast SEO Premium plugin. -->","yoast_head_json":{"title":"Achi de retour des Etats-Unis passe par la France et \u00e9change avec Jean Castex sur la vision 2030 de Ouattara - C\u00f4te d&#039;Ivoire","description":"Patrick Achi et Jean Castex ce vendredi \u00e0 Paris (Ph) En fin de mission aux Etats-Unis o\u00f9 il a pris part \u00e0 Washin ...","robots":{"index":"index","follow":"follow","max-snippet":"max-snippet:-1","max-image-preview":"max-image-preview:large","max-video-preview":"max-video-preview:-1"},"canonical":"https:\/\/www.africa-press.net\/cotedivoire\/politique\/achi-de-retour-des-etats-unis-passe-par-la-france-et-echange-avec-jean-castex-sur-la-vision-2030-de-ouattara","og_locale":"fr_FR","og_type":"article","og_title":"Achi de retour des Etats-Unis passe par la France et \u00e9change avec Jean Castex sur la vision 2030 de Ouattara","og_description":"Patrick Achi et Jean Castex ce vendredi \u00e0 Paris (Ph) En fin de mission aux Etats-Unis o\u00f9 il a pris part \u00e0 Washin ...","og_url":"https:\/\/www.africa-press.net\/cotedivoire\/politique\/achi-de-retour-des-etats-unis-passe-par-la-france-et-echange-avec-jean-castex-sur-la-vision-2030-de-ouattara","og_site_name":"C\u00f4te d&#039;Ivoire","article_published_time":"2022-03-18T18:21:12+00:00","og_image":[{"width":720,"height":480,"url":"https:\/\/static.africa-press.net\/cote\/sites\/43\/2022\/03\/img-6234b64feac89.jpg","type":"image\/jpeg"}],"author":"cfeditorfr","twitter_card":"summary_large_image","twitter_misc":{"\u00c9crit par":"cfeditorfr","Dur\u00e9e de lecture estim\u00e9e":"1 minute"},"schema":{"@context":"https:\/\/schema.org","@graph":[{"@type":"Article","@id":"https:\/\/www.africa-press.net\/cotedivoire\/politique\/achi-de-retour-des-etats-unis-passe-par-la-france-et-echange-avec-jean-castex-sur-la-vision-2030-de-ouattara#article","isPartOf":{"@id":"https:\/\/www.africa-press.net\/cotedivoire\/politique\/achi-de-retour-des-etats-unis-passe-par-la-france-et-echange-avec-jean-castex-sur-la-vision-2030-de-ouattara"},"author":{"name":"cfeditorfr","@id":"https:\/\/www.africa-press.net\/cotedivoire\/#\/schema\/person\/2b1cf3cd81a31e3cd26889ca66d677f1"},"headline":"Achi de retour des Etats-Unis passe par la France et \u00e9change avec Jean Castex sur la vision 2030 de Ouattara","datePublished":"2022-03-18T18:21:12+00:00","mainEntityOfPage":{"@id":"https:\/\/www.africa-press.net\/cotedivoire\/politique\/achi-de-retour-des-etats-unis-passe-par-la-france-et-echange-avec-jean-castex-sur-la-vision-2030-de-ouattara"},"wordCount":194,"commentCount":0,"image":{"@id":"https:\/\/www.africa-press.net\/cotedivoire\/politique\/achi-de-retour-des-etats-unis-passe-par-la-france-et-echange-avec-jean-castex-sur-la-vision-2030-de-ouattara#primaryimage"},"thumbnailUrl":"https:\/\/static.africa-press.net\/cote\/sites\/43\/2022\/03\/img-6234b64feac89.jpg","keywords":["Africa Press","Africa Press-C\u00f4te d'Ivoire","C\u00d4TE D'IVOIRE","Jean Castex","Ouattara","Paris","Patrick Achi","vision 2030"],"articleSection":["homepage-french","Politique","Top Nouvelles","Toutes les actualit\u00e9s"],"inLanguage":"fr-FR","potentialAction":[{"@type":"CommentAction","name":"Comment","target":["https:\/\/www.africa-press.net\/cotedivoire\/politique\/achi-de-retour-des-etats-unis-passe-par-la-france-et-echange-avec-jean-castex-sur-la-vision-2030-de-ouattara#respond"]}]},{"@type":"WebPage","@id":"https:\/\/www.africa-press.net\/cotedivoire\/politique\/achi-de-retour-des-etats-unis-passe-par-la-france-et-echange-avec-jean-castex-sur-la-vision-2030-de-ouattara","url":"https:\/\/www.africa-press.net\/cotedivoire\/politique\/achi-de-retour-des-etats-unis-passe-par-la-france-et-echange-avec-jean-castex-sur-la-vision-2030-de-ouattara","name":"Achi de retour des Etats-Unis passe par la France et \u00e9change avec Jean Castex sur la vision 2030 de Ouattara - C\u00f4te d&#039;Ivoire","isPartOf":{"@id":"https:\/\/www.africa-press.net\/cotedivoire\/#website"},"primaryImageOfPage":{"@id":"https:\/\/www.africa-press.net\/cotedivoire\/politique\/achi-de-retour-des-etats-unis-passe-par-la-france-et-echange-avec-jean-castex-sur-la-vision-2030-de-ouattara#primaryimage"},"image":{"@id":"https:\/\/www.africa-press.net\/cotedivoire\/politique\/achi-de-retour-des-etats-unis-passe-par-la-france-et-echange-avec-jean-castex-sur-la-vision-2030-de-ouattara#primaryimage"},"thumbnailUrl":"https:\/\/static.africa-press.net\/cote\/sites\/43\/2022\/03\/img-6234b64feac89.jpg","datePublished":"2022-03-18T18:21:12+00:00","author":{"@id":"https:\/\/www.africa-press.net\/cotedivoire\/#\/schema\/person\/2b1cf3cd81a31e3cd26889ca66d677f1"},"description":"Patrick Achi et Jean Castex ce vendredi \u00e0 Paris (Ph) En fin de mission aux Etats-Unis o\u00f9 il a pris part \u00e0 Washin ...","breadcrumb":{"@id":"https:\/\/www.africa-press.net\/cotedivoire\/politique\/achi-de-retour-des-etats-unis-passe-par-la-france-et-echange-avec-jean-castex-sur-la-vision-2030-de-ouattara#breadcrumb"},"inLanguage":"fr-FR","potentialAction":[{"@type":"ReadAction","target":["https:\/\/www.africa-press.net\/cotedivoire\/politique\/achi-de-retour-des-etats-unis-passe-par-la-france-et-echange-avec-jean-castex-sur-la-vision-2030-de-ouattara"]}]},{"@type":"ImageObject","inLanguage":"fr-FR","@id":"https:\/\/www.africa-press.net\/cotedivoire\/politique\/achi-de-retour-des-etats-unis-passe-par-la-france-et-echange-avec-jean-castex-sur-la-vision-2030-de-ouattara#primaryimage","url":"https:\/\/static.africa-press.net\/cote\/sites\/43\/2022\/03\/img-6234b64feac89.jpg","contentUrl":"https:\/\/static.africa-press.net\/cote\/sites\/43\/2022\/03\/img-6234b64feac89.jpg","width":720,"height":480,"caption":"Achi de retour des Etats-Unis passe par la France et \u00e9change avec Jean Castex sur la vision 2030 de Ouattara"},{"@type":"BreadcrumbList","@id":"https:\/\/www.africa-press.net\/cotedivoire\/politique\/achi-de-retour-des-etats-unis-passe-par-la-france-et-echange-avec-jean-castex-sur-la-vision-2030-de-ouattara#breadcrumb","itemListElement":[{"@type":"ListItem","position":1,"name":"Accueil","item":"https:\/\/www.africa-press.net\/cotedivoire\/"},{"@type":"ListItem","position":2,"name":"Achi de retour des Etats-Unis passe par la France et \u00e9change avec Jean Castex sur la vision 2030 de Ouattara"}]},{"@type":"WebSite","@id":"https:\/\/www.africa-press.net\/cotedivoire\/#website","url":"https:\/\/www.africa-press.net\/cotedivoire\/","name":"C\u00f4te d&#039;Ivoire","description":"Just another Africa News Agency Sites site","potentialAction":[{"@type":"SearchAction","target":{"@type":"EntryPoint","urlTemplate":"https:\/\/www.africa-press.net\/cotedivoire\/?s={search_term_string}"},"query-input":{"@type":"PropertyValueSpecification","valueRequired":true,"valueName":"search_term_string"}}],"inLanguage":"fr-FR"},{"@type":"Person","@id":"https:\/\/www.africa-press.net\/cotedivoire\/#\/schema\/person\/2b1cf3cd81a31e3cd26889ca66d677f1","name":"cfeditorfr"}]}},"_links":{"self":[{"href":"https:\/\/www.africa-press.net\/cotedivoire\/wp-json\/wp\/v2\/posts\/30485","targetHints":{"allow":["GET"]}}],"collection":[{"href":"https:\/\/www.africa-press.net\/cotedivoire\/wp-json\/wp\/v2\/posts"}],"about":[{"href":"https:\/\/www.africa-press.net\/cotedivoire\/wp-json\/wp\/v2\/types\/post"}],"author":[{"embeddable":true,"href":"https:\/\/www.africa-press.net\/cotedivoire\/wp-json\/wp\/v2\/users\/82"}],"replies":[{"embeddable":true,"href":"https:\/\/www.africa-press.net\/cotedivoire\/wp-json\/wp\/v2\/comments?post=30485"}],"version-history":[{"count":0,"href":"https:\/\/www.africa-press.net\/cotedivoire\/wp-json\/wp\/v2\/posts\/30485\/revisions"}],"wp:featuredmedia":[{"embeddable":true,"href":"https:\/\/www.africa-press.net\/cotedivoire\/wp-json\/wp\/v2\/media\/30484"}],"wp:attachment":[{"href":"https:\/\/www.africa-press.net\/cotedivoire\/wp-json\/wp\/v2\/media?parent=30485"}],"wp:term":[{"taxonomy":"category","embeddable":true,"href":"https:\/\/www.africa-press.net\/cotedivoire\/wp-json\/wp\/v2\/categories?post=30485"},{"taxonomy":"post_tag","embeddable":true,"href":"https:\/\/www.africa-press.net\/cotedivoire\/wp-json\/wp\/v2\/tags?post=30485"}],"curies":[{"name":"wp","href":"https:\/\/api.w.org\/{rel}","templated":true}]}}