{"id":30884,"date":"2022-03-23T17:27:59","date_gmt":"2022-03-23T17:27:59","guid":{"rendered":"https:\/\/www.africa-press.net\/cotedivoire\/?p=30884"},"modified":"2022-03-23T16:42:50","modified_gmt":"2022-03-23T16:42:50","slug":"avant-la-rencontre-contre-les-elephants-vendredi-deschamps-evoque-la-non-selection-de-haller-avec-les-bleus","status":"publish","type":"post","link":"https:\/\/www.africa-press.net\/cotedivoire\/sports\/avant-la-rencontre-contre-les-elephants-vendredi-deschamps-evoque-la-non-selection-de-haller-avec-les-bleus","title":{"rendered":"Avant la rencontre contre les \u00e9l\u00e9phants vendredi, Deschamps \u00e9voque la non-s\u00e9lection de Haller avec les bleus"},"content":{"rendered":"<p><span style=\"color: #ff6600\"><strong>Africa-Press &#8211; C\u00f4te d&rsquo;Ivoire. <\/strong><\/span><b>Haller en regroupement avec les \u00e9l\u00e9phants mardi en France (Ph)<\/b><\/p>\n<p>La France accueille la C\u00f4te d\u2019Ivoire vendredi prochain en match amical au Stade V\u00e9lodrome de Marseille.<\/p>\n<p>Avant ce rendez-vous tant attendu par les sportifs, le s\u00e9lectionneur fran\u00e7ais, Didier Deschamps, s\u2019est confi\u00e9 au micro du confr\u00e8re RFI.<\/p>\n<p>Le champion du monde 2018 a \u00e9voqu\u00e9 la non-s\u00e9lection de l\u2019attaquant de l\u2019Ajax d\u2019Amsterdam, S\u00e9bastien Haller, qui a d\u00e9cid\u00e9 de jouer pour le pays d\u2019origine de sa m\u00e8re, apr\u00e8s avoir \u00e9volu\u00e9 avec les bleuets.<\/p>\n<p>Pour Didier Descamps, c\u2019est son choix. Il a cette libert\u00e9, comme l\u2019ont fait d\u2019autres joueurs qu\u2019on appelle binationaux.<\/p>\n<p>\u00ab (&#8230;) Des fois ils ont trois choix. A un moment, ils d\u00e9cident de choisir. C\u2019est plus facile \u00e0 dire aujourd\u2019hui parce que S\u00e9bastien n\u2019a pas eu une trajectoire lin\u00e9aire \u00bb, explique le technicien fran\u00e7ais, puis d\u2019ajouter. \u00ab Ce qu\u2019il fait ces derniers mois, est-ce que c\u2019est li\u00e9 au fait d\u2019\u00eatre devenu international ivoirien ou pas ? Evidemment, il fait partie de tr\u00e8s bons attaquants au niveau international, mais il n\u2019est plus s\u00e9lectionnable. (&#8230;) Il a attendu, peut-\u00eatre, comme d\u2019autres. A l\u2019Ajax \u00e9videmment, il est \u00e9panoui, il a une efficacit\u00e9 qui est beaucoup importante et forc\u00e9ment \u00e7a rejailli aussi. Ou le fait d\u2019avoir \u00e9t\u00e9 international ivoirien a eu une incidence ou une influence sur ses performances (&#8230;) \u00bb<\/p>\n<p>Interrog\u00e9 sur son choix de jouer pour la C\u00f4te d\u2019Ivoire la semaine, S\u00e9bastien Haller a r\u00e9affirm\u00e9 qu\u2019il ne regrette rien.<\/p>\n<p>\u00ab Z\u00e9ro regret. La plupart du temps, j\u2019essaie d\u2019avoir cette approche, de ne pas avoir de regrets \u00bb, a poursuivi l\u2019attaquant de l\u2019Ajax. Quand je fais quelque chose, j\u2019essaie d\u2019aller au bout et de ne jamais regarder en arri\u00e8re. Je suis tr\u00e8s concentr\u00e9 sur la C\u00f4te d\u2019Ivoire. Je n\u2019ai aucun regret, car ce n\u2019est m\u00eame pas dans ma t\u00eate. Bien s\u00fbr, ils me demandent, mais je n\u2019ai aucun regret. Je suis tr\u00e8s heureux \u00bb, a d\u00e9clar\u00e9 le n\u00e9o-buteur des \u00e9l\u00e9phants au micro d\u2019une t\u00e9l\u00e9vision occidentale.<\/p>\n<p>Donatien kautcha, Abidjan<\/p>\n<p><strong>Pour plus d&rsquo;informations et d&rsquo;analyses sur la <a href=\"https:\/\/www.africa-press.net\/cotedivoire\">C\u00f4te d&rsquo;Ivoire<\/a>, suivez <a href=\"https:\/\/www.africa-press.net\/\">Africa-Press<\/a><\/strong><\/p>\n","protected":false},"excerpt":{"rendered":"<p>Africa-Press &#8211; C\u00f4te d&rsquo;Ivoire. Haller en regroupement avec les \u00e9l\u00e9phants mardi en France (Ph) La France accueille la C\u00f4te d\u2019Ivoire vendredi prochain en match amical au Stade V\u00e9lodrome de Marseille. Avant ce rendez-vous tant attendu par les sportifs, le s\u00e9lectionneur fran\u00e7ais, Didier Deschamps, s\u2019est confi\u00e9 au micro du confr\u00e8re RFI. Le champion du monde 2018 [&hellip;]<\/p>\n","protected":false},"author":82,"featured_media":30882,"comment_status":"open","ping_status":"closed","sticky":false,"template":"","format":"standard","meta":{"footnotes":""},"categories":[11,6,10],"tags":[56,63,5132,29,5133,526,1385,2394],"class_list":["post-30884","post","type-post","status-publish","format-standard","has-post-thumbnail","hentry","category-homepage-french","category-sports","category-toutes-les-actualites","tag-africa-press","tag-africa-press-cote-divoire","tag-bleus","tag-cote-divoire","tag-didier-deschamps","tag-elephants","tag-sebastien-haller","tag-selection"],"yoast_head":"<!-- This site is optimized with the Yoast SEO Premium plugin v26.1 (Yoast SEO v27.0) - https:\/\/yoast.com\/product\/yoast-seo-premium-wordpress\/ -->\n<title>Avant la rencontre contre les \u00e9l\u00e9phants vendredi, Deschamps \u00e9voque la non-s\u00e9lection de Haller avec les bleus - C\u00f4te d&#039;Ivoire<\/title>\n<meta name=\"description\" content=\"Haller en regroupement avec les \u00e9l\u00e9phants mardi en France (Ph) La France accueille la C\u00f4te d\u2019Ivoire vendredi pro ...\" \/>\n<meta name=\"robots\" content=\"index, follow, max-snippet:-1, max-image-preview:large, max-video-preview:-1\" \/>\n<link rel=\"canonical\" href=\"https:\/\/www.africa-press.net\/cotedivoire\/sports\/avant-la-rencontre-contre-les-elephants-vendredi-deschamps-evoque-la-non-selection-de-haller-avec-les-bleus\" \/>\n<meta property=\"og:locale\" content=\"fr_FR\" \/>\n<meta property=\"og:type\" content=\"article\" \/>\n<meta property=\"og:title\" content=\"Avant la rencontre contre les \u00e9l\u00e9phants vendredi, Deschamps \u00e9voque la non-s\u00e9lection de Haller avec les bleus\" \/>\n<meta property=\"og:description\" content=\"Haller en regroupement avec les \u00e9l\u00e9phants mardi en France (Ph) La France accueille la C\u00f4te d\u2019Ivoire vendredi pro ...\" \/>\n<meta property=\"og:url\" content=\"https:\/\/www.africa-press.net\/cotedivoire\/sports\/avant-la-rencontre-contre-les-elephants-vendredi-deschamps-evoque-la-non-selection-de-haller-avec-les-bleus\" \/>\n<meta property=\"og:site_name\" content=\"C\u00f4te d&#039;Ivoire\" \/>\n<meta property=\"article:published_time\" content=\"2022-03-23T17:27:59+00:00\" \/>\n<meta property=\"og:image\" content=\"https:\/\/static.africa-press.net\/cote\/sites\/43\/2022\/03\/img-623b4d5f0c497.jpg\" \/>\n\t<meta property=\"og:image:width\" content=\"720\" \/>\n\t<meta property=\"og:image:height\" content=\"528\" \/>\n\t<meta property=\"og:image:type\" content=\"image\/jpeg\" \/>\n<meta name=\"author\" content=\"cfeditorfr\" \/>\n<meta name=\"twitter:card\" content=\"summary_large_image\" \/>\n<meta name=\"twitter:label1\" content=\"\u00c9crit par\" \/>\n\t<meta name=\"twitter:data1\" content=\"cfeditorfr\" \/>\n\t<meta name=\"twitter:label2\" content=\"Dur\u00e9e de lecture estim\u00e9e\" \/>\n\t<meta name=\"twitter:data2\" content=\"2 minutes\" \/>\n<script type=\"application\/ld+json\" class=\"yoast-schema-graph\">{\"@context\":\"https:\/\/schema.org\",\"@graph\":[{\"@type\":\"Article\",\"@id\":\"https:\/\/www.africa-press.net\/cotedivoire\/sports\/avant-la-rencontre-contre-les-elephants-vendredi-deschamps-evoque-la-non-selection-de-haller-avec-les-bleus#article\",\"isPartOf\":{\"@id\":\"https:\/\/www.africa-press.net\/cotedivoire\/sports\/avant-la-rencontre-contre-les-elephants-vendredi-deschamps-evoque-la-non-selection-de-haller-avec-les-bleus\"},\"author\":{\"name\":\"cfeditorfr\",\"@id\":\"https:\/\/www.africa-press.net\/cotedivoire\/#\/schema\/person\/2b1cf3cd81a31e3cd26889ca66d677f1\"},\"headline\":\"Avant la rencontre contre les \u00e9l\u00e9phants vendredi, Deschamps \u00e9voque la non-s\u00e9lection de Haller avec les bleus\",\"datePublished\":\"2022-03-23T17:27:59+00:00\",\"mainEntityOfPage\":{\"@id\":\"https:\/\/www.africa-press.net\/cotedivoire\/sports\/avant-la-rencontre-contre-les-elephants-vendredi-deschamps-evoque-la-non-selection-de-haller-avec-les-bleus\"},\"wordCount\":419,\"commentCount\":0,\"image\":{\"@id\":\"https:\/\/www.africa-press.net\/cotedivoire\/sports\/avant-la-rencontre-contre-les-elephants-vendredi-deschamps-evoque-la-non-selection-de-haller-avec-les-bleus#primaryimage\"},\"thumbnailUrl\":\"https:\/\/static.africa-press.net\/cote\/sites\/43\/2022\/03\/img-623b4d5f0c497.jpg\",\"keywords\":[\"Africa Press\",\"Africa Press-C\u00f4te d'Ivoire\",\"bleus\",\"C\u00d4TE D'IVOIRE\",\"Didier Deschamps\",\"\u00e9l\u00e9phants\",\"S\u00e9bastien Haller\",\"s\u00e9lection\"],\"articleSection\":[\"homepage-french\",\"Sports\",\"Toutes les actualit\u00e9s\"],\"inLanguage\":\"fr-FR\",\"potentialAction\":[{\"@type\":\"CommentAction\",\"name\":\"Comment\",\"target\":[\"https:\/\/www.africa-press.net\/cotedivoire\/sports\/avant-la-rencontre-contre-les-elephants-vendredi-deschamps-evoque-la-non-selection-de-haller-avec-les-bleus#respond\"]}]},{\"@type\":\"WebPage\",\"@id\":\"https:\/\/www.africa-press.net\/cotedivoire\/sports\/avant-la-rencontre-contre-les-elephants-vendredi-deschamps-evoque-la-non-selection-de-haller-avec-les-bleus\",\"url\":\"https:\/\/www.africa-press.net\/cotedivoire\/sports\/avant-la-rencontre-contre-les-elephants-vendredi-deschamps-evoque-la-non-selection-de-haller-avec-les-bleus\",\"name\":\"Avant la rencontre contre les \u00e9l\u00e9phants vendredi, Deschamps \u00e9voque la non-s\u00e9lection de Haller avec les bleus - C\u00f4te d&#039;Ivoire\",\"isPartOf\":{\"@id\":\"https:\/\/www.africa-press.net\/cotedivoire\/#website\"},\"primaryImageOfPage\":{\"@id\":\"https:\/\/www.africa-press.net\/cotedivoire\/sports\/avant-la-rencontre-contre-les-elephants-vendredi-deschamps-evoque-la-non-selection-de-haller-avec-les-bleus#primaryimage\"},\"image\":{\"@id\":\"https:\/\/www.africa-press.net\/cotedivoire\/sports\/avant-la-rencontre-contre-les-elephants-vendredi-deschamps-evoque-la-non-selection-de-haller-avec-les-bleus#primaryimage\"},\"thumbnailUrl\":\"https:\/\/static.africa-press.net\/cote\/sites\/43\/2022\/03\/img-623b4d5f0c497.jpg\",\"datePublished\":\"2022-03-23T17:27:59+00:00\",\"author\":{\"@id\":\"https:\/\/www.africa-press.net\/cotedivoire\/#\/schema\/person\/2b1cf3cd81a31e3cd26889ca66d677f1\"},\"description\":\"Haller en regroupement avec les \u00e9l\u00e9phants mardi en France (Ph) La France accueille la C\u00f4te d\u2019Ivoire vendredi pro ...\",\"breadcrumb\":{\"@id\":\"https:\/\/www.africa-press.net\/cotedivoire\/sports\/avant-la-rencontre-contre-les-elephants-vendredi-deschamps-evoque-la-non-selection-de-haller-avec-les-bleus#breadcrumb\"},\"inLanguage\":\"fr-FR\",\"potentialAction\":[{\"@type\":\"ReadAction\",\"target\":[\"https:\/\/www.africa-press.net\/cotedivoire\/sports\/avant-la-rencontre-contre-les-elephants-vendredi-deschamps-evoque-la-non-selection-de-haller-avec-les-bleus\"]}]},{\"@type\":\"ImageObject\",\"inLanguage\":\"fr-FR\",\"@id\":\"https:\/\/www.africa-press.net\/cotedivoire\/sports\/avant-la-rencontre-contre-les-elephants-vendredi-deschamps-evoque-la-non-selection-de-haller-avec-les-bleus#primaryimage\",\"url\":\"https:\/\/static.africa-press.net\/cote\/sites\/43\/2022\/03\/img-623b4d5f0c497.jpg\",\"contentUrl\":\"https:\/\/static.africa-press.net\/cote\/sites\/43\/2022\/03\/img-623b4d5f0c497.jpg\",\"width\":720,\"height\":528,\"caption\":\"Avant la rencontre contre les \u00e9l\u00e9phants vendredi, Deschamps \u00e9voque la non-s\u00e9lection de Haller avec les bleus\"},{\"@type\":\"BreadcrumbList\",\"@id\":\"https:\/\/www.africa-press.net\/cotedivoire\/sports\/avant-la-rencontre-contre-les-elephants-vendredi-deschamps-evoque-la-non-selection-de-haller-avec-les-bleus#breadcrumb\",\"itemListElement\":[{\"@type\":\"ListItem\",\"position\":1,\"name\":\"Accueil\",\"item\":\"https:\/\/www.africa-press.net\/cotedivoire\/\"},{\"@type\":\"ListItem\",\"position\":2,\"name\":\"Avant la rencontre contre les \u00e9l\u00e9phants vendredi, Deschamps \u00e9voque la non-s\u00e9lection de Haller avec les bleus\"}]},{\"@type\":\"WebSite\",\"@id\":\"https:\/\/www.africa-press.net\/cotedivoire\/#website\",\"url\":\"https:\/\/www.africa-press.net\/cotedivoire\/\",\"name\":\"C\u00f4te d&#039;Ivoire\",\"description\":\"Just another Africa News Agency Sites site\",\"potentialAction\":[{\"@type\":\"SearchAction\",\"target\":{\"@type\":\"EntryPoint\",\"urlTemplate\":\"https:\/\/www.africa-press.net\/cotedivoire\/?s={search_term_string}\"},\"query-input\":{\"@type\":\"PropertyValueSpecification\",\"valueRequired\":true,\"valueName\":\"search_term_string\"}}],\"inLanguage\":\"fr-FR\"},{\"@type\":\"Person\",\"@id\":\"https:\/\/www.africa-press.net\/cotedivoire\/#\/schema\/person\/2b1cf3cd81a31e3cd26889ca66d677f1\",\"name\":\"cfeditorfr\"}]}<\/script>\n<!-- \/ Yoast SEO Premium plugin. -->","yoast_head_json":{"title":"Avant la rencontre contre les \u00e9l\u00e9phants vendredi, Deschamps \u00e9voque la non-s\u00e9lection de Haller avec les bleus - C\u00f4te d&#039;Ivoire","description":"Haller en regroupement avec les \u00e9l\u00e9phants mardi en France (Ph) La France accueille la C\u00f4te d\u2019Ivoire vendredi pro ...","robots":{"index":"index","follow":"follow","max-snippet":"max-snippet:-1","max-image-preview":"max-image-preview:large","max-video-preview":"max-video-preview:-1"},"canonical":"https:\/\/www.africa-press.net\/cotedivoire\/sports\/avant-la-rencontre-contre-les-elephants-vendredi-deschamps-evoque-la-non-selection-de-haller-avec-les-bleus","og_locale":"fr_FR","og_type":"article","og_title":"Avant la rencontre contre les \u00e9l\u00e9phants vendredi, Deschamps \u00e9voque la non-s\u00e9lection de Haller avec les bleus","og_description":"Haller en regroupement avec les \u00e9l\u00e9phants mardi en France (Ph) La France accueille la C\u00f4te d\u2019Ivoire vendredi pro ...","og_url":"https:\/\/www.africa-press.net\/cotedivoire\/sports\/avant-la-rencontre-contre-les-elephants-vendredi-deschamps-evoque-la-non-selection-de-haller-avec-les-bleus","og_site_name":"C\u00f4te d&#039;Ivoire","article_published_time":"2022-03-23T17:27:59+00:00","og_image":[{"width":720,"height":528,"url":"https:\/\/static.africa-press.net\/cote\/sites\/43\/2022\/03\/img-623b4d5f0c497.jpg","type":"image\/jpeg"}],"author":"cfeditorfr","twitter_card":"summary_large_image","twitter_misc":{"\u00c9crit par":"cfeditorfr","Dur\u00e9e de lecture estim\u00e9e":"2 minutes"},"schema":{"@context":"https:\/\/schema.org","@graph":[{"@type":"Article","@id":"https:\/\/www.africa-press.net\/cotedivoire\/sports\/avant-la-rencontre-contre-les-elephants-vendredi-deschamps-evoque-la-non-selection-de-haller-avec-les-bleus#article","isPartOf":{"@id":"https:\/\/www.africa-press.net\/cotedivoire\/sports\/avant-la-rencontre-contre-les-elephants-vendredi-deschamps-evoque-la-non-selection-de-haller-avec-les-bleus"},"author":{"name":"cfeditorfr","@id":"https:\/\/www.africa-press.net\/cotedivoire\/#\/schema\/person\/2b1cf3cd81a31e3cd26889ca66d677f1"},"headline":"Avant la rencontre contre les \u00e9l\u00e9phants vendredi, Deschamps \u00e9voque la non-s\u00e9lection de Haller avec les bleus","datePublished":"2022-03-23T17:27:59+00:00","mainEntityOfPage":{"@id":"https:\/\/www.africa-press.net\/cotedivoire\/sports\/avant-la-rencontre-contre-les-elephants-vendredi-deschamps-evoque-la-non-selection-de-haller-avec-les-bleus"},"wordCount":419,"commentCount":0,"image":{"@id":"https:\/\/www.africa-press.net\/cotedivoire\/sports\/avant-la-rencontre-contre-les-elephants-vendredi-deschamps-evoque-la-non-selection-de-haller-avec-les-bleus#primaryimage"},"thumbnailUrl":"https:\/\/static.africa-press.net\/cote\/sites\/43\/2022\/03\/img-623b4d5f0c497.jpg","keywords":["Africa Press","Africa Press-C\u00f4te d'Ivoire","bleus","C\u00d4TE D'IVOIRE","Didier Deschamps","\u00e9l\u00e9phants","S\u00e9bastien Haller","s\u00e9lection"],"articleSection":["homepage-french","Sports","Toutes les actualit\u00e9s"],"inLanguage":"fr-FR","potentialAction":[{"@type":"CommentAction","name":"Comment","target":["https:\/\/www.africa-press.net\/cotedivoire\/sports\/avant-la-rencontre-contre-les-elephants-vendredi-deschamps-evoque-la-non-selection-de-haller-avec-les-bleus#respond"]}]},{"@type":"WebPage","@id":"https:\/\/www.africa-press.net\/cotedivoire\/sports\/avant-la-rencontre-contre-les-elephants-vendredi-deschamps-evoque-la-non-selection-de-haller-avec-les-bleus","url":"https:\/\/www.africa-press.net\/cotedivoire\/sports\/avant-la-rencontre-contre-les-elephants-vendredi-deschamps-evoque-la-non-selection-de-haller-avec-les-bleus","name":"Avant la rencontre contre les \u00e9l\u00e9phants vendredi, Deschamps \u00e9voque la non-s\u00e9lection de Haller avec les bleus - C\u00f4te d&#039;Ivoire","isPartOf":{"@id":"https:\/\/www.africa-press.net\/cotedivoire\/#website"},"primaryImageOfPage":{"@id":"https:\/\/www.africa-press.net\/cotedivoire\/sports\/avant-la-rencontre-contre-les-elephants-vendredi-deschamps-evoque-la-non-selection-de-haller-avec-les-bleus#primaryimage"},"image":{"@id":"https:\/\/www.africa-press.net\/cotedivoire\/sports\/avant-la-rencontre-contre-les-elephants-vendredi-deschamps-evoque-la-non-selection-de-haller-avec-les-bleus#primaryimage"},"thumbnailUrl":"https:\/\/static.africa-press.net\/cote\/sites\/43\/2022\/03\/img-623b4d5f0c497.jpg","datePublished":"2022-03-23T17:27:59+00:00","author":{"@id":"https:\/\/www.africa-press.net\/cotedivoire\/#\/schema\/person\/2b1cf3cd81a31e3cd26889ca66d677f1"},"description":"Haller en regroupement avec les \u00e9l\u00e9phants mardi en France (Ph) La France accueille la C\u00f4te d\u2019Ivoire vendredi pro ...","breadcrumb":{"@id":"https:\/\/www.africa-press.net\/cotedivoire\/sports\/avant-la-rencontre-contre-les-elephants-vendredi-deschamps-evoque-la-non-selection-de-haller-avec-les-bleus#breadcrumb"},"inLanguage":"fr-FR","potentialAction":[{"@type":"ReadAction","target":["https:\/\/www.africa-press.net\/cotedivoire\/sports\/avant-la-rencontre-contre-les-elephants-vendredi-deschamps-evoque-la-non-selection-de-haller-avec-les-bleus"]}]},{"@type":"ImageObject","inLanguage":"fr-FR","@id":"https:\/\/www.africa-press.net\/cotedivoire\/sports\/avant-la-rencontre-contre-les-elephants-vendredi-deschamps-evoque-la-non-selection-de-haller-avec-les-bleus#primaryimage","url":"https:\/\/static.africa-press.net\/cote\/sites\/43\/2022\/03\/img-623b4d5f0c497.jpg","contentUrl":"https:\/\/static.africa-press.net\/cote\/sites\/43\/2022\/03\/img-623b4d5f0c497.jpg","width":720,"height":528,"caption":"Avant la rencontre contre les \u00e9l\u00e9phants vendredi, Deschamps \u00e9voque la non-s\u00e9lection de Haller avec les bleus"},{"@type":"BreadcrumbList","@id":"https:\/\/www.africa-press.net\/cotedivoire\/sports\/avant-la-rencontre-contre-les-elephants-vendredi-deschamps-evoque-la-non-selection-de-haller-avec-les-bleus#breadcrumb","itemListElement":[{"@type":"ListItem","position":1,"name":"Accueil","item":"https:\/\/www.africa-press.net\/cotedivoire\/"},{"@type":"ListItem","position":2,"name":"Avant la rencontre contre les \u00e9l\u00e9phants vendredi, Deschamps \u00e9voque la non-s\u00e9lection de Haller avec les bleus"}]},{"@type":"WebSite","@id":"https:\/\/www.africa-press.net\/cotedivoire\/#website","url":"https:\/\/www.africa-press.net\/cotedivoire\/","name":"C\u00f4te d&#039;Ivoire","description":"Just another Africa News Agency Sites site","potentialAction":[{"@type":"SearchAction","target":{"@type":"EntryPoint","urlTemplate":"https:\/\/www.africa-press.net\/cotedivoire\/?s={search_term_string}"},"query-input":{"@type":"PropertyValueSpecification","valueRequired":true,"valueName":"search_term_string"}}],"inLanguage":"fr-FR"},{"@type":"Person","@id":"https:\/\/www.africa-press.net\/cotedivoire\/#\/schema\/person\/2b1cf3cd81a31e3cd26889ca66d677f1","name":"cfeditorfr"}]}},"_links":{"self":[{"href":"https:\/\/www.africa-press.net\/cotedivoire\/wp-json\/wp\/v2\/posts\/30884","targetHints":{"allow":["GET"]}}],"collection":[{"href":"https:\/\/www.africa-press.net\/cotedivoire\/wp-json\/wp\/v2\/posts"}],"about":[{"href":"https:\/\/www.africa-press.net\/cotedivoire\/wp-json\/wp\/v2\/types\/post"}],"author":[{"embeddable":true,"href":"https:\/\/www.africa-press.net\/cotedivoire\/wp-json\/wp\/v2\/users\/82"}],"replies":[{"embeddable":true,"href":"https:\/\/www.africa-press.net\/cotedivoire\/wp-json\/wp\/v2\/comments?post=30884"}],"version-history":[{"count":0,"href":"https:\/\/www.africa-press.net\/cotedivoire\/wp-json\/wp\/v2\/posts\/30884\/revisions"}],"wp:featuredmedia":[{"embeddable":true,"href":"https:\/\/www.africa-press.net\/cotedivoire\/wp-json\/wp\/v2\/media\/30882"}],"wp:attachment":[{"href":"https:\/\/www.africa-press.net\/cotedivoire\/wp-json\/wp\/v2\/media?parent=30884"}],"wp:term":[{"taxonomy":"category","embeddable":true,"href":"https:\/\/www.africa-press.net\/cotedivoire\/wp-json\/wp\/v2\/categories?post=30884"},{"taxonomy":"post_tag","embeddable":true,"href":"https:\/\/www.africa-press.net\/cotedivoire\/wp-json\/wp\/v2\/tags?post=30884"}],"curies":[{"name":"wp","href":"https:\/\/api.w.org\/{rel}","templated":true}]}}