{"id":31390,"date":"2022-03-29T17:08:03","date_gmt":"2022-03-29T17:08:03","guid":{"rendered":"https:\/\/www.africa-press.net\/cotedivoire\/politique\/foire-intra-africaine-2023-plus-de-20-000-participants-attendus-a-abidjan"},"modified":"2022-03-29T17:20:59","modified_gmt":"2022-03-29T17:20:59","slug":"foire-intra-africaine-2023-plus-de-20-000-participants-attendus-a-abidjan","status":"publish","type":"post","link":"https:\/\/www.africa-press.net\/cotedivoire\/economie\/foire-intra-africaine-2023-plus-de-20-000-participants-attendus-a-abidjan","title":{"rendered":"Foire intra-africaine 2023  : plus de 20 000 participants  attendus \u00e0 Abidjan"},"content":{"rendered":"<p><span style=\"color: #ff6600\"><strong>Africa-Press &#8211; C\u00f4te d&rsquo;Ivoire. <\/strong><\/span><b>La R\u00e9publique de C\u00f4te d\u2019Ivoire et les organisateurs de la Foire commerciale intra-africaine dont Afreximbank ont sign\u00e9, le vendredi 25 mars 2022 \u00e0 Abidjan, un accord d\u2019accueil de la IIIe \u00e9dition de la Foire commerciale intra-africaine. A travers cet acte, le pays s\u2019engage \u00e0 organiser cette activit\u00e9 commerciale qui va r\u00e9unir plus de 20 000 participants dans la capitale \u00e9conomique ivoirienne.<\/b><\/p>\n<p>D\u00e9sign\u00e9e \u00e0 Durban (Afrique du Sud) en novembre dernier pour organiser l\u2019\u00e9dition 2023 de la Foire commerciale intra-africaine (IATF), la R\u00e9publique de C\u00f4te d\u2019Ivoire concr\u00e9tise son engagement \u00e0 travers une signature d\u2019accueil de l\u2019\u00e9v\u00e9nement. La c\u00e9r\u00e9monie de mat\u00e9rialisation a eu lieu \u00e0 Abidjan, le 25 mars 2022, en pr\u00e9sence du Premier ministre ivoirien, Patrick Achi. La IIIe \u00e9dition de l\u2019IATF va se tenir du 21 au 27 novembre 2023 avec la participation attendue de plus de 20 000 acteurs du commerce africain et la signature de pr\u00e8s de 40 milliards de dollars de contrats. \u00ab Le train de l\u2019IATF a quitt\u00e9 l\u2019Afrique du Sud et se dirige vers Abidjan, dans un pays qui valorise l\u2019int\u00e9gration continentale. L\u2019\u00e9conomie ivoirienne fait partie des \u00e9conomies qui se d\u00e9veloppent rapidement en Afrique avec une croissance de 8% par an. Au cours de ces derni\u00e8res ann\u00e9es, ce pays a \u00e9t\u00e9 un exemple pour la plupart dans les sph\u00e8res de la gouvernance politique et \u00e9conomique \u00bb, a expliqu\u00e9 le pr\u00e9sident d\u2019Afreximbank, Pr Benedict Oramah. Il a f\u00e9licit\u00e9 les autorit\u00e9s ivoiriennes pour avoir accept\u00e9 d\u2019organiser cette foire qui va booster le tourisme et ouvrir des opportunit\u00e9s d\u2019investissement pour les entreprises nationales. Le succ\u00e8s de l\u2019\u00e9v\u00e9nement, a-t-il d\u00e9clar\u00e9, d\u00e9pendra de l\u2019engagement des parties prenantes. Le Premier ministre ivoirien, Patrick Achi, a indiqu\u00e9 que cette marque de confiance faite \u00e0 son pays est la reconnaissance des efforts constants fournis par le peuple ivoirien depuis la d\u00e9cennie pass\u00e9e pour, d\u2019une part, la reconstruction du pays et le d\u00e9veloppement de son \u00e9conomie, et d\u2019autre part, pour le renforcement des relations commerciales intra-africaines.<\/p>\n<p>\u00ab C\u2019est pourquoi, je suis convaincu que la prochaine \u00e9dition connaitra un succ\u00e8s \u00e9clatant gr\u00e2ce \u00e0 l\u2019engagement de tous. L\u2019organisation coordonn\u00e9e et r\u00e9ussie de cette prochaine \u00e9dition contribuera \u00e0 consolider davantage l\u2019intensit\u00e9 des relations entre les nations africaines et les diff\u00e9rentes zones \u00e9conomiques du continent. Elle constituera \u00e9galement une opportunit\u00e9 de partage d\u2019informations sur le commerce et des conclusions de partenariats commerciaux \u00bb, a laiss\u00e9 entendre le Premier ministre Achi.<\/p>\n<p>Par ailleurs, il a confi\u00e9 que d\u00e8s l\u2019annonce du choix de la C\u00f4te d\u2019Ivoire pour accueillir l\u2019IATF 2023, un travail collectif a \u00e9t\u00e9 entrepris et se poursuit entre le gouvernement ivoirien, les acteurs du secteur priv\u00e9 et le conseil consultatif de la foire. A travers la signature de l\u2019accord d\u2019accueil, Patrick Achi a affirm\u00e9 que son pays prend l\u2019engagement d\u2019organiser avec succ\u00e8s la manifestation et participer au rayonnement continental et mondial des pays africains. A l\u2019\u00e9couter, l\u2019attachement de la C\u00f4te d\u2019Ivoire \u00e0 l\u2019organisation de l\u2019IATF se justifie par le fait que la foire est un outil strat\u00e9gique de la Zone de libre-\u00e9change continentale (ZLECaf) devant contribuer \u00e0 l\u2019acc\u00e9l\u00e9ration de la transformation structurelle des \u00e9conomies africaines. Selon le pr\u00e9sident du conseil consultatif de l\u2019IATF, l\u2019ancien pr\u00e9sident nig\u00e9rian Olusegun Abasanjo, le r\u00eave du continent africain en mati\u00e8re de commerce intra-africain m\u00e9rite un leadership innovateur \u00ab et c\u2019est ce que vous avez ici \u00bb. Il a fait savoir que la part de l\u2019Afrique dans le commerce mondial est de 3% et les \u00e9changes commerciaux intra-africains repr\u00e9sentent 16%. Au regard de ces chiffres, Olusegun Obasanjo a soutenu que l\u2019IATF est une occasion pour les investisseurs africains de combler des lacunes d\u2019informations. \u00ab C\u2019est une opportunit\u00e9 pour les hommes d\u2019affaires de l\u2019Afrique de l\u2019ouest et de tout le continent de se connecter \u00bb, a-t-il rench\u00e9ri.<\/p>\n<p><strong>Pour plus d&rsquo;informations et d&rsquo;analyses sur la <a href=\"https:\/\/www.africa-press.net\/cotedivoire\">C\u00f4te d&rsquo;Ivoire<\/a>, suivez <a href=\"https:\/\/www.africa-press.net\/\">Africa-Press<\/a><\/strong><\/p>\n","protected":false},"excerpt":{"rendered":"<p>Africa-Press &#8211; C\u00f4te d&rsquo;Ivoire. La R\u00e9publique de C\u00f4te d\u2019Ivoire et les organisateurs de la Foire commerciale intra-africaine dont Afreximbank ont sign\u00e9, le vendredi 25 mars 2022 \u00e0 Abidjan, un accord d\u2019accueil de la IIIe \u00e9dition de la Foire commerciale intra-africaine. A travers cet acte, le pays s\u2019engage \u00e0 organiser cette activit\u00e9 commerciale qui va r\u00e9unir [&hellip;]<\/p>\n","protected":false},"author":82,"featured_media":31388,"comment_status":"open","ping_status":"closed","sticky":false,"template":"","format":"standard","meta":{"footnotes":""},"categories":[3,11,10],"tags":[5251,56,63,29,5184,5221],"class_list":["post-31390","post","type-post","status-publish","format-standard","has-post-thumbnail","hentry","category-economie","category-homepage-french","category-toutes-les-actualites","tag-5251","tag-africa-press","tag-africa-press-cote-divoire","tag-cote-divoire","tag-foire","tag-intra-africaine-2"],"yoast_head":"<!-- This site is optimized with the Yoast SEO Premium plugin v26.1 (Yoast SEO v27.0) - https:\/\/yoast.com\/product\/yoast-seo-premium-wordpress\/ -->\n<title>Foire intra-africaine 2023 : plus de 20 000 participants attendus \u00e0 Abidjan - C\u00f4te d&#039;Ivoire<\/title>\n<meta name=\"description\" content=\"La R\u00e9publique de C\u00f4te d\u2019Ivoire et les organisateurs de la Foire commerciale intra-africaine dont Afreximbank ont sign ...\" \/>\n<meta name=\"robots\" content=\"index, follow, max-snippet:-1, max-image-preview:large, max-video-preview:-1\" \/>\n<link rel=\"canonical\" href=\"https:\/\/www.africa-press.net\/cotedivoire\/economie\/foire-intra-africaine-2023-plus-de-20-000-participants-attendus-a-abidjan\" \/>\n<meta property=\"og:locale\" content=\"fr_FR\" \/>\n<meta property=\"og:type\" content=\"article\" \/>\n<meta property=\"og:title\" content=\"Foire intra-africaine 2023 : plus de 20 000 participants attendus \u00e0 Abidjan\" \/>\n<meta property=\"og:description\" content=\"La R\u00e9publique de C\u00f4te d\u2019Ivoire et les organisateurs de la Foire commerciale intra-africaine dont Afreximbank ont sign ...\" \/>\n<meta property=\"og:url\" content=\"https:\/\/www.africa-press.net\/cotedivoire\/economie\/foire-intra-africaine-2023-plus-de-20-000-participants-attendus-a-abidjan\" \/>\n<meta property=\"og:site_name\" content=\"C\u00f4te d&#039;Ivoire\" \/>\n<meta property=\"article:published_time\" content=\"2022-03-29T17:08:03+00:00\" \/>\n<meta property=\"article:modified_time\" content=\"2022-03-29T17:20:59+00:00\" \/>\n<meta property=\"og:image\" content=\"https:\/\/static.africa-press.net\/cote\/sites\/43\/2022\/03\/img-62433fda7258a.jpg\" \/>\n\t<meta property=\"og:image:width\" content=\"720\" \/>\n\t<meta property=\"og:image:height\" content=\"479\" \/>\n\t<meta property=\"og:image:type\" content=\"image\/jpeg\" \/>\n<meta name=\"author\" content=\"cfeditorfr\" \/>\n<meta name=\"twitter:card\" content=\"summary_large_image\" \/>\n<meta name=\"twitter:label1\" content=\"\u00c9crit par\" \/>\n\t<meta name=\"twitter:data1\" content=\"cfeditorfr\" \/>\n\t<meta name=\"twitter:label2\" content=\"Dur\u00e9e de lecture estim\u00e9e\" \/>\n\t<meta name=\"twitter:data2\" content=\"3 minutes\" \/>\n<script type=\"application\/ld+json\" class=\"yoast-schema-graph\">{\"@context\":\"https:\/\/schema.org\",\"@graph\":[{\"@type\":\"Article\",\"@id\":\"https:\/\/www.africa-press.net\/cotedivoire\/economie\/foire-intra-africaine-2023-plus-de-20-000-participants-attendus-a-abidjan#article\",\"isPartOf\":{\"@id\":\"https:\/\/www.africa-press.net\/cotedivoire\/economie\/foire-intra-africaine-2023-plus-de-20-000-participants-attendus-a-abidjan\"},\"author\":{\"name\":\"cfeditorfr\",\"@id\":\"https:\/\/www.africa-press.net\/cotedivoire\/#\/schema\/person\/2b1cf3cd81a31e3cd26889ca66d677f1\"},\"headline\":\"Foire intra-africaine 2023 : plus de 20 000 participants attendus \u00e0 Abidjan\",\"datePublished\":\"2022-03-29T17:08:03+00:00\",\"dateModified\":\"2022-03-29T17:20:59+00:00\",\"mainEntityOfPage\":{\"@id\":\"https:\/\/www.africa-press.net\/cotedivoire\/economie\/foire-intra-africaine-2023-plus-de-20-000-participants-attendus-a-abidjan\"},\"wordCount\":703,\"commentCount\":0,\"image\":{\"@id\":\"https:\/\/www.africa-press.net\/cotedivoire\/economie\/foire-intra-africaine-2023-plus-de-20-000-participants-attendus-a-abidjan#primaryimage\"},\"thumbnailUrl\":\"https:\/\/static.africa-press.net\/cote\/sites\/43\/2022\/03\/img-62433fda7258a.jpg\",\"keywords\":[\"2023\",\"Africa Press\",\"Africa Press-C\u00f4te d'Ivoire\",\"C\u00d4TE D'IVOIRE\",\"Foire\",\"intra africaine\"],\"articleSection\":[\"\u00c9conomie\",\"homepage-french\",\"Toutes les actualit\u00e9s\"],\"inLanguage\":\"fr-FR\",\"potentialAction\":[{\"@type\":\"CommentAction\",\"name\":\"Comment\",\"target\":[\"https:\/\/www.africa-press.net\/cotedivoire\/economie\/foire-intra-africaine-2023-plus-de-20-000-participants-attendus-a-abidjan#respond\"]}]},{\"@type\":\"WebPage\",\"@id\":\"https:\/\/www.africa-press.net\/cotedivoire\/economie\/foire-intra-africaine-2023-plus-de-20-000-participants-attendus-a-abidjan\",\"url\":\"https:\/\/www.africa-press.net\/cotedivoire\/economie\/foire-intra-africaine-2023-plus-de-20-000-participants-attendus-a-abidjan\",\"name\":\"Foire intra-africaine 2023 : plus de 20 000 participants attendus \u00e0 Abidjan - C\u00f4te d&#039;Ivoire\",\"isPartOf\":{\"@id\":\"https:\/\/www.africa-press.net\/cotedivoire\/#website\"},\"primaryImageOfPage\":{\"@id\":\"https:\/\/www.africa-press.net\/cotedivoire\/economie\/foire-intra-africaine-2023-plus-de-20-000-participants-attendus-a-abidjan#primaryimage\"},\"image\":{\"@id\":\"https:\/\/www.africa-press.net\/cotedivoire\/economie\/foire-intra-africaine-2023-plus-de-20-000-participants-attendus-a-abidjan#primaryimage\"},\"thumbnailUrl\":\"https:\/\/static.africa-press.net\/cote\/sites\/43\/2022\/03\/img-62433fda7258a.jpg\",\"datePublished\":\"2022-03-29T17:08:03+00:00\",\"dateModified\":\"2022-03-29T17:20:59+00:00\",\"author\":{\"@id\":\"https:\/\/www.africa-press.net\/cotedivoire\/#\/schema\/person\/2b1cf3cd81a31e3cd26889ca66d677f1\"},\"description\":\"La R\u00e9publique de C\u00f4te d\u2019Ivoire et les organisateurs de la Foire commerciale intra-africaine dont Afreximbank ont sign ...\",\"breadcrumb\":{\"@id\":\"https:\/\/www.africa-press.net\/cotedivoire\/economie\/foire-intra-africaine-2023-plus-de-20-000-participants-attendus-a-abidjan#breadcrumb\"},\"inLanguage\":\"fr-FR\",\"potentialAction\":[{\"@type\":\"ReadAction\",\"target\":[\"https:\/\/www.africa-press.net\/cotedivoire\/economie\/foire-intra-africaine-2023-plus-de-20-000-participants-attendus-a-abidjan\"]}]},{\"@type\":\"ImageObject\",\"inLanguage\":\"fr-FR\",\"@id\":\"https:\/\/www.africa-press.net\/cotedivoire\/economie\/foire-intra-africaine-2023-plus-de-20-000-participants-attendus-a-abidjan#primaryimage\",\"url\":\"https:\/\/static.africa-press.net\/cote\/sites\/43\/2022\/03\/img-62433fda7258a.jpg\",\"contentUrl\":\"https:\/\/static.africa-press.net\/cote\/sites\/43\/2022\/03\/img-62433fda7258a.jpg\",\"width\":720,\"height\":479,\"caption\":\"Foire intra-africaine 2023 : plus de 20 000 participants attendus \u00e0 Abidjan\"},{\"@type\":\"BreadcrumbList\",\"@id\":\"https:\/\/www.africa-press.net\/cotedivoire\/economie\/foire-intra-africaine-2023-plus-de-20-000-participants-attendus-a-abidjan#breadcrumb\",\"itemListElement\":[{\"@type\":\"ListItem\",\"position\":1,\"name\":\"Accueil\",\"item\":\"https:\/\/www.africa-press.net\/cotedivoire\/\"},{\"@type\":\"ListItem\",\"position\":2,\"name\":\"Foire intra-africaine 2023 : plus de 20 000 participants attendus \u00e0 Abidjan\"}]},{\"@type\":\"WebSite\",\"@id\":\"https:\/\/www.africa-press.net\/cotedivoire\/#website\",\"url\":\"https:\/\/www.africa-press.net\/cotedivoire\/\",\"name\":\"C\u00f4te d&#039;Ivoire\",\"description\":\"Just another Africa News Agency Sites site\",\"potentialAction\":[{\"@type\":\"SearchAction\",\"target\":{\"@type\":\"EntryPoint\",\"urlTemplate\":\"https:\/\/www.africa-press.net\/cotedivoire\/?s={search_term_string}\"},\"query-input\":{\"@type\":\"PropertyValueSpecification\",\"valueRequired\":true,\"valueName\":\"search_term_string\"}}],\"inLanguage\":\"fr-FR\"},{\"@type\":\"Person\",\"@id\":\"https:\/\/www.africa-press.net\/cotedivoire\/#\/schema\/person\/2b1cf3cd81a31e3cd26889ca66d677f1\",\"name\":\"cfeditorfr\"}]}<\/script>\n<!-- \/ Yoast SEO Premium plugin. -->","yoast_head_json":{"title":"Foire intra-africaine 2023 : plus de 20 000 participants attendus \u00e0 Abidjan - C\u00f4te d&#039;Ivoire","description":"La R\u00e9publique de C\u00f4te d\u2019Ivoire et les organisateurs de la Foire commerciale intra-africaine dont Afreximbank ont sign ...","robots":{"index":"index","follow":"follow","max-snippet":"max-snippet:-1","max-image-preview":"max-image-preview:large","max-video-preview":"max-video-preview:-1"},"canonical":"https:\/\/www.africa-press.net\/cotedivoire\/economie\/foire-intra-africaine-2023-plus-de-20-000-participants-attendus-a-abidjan","og_locale":"fr_FR","og_type":"article","og_title":"Foire intra-africaine 2023 : plus de 20 000 participants attendus \u00e0 Abidjan","og_description":"La R\u00e9publique de C\u00f4te d\u2019Ivoire et les organisateurs de la Foire commerciale intra-africaine dont Afreximbank ont sign ...","og_url":"https:\/\/www.africa-press.net\/cotedivoire\/economie\/foire-intra-africaine-2023-plus-de-20-000-participants-attendus-a-abidjan","og_site_name":"C\u00f4te d&#039;Ivoire","article_published_time":"2022-03-29T17:08:03+00:00","article_modified_time":"2022-03-29T17:20:59+00:00","og_image":[{"width":720,"height":479,"url":"https:\/\/static.africa-press.net\/cote\/sites\/43\/2022\/03\/img-62433fda7258a.jpg","type":"image\/jpeg"}],"author":"cfeditorfr","twitter_card":"summary_large_image","twitter_misc":{"\u00c9crit par":"cfeditorfr","Dur\u00e9e de lecture estim\u00e9e":"3 minutes"},"schema":{"@context":"https:\/\/schema.org","@graph":[{"@type":"Article","@id":"https:\/\/www.africa-press.net\/cotedivoire\/economie\/foire-intra-africaine-2023-plus-de-20-000-participants-attendus-a-abidjan#article","isPartOf":{"@id":"https:\/\/www.africa-press.net\/cotedivoire\/economie\/foire-intra-africaine-2023-plus-de-20-000-participants-attendus-a-abidjan"},"author":{"name":"cfeditorfr","@id":"https:\/\/www.africa-press.net\/cotedivoire\/#\/schema\/person\/2b1cf3cd81a31e3cd26889ca66d677f1"},"headline":"Foire intra-africaine 2023 : plus de 20 000 participants attendus \u00e0 Abidjan","datePublished":"2022-03-29T17:08:03+00:00","dateModified":"2022-03-29T17:20:59+00:00","mainEntityOfPage":{"@id":"https:\/\/www.africa-press.net\/cotedivoire\/economie\/foire-intra-africaine-2023-plus-de-20-000-participants-attendus-a-abidjan"},"wordCount":703,"commentCount":0,"image":{"@id":"https:\/\/www.africa-press.net\/cotedivoire\/economie\/foire-intra-africaine-2023-plus-de-20-000-participants-attendus-a-abidjan#primaryimage"},"thumbnailUrl":"https:\/\/static.africa-press.net\/cote\/sites\/43\/2022\/03\/img-62433fda7258a.jpg","keywords":["2023","Africa Press","Africa Press-C\u00f4te d'Ivoire","C\u00d4TE D'IVOIRE","Foire","intra africaine"],"articleSection":["\u00c9conomie","homepage-french","Toutes les actualit\u00e9s"],"inLanguage":"fr-FR","potentialAction":[{"@type":"CommentAction","name":"Comment","target":["https:\/\/www.africa-press.net\/cotedivoire\/economie\/foire-intra-africaine-2023-plus-de-20-000-participants-attendus-a-abidjan#respond"]}]},{"@type":"WebPage","@id":"https:\/\/www.africa-press.net\/cotedivoire\/economie\/foire-intra-africaine-2023-plus-de-20-000-participants-attendus-a-abidjan","url":"https:\/\/www.africa-press.net\/cotedivoire\/economie\/foire-intra-africaine-2023-plus-de-20-000-participants-attendus-a-abidjan","name":"Foire intra-africaine 2023 : plus de 20 000 participants attendus \u00e0 Abidjan - C\u00f4te d&#039;Ivoire","isPartOf":{"@id":"https:\/\/www.africa-press.net\/cotedivoire\/#website"},"primaryImageOfPage":{"@id":"https:\/\/www.africa-press.net\/cotedivoire\/economie\/foire-intra-africaine-2023-plus-de-20-000-participants-attendus-a-abidjan#primaryimage"},"image":{"@id":"https:\/\/www.africa-press.net\/cotedivoire\/economie\/foire-intra-africaine-2023-plus-de-20-000-participants-attendus-a-abidjan#primaryimage"},"thumbnailUrl":"https:\/\/static.africa-press.net\/cote\/sites\/43\/2022\/03\/img-62433fda7258a.jpg","datePublished":"2022-03-29T17:08:03+00:00","dateModified":"2022-03-29T17:20:59+00:00","author":{"@id":"https:\/\/www.africa-press.net\/cotedivoire\/#\/schema\/person\/2b1cf3cd81a31e3cd26889ca66d677f1"},"description":"La R\u00e9publique de C\u00f4te d\u2019Ivoire et les organisateurs de la Foire commerciale intra-africaine dont Afreximbank ont sign ...","breadcrumb":{"@id":"https:\/\/www.africa-press.net\/cotedivoire\/economie\/foire-intra-africaine-2023-plus-de-20-000-participants-attendus-a-abidjan#breadcrumb"},"inLanguage":"fr-FR","potentialAction":[{"@type":"ReadAction","target":["https:\/\/www.africa-press.net\/cotedivoire\/economie\/foire-intra-africaine-2023-plus-de-20-000-participants-attendus-a-abidjan"]}]},{"@type":"ImageObject","inLanguage":"fr-FR","@id":"https:\/\/www.africa-press.net\/cotedivoire\/economie\/foire-intra-africaine-2023-plus-de-20-000-participants-attendus-a-abidjan#primaryimage","url":"https:\/\/static.africa-press.net\/cote\/sites\/43\/2022\/03\/img-62433fda7258a.jpg","contentUrl":"https:\/\/static.africa-press.net\/cote\/sites\/43\/2022\/03\/img-62433fda7258a.jpg","width":720,"height":479,"caption":"Foire intra-africaine 2023 : plus de 20 000 participants attendus \u00e0 Abidjan"},{"@type":"BreadcrumbList","@id":"https:\/\/www.africa-press.net\/cotedivoire\/economie\/foire-intra-africaine-2023-plus-de-20-000-participants-attendus-a-abidjan#breadcrumb","itemListElement":[{"@type":"ListItem","position":1,"name":"Accueil","item":"https:\/\/www.africa-press.net\/cotedivoire\/"},{"@type":"ListItem","position":2,"name":"Foire intra-africaine 2023 : plus de 20 000 participants attendus \u00e0 Abidjan"}]},{"@type":"WebSite","@id":"https:\/\/www.africa-press.net\/cotedivoire\/#website","url":"https:\/\/www.africa-press.net\/cotedivoire\/","name":"C\u00f4te d&#039;Ivoire","description":"Just another Africa News Agency Sites site","potentialAction":[{"@type":"SearchAction","target":{"@type":"EntryPoint","urlTemplate":"https:\/\/www.africa-press.net\/cotedivoire\/?s={search_term_string}"},"query-input":{"@type":"PropertyValueSpecification","valueRequired":true,"valueName":"search_term_string"}}],"inLanguage":"fr-FR"},{"@type":"Person","@id":"https:\/\/www.africa-press.net\/cotedivoire\/#\/schema\/person\/2b1cf3cd81a31e3cd26889ca66d677f1","name":"cfeditorfr"}]}},"_links":{"self":[{"href":"https:\/\/www.africa-press.net\/cotedivoire\/wp-json\/wp\/v2\/posts\/31390","targetHints":{"allow":["GET"]}}],"collection":[{"href":"https:\/\/www.africa-press.net\/cotedivoire\/wp-json\/wp\/v2\/posts"}],"about":[{"href":"https:\/\/www.africa-press.net\/cotedivoire\/wp-json\/wp\/v2\/types\/post"}],"author":[{"embeddable":true,"href":"https:\/\/www.africa-press.net\/cotedivoire\/wp-json\/wp\/v2\/users\/82"}],"replies":[{"embeddable":true,"href":"https:\/\/www.africa-press.net\/cotedivoire\/wp-json\/wp\/v2\/comments?post=31390"}],"version-history":[{"count":0,"href":"https:\/\/www.africa-press.net\/cotedivoire\/wp-json\/wp\/v2\/posts\/31390\/revisions"}],"wp:featuredmedia":[{"embeddable":true,"href":"https:\/\/www.africa-press.net\/cotedivoire\/wp-json\/wp\/v2\/media\/31388"}],"wp:attachment":[{"href":"https:\/\/www.africa-press.net\/cotedivoire\/wp-json\/wp\/v2\/media?parent=31390"}],"wp:term":[{"taxonomy":"category","embeddable":true,"href":"https:\/\/www.africa-press.net\/cotedivoire\/wp-json\/wp\/v2\/categories?post=31390"},{"taxonomy":"post_tag","embeddable":true,"href":"https:\/\/www.africa-press.net\/cotedivoire\/wp-json\/wp\/v2\/tags?post=31390"}],"curies":[{"name":"wp","href":"https:\/\/api.w.org\/{rel}","templated":true}]}}