{"id":31395,"date":"2022-03-29T16:32:32","date_gmt":"2022-03-29T16:32:32","guid":{"rendered":"https:\/\/www.africa-press.net\/cotedivoire\/politique\/amadou-soumahoro-reapparait-dans-ses-bureaux-a-lassemblee-nationale"},"modified":"2022-03-29T17:21:54","modified_gmt":"2022-03-29T17:21:54","slug":"amadou-soumahoro-reapparait-dans-ses-bureaux-a-lassemblee-nationale","status":"publish","type":"post","link":"https:\/\/www.africa-press.net\/cotedivoire\/politique\/amadou-soumahoro-reapparait-dans-ses-bureaux-a-lassemblee-nationale","title":{"rendered":"Amadou Soumahoro r\u00e9apparait dans ses bureaux \u00e0 l&rsquo;Assembl\u00e9e Nationale"},"content":{"rendered":"<p><span style=\"color: #ff6600\"><strong>Africa-Press &#8211; C\u00f4te d&rsquo;Ivoire. <\/strong><\/span><b>Amadou Soumahoro lundi dans ses bureaux (Ph)<\/b><\/p>\n<p>Absent de l\u2019H\u00e9micycle depuis des mois pour des raisons de maladie, le pr\u00e9sident de l\u2019Assembl\u00e9e Nationale, Amadou Soumahoro, est r\u00e9apparu le lundi 28 mars 2022 dans ses bureaux.<\/p>\n<p>Nous apprenons qu\u2019il a eu une en s\u00e9ance de travail avec ses collaborateurs.<\/p>\n<p>En attendant d\u2019avoir pour plus d\u2019informations sur son \u00e9tat de sant\u00e9, reste d\u00e9sormais \u00e0 savoir si Amadou Soumahoro revient occuper son poste, dont l\u2019int\u00e9rim est assur\u00e9 par l\u2019un des vice-pr\u00e9sidents du parlement, Adama Bictogo.<\/p>\n<p>Cliquez pour agrandir l&rsquo;image<\/p>\n<p>Il faut noter que, la session ordinaire 2022 de l&rsquo;Assembl\u00e9e nationale de C\u00f4te d&rsquo;Ivoire s&rsquo;ouvre solennellement, le 1er avril 2022.<\/p>\n<p>Donatien Kautcha, Abidjan<\/p>\n<p><strong>Pour plus d&rsquo;informations et d&rsquo;analyses sur la <a href=\"https:\/\/www.africa-press.net\/cotedivoire\">C\u00f4te d&rsquo;Ivoire<\/a>, suivez <a href=\"https:\/\/www.africa-press.net\/\">Africa-Press<\/a><\/strong><\/p>\n","protected":false},"excerpt":{"rendered":"<p>Africa-Press &#8211; C\u00f4te d&rsquo;Ivoire. Amadou Soumahoro lundi dans ses bureaux (Ph) Absent de l\u2019H\u00e9micycle depuis des mois pour des raisons de maladie, le pr\u00e9sident de l\u2019Assembl\u00e9e Nationale, Amadou Soumahoro, est r\u00e9apparu le lundi 28 mars 2022 dans ses bureaux. Nous apprenons qu\u2019il a eu une en s\u00e9ance de travail avec ses collaborateurs. En attendant d\u2019avoir [&hellip;]<\/p>\n","protected":false},"author":82,"featured_media":31394,"comment_status":"open","ping_status":"closed","sticky":false,"template":"","format":"standard","meta":{"footnotes":""},"categories":[11,2,10],"tags":[1265,56,63,1742,1741,29,603],"class_list":["post-31395","post","type-post","status-publish","format-standard","has-post-thumbnail","hentry","category-homepage-french","category-politique","category-toutes-les-actualites","tag-adama-bictogo","tag-africa-press","tag-africa-press-cote-divoire","tag-amadou-soumahoro","tag-assemblee-nationale","tag-cote-divoire","tag-maladie"],"yoast_head":"<!-- This site is optimized with the Yoast SEO Premium plugin v26.1 (Yoast SEO v27.0) - https:\/\/yoast.com\/product\/yoast-seo-premium-wordpress\/ -->\n<title>Amadou Soumahoro r\u00e9apparait dans ses bureaux \u00e0 l&#039;Assembl\u00e9e Nationale - C\u00f4te d&#039;Ivoire<\/title>\n<meta name=\"description\" content=\"Amadou Soumahoro lundi dans ses bureaux (Ph) Absent de l\u2019H\u00e9micycle depuis des mois pour des raisons de maladie, ...\" \/>\n<meta name=\"robots\" content=\"index, follow, max-snippet:-1, max-image-preview:large, max-video-preview:-1\" \/>\n<link rel=\"canonical\" href=\"https:\/\/www.africa-press.net\/cotedivoire\/politique\/amadou-soumahoro-reapparait-dans-ses-bureaux-a-lassemblee-nationale\" \/>\n<meta property=\"og:locale\" content=\"fr_FR\" \/>\n<meta property=\"og:type\" content=\"article\" \/>\n<meta property=\"og:title\" content=\"Amadou Soumahoro r\u00e9apparait dans ses bureaux \u00e0 l&#039;Assembl\u00e9e Nationale\" \/>\n<meta property=\"og:description\" content=\"Amadou Soumahoro lundi dans ses bureaux (Ph) Absent de l\u2019H\u00e9micycle depuis des mois pour des raisons de maladie, ...\" \/>\n<meta property=\"og:url\" content=\"https:\/\/www.africa-press.net\/cotedivoire\/politique\/amadou-soumahoro-reapparait-dans-ses-bureaux-a-lassemblee-nationale\" \/>\n<meta property=\"og:site_name\" content=\"C\u00f4te d&#039;Ivoire\" \/>\n<meta property=\"article:published_time\" content=\"2022-03-29T16:32:32+00:00\" \/>\n<meta property=\"article:modified_time\" content=\"2022-03-29T17:21:54+00:00\" \/>\n<meta property=\"og:image\" content=\"https:\/\/static.africa-press.net\/cote\/sites\/43\/2022\/03\/img-62434011c2417.jpg\" \/>\n\t<meta property=\"og:image:width\" content=\"720\" \/>\n\t<meta property=\"og:image:height\" content=\"313\" \/>\n\t<meta property=\"og:image:type\" content=\"image\/jpeg\" \/>\n<meta name=\"author\" content=\"cfeditorfr\" \/>\n<meta name=\"twitter:card\" content=\"summary_large_image\" \/>\n<meta name=\"twitter:label1\" content=\"\u00c9crit par\" \/>\n\t<meta name=\"twitter:data1\" content=\"cfeditorfr\" \/>\n\t<meta name=\"twitter:label2\" content=\"Dur\u00e9e de lecture estim\u00e9e\" \/>\n\t<meta name=\"twitter:data2\" content=\"1 minute\" \/>\n<script type=\"application\/ld+json\" class=\"yoast-schema-graph\">{\"@context\":\"https:\/\/schema.org\",\"@graph\":[{\"@type\":\"Article\",\"@id\":\"https:\/\/www.africa-press.net\/cotedivoire\/politique\/amadou-soumahoro-reapparait-dans-ses-bureaux-a-lassemblee-nationale#article\",\"isPartOf\":{\"@id\":\"https:\/\/www.africa-press.net\/cotedivoire\/politique\/amadou-soumahoro-reapparait-dans-ses-bureaux-a-lassemblee-nationale\"},\"author\":{\"name\":\"cfeditorfr\",\"@id\":\"https:\/\/www.africa-press.net\/cotedivoire\/#\/schema\/person\/2b1cf3cd81a31e3cd26889ca66d677f1\"},\"headline\":\"Amadou Soumahoro r\u00e9apparait dans ses bureaux \u00e0 l&rsquo;Assembl\u00e9e Nationale\",\"datePublished\":\"2022-03-29T16:32:32+00:00\",\"dateModified\":\"2022-03-29T17:21:54+00:00\",\"mainEntityOfPage\":{\"@id\":\"https:\/\/www.africa-press.net\/cotedivoire\/politique\/amadou-soumahoro-reapparait-dans-ses-bureaux-a-lassemblee-nationale\"},\"wordCount\":157,\"commentCount\":0,\"image\":{\"@id\":\"https:\/\/www.africa-press.net\/cotedivoire\/politique\/amadou-soumahoro-reapparait-dans-ses-bureaux-a-lassemblee-nationale#primaryimage\"},\"thumbnailUrl\":\"https:\/\/static.africa-press.net\/cote\/sites\/43\/2022\/03\/img-62434011c2417.jpg\",\"keywords\":[\"Adama Bictogo\",\"Africa Press\",\"Africa Press-C\u00f4te d'Ivoire\",\"Amadou Soumahoro\",\"Assembl\u00e9e nationale\",\"C\u00d4TE D'IVOIRE\",\"maladie\"],\"articleSection\":[\"homepage-french\",\"Politique\",\"Toutes les actualit\u00e9s\"],\"inLanguage\":\"fr-FR\",\"potentialAction\":[{\"@type\":\"CommentAction\",\"name\":\"Comment\",\"target\":[\"https:\/\/www.africa-press.net\/cotedivoire\/politique\/amadou-soumahoro-reapparait-dans-ses-bureaux-a-lassemblee-nationale#respond\"]}]},{\"@type\":\"WebPage\",\"@id\":\"https:\/\/www.africa-press.net\/cotedivoire\/politique\/amadou-soumahoro-reapparait-dans-ses-bureaux-a-lassemblee-nationale\",\"url\":\"https:\/\/www.africa-press.net\/cotedivoire\/politique\/amadou-soumahoro-reapparait-dans-ses-bureaux-a-lassemblee-nationale\",\"name\":\"Amadou Soumahoro r\u00e9apparait dans ses bureaux \u00e0 l'Assembl\u00e9e Nationale - C\u00f4te d&#039;Ivoire\",\"isPartOf\":{\"@id\":\"https:\/\/www.africa-press.net\/cotedivoire\/#website\"},\"primaryImageOfPage\":{\"@id\":\"https:\/\/www.africa-press.net\/cotedivoire\/politique\/amadou-soumahoro-reapparait-dans-ses-bureaux-a-lassemblee-nationale#primaryimage\"},\"image\":{\"@id\":\"https:\/\/www.africa-press.net\/cotedivoire\/politique\/amadou-soumahoro-reapparait-dans-ses-bureaux-a-lassemblee-nationale#primaryimage\"},\"thumbnailUrl\":\"https:\/\/static.africa-press.net\/cote\/sites\/43\/2022\/03\/img-62434011c2417.jpg\",\"datePublished\":\"2022-03-29T16:32:32+00:00\",\"dateModified\":\"2022-03-29T17:21:54+00:00\",\"author\":{\"@id\":\"https:\/\/www.africa-press.net\/cotedivoire\/#\/schema\/person\/2b1cf3cd81a31e3cd26889ca66d677f1\"},\"description\":\"Amadou Soumahoro lundi dans ses bureaux (Ph) Absent de l\u2019H\u00e9micycle depuis des mois pour des raisons de maladie, ...\",\"breadcrumb\":{\"@id\":\"https:\/\/www.africa-press.net\/cotedivoire\/politique\/amadou-soumahoro-reapparait-dans-ses-bureaux-a-lassemblee-nationale#breadcrumb\"},\"inLanguage\":\"fr-FR\",\"potentialAction\":[{\"@type\":\"ReadAction\",\"target\":[\"https:\/\/www.africa-press.net\/cotedivoire\/politique\/amadou-soumahoro-reapparait-dans-ses-bureaux-a-lassemblee-nationale\"]}]},{\"@type\":\"ImageObject\",\"inLanguage\":\"fr-FR\",\"@id\":\"https:\/\/www.africa-press.net\/cotedivoire\/politique\/amadou-soumahoro-reapparait-dans-ses-bureaux-a-lassemblee-nationale#primaryimage\",\"url\":\"https:\/\/static.africa-press.net\/cote\/sites\/43\/2022\/03\/img-62434011c2417.jpg\",\"contentUrl\":\"https:\/\/static.africa-press.net\/cote\/sites\/43\/2022\/03\/img-62434011c2417.jpg\",\"width\":720,\"height\":313,\"caption\":\"Amadou Soumahoro r\u00e9apparait dans ses bureaux \u00e0 l'Assembl\u00e9e Nationale\"},{\"@type\":\"BreadcrumbList\",\"@id\":\"https:\/\/www.africa-press.net\/cotedivoire\/politique\/amadou-soumahoro-reapparait-dans-ses-bureaux-a-lassemblee-nationale#breadcrumb\",\"itemListElement\":[{\"@type\":\"ListItem\",\"position\":1,\"name\":\"Accueil\",\"item\":\"https:\/\/www.africa-press.net\/cotedivoire\/\"},{\"@type\":\"ListItem\",\"position\":2,\"name\":\"Amadou Soumahoro r\u00e9apparait dans ses bureaux \u00e0 l&#8217;Assembl\u00e9e Nationale\"}]},{\"@type\":\"WebSite\",\"@id\":\"https:\/\/www.africa-press.net\/cotedivoire\/#website\",\"url\":\"https:\/\/www.africa-press.net\/cotedivoire\/\",\"name\":\"C\u00f4te d&#039;Ivoire\",\"description\":\"Just another Africa News Agency Sites site\",\"potentialAction\":[{\"@type\":\"SearchAction\",\"target\":{\"@type\":\"EntryPoint\",\"urlTemplate\":\"https:\/\/www.africa-press.net\/cotedivoire\/?s={search_term_string}\"},\"query-input\":{\"@type\":\"PropertyValueSpecification\",\"valueRequired\":true,\"valueName\":\"search_term_string\"}}],\"inLanguage\":\"fr-FR\"},{\"@type\":\"Person\",\"@id\":\"https:\/\/www.africa-press.net\/cotedivoire\/#\/schema\/person\/2b1cf3cd81a31e3cd26889ca66d677f1\",\"name\":\"cfeditorfr\"}]}<\/script>\n<!-- \/ Yoast SEO Premium plugin. -->","yoast_head_json":{"title":"Amadou Soumahoro r\u00e9apparait dans ses bureaux \u00e0 l'Assembl\u00e9e Nationale - C\u00f4te d&#039;Ivoire","description":"Amadou Soumahoro lundi dans ses bureaux (Ph) Absent de l\u2019H\u00e9micycle depuis des mois pour des raisons de maladie, ...","robots":{"index":"index","follow":"follow","max-snippet":"max-snippet:-1","max-image-preview":"max-image-preview:large","max-video-preview":"max-video-preview:-1"},"canonical":"https:\/\/www.africa-press.net\/cotedivoire\/politique\/amadou-soumahoro-reapparait-dans-ses-bureaux-a-lassemblee-nationale","og_locale":"fr_FR","og_type":"article","og_title":"Amadou Soumahoro r\u00e9apparait dans ses bureaux \u00e0 l'Assembl\u00e9e Nationale","og_description":"Amadou Soumahoro lundi dans ses bureaux (Ph) Absent de l\u2019H\u00e9micycle depuis des mois pour des raisons de maladie, ...","og_url":"https:\/\/www.africa-press.net\/cotedivoire\/politique\/amadou-soumahoro-reapparait-dans-ses-bureaux-a-lassemblee-nationale","og_site_name":"C\u00f4te d&#039;Ivoire","article_published_time":"2022-03-29T16:32:32+00:00","article_modified_time":"2022-03-29T17:21:54+00:00","og_image":[{"width":720,"height":313,"url":"https:\/\/static.africa-press.net\/cote\/sites\/43\/2022\/03\/img-62434011c2417.jpg","type":"image\/jpeg"}],"author":"cfeditorfr","twitter_card":"summary_large_image","twitter_misc":{"\u00c9crit par":"cfeditorfr","Dur\u00e9e de lecture estim\u00e9e":"1 minute"},"schema":{"@context":"https:\/\/schema.org","@graph":[{"@type":"Article","@id":"https:\/\/www.africa-press.net\/cotedivoire\/politique\/amadou-soumahoro-reapparait-dans-ses-bureaux-a-lassemblee-nationale#article","isPartOf":{"@id":"https:\/\/www.africa-press.net\/cotedivoire\/politique\/amadou-soumahoro-reapparait-dans-ses-bureaux-a-lassemblee-nationale"},"author":{"name":"cfeditorfr","@id":"https:\/\/www.africa-press.net\/cotedivoire\/#\/schema\/person\/2b1cf3cd81a31e3cd26889ca66d677f1"},"headline":"Amadou Soumahoro r\u00e9apparait dans ses bureaux \u00e0 l&rsquo;Assembl\u00e9e Nationale","datePublished":"2022-03-29T16:32:32+00:00","dateModified":"2022-03-29T17:21:54+00:00","mainEntityOfPage":{"@id":"https:\/\/www.africa-press.net\/cotedivoire\/politique\/amadou-soumahoro-reapparait-dans-ses-bureaux-a-lassemblee-nationale"},"wordCount":157,"commentCount":0,"image":{"@id":"https:\/\/www.africa-press.net\/cotedivoire\/politique\/amadou-soumahoro-reapparait-dans-ses-bureaux-a-lassemblee-nationale#primaryimage"},"thumbnailUrl":"https:\/\/static.africa-press.net\/cote\/sites\/43\/2022\/03\/img-62434011c2417.jpg","keywords":["Adama Bictogo","Africa Press","Africa Press-C\u00f4te d'Ivoire","Amadou Soumahoro","Assembl\u00e9e nationale","C\u00d4TE D'IVOIRE","maladie"],"articleSection":["homepage-french","Politique","Toutes les actualit\u00e9s"],"inLanguage":"fr-FR","potentialAction":[{"@type":"CommentAction","name":"Comment","target":["https:\/\/www.africa-press.net\/cotedivoire\/politique\/amadou-soumahoro-reapparait-dans-ses-bureaux-a-lassemblee-nationale#respond"]}]},{"@type":"WebPage","@id":"https:\/\/www.africa-press.net\/cotedivoire\/politique\/amadou-soumahoro-reapparait-dans-ses-bureaux-a-lassemblee-nationale","url":"https:\/\/www.africa-press.net\/cotedivoire\/politique\/amadou-soumahoro-reapparait-dans-ses-bureaux-a-lassemblee-nationale","name":"Amadou Soumahoro r\u00e9apparait dans ses bureaux \u00e0 l'Assembl\u00e9e Nationale - C\u00f4te d&#039;Ivoire","isPartOf":{"@id":"https:\/\/www.africa-press.net\/cotedivoire\/#website"},"primaryImageOfPage":{"@id":"https:\/\/www.africa-press.net\/cotedivoire\/politique\/amadou-soumahoro-reapparait-dans-ses-bureaux-a-lassemblee-nationale#primaryimage"},"image":{"@id":"https:\/\/www.africa-press.net\/cotedivoire\/politique\/amadou-soumahoro-reapparait-dans-ses-bureaux-a-lassemblee-nationale#primaryimage"},"thumbnailUrl":"https:\/\/static.africa-press.net\/cote\/sites\/43\/2022\/03\/img-62434011c2417.jpg","datePublished":"2022-03-29T16:32:32+00:00","dateModified":"2022-03-29T17:21:54+00:00","author":{"@id":"https:\/\/www.africa-press.net\/cotedivoire\/#\/schema\/person\/2b1cf3cd81a31e3cd26889ca66d677f1"},"description":"Amadou Soumahoro lundi dans ses bureaux (Ph) Absent de l\u2019H\u00e9micycle depuis des mois pour des raisons de maladie, ...","breadcrumb":{"@id":"https:\/\/www.africa-press.net\/cotedivoire\/politique\/amadou-soumahoro-reapparait-dans-ses-bureaux-a-lassemblee-nationale#breadcrumb"},"inLanguage":"fr-FR","potentialAction":[{"@type":"ReadAction","target":["https:\/\/www.africa-press.net\/cotedivoire\/politique\/amadou-soumahoro-reapparait-dans-ses-bureaux-a-lassemblee-nationale"]}]},{"@type":"ImageObject","inLanguage":"fr-FR","@id":"https:\/\/www.africa-press.net\/cotedivoire\/politique\/amadou-soumahoro-reapparait-dans-ses-bureaux-a-lassemblee-nationale#primaryimage","url":"https:\/\/static.africa-press.net\/cote\/sites\/43\/2022\/03\/img-62434011c2417.jpg","contentUrl":"https:\/\/static.africa-press.net\/cote\/sites\/43\/2022\/03\/img-62434011c2417.jpg","width":720,"height":313,"caption":"Amadou Soumahoro r\u00e9apparait dans ses bureaux \u00e0 l'Assembl\u00e9e Nationale"},{"@type":"BreadcrumbList","@id":"https:\/\/www.africa-press.net\/cotedivoire\/politique\/amadou-soumahoro-reapparait-dans-ses-bureaux-a-lassemblee-nationale#breadcrumb","itemListElement":[{"@type":"ListItem","position":1,"name":"Accueil","item":"https:\/\/www.africa-press.net\/cotedivoire\/"},{"@type":"ListItem","position":2,"name":"Amadou Soumahoro r\u00e9apparait dans ses bureaux \u00e0 l&#8217;Assembl\u00e9e Nationale"}]},{"@type":"WebSite","@id":"https:\/\/www.africa-press.net\/cotedivoire\/#website","url":"https:\/\/www.africa-press.net\/cotedivoire\/","name":"C\u00f4te d&#039;Ivoire","description":"Just another Africa News Agency Sites site","potentialAction":[{"@type":"SearchAction","target":{"@type":"EntryPoint","urlTemplate":"https:\/\/www.africa-press.net\/cotedivoire\/?s={search_term_string}"},"query-input":{"@type":"PropertyValueSpecification","valueRequired":true,"valueName":"search_term_string"}}],"inLanguage":"fr-FR"},{"@type":"Person","@id":"https:\/\/www.africa-press.net\/cotedivoire\/#\/schema\/person\/2b1cf3cd81a31e3cd26889ca66d677f1","name":"cfeditorfr"}]}},"_links":{"self":[{"href":"https:\/\/www.africa-press.net\/cotedivoire\/wp-json\/wp\/v2\/posts\/31395","targetHints":{"allow":["GET"]}}],"collection":[{"href":"https:\/\/www.africa-press.net\/cotedivoire\/wp-json\/wp\/v2\/posts"}],"about":[{"href":"https:\/\/www.africa-press.net\/cotedivoire\/wp-json\/wp\/v2\/types\/post"}],"author":[{"embeddable":true,"href":"https:\/\/www.africa-press.net\/cotedivoire\/wp-json\/wp\/v2\/users\/82"}],"replies":[{"embeddable":true,"href":"https:\/\/www.africa-press.net\/cotedivoire\/wp-json\/wp\/v2\/comments?post=31395"}],"version-history":[{"count":0,"href":"https:\/\/www.africa-press.net\/cotedivoire\/wp-json\/wp\/v2\/posts\/31395\/revisions"}],"wp:featuredmedia":[{"embeddable":true,"href":"https:\/\/www.africa-press.net\/cotedivoire\/wp-json\/wp\/v2\/media\/31394"}],"wp:attachment":[{"href":"https:\/\/www.africa-press.net\/cotedivoire\/wp-json\/wp\/v2\/media?parent=31395"}],"wp:term":[{"taxonomy":"category","embeddable":true,"href":"https:\/\/www.africa-press.net\/cotedivoire\/wp-json\/wp\/v2\/categories?post=31395"},{"taxonomy":"post_tag","embeddable":true,"href":"https:\/\/www.africa-press.net\/cotedivoire\/wp-json\/wp\/v2\/tags?post=31395"}],"curies":[{"name":"wp","href":"https:\/\/api.w.org\/{rel}","templated":true}]}}