{"id":31666,"date":"2022-04-02T16:18:03","date_gmt":"2022-04-02T16:18:03","guid":{"rendered":"https:\/\/www.africa-press.net\/cotedivoire\/politique\/apres-la-formation-des-commissaires-a-la-fonction-de-greffier-ah-doc-les-titulaires-grognent-les-precisions-du-ministere-de-la-justice"},"modified":"2022-04-02T17:01:47","modified_gmt":"2022-04-02T17:01:47","slug":"apres-la-formation-des-commissaires-a-la-fonction-de-greffier-ah-doc-les-titulaires-grognent-les-precisions-du-ministere-de-la-justice","status":"publish","type":"post","link":"https:\/\/www.africa-press.net\/cotedivoire\/toutes-les-actualites\/apres-la-formation-des-commissaires-a-la-fonction-de-greffier-ah-doc-les-titulaires-grognent-les-precisions-du-ministere-de-la-justice","title":{"rendered":"Apr\u00e8s la formation des commissaires \u00e0 la fonction de Greffier Ah-doc, les titulaires grognent, les pr\u00e9cisions du Minist\u00e8re de la Justice"},"content":{"rendered":"<p><span style=\"color: #ff6600\"><strong>Africa-Press &#8211; C\u00f4te d&rsquo;Ivoire. <\/strong><\/span>Les greffiers ivoiriens ont observ\u00e9 un arr\u00eat de travail en mars dernier avant de la suspendre la gr\u00e8ve, suite \u00e0 un ultimatum lanc\u00e9 par le Ministre de la Justice et des Droits de l\u2019Homme, Sansan Kambil\u00e9.<\/p>\n<p>Pour pallier leur absence, ils ont \u00e9t\u00e9 remplac\u00e9s par les commissaires de justice dans les tribunaux sur le territoire national.<\/p>\n<p>\u00c0 l\u2019\u00e9preuve de cette suppl\u00e9ance, le constat g\u00e9n\u00e9ral a \u00e9t\u00e9 fait de ce que les commissaires de justice ont rencontr\u00e9 des difficult\u00e9s, voire des insuffisances, d\u2019une part, au niveau des connaissances de certaines fonctions, et d\u2019autre part, sur la pratique de certains actes sp\u00e9ciaux de greffe.<\/p>\n<p>Pour pallier cette situation, les Commissaires de justice ont suivi une formation, le 15 mars 2022, et ce, \u00e0 l\u2019Institut National de Formation Judiciaire de Yamoussoukro (INFJ).<\/p>\n<p>Il s\u2019agissait d\u2019assurer \u00e0 leur b\u00e9n\u00e9fice une formation aux techniques professionnelles des greffes lors des audiences avec un focus particulier sur les missions des formations de jugement, d\u2019instruction et de mise en mouvement de l\u2019action publique.<\/p>\n<p>Mais cette d\u00e9cision n\u2019est pas du go\u00fbt des greffiers titulaires, en t\u00e9moignent des r\u00e9actions sous le sceau de l\u2019anonymat sur les r\u00e9seaux sociaux.<\/p>\n<p>Nous apprenons que, selon la loi n\u00b02018-974 du 27 d\u00e9cembre 2018 portant Statut des Commissaires de justice, en son article 2, alin\u00e9a 4 : \u00ab Le Commissaire de justice peut \u00eatre requis par le Procureur g\u00e9n\u00e9ral en qualit\u00e9 de greffier ad \u2018hoc pour assurer le service de greffe des cours et tribunaux \u00bb.<\/p>\n<p>C\u2019est \u00e9galement l\u2019imp\u00e9rieuse n\u00e9cessit\u00e9 d\u2019assurer la continuit\u00e9 du service public qui a conduit le l\u00e9gislateur ivoirien \u00e0 pr\u00e9voir \u00e0 l\u2019article 2 alin\u00e9a 1 paragraphe 4 de la loi n\u00b02018-974 du 27 d\u00e9cembre 2018 portant statut des commissaires de justice, la facult\u00e9 pour les procureurs g\u00e9n\u00e9raux de requ\u00e9rir ces derniers pour assurer les fonctions de greffier ad hoc.<\/p>\n<p>\u00ab La r\u00e9quisition des commissaires de justice n\u2019a donc pas pour objectif de faire \u00e9chec \u00e0 l\u2019exercice du droit de gr\u00e8ve reconnu aux greffiers. Les procureurs g\u00e9n\u00e9raux ont us\u00e9 de cette facult\u00e9 l\u00e9gale pour assurer la continuit\u00e9 du service public, faute pour les greffiers d\u2019avoir assur\u00e9 le service minimum impos\u00e9 par la loi. Le renforcement des capacit\u00e9s des commissaires de justice vise \u00e0 leur permettre d\u2019accomplir efficacement cette fonction en cas de besoin \u00bb, explique-t-on, tout en pr\u00e9cisant que, le greffier ad hoc n\u2019est pas une nouvelle corporation.<\/p>\n<p>\u00ab Le dictionnaire nous enseigne que le mot ad hoc signifie qui convient parfaitement \u00e0 une situation, \u00e0 un usage, \u00e0 un moment pr\u00e9cis. En outre, il n\u2019y a pas de risque d\u2019un quelconque conflit d\u2019int\u00e9r\u00eat qui r\u00e9sulterait de l\u2019exercice des attributions du greffier par le commissaire de justice appel\u00e9 \u00e0 exercer les fonctions de greffier ad hoc. Le commissaire de justice n\u2019est pas partie au proc\u00e8s dans lequel il a servi un acte. Il convient de rappeler que tout comme le greffier, le commissaire de justice est un officier public ; c\u2019est-\u00e0-dire qu\u2019il est d\u00e9l\u00e9gataire de la puissance publique de l\u2019\u00c9tat au nom duquel il conf\u00e8re l\u2019authenticit\u00e9 aux actes relevant de sa comp\u00e9tence. Il est \u00e9galement un officier minist\u00e9riel (titulaire d\u2019un office attribu\u00e9 par l\u2019Etat). En ces qualit\u00e9s, il se contente d\u2019exercer la mission de service public confi\u00e9e par l\u2019Etat, notamment en r\u00e9digeant et signifiant les actes introductifs d\u2019instance, en proc\u00e9dant \u00e0 des constatations mat\u00e9rielles, etc. \u00bb, souligne le Minist\u00e8re de la Justice.<\/p>\n<p>Donatien Kautcha, Abidjan<\/p>\n<p><strong>Pour plus d&rsquo;informations et d&rsquo;analyses sur la <a href=\"https:\/\/www.africa-press.net\/cotedivoire\">C\u00f4te d&rsquo;Ivoire<\/a>, suivez <a href=\"https:\/\/www.africa-press.net\/\">Africa-Press<\/a><\/strong><\/p>\n","protected":false},"excerpt":{"rendered":"<p>Africa-Press &#8211; C\u00f4te d&rsquo;Ivoire. Les greffiers ivoiriens ont observ\u00e9 un arr\u00eat de travail en mars dernier avant de la suspendre la gr\u00e8ve, suite \u00e0 un ultimatum lanc\u00e9 par le Ministre de la Justice et des Droits de l\u2019Homme, Sansan Kambil\u00e9. Pour pallier leur absence, ils ont \u00e9t\u00e9 remplac\u00e9s par les commissaires de justice dans les [&hellip;]<\/p>\n","protected":false},"author":82,"featured_media":31665,"comment_status":"open","ping_status":"closed","sticky":false,"template":"","format":"standard","meta":{"footnotes":""},"categories":[21,11,10],"tags":[56,63,5339,29,865,550],"class_list":["post-31666","post","type-post","status-publish","format-standard","has-post-thumbnail","hentry","category-communaute","category-homepage-french","category-toutes-les-actualites","tag-africa-press","tag-africa-press-cote-divoire","tag-commissaires","tag-cote-divoire","tag-formation","tag-sansan-kambile"],"yoast_head":"<!-- This site is optimized with the Yoast SEO Premium plugin v26.1 (Yoast SEO v27.0) - https:\/\/yoast.com\/product\/yoast-seo-premium-wordpress\/ -->\n<title>Apr\u00e8s la formation des commissaires \u00e0 la fonction de Greffier Ah-doc, les titulaires grognent, les pr\u00e9cisions du Minist\u00e8re de la Justice - C\u00f4te d&#039;Ivoire<\/title>\n<meta name=\"description\" content=\"Les greffiers ivoiriens ont observ\u00e9 un arr\u00eat de travail en mars dernier avant de la suspendre la gr\u00e8ve, suite \u00e0 un ultim ...\" \/>\n<meta name=\"robots\" content=\"index, follow, max-snippet:-1, max-image-preview:large, max-video-preview:-1\" \/>\n<link rel=\"canonical\" href=\"https:\/\/www.africa-press.net\/cotedivoire\/toutes-les-actualites\/apres-la-formation-des-commissaires-a-la-fonction-de-greffier-ah-doc-les-titulaires-grognent-les-precisions-du-ministere-de-la-justice\" \/>\n<meta property=\"og:locale\" content=\"fr_FR\" \/>\n<meta property=\"og:type\" content=\"article\" \/>\n<meta property=\"og:title\" content=\"Apr\u00e8s la formation des commissaires \u00e0 la fonction de Greffier Ah-doc, les titulaires grognent, les pr\u00e9cisions du Minist\u00e8re de la Justice\" \/>\n<meta property=\"og:description\" content=\"Les greffiers ivoiriens ont observ\u00e9 un arr\u00eat de travail en mars dernier avant de la suspendre la gr\u00e8ve, suite \u00e0 un ultim ...\" \/>\n<meta property=\"og:url\" content=\"https:\/\/www.africa-press.net\/cotedivoire\/toutes-les-actualites\/apres-la-formation-des-commissaires-a-la-fonction-de-greffier-ah-doc-les-titulaires-grognent-les-precisions-du-ministere-de-la-justice\" \/>\n<meta property=\"og:site_name\" content=\"C\u00f4te d&#039;Ivoire\" \/>\n<meta property=\"article:published_time\" content=\"2022-04-02T16:18:03+00:00\" \/>\n<meta property=\"article:modified_time\" content=\"2022-04-02T17:01:47+00:00\" \/>\n<meta property=\"og:image\" content=\"https:\/\/static.africa-press.net\/cote\/sites\/43\/2022\/04\/img-62488150b32c8.jpg\" \/>\n\t<meta property=\"og:image:width\" content=\"720\" \/>\n\t<meta property=\"og:image:height\" content=\"414\" \/>\n\t<meta property=\"og:image:type\" content=\"image\/jpeg\" \/>\n<meta name=\"author\" content=\"cfeditorfr\" \/>\n<meta name=\"twitter:card\" content=\"summary_large_image\" \/>\n<meta name=\"twitter:label1\" content=\"\u00c9crit par\" \/>\n\t<meta name=\"twitter:data1\" content=\"cfeditorfr\" \/>\n\t<meta name=\"twitter:label2\" content=\"Dur\u00e9e de lecture estim\u00e9e\" \/>\n\t<meta name=\"twitter:data2\" content=\"3 minutes\" \/>\n<script type=\"application\/ld+json\" class=\"yoast-schema-graph\">{\"@context\":\"https:\/\/schema.org\",\"@graph\":[{\"@type\":\"Article\",\"@id\":\"https:\/\/www.africa-press.net\/cotedivoire\/toutes-les-actualites\/apres-la-formation-des-commissaires-a-la-fonction-de-greffier-ah-doc-les-titulaires-grognent-les-precisions-du-ministere-de-la-justice#article\",\"isPartOf\":{\"@id\":\"https:\/\/www.africa-press.net\/cotedivoire\/toutes-les-actualites\/apres-la-formation-des-commissaires-a-la-fonction-de-greffier-ah-doc-les-titulaires-grognent-les-precisions-du-ministere-de-la-justice\"},\"author\":{\"name\":\"cfeditorfr\",\"@id\":\"https:\/\/www.africa-press.net\/cotedivoire\/#\/schema\/person\/2b1cf3cd81a31e3cd26889ca66d677f1\"},\"headline\":\"Apr\u00e8s la formation des commissaires \u00e0 la fonction de Greffier Ah-doc, les titulaires grognent, les pr\u00e9cisions du Minist\u00e8re de la Justice\",\"datePublished\":\"2022-04-02T16:18:03+00:00\",\"dateModified\":\"2022-04-02T17:01:47+00:00\",\"mainEntityOfPage\":{\"@id\":\"https:\/\/www.africa-press.net\/cotedivoire\/toutes-les-actualites\/apres-la-formation-des-commissaires-a-la-fonction-de-greffier-ah-doc-les-titulaires-grognent-les-precisions-du-ministere-de-la-justice\"},\"wordCount\":653,\"commentCount\":0,\"image\":{\"@id\":\"https:\/\/www.africa-press.net\/cotedivoire\/toutes-les-actualites\/apres-la-formation-des-commissaires-a-la-fonction-de-greffier-ah-doc-les-titulaires-grognent-les-precisions-du-ministere-de-la-justice#primaryimage\"},\"thumbnailUrl\":\"https:\/\/static.africa-press.net\/cote\/sites\/43\/2022\/04\/img-62488150b32c8.jpg\",\"keywords\":[\"Africa Press\",\"Africa Press-C\u00f4te d'Ivoire\",\"commissaires\",\"C\u00d4TE D'IVOIRE\",\"Formation\",\"Sansan Kambil\u00e9\"],\"articleSection\":[\"Communaut\u00e9\",\"homepage-french\",\"Toutes les actualit\u00e9s\"],\"inLanguage\":\"fr-FR\",\"potentialAction\":[{\"@type\":\"CommentAction\",\"name\":\"Comment\",\"target\":[\"https:\/\/www.africa-press.net\/cotedivoire\/toutes-les-actualites\/apres-la-formation-des-commissaires-a-la-fonction-de-greffier-ah-doc-les-titulaires-grognent-les-precisions-du-ministere-de-la-justice#respond\"]}]},{\"@type\":\"WebPage\",\"@id\":\"https:\/\/www.africa-press.net\/cotedivoire\/toutes-les-actualites\/apres-la-formation-des-commissaires-a-la-fonction-de-greffier-ah-doc-les-titulaires-grognent-les-precisions-du-ministere-de-la-justice\",\"url\":\"https:\/\/www.africa-press.net\/cotedivoire\/toutes-les-actualites\/apres-la-formation-des-commissaires-a-la-fonction-de-greffier-ah-doc-les-titulaires-grognent-les-precisions-du-ministere-de-la-justice\",\"name\":\"Apr\u00e8s la formation des commissaires \u00e0 la fonction de Greffier Ah-doc, les titulaires grognent, les pr\u00e9cisions du Minist\u00e8re de la Justice - C\u00f4te d&#039;Ivoire\",\"isPartOf\":{\"@id\":\"https:\/\/www.africa-press.net\/cotedivoire\/#website\"},\"primaryImageOfPage\":{\"@id\":\"https:\/\/www.africa-press.net\/cotedivoire\/toutes-les-actualites\/apres-la-formation-des-commissaires-a-la-fonction-de-greffier-ah-doc-les-titulaires-grognent-les-precisions-du-ministere-de-la-justice#primaryimage\"},\"image\":{\"@id\":\"https:\/\/www.africa-press.net\/cotedivoire\/toutes-les-actualites\/apres-la-formation-des-commissaires-a-la-fonction-de-greffier-ah-doc-les-titulaires-grognent-les-precisions-du-ministere-de-la-justice#primaryimage\"},\"thumbnailUrl\":\"https:\/\/static.africa-press.net\/cote\/sites\/43\/2022\/04\/img-62488150b32c8.jpg\",\"datePublished\":\"2022-04-02T16:18:03+00:00\",\"dateModified\":\"2022-04-02T17:01:47+00:00\",\"author\":{\"@id\":\"https:\/\/www.africa-press.net\/cotedivoire\/#\/schema\/person\/2b1cf3cd81a31e3cd26889ca66d677f1\"},\"description\":\"Les greffiers ivoiriens ont observ\u00e9 un arr\u00eat de travail en mars dernier avant de la suspendre la gr\u00e8ve, suite \u00e0 un ultim ...\",\"breadcrumb\":{\"@id\":\"https:\/\/www.africa-press.net\/cotedivoire\/toutes-les-actualites\/apres-la-formation-des-commissaires-a-la-fonction-de-greffier-ah-doc-les-titulaires-grognent-les-precisions-du-ministere-de-la-justice#breadcrumb\"},\"inLanguage\":\"fr-FR\",\"potentialAction\":[{\"@type\":\"ReadAction\",\"target\":[\"https:\/\/www.africa-press.net\/cotedivoire\/toutes-les-actualites\/apres-la-formation-des-commissaires-a-la-fonction-de-greffier-ah-doc-les-titulaires-grognent-les-precisions-du-ministere-de-la-justice\"]}]},{\"@type\":\"ImageObject\",\"inLanguage\":\"fr-FR\",\"@id\":\"https:\/\/www.africa-press.net\/cotedivoire\/toutes-les-actualites\/apres-la-formation-des-commissaires-a-la-fonction-de-greffier-ah-doc-les-titulaires-grognent-les-precisions-du-ministere-de-la-justice#primaryimage\",\"url\":\"https:\/\/static.africa-press.net\/cote\/sites\/43\/2022\/04\/img-62488150b32c8.jpg\",\"contentUrl\":\"https:\/\/static.africa-press.net\/cote\/sites\/43\/2022\/04\/img-62488150b32c8.jpg\",\"width\":720,\"height\":414,\"caption\":\"Apr\u00e8s la formation des commissaires \u00e0 la fonction de Greffier Ah-doc, les titulaires grognent, les pr\u00e9cisions du Minist\u00e8re de la Justice\"},{\"@type\":\"BreadcrumbList\",\"@id\":\"https:\/\/www.africa-press.net\/cotedivoire\/toutes-les-actualites\/apres-la-formation-des-commissaires-a-la-fonction-de-greffier-ah-doc-les-titulaires-grognent-les-precisions-du-ministere-de-la-justice#breadcrumb\",\"itemListElement\":[{\"@type\":\"ListItem\",\"position\":1,\"name\":\"Accueil\",\"item\":\"https:\/\/www.africa-press.net\/cotedivoire\/\"},{\"@type\":\"ListItem\",\"position\":2,\"name\":\"Apr\u00e8s la formation des commissaires \u00e0 la fonction de Greffier Ah-doc, les titulaires grognent, les pr\u00e9cisions du Minist\u00e8re de la Justice\"}]},{\"@type\":\"WebSite\",\"@id\":\"https:\/\/www.africa-press.net\/cotedivoire\/#website\",\"url\":\"https:\/\/www.africa-press.net\/cotedivoire\/\",\"name\":\"C\u00f4te d&#039;Ivoire\",\"description\":\"Just another Africa News Agency Sites site\",\"potentialAction\":[{\"@type\":\"SearchAction\",\"target\":{\"@type\":\"EntryPoint\",\"urlTemplate\":\"https:\/\/www.africa-press.net\/cotedivoire\/?s={search_term_string}\"},\"query-input\":{\"@type\":\"PropertyValueSpecification\",\"valueRequired\":true,\"valueName\":\"search_term_string\"}}],\"inLanguage\":\"fr-FR\"},{\"@type\":\"Person\",\"@id\":\"https:\/\/www.africa-press.net\/cotedivoire\/#\/schema\/person\/2b1cf3cd81a31e3cd26889ca66d677f1\",\"name\":\"cfeditorfr\"}]}<\/script>\n<!-- \/ Yoast SEO Premium plugin. -->","yoast_head_json":{"title":"Apr\u00e8s la formation des commissaires \u00e0 la fonction de Greffier Ah-doc, les titulaires grognent, les pr\u00e9cisions du Minist\u00e8re de la Justice - C\u00f4te d&#039;Ivoire","description":"Les greffiers ivoiriens ont observ\u00e9 un arr\u00eat de travail en mars dernier avant de la suspendre la gr\u00e8ve, suite \u00e0 un ultim ...","robots":{"index":"index","follow":"follow","max-snippet":"max-snippet:-1","max-image-preview":"max-image-preview:large","max-video-preview":"max-video-preview:-1"},"canonical":"https:\/\/www.africa-press.net\/cotedivoire\/toutes-les-actualites\/apres-la-formation-des-commissaires-a-la-fonction-de-greffier-ah-doc-les-titulaires-grognent-les-precisions-du-ministere-de-la-justice","og_locale":"fr_FR","og_type":"article","og_title":"Apr\u00e8s la formation des commissaires \u00e0 la fonction de Greffier Ah-doc, les titulaires grognent, les pr\u00e9cisions du Minist\u00e8re de la Justice","og_description":"Les greffiers ivoiriens ont observ\u00e9 un arr\u00eat de travail en mars dernier avant de la suspendre la gr\u00e8ve, suite \u00e0 un ultim ...","og_url":"https:\/\/www.africa-press.net\/cotedivoire\/toutes-les-actualites\/apres-la-formation-des-commissaires-a-la-fonction-de-greffier-ah-doc-les-titulaires-grognent-les-precisions-du-ministere-de-la-justice","og_site_name":"C\u00f4te d&#039;Ivoire","article_published_time":"2022-04-02T16:18:03+00:00","article_modified_time":"2022-04-02T17:01:47+00:00","og_image":[{"width":720,"height":414,"url":"https:\/\/static.africa-press.net\/cote\/sites\/43\/2022\/04\/img-62488150b32c8.jpg","type":"image\/jpeg"}],"author":"cfeditorfr","twitter_card":"summary_large_image","twitter_misc":{"\u00c9crit par":"cfeditorfr","Dur\u00e9e de lecture estim\u00e9e":"3 minutes"},"schema":{"@context":"https:\/\/schema.org","@graph":[{"@type":"Article","@id":"https:\/\/www.africa-press.net\/cotedivoire\/toutes-les-actualites\/apres-la-formation-des-commissaires-a-la-fonction-de-greffier-ah-doc-les-titulaires-grognent-les-precisions-du-ministere-de-la-justice#article","isPartOf":{"@id":"https:\/\/www.africa-press.net\/cotedivoire\/toutes-les-actualites\/apres-la-formation-des-commissaires-a-la-fonction-de-greffier-ah-doc-les-titulaires-grognent-les-precisions-du-ministere-de-la-justice"},"author":{"name":"cfeditorfr","@id":"https:\/\/www.africa-press.net\/cotedivoire\/#\/schema\/person\/2b1cf3cd81a31e3cd26889ca66d677f1"},"headline":"Apr\u00e8s la formation des commissaires \u00e0 la fonction de Greffier Ah-doc, les titulaires grognent, les pr\u00e9cisions du Minist\u00e8re de la Justice","datePublished":"2022-04-02T16:18:03+00:00","dateModified":"2022-04-02T17:01:47+00:00","mainEntityOfPage":{"@id":"https:\/\/www.africa-press.net\/cotedivoire\/toutes-les-actualites\/apres-la-formation-des-commissaires-a-la-fonction-de-greffier-ah-doc-les-titulaires-grognent-les-precisions-du-ministere-de-la-justice"},"wordCount":653,"commentCount":0,"image":{"@id":"https:\/\/www.africa-press.net\/cotedivoire\/toutes-les-actualites\/apres-la-formation-des-commissaires-a-la-fonction-de-greffier-ah-doc-les-titulaires-grognent-les-precisions-du-ministere-de-la-justice#primaryimage"},"thumbnailUrl":"https:\/\/static.africa-press.net\/cote\/sites\/43\/2022\/04\/img-62488150b32c8.jpg","keywords":["Africa Press","Africa Press-C\u00f4te d'Ivoire","commissaires","C\u00d4TE D'IVOIRE","Formation","Sansan Kambil\u00e9"],"articleSection":["Communaut\u00e9","homepage-french","Toutes les actualit\u00e9s"],"inLanguage":"fr-FR","potentialAction":[{"@type":"CommentAction","name":"Comment","target":["https:\/\/www.africa-press.net\/cotedivoire\/toutes-les-actualites\/apres-la-formation-des-commissaires-a-la-fonction-de-greffier-ah-doc-les-titulaires-grognent-les-precisions-du-ministere-de-la-justice#respond"]}]},{"@type":"WebPage","@id":"https:\/\/www.africa-press.net\/cotedivoire\/toutes-les-actualites\/apres-la-formation-des-commissaires-a-la-fonction-de-greffier-ah-doc-les-titulaires-grognent-les-precisions-du-ministere-de-la-justice","url":"https:\/\/www.africa-press.net\/cotedivoire\/toutes-les-actualites\/apres-la-formation-des-commissaires-a-la-fonction-de-greffier-ah-doc-les-titulaires-grognent-les-precisions-du-ministere-de-la-justice","name":"Apr\u00e8s la formation des commissaires \u00e0 la fonction de Greffier Ah-doc, les titulaires grognent, les pr\u00e9cisions du Minist\u00e8re de la Justice - C\u00f4te d&#039;Ivoire","isPartOf":{"@id":"https:\/\/www.africa-press.net\/cotedivoire\/#website"},"primaryImageOfPage":{"@id":"https:\/\/www.africa-press.net\/cotedivoire\/toutes-les-actualites\/apres-la-formation-des-commissaires-a-la-fonction-de-greffier-ah-doc-les-titulaires-grognent-les-precisions-du-ministere-de-la-justice#primaryimage"},"image":{"@id":"https:\/\/www.africa-press.net\/cotedivoire\/toutes-les-actualites\/apres-la-formation-des-commissaires-a-la-fonction-de-greffier-ah-doc-les-titulaires-grognent-les-precisions-du-ministere-de-la-justice#primaryimage"},"thumbnailUrl":"https:\/\/static.africa-press.net\/cote\/sites\/43\/2022\/04\/img-62488150b32c8.jpg","datePublished":"2022-04-02T16:18:03+00:00","dateModified":"2022-04-02T17:01:47+00:00","author":{"@id":"https:\/\/www.africa-press.net\/cotedivoire\/#\/schema\/person\/2b1cf3cd81a31e3cd26889ca66d677f1"},"description":"Les greffiers ivoiriens ont observ\u00e9 un arr\u00eat de travail en mars dernier avant de la suspendre la gr\u00e8ve, suite \u00e0 un ultim ...","breadcrumb":{"@id":"https:\/\/www.africa-press.net\/cotedivoire\/toutes-les-actualites\/apres-la-formation-des-commissaires-a-la-fonction-de-greffier-ah-doc-les-titulaires-grognent-les-precisions-du-ministere-de-la-justice#breadcrumb"},"inLanguage":"fr-FR","potentialAction":[{"@type":"ReadAction","target":["https:\/\/www.africa-press.net\/cotedivoire\/toutes-les-actualites\/apres-la-formation-des-commissaires-a-la-fonction-de-greffier-ah-doc-les-titulaires-grognent-les-precisions-du-ministere-de-la-justice"]}]},{"@type":"ImageObject","inLanguage":"fr-FR","@id":"https:\/\/www.africa-press.net\/cotedivoire\/toutes-les-actualites\/apres-la-formation-des-commissaires-a-la-fonction-de-greffier-ah-doc-les-titulaires-grognent-les-precisions-du-ministere-de-la-justice#primaryimage","url":"https:\/\/static.africa-press.net\/cote\/sites\/43\/2022\/04\/img-62488150b32c8.jpg","contentUrl":"https:\/\/static.africa-press.net\/cote\/sites\/43\/2022\/04\/img-62488150b32c8.jpg","width":720,"height":414,"caption":"Apr\u00e8s la formation des commissaires \u00e0 la fonction de Greffier Ah-doc, les titulaires grognent, les pr\u00e9cisions du Minist\u00e8re de la Justice"},{"@type":"BreadcrumbList","@id":"https:\/\/www.africa-press.net\/cotedivoire\/toutes-les-actualites\/apres-la-formation-des-commissaires-a-la-fonction-de-greffier-ah-doc-les-titulaires-grognent-les-precisions-du-ministere-de-la-justice#breadcrumb","itemListElement":[{"@type":"ListItem","position":1,"name":"Accueil","item":"https:\/\/www.africa-press.net\/cotedivoire\/"},{"@type":"ListItem","position":2,"name":"Apr\u00e8s la formation des commissaires \u00e0 la fonction de Greffier Ah-doc, les titulaires grognent, les pr\u00e9cisions du Minist\u00e8re de la Justice"}]},{"@type":"WebSite","@id":"https:\/\/www.africa-press.net\/cotedivoire\/#website","url":"https:\/\/www.africa-press.net\/cotedivoire\/","name":"C\u00f4te d&#039;Ivoire","description":"Just another Africa News Agency Sites site","potentialAction":[{"@type":"SearchAction","target":{"@type":"EntryPoint","urlTemplate":"https:\/\/www.africa-press.net\/cotedivoire\/?s={search_term_string}"},"query-input":{"@type":"PropertyValueSpecification","valueRequired":true,"valueName":"search_term_string"}}],"inLanguage":"fr-FR"},{"@type":"Person","@id":"https:\/\/www.africa-press.net\/cotedivoire\/#\/schema\/person\/2b1cf3cd81a31e3cd26889ca66d677f1","name":"cfeditorfr"}]}},"_links":{"self":[{"href":"https:\/\/www.africa-press.net\/cotedivoire\/wp-json\/wp\/v2\/posts\/31666","targetHints":{"allow":["GET"]}}],"collection":[{"href":"https:\/\/www.africa-press.net\/cotedivoire\/wp-json\/wp\/v2\/posts"}],"about":[{"href":"https:\/\/www.africa-press.net\/cotedivoire\/wp-json\/wp\/v2\/types\/post"}],"author":[{"embeddable":true,"href":"https:\/\/www.africa-press.net\/cotedivoire\/wp-json\/wp\/v2\/users\/82"}],"replies":[{"embeddable":true,"href":"https:\/\/www.africa-press.net\/cotedivoire\/wp-json\/wp\/v2\/comments?post=31666"}],"version-history":[{"count":0,"href":"https:\/\/www.africa-press.net\/cotedivoire\/wp-json\/wp\/v2\/posts\/31666\/revisions"}],"wp:featuredmedia":[{"embeddable":true,"href":"https:\/\/www.africa-press.net\/cotedivoire\/wp-json\/wp\/v2\/media\/31665"}],"wp:attachment":[{"href":"https:\/\/www.africa-press.net\/cotedivoire\/wp-json\/wp\/v2\/media?parent=31666"}],"wp:term":[{"taxonomy":"category","embeddable":true,"href":"https:\/\/www.africa-press.net\/cotedivoire\/wp-json\/wp\/v2\/categories?post=31666"},{"taxonomy":"post_tag","embeddable":true,"href":"https:\/\/www.africa-press.net\/cotedivoire\/wp-json\/wp\/v2\/tags?post=31666"}],"curies":[{"name":"wp","href":"https:\/\/api.w.org\/{rel}","templated":true}]}}