{"id":31900,"date":"2022-04-05T17:38:04","date_gmt":"2022-04-05T17:38:04","guid":{"rendered":"https:\/\/www.africa-press.net\/cotedivoire\/politique\/commercialisation-de-faux-fer-des-grossistes-entendus-depuis-hier-par-la-police-crimellle"},"modified":"2022-04-05T17:50:34","modified_gmt":"2022-04-05T17:50:34","slug":"commercialisation-de-faux-fer-des-grossistes-entendus-depuis-hier-par-la-police-crimellle","status":"publish","type":"post","link":"https:\/\/www.africa-press.net\/cotedivoire\/toutes-les-actualites\/commercialisation-de-faux-fer-des-grossistes-entendus-depuis-hier-par-la-police-crimellle","title":{"rendered":"Commercialisation de faux fer, des grossistes entendus depuis hier par la police crimellle"},"content":{"rendered":"<p><span style=\"color: #ff6600\"><strong>Africa-Press &#8211; C\u00f4te d&rsquo;Ivoire. <\/strong><\/span><b>Dans les locaux de la police criminelle au Plateau \u00e0 Abidjan (ph KOACI Archive)<\/b><\/p>\n<p>&nbsp;<\/p>\n<p>Les commer\u00e7ants grossistes de faux fer \u00e0 b\u00e9ton sont auditionn\u00e9s depuis hier par la police criminelle.<\/p>\n<p>Selon des informations en notre possession, ce sont au total 26 grossistes d\u00e9nonc\u00e9s par le Collectif des victimes en C\u00f4te d&rsquo;Ivoire (CVCI) qui seront entendus sur la trentaine existante.<\/p>\n<p>Notons que, c&rsquo;est apr\u00e8s expertise des diff\u00e9rents fers commercialis\u00e9s par ces acteurs que le CVCI a souhait\u00e9 qu&rsquo;ils passent devant la police.<\/p>\n<p>Le Collectif a toujours affirm\u00e9 que l&rsquo;\u00e9croulement des immeubles \u00e0 Abidjan est li\u00e9 \u00e0 l&rsquo;utilisation du faux fer par les prometteurs.<\/p>\n<p>Wassimagnon<\/p>\n<p><strong>Pour plus d&rsquo;informations et d&rsquo;analyses sur la <a href=\"https:\/\/www.africa-press.net\/cotedivoire\">C\u00f4te d&rsquo;Ivoire<\/a>, suivez <a href=\"https:\/\/www.africa-press.net\/\">Africa-Press<\/a><\/strong><\/p>\n","protected":false},"excerpt":{"rendered":"<p>Africa-Press &#8211; C\u00f4te d&rsquo;Ivoire. Dans les locaux de la police criminelle au Plateau \u00e0 Abidjan (ph KOACI Archive) &nbsp; Les commer\u00e7ants grossistes de faux fer \u00e0 b\u00e9ton sont auditionn\u00e9s depuis hier par la police criminelle. Selon des informations en notre possession, ce sont au total 26 grossistes d\u00e9nonc\u00e9s par le Collectif des victimes en C\u00f4te [&hellip;]<\/p>\n","protected":false},"author":82,"featured_media":31899,"comment_status":"open","ping_status":"closed","sticky":false,"template":"","format":"standard","meta":{"footnotes":""},"categories":[21,11,10],"tags":[56,63,29,533,2497,5376],"class_list":["post-31900","post","type-post","status-publish","format-standard","has-post-thumbnail","hentry","category-communaute","category-homepage-french","category-toutes-les-actualites","tag-africa-press","tag-africa-press-cote-divoire","tag-cote-divoire","tag-cvci","tag-fer","tag-police-crimellle"],"yoast_head":"<!-- This site is optimized with the Yoast SEO Premium plugin v26.1 (Yoast SEO v27.0) - https:\/\/yoast.com\/product\/yoast-seo-premium-wordpress\/ -->\n<title>Commercialisation de faux fer, des grossistes entendus depuis hier par la police crimellle - C\u00f4te d&#039;Ivoire<\/title>\n<meta name=\"description\" content=\"Dans les locaux de la police criminelle au Plateau \u00e0 Abidjan (ph KOACI Archive) \ufeff Les commer\u00e7ants grossi ...\" \/>\n<meta name=\"robots\" content=\"index, follow, max-snippet:-1, max-image-preview:large, max-video-preview:-1\" \/>\n<link rel=\"canonical\" href=\"https:\/\/www.africa-press.net\/cotedivoire\/toutes-les-actualites\/commercialisation-de-faux-fer-des-grossistes-entendus-depuis-hier-par-la-police-crimellle\" \/>\n<meta property=\"og:locale\" content=\"fr_FR\" \/>\n<meta property=\"og:type\" content=\"article\" \/>\n<meta property=\"og:title\" content=\"Commercialisation de faux fer, des grossistes entendus depuis hier par la police crimellle\" \/>\n<meta property=\"og:description\" content=\"Dans les locaux de la police criminelle au Plateau \u00e0 Abidjan (ph KOACI Archive) \ufeff Les commer\u00e7ants grossi ...\" \/>\n<meta property=\"og:url\" content=\"https:\/\/www.africa-press.net\/cotedivoire\/toutes-les-actualites\/commercialisation-de-faux-fer-des-grossistes-entendus-depuis-hier-par-la-police-crimellle\" \/>\n<meta property=\"og:site_name\" content=\"C\u00f4te d&#039;Ivoire\" \/>\n<meta property=\"article:published_time\" content=\"2022-04-05T17:38:04+00:00\" \/>\n<meta property=\"article:modified_time\" content=\"2022-04-05T17:50:34+00:00\" \/>\n<meta property=\"og:image\" content=\"https:\/\/static.africa-press.net\/cote\/sites\/43\/2022\/04\/img-624c814d84cf5.jpg\" \/>\n\t<meta property=\"og:image:width\" content=\"720\" \/>\n\t<meta property=\"og:image:height\" content=\"378\" \/>\n\t<meta property=\"og:image:type\" content=\"image\/jpeg\" \/>\n<meta name=\"author\" content=\"cfeditorfr\" \/>\n<meta name=\"twitter:card\" content=\"summary_large_image\" \/>\n<meta name=\"twitter:label1\" content=\"\u00c9crit par\" \/>\n\t<meta name=\"twitter:data1\" content=\"cfeditorfr\" \/>\n\t<meta name=\"twitter:label2\" content=\"Dur\u00e9e de lecture estim\u00e9e\" \/>\n\t<meta name=\"twitter:data2\" content=\"1 minute\" \/>\n<script type=\"application\/ld+json\" class=\"yoast-schema-graph\">{\"@context\":\"https:\/\/schema.org\",\"@graph\":[{\"@type\":\"Article\",\"@id\":\"https:\/\/www.africa-press.net\/cotedivoire\/toutes-les-actualites\/commercialisation-de-faux-fer-des-grossistes-entendus-depuis-hier-par-la-police-crimellle#article\",\"isPartOf\":{\"@id\":\"https:\/\/www.africa-press.net\/cotedivoire\/toutes-les-actualites\/commercialisation-de-faux-fer-des-grossistes-entendus-depuis-hier-par-la-police-crimellle\"},\"author\":{\"name\":\"cfeditorfr\",\"@id\":\"https:\/\/www.africa-press.net\/cotedivoire\/#\/schema\/person\/2b1cf3cd81a31e3cd26889ca66d677f1\"},\"headline\":\"Commercialisation de faux fer, des grossistes entendus depuis hier par la police crimellle\",\"datePublished\":\"2022-04-05T17:38:04+00:00\",\"dateModified\":\"2022-04-05T17:50:34+00:00\",\"mainEntityOfPage\":{\"@id\":\"https:\/\/www.africa-press.net\/cotedivoire\/toutes-les-actualites\/commercialisation-de-faux-fer-des-grossistes-entendus-depuis-hier-par-la-police-crimellle\"},\"wordCount\":147,\"commentCount\":0,\"image\":{\"@id\":\"https:\/\/www.africa-press.net\/cotedivoire\/toutes-les-actualites\/commercialisation-de-faux-fer-des-grossistes-entendus-depuis-hier-par-la-police-crimellle#primaryimage\"},\"thumbnailUrl\":\"https:\/\/static.africa-press.net\/cote\/sites\/43\/2022\/04\/img-624c814d84cf5.jpg\",\"keywords\":[\"Africa Press\",\"Africa Press-C\u00f4te d'Ivoire\",\"C\u00d4TE D'IVOIRE\",\"CVCI\",\"FER\",\"police crimellle\"],\"articleSection\":[\"Communaut\u00e9\",\"homepage-french\",\"Toutes les actualit\u00e9s\"],\"inLanguage\":\"fr-FR\",\"potentialAction\":[{\"@type\":\"CommentAction\",\"name\":\"Comment\",\"target\":[\"https:\/\/www.africa-press.net\/cotedivoire\/toutes-les-actualites\/commercialisation-de-faux-fer-des-grossistes-entendus-depuis-hier-par-la-police-crimellle#respond\"]}]},{\"@type\":\"WebPage\",\"@id\":\"https:\/\/www.africa-press.net\/cotedivoire\/toutes-les-actualites\/commercialisation-de-faux-fer-des-grossistes-entendus-depuis-hier-par-la-police-crimellle\",\"url\":\"https:\/\/www.africa-press.net\/cotedivoire\/toutes-les-actualites\/commercialisation-de-faux-fer-des-grossistes-entendus-depuis-hier-par-la-police-crimellle\",\"name\":\"Commercialisation de faux fer, des grossistes entendus depuis hier par la police crimellle - C\u00f4te d&#039;Ivoire\",\"isPartOf\":{\"@id\":\"https:\/\/www.africa-press.net\/cotedivoire\/#website\"},\"primaryImageOfPage\":{\"@id\":\"https:\/\/www.africa-press.net\/cotedivoire\/toutes-les-actualites\/commercialisation-de-faux-fer-des-grossistes-entendus-depuis-hier-par-la-police-crimellle#primaryimage\"},\"image\":{\"@id\":\"https:\/\/www.africa-press.net\/cotedivoire\/toutes-les-actualites\/commercialisation-de-faux-fer-des-grossistes-entendus-depuis-hier-par-la-police-crimellle#primaryimage\"},\"thumbnailUrl\":\"https:\/\/static.africa-press.net\/cote\/sites\/43\/2022\/04\/img-624c814d84cf5.jpg\",\"datePublished\":\"2022-04-05T17:38:04+00:00\",\"dateModified\":\"2022-04-05T17:50:34+00:00\",\"author\":{\"@id\":\"https:\/\/www.africa-press.net\/cotedivoire\/#\/schema\/person\/2b1cf3cd81a31e3cd26889ca66d677f1\"},\"description\":\"Dans les locaux de la police criminelle au Plateau \u00e0 Abidjan (ph KOACI Archive) \ufeff Les commer\u00e7ants grossi ...\",\"breadcrumb\":{\"@id\":\"https:\/\/www.africa-press.net\/cotedivoire\/toutes-les-actualites\/commercialisation-de-faux-fer-des-grossistes-entendus-depuis-hier-par-la-police-crimellle#breadcrumb\"},\"inLanguage\":\"fr-FR\",\"potentialAction\":[{\"@type\":\"ReadAction\",\"target\":[\"https:\/\/www.africa-press.net\/cotedivoire\/toutes-les-actualites\/commercialisation-de-faux-fer-des-grossistes-entendus-depuis-hier-par-la-police-crimellle\"]}]},{\"@type\":\"ImageObject\",\"inLanguage\":\"fr-FR\",\"@id\":\"https:\/\/www.africa-press.net\/cotedivoire\/toutes-les-actualites\/commercialisation-de-faux-fer-des-grossistes-entendus-depuis-hier-par-la-police-crimellle#primaryimage\",\"url\":\"https:\/\/static.africa-press.net\/cote\/sites\/43\/2022\/04\/img-624c814d84cf5.jpg\",\"contentUrl\":\"https:\/\/static.africa-press.net\/cote\/sites\/43\/2022\/04\/img-624c814d84cf5.jpg\",\"width\":720,\"height\":378,\"caption\":\"Commercialisation de faux fer, des grossistes entendus depuis hier par la police crimellle\"},{\"@type\":\"BreadcrumbList\",\"@id\":\"https:\/\/www.africa-press.net\/cotedivoire\/toutes-les-actualites\/commercialisation-de-faux-fer-des-grossistes-entendus-depuis-hier-par-la-police-crimellle#breadcrumb\",\"itemListElement\":[{\"@type\":\"ListItem\",\"position\":1,\"name\":\"Accueil\",\"item\":\"https:\/\/www.africa-press.net\/cotedivoire\/\"},{\"@type\":\"ListItem\",\"position\":2,\"name\":\"Commercialisation de faux fer, des grossistes entendus depuis hier par la police crimellle\"}]},{\"@type\":\"WebSite\",\"@id\":\"https:\/\/www.africa-press.net\/cotedivoire\/#website\",\"url\":\"https:\/\/www.africa-press.net\/cotedivoire\/\",\"name\":\"C\u00f4te d&#039;Ivoire\",\"description\":\"Just another Africa News Agency Sites site\",\"potentialAction\":[{\"@type\":\"SearchAction\",\"target\":{\"@type\":\"EntryPoint\",\"urlTemplate\":\"https:\/\/www.africa-press.net\/cotedivoire\/?s={search_term_string}\"},\"query-input\":{\"@type\":\"PropertyValueSpecification\",\"valueRequired\":true,\"valueName\":\"search_term_string\"}}],\"inLanguage\":\"fr-FR\"},{\"@type\":\"Person\",\"@id\":\"https:\/\/www.africa-press.net\/cotedivoire\/#\/schema\/person\/2b1cf3cd81a31e3cd26889ca66d677f1\",\"name\":\"cfeditorfr\"}]}<\/script>\n<!-- \/ Yoast SEO Premium plugin. -->","yoast_head_json":{"title":"Commercialisation de faux fer, des grossistes entendus depuis hier par la police crimellle - C\u00f4te d&#039;Ivoire","description":"Dans les locaux de la police criminelle au Plateau \u00e0 Abidjan (ph KOACI Archive) \ufeff Les commer\u00e7ants grossi ...","robots":{"index":"index","follow":"follow","max-snippet":"max-snippet:-1","max-image-preview":"max-image-preview:large","max-video-preview":"max-video-preview:-1"},"canonical":"https:\/\/www.africa-press.net\/cotedivoire\/toutes-les-actualites\/commercialisation-de-faux-fer-des-grossistes-entendus-depuis-hier-par-la-police-crimellle","og_locale":"fr_FR","og_type":"article","og_title":"Commercialisation de faux fer, des grossistes entendus depuis hier par la police crimellle","og_description":"Dans les locaux de la police criminelle au Plateau \u00e0 Abidjan (ph KOACI Archive) \ufeff Les commer\u00e7ants grossi ...","og_url":"https:\/\/www.africa-press.net\/cotedivoire\/toutes-les-actualites\/commercialisation-de-faux-fer-des-grossistes-entendus-depuis-hier-par-la-police-crimellle","og_site_name":"C\u00f4te d&#039;Ivoire","article_published_time":"2022-04-05T17:38:04+00:00","article_modified_time":"2022-04-05T17:50:34+00:00","og_image":[{"width":720,"height":378,"url":"https:\/\/static.africa-press.net\/cote\/sites\/43\/2022\/04\/img-624c814d84cf5.jpg","type":"image\/jpeg"}],"author":"cfeditorfr","twitter_card":"summary_large_image","twitter_misc":{"\u00c9crit par":"cfeditorfr","Dur\u00e9e de lecture estim\u00e9e":"1 minute"},"schema":{"@context":"https:\/\/schema.org","@graph":[{"@type":"Article","@id":"https:\/\/www.africa-press.net\/cotedivoire\/toutes-les-actualites\/commercialisation-de-faux-fer-des-grossistes-entendus-depuis-hier-par-la-police-crimellle#article","isPartOf":{"@id":"https:\/\/www.africa-press.net\/cotedivoire\/toutes-les-actualites\/commercialisation-de-faux-fer-des-grossistes-entendus-depuis-hier-par-la-police-crimellle"},"author":{"name":"cfeditorfr","@id":"https:\/\/www.africa-press.net\/cotedivoire\/#\/schema\/person\/2b1cf3cd81a31e3cd26889ca66d677f1"},"headline":"Commercialisation de faux fer, des grossistes entendus depuis hier par la police crimellle","datePublished":"2022-04-05T17:38:04+00:00","dateModified":"2022-04-05T17:50:34+00:00","mainEntityOfPage":{"@id":"https:\/\/www.africa-press.net\/cotedivoire\/toutes-les-actualites\/commercialisation-de-faux-fer-des-grossistes-entendus-depuis-hier-par-la-police-crimellle"},"wordCount":147,"commentCount":0,"image":{"@id":"https:\/\/www.africa-press.net\/cotedivoire\/toutes-les-actualites\/commercialisation-de-faux-fer-des-grossistes-entendus-depuis-hier-par-la-police-crimellle#primaryimage"},"thumbnailUrl":"https:\/\/static.africa-press.net\/cote\/sites\/43\/2022\/04\/img-624c814d84cf5.jpg","keywords":["Africa Press","Africa Press-C\u00f4te d'Ivoire","C\u00d4TE D'IVOIRE","CVCI","FER","police crimellle"],"articleSection":["Communaut\u00e9","homepage-french","Toutes les actualit\u00e9s"],"inLanguage":"fr-FR","potentialAction":[{"@type":"CommentAction","name":"Comment","target":["https:\/\/www.africa-press.net\/cotedivoire\/toutes-les-actualites\/commercialisation-de-faux-fer-des-grossistes-entendus-depuis-hier-par-la-police-crimellle#respond"]}]},{"@type":"WebPage","@id":"https:\/\/www.africa-press.net\/cotedivoire\/toutes-les-actualites\/commercialisation-de-faux-fer-des-grossistes-entendus-depuis-hier-par-la-police-crimellle","url":"https:\/\/www.africa-press.net\/cotedivoire\/toutes-les-actualites\/commercialisation-de-faux-fer-des-grossistes-entendus-depuis-hier-par-la-police-crimellle","name":"Commercialisation de faux fer, des grossistes entendus depuis hier par la police crimellle - C\u00f4te d&#039;Ivoire","isPartOf":{"@id":"https:\/\/www.africa-press.net\/cotedivoire\/#website"},"primaryImageOfPage":{"@id":"https:\/\/www.africa-press.net\/cotedivoire\/toutes-les-actualites\/commercialisation-de-faux-fer-des-grossistes-entendus-depuis-hier-par-la-police-crimellle#primaryimage"},"image":{"@id":"https:\/\/www.africa-press.net\/cotedivoire\/toutes-les-actualites\/commercialisation-de-faux-fer-des-grossistes-entendus-depuis-hier-par-la-police-crimellle#primaryimage"},"thumbnailUrl":"https:\/\/static.africa-press.net\/cote\/sites\/43\/2022\/04\/img-624c814d84cf5.jpg","datePublished":"2022-04-05T17:38:04+00:00","dateModified":"2022-04-05T17:50:34+00:00","author":{"@id":"https:\/\/www.africa-press.net\/cotedivoire\/#\/schema\/person\/2b1cf3cd81a31e3cd26889ca66d677f1"},"description":"Dans les locaux de la police criminelle au Plateau \u00e0 Abidjan (ph KOACI Archive) \ufeff Les commer\u00e7ants grossi ...","breadcrumb":{"@id":"https:\/\/www.africa-press.net\/cotedivoire\/toutes-les-actualites\/commercialisation-de-faux-fer-des-grossistes-entendus-depuis-hier-par-la-police-crimellle#breadcrumb"},"inLanguage":"fr-FR","potentialAction":[{"@type":"ReadAction","target":["https:\/\/www.africa-press.net\/cotedivoire\/toutes-les-actualites\/commercialisation-de-faux-fer-des-grossistes-entendus-depuis-hier-par-la-police-crimellle"]}]},{"@type":"ImageObject","inLanguage":"fr-FR","@id":"https:\/\/www.africa-press.net\/cotedivoire\/toutes-les-actualites\/commercialisation-de-faux-fer-des-grossistes-entendus-depuis-hier-par-la-police-crimellle#primaryimage","url":"https:\/\/static.africa-press.net\/cote\/sites\/43\/2022\/04\/img-624c814d84cf5.jpg","contentUrl":"https:\/\/static.africa-press.net\/cote\/sites\/43\/2022\/04\/img-624c814d84cf5.jpg","width":720,"height":378,"caption":"Commercialisation de faux fer, des grossistes entendus depuis hier par la police crimellle"},{"@type":"BreadcrumbList","@id":"https:\/\/www.africa-press.net\/cotedivoire\/toutes-les-actualites\/commercialisation-de-faux-fer-des-grossistes-entendus-depuis-hier-par-la-police-crimellle#breadcrumb","itemListElement":[{"@type":"ListItem","position":1,"name":"Accueil","item":"https:\/\/www.africa-press.net\/cotedivoire\/"},{"@type":"ListItem","position":2,"name":"Commercialisation de faux fer, des grossistes entendus depuis hier par la police crimellle"}]},{"@type":"WebSite","@id":"https:\/\/www.africa-press.net\/cotedivoire\/#website","url":"https:\/\/www.africa-press.net\/cotedivoire\/","name":"C\u00f4te d&#039;Ivoire","description":"Just another Africa News Agency Sites site","potentialAction":[{"@type":"SearchAction","target":{"@type":"EntryPoint","urlTemplate":"https:\/\/www.africa-press.net\/cotedivoire\/?s={search_term_string}"},"query-input":{"@type":"PropertyValueSpecification","valueRequired":true,"valueName":"search_term_string"}}],"inLanguage":"fr-FR"},{"@type":"Person","@id":"https:\/\/www.africa-press.net\/cotedivoire\/#\/schema\/person\/2b1cf3cd81a31e3cd26889ca66d677f1","name":"cfeditorfr"}]}},"_links":{"self":[{"href":"https:\/\/www.africa-press.net\/cotedivoire\/wp-json\/wp\/v2\/posts\/31900","targetHints":{"allow":["GET"]}}],"collection":[{"href":"https:\/\/www.africa-press.net\/cotedivoire\/wp-json\/wp\/v2\/posts"}],"about":[{"href":"https:\/\/www.africa-press.net\/cotedivoire\/wp-json\/wp\/v2\/types\/post"}],"author":[{"embeddable":true,"href":"https:\/\/www.africa-press.net\/cotedivoire\/wp-json\/wp\/v2\/users\/82"}],"replies":[{"embeddable":true,"href":"https:\/\/www.africa-press.net\/cotedivoire\/wp-json\/wp\/v2\/comments?post=31900"}],"version-history":[{"count":0,"href":"https:\/\/www.africa-press.net\/cotedivoire\/wp-json\/wp\/v2\/posts\/31900\/revisions"}],"wp:featuredmedia":[{"embeddable":true,"href":"https:\/\/www.africa-press.net\/cotedivoire\/wp-json\/wp\/v2\/media\/31899"}],"wp:attachment":[{"href":"https:\/\/www.africa-press.net\/cotedivoire\/wp-json\/wp\/v2\/media?parent=31900"}],"wp:term":[{"taxonomy":"category","embeddable":true,"href":"https:\/\/www.africa-press.net\/cotedivoire\/wp-json\/wp\/v2\/categories?post=31900"},{"taxonomy":"post_tag","embeddable":true,"href":"https:\/\/www.africa-press.net\/cotedivoire\/wp-json\/wp\/v2\/tags?post=31900"}],"curies":[{"name":"wp","href":"https:\/\/api.w.org\/{rel}","templated":true}]}}